{"id":156349,"date":"2026-01-17T12:55:59","date_gmt":"2026-01-17T15:55:59","guid":{"rendered":"https:\/\/www.em.com.br\/emfoco\/?p=156349"},"modified":"2026-01-16T17:26:20","modified_gmt":"2026-01-16T20:26:20","slug":"o-corte-perfeito-para-cabelos-finos-que-valoriza-mulheres-acima-de-45-anos","status":"publish","type":"post","link":"https:\/\/www.em.com.br\/emfoco\/2026\/01\/17\/o-corte-perfeito-para-cabelos-finos-que-valoriza-mulheres-acima-de-45-anos\/","title":{"rendered":"O corte perfeito para cabelos finos que valoriza mulheres acima de 45 anos"},"content":{"rendered":"\n<h2 class=\"wp-block-heading\">O Blunt Bob \u00e9 ideal para mulheres 45+ com fios finos. A base reta concentra volume nas pontas, disfar\u00e7ando o afinamento. Pr\u00e1tico e elegante, pode ser usado liso ou com ondas, exigindo produtos leves e corte regular.<\/h2>\n\n\n\n<p><b>Aos 48 anos<\/b>, Ana percebeu que o <b>cabelo j\u00e1 n\u00e3o fazia mais aquele \u201cvolume natural\u201d<\/b> de antes: os fios estavam mais finos, mais ralos nas pontas e os compridos de sempre pareciam pesar no visual. Essa \u00e9 a realidade de muitas mulheres entre os 40 e 50 anos, quando o <b>cabelo muda por causa do envelhecimento e das oscila\u00e7\u00f5es hormonais<\/b>.<\/p>\n\n\n\n<h2 class=\"wp-block-heading\">O que \u00e9 o blunt bob e por que ele favorece o cabelo fino<\/h2>\n\n\n\n<p>O <b>blunt bob<\/b> \u00e9 um corte de base reta, com comprimento geralmente entre a linha da mand\u00edbula e a clav\u00edcula. Os fios s\u00e3o cortados no mesmo n\u00edvel, sem desfiar demais, o que <b>concentra o peso nas pontas<\/b> e cria a sensa\u00e7\u00e3o de um <b>cabelo mais cheio e encorpado<\/b>.<\/p>\n\n\n\n<p>Ao contr\u00e1rio de cortes muito repicados, que podem deixar as extremidades ainda mais ralinhas, o blunt bob cria uma <b>borda definida e espessa<\/b>. Em fios que afinam com a idade, isso ajuda a compensar a <b>perda de densidade<\/b>, trazendo um <b>contorno moderno ao redor do rosto<\/b>.<\/p>\n\n\n\n<figure class=\"wp-block-embed is-type-rich is-provider-pinterest wp-block-embed-pinterest\"><div class=\"wp-block-embed__wrapper\">\n<iframe loading=\"lazy\" title=\"Blunt Bob Haircuts 2025: 20 Ideas for the Perfect Blunt Bob Hair\" src=\"https:\/\/assets.pinterest.com\/ext\/embed.html?id=10203536651777649&#038;src=oembed\" height=\"899\" width=\"450\" frameborder=\"0\" scrolling=\"no\" ><\/iframe>\n<\/div><\/figure>\n\n\n\n<p>Leia tamb\u00e9m:&nbsp;<a href=\"https:\/\/www.em.com.br\/emfoco\/2026\/01\/01\/cabelo-fino-e-sem-volume-veja-como-o-wavy-lob-traz-movimento-e-leveza\/\" target=\"_blank\" rel=\"noopener\">Cabelo fino e sem volume? Veja como o Wavy Lob traz movimento e leveza<\/a><\/p>\n\n\n\n<h2 class=\"wp-block-heading\">Por que o blunt bob \u00e9 t\u00e3o indicado para mulheres com mais de 45 anos<\/h2>\n\n\n\n<p>Depois dos 45, o <b>afinamento dos fios<\/b> costuma ficar mais evidente, e muitas mulheres come\u00e7am a sentir que o cabelo n\u00e3o responde mais como antes. Nessa fase, o <b>blunt bob para mulheres maduras<\/b> \u00e9 muito indicado porque tem um comprimento vers\u00e1til, real\u00e7a a textura natural e \u00e9 f\u00e1cil de manter.<\/p>\n\n\n\n<p>Ele pode ser levemente mais curto na nuca e um pouco mais longo na frente, acompanhando a <b>linha da clav\u00edcula<\/b>. Esse desenho alonga visualmente o pesco\u00e7o, <b>suaviza o contorno facial<\/b> e d\u00e1 um ar elegante sem parecer \u201cduro\u201d ou exageradamente s\u00e9rio.<\/p>\n\n\n\n<h2 class=\"wp-block-heading\">Como estilizar o blunt bob em cabelo fino no dia a dia<\/h2>\n\n\n\n<p>A forma de finalizar o <b>blunt bob no cabelo fino<\/b> influencia diretamente na impress\u00e3o de volume e movimento. Em ocasi\u00f5es mais formais, muitas mulheres gostam de usar <b>escova ou chapinha<\/b> para alinhar os fios e destacar a linha reta, deixando o acabamento <b>polido e sofisticado<\/b>.<\/p>\n\n\n\n<p>Ondas suaves tamb\u00e9m funcionam muito bem e podem ser feitas com <b>babyliss de di\u00e2metro m\u00e9dio<\/b> ou at\u00e9 com t\u00e9cnicas sem calor. Elas criam um ar mais descontra\u00eddo, ajudam a <b>dar corpo aos fios<\/b> e valorizam o corte, sem exigir grandes habilidades de <b>finaliza\u00e7\u00e3o no dia a dia<\/b>.<\/p>\n\n\n\n<figure class=\"wp-block-embed is-type-rich is-provider-pinterest wp-block-embed-pinterest\"><div class=\"wp-block-embed__wrapper\">\n<iframe loading=\"lazy\" title=\"24 Stunning Blunt Haircuts for Women Over 50 2025\" src=\"https:\/\/assets.pinterest.com\/ext\/embed.html?id=150307706315985510&#038;src=oembed\" height=\"775\" width=\"450\" frameborder=\"0\" scrolling=\"no\" ><\/iframe>\n<\/div><\/figure>\n\n\n\n<h2 class=\"wp-block-heading\">Quais cuidados ampliam o volume do blunt bob em cabelo fino<\/h2>\n\n\n\n<p>O corte j\u00e1 ajuda bastante quem tem <b>cabelo ralo e fino<\/b>, mas alguns cuidados deixam o efeito ainda melhor. Manter a manuten\u00e7\u00e3o a cada seis a oito semanas preserva a <b>base reta<\/b> e evita que as pontas afinadas voltem a aparecer, mantendo o visual sempre <b>\u201ccheio\u201d e arrumado<\/b>.<\/p>\n\n\n\n<p>Al\u00e9m disso, vale montar uma rotina de produtos pensada para trazer <b>leveza, for\u00e7a e volume<\/b> aos fios, sem pesar. Abaixo est\u00e3o alguns pontos simples que fazem diferen\u00e7a no dia a dia:<\/p>\n\n\n\n<ul class=\"wp-block-list\">\n<li><b>Shampoos e condicionadores leves<\/b> para volume ou cabelos finos, que <b>n\u00e3o deixem o fio murcho<\/b>.<\/li>\n\n\n\n<li><b>M\u00e1scaras fortalecedoras<\/b> para reduzir quebra e manter o cabelo <b>mais resistente<\/b>.<\/li>\n\n\n\n<li><b>Cuidado com \u00f3leos pesados<\/b> pr\u00f3ximos \u00e0 raiz, que podem <b>achatar o cabelo<\/b>.<\/li>\n\n\n\n<li><b>Protetor t\u00e9rmico sempre<\/b> que usar secador, escova ou chapinha, para <b>proteger fios mais sens\u00edveis<\/b>.<\/li>\n<\/ul>\n\n\n\n<p>Para voc\u00ea que ainda tem d\u00favida no corte certo, separamos um v\u00eddeo do canal do <a href=\"https:\/\/www.youtube.com\/@RodrigoCintraoficial\" target=\"_blank\" rel=\"noreferrer noopener\">Rodrigo Cintra<\/a> com dicas para escolher seu corte ideal:<\/p>\n\n\n\n<figure class=\"wp-block-embed is-type-video is-provider-youtube wp-block-embed-youtube wp-embed-aspect-16-9 wp-has-aspect-ratio\"><div class=\"wp-block-embed__wrapper\">\n<div class=\"jeg_video_container jeg_video_content\"><iframe loading=\"lazy\" title=\"VISAGISMO - Qual melhor corte de cabelo para seu formato de rosto.\" width=\"500\" height=\"281\" src=\"https:\/\/www.youtube.com\/embed\/-Fxtn3uEOtU?feature=oembed\" frameborder=\"0\" allow=\"accelerometer; autoplay; clipboard-write; encrypted-media; gyroscope; picture-in-picture; web-share\" referrerpolicy=\"strict-origin-when-cross-origin\" allowfullscreen><\/iframe><\/div>\n<\/div><\/figure>\n\n\n\n<h2 class=\"wp-block-heading\">Como adaptar o blunt bob ao seu rosto e estilo de vida<\/h2>\n\n\n\n<p>Um dos segredos para o <b>blunt bob funcionar bem<\/b> \u00e9 adapt\u00e1-lo ao formato do rosto e \u00e0 rotina de cada mulher. Quem prefere praticidade pode optar por um comprimento que <b>seque bem ao natural<\/b>; j\u00e1 quem gosta de estilizar pode brincar com leves diferen\u00e7as entre a parte da frente e a nuca.<\/p>\n\n\n\n<p>Profissionais costumam ajustar mil\u00edmetros no comprimento para <b>equilibrar tra\u00e7os<\/b>, suavizar maxilar marcado ou <b>alongar o pesco\u00e7o<\/b>. Assim, o <b>bob reto<\/b> segue forte em 2025 como uma das escolhas favoritas de quem tem mais de 45 anos e quer mais volume visual sem recorrer a t\u00e9cnicas complicadas.<\/p>\n","protected":false},"excerpt":{"rendered":"<p>O Blunt Bob \u00e9 ideal para mulheres 45+ com fios finos. A base reta concentra volume nas pontas, disfar\u00e7ando o afinamento. Pr\u00e1tico e elegante, pode ser usado liso ou com ondas, exigindo produtos leves e corte regular. Aos 48 anos, Ana percebeu que o cabelo j\u00e1 n\u00e3o fazia mais aquele \u201cvolume natural\u201d de antes: os [&hellip;]<\/p>\n","protected":false},"author":9,"featured_media":123333,"comment_status":"open","ping_status":"open","sticky":false,"template":"","format":"standard","meta":{"jnews-multi-image_gallery":[],"jnews_single_post":{"format":"standard"},"jnews_primary_category":[],"jnews_social_meta":[],"jnews_override_counter":[],"footnotes":""},"categories":[8691,8819,1],"tags":[22847,22121,7057],"class_list":["post-156349","post","type-post","status-publish","format-standard","has-post-thumbnail","hentry","category-bem-estar","category-curiosidades","category-noticias","tag-45-anos","tag-auto-cuidado","tag-cabelo-fino"],"yoast_head":"<!-- This site is optimized with the Yoast SEO plugin v23.8 - https:\/\/yoast.com\/wordpress\/plugins\/seo\/ -->\n<title>O corte perfeito para cabelos finos que valoriza mulheres acima de 45 anos - Estado de Minas - Em foco<\/title>\n<meta name=\"description\" content=\"Cabelo fino ap\u00f3s os 45? O Blunt Bob traz volume e modernidade. Base reta encorpa os fios e facilita a rotina.\" \/>\n<meta name=\"robots\" content=\"index, follow, max-snippet:-1, max-image-preview:large, max-video-preview:-1\" \/>\n<link rel=\"canonical\" href=\"https:\/\/www.em.com.br\/emfoco\/2026\/01\/17\/o-corte-perfeito-para-cabelos-finos-que-valoriza-mulheres-acima-de-45-anos\/\" \/>\n<meta property=\"og:locale\" content=\"pt_BR\" \/>\n<meta property=\"og:type\" content=\"article\" \/>\n<meta property=\"og:title\" content=\"O corte perfeito para cabelos finos que valoriza mulheres acima de 45 anos - Estado de Minas - Em foco\" \/>\n<meta property=\"og:description\" content=\"Cabelo fino ap\u00f3s os 45? O Blunt Bob traz volume e modernidade. Base reta encorpa os fios e facilita a rotina.\" \/>\n<meta property=\"og:url\" content=\"https:\/\/www.em.com.br\/emfoco\/2026\/01\/17\/o-corte-perfeito-para-cabelos-finos-que-valoriza-mulheres-acima-de-45-anos\/\" \/>\n<meta property=\"og:site_name\" content=\"Estado de Minas - Em foco\" \/>\n<meta property=\"article:published_time\" content=\"2026-01-17T15:55:59+00:00\" \/>\n<meta property=\"article:modified_time\" content=\"2026-01-16T20:26:20+00:00\" \/>\n<meta property=\"og:image\" content=\"https:\/\/www.em.com.br\/emfoco\/wp-content\/uploads\/2025\/11\/Design-sem-nome-33.png\" \/>\n\t<meta property=\"og:image:width\" content=\"1280\" \/>\n\t<meta property=\"og:image:height\" content=\"720\" \/>\n\t<meta property=\"og:image:type\" content=\"image\/png\" \/>\n<meta name=\"author\" content=\"Daniely Cardoso\" \/>\n<meta name=\"twitter:card\" content=\"summary_large_image\" \/>\n<meta name=\"twitter:label1\" content=\"Escrito por\" \/>\n\t<meta name=\"twitter:data1\" content=\"Daniely Cardoso\" \/>\n\t<meta name=\"twitter:label2\" content=\"Est. tempo de leitura\" \/>\n\t<meta name=\"twitter:data2\" content=\"5 minutos\" \/>\n<!-- \/ Yoast SEO plugin. -->","yoast_head_json":{"title":"O corte perfeito para cabelos finos que valoriza mulheres acima de 45 anos - Estado de Minas - Em foco","description":"Cabelo fino ap\u00f3s os 45? O Blunt Bob traz volume e modernidade. Base reta encorpa os fios e facilita a rotina.","robots":{"index":"index","follow":"follow","max-snippet":"max-snippet:-1","max-image-preview":"max-image-preview:large","max-video-preview":"max-video-preview:-1"},"canonical":"https:\/\/www.em.com.br\/emfoco\/2026\/01\/17\/o-corte-perfeito-para-cabelos-finos-que-valoriza-mulheres-acima-de-45-anos\/","og_locale":"pt_BR","og_type":"article","og_title":"O corte perfeito para cabelos finos que valoriza mulheres acima de 45 anos - Estado de Minas - Em foco","og_description":"Cabelo fino ap\u00f3s os 45? O Blunt Bob traz volume e modernidade. Base reta encorpa os fios e facilita a rotina.","og_url":"https:\/\/www.em.com.br\/emfoco\/2026\/01\/17\/o-corte-perfeito-para-cabelos-finos-que-valoriza-mulheres-acima-de-45-anos\/","og_site_name":"Estado de Minas - Em foco","article_published_time":"2026-01-17T15:55:59+00:00","article_modified_time":"2026-01-16T20:26:20+00:00","og_image":[{"width":1280,"height":720,"url":"https:\/\/www.em.com.br\/emfoco\/wp-content\/uploads\/2025\/11\/Design-sem-nome-33.png","type":"image\/png"}],"author":"Daniely Cardoso","twitter_card":"summary_large_image","twitter_misc":{"Escrito por":"Daniely Cardoso","Est. tempo de leitura":"5 minutos"},"schema":{"@context":"https:\/\/schema.org","@graph":[{"@type":"WebPage","@id":"https:\/\/www.em.com.br\/emfoco\/2026\/01\/17\/o-corte-perfeito-para-cabelos-finos-que-valoriza-mulheres-acima-de-45-anos\/","url":"https:\/\/www.em.com.br\/emfoco\/2026\/01\/17\/o-corte-perfeito-para-cabelos-finos-que-valoriza-mulheres-acima-de-45-anos\/","name":"O corte perfeito para cabelos finos que valoriza mulheres acima de 45 anos - Estado de Minas - Em foco","isPartOf":{"@id":"https:\/\/www.em.com.br\/emfoco\/#website"},"primaryImageOfPage":{"@id":"https:\/\/www.em.com.br\/emfoco\/2026\/01\/17\/o-corte-perfeito-para-cabelos-finos-que-valoriza-mulheres-acima-de-45-anos\/#primaryimage"},"image":{"@id":"https:\/\/www.em.com.br\/emfoco\/2026\/01\/17\/o-corte-perfeito-para-cabelos-finos-que-valoriza-mulheres-acima-de-45-anos\/#primaryimage"},"thumbnailUrl":"https:\/\/www.em.com.br\/emfoco\/wp-content\/uploads\/2025\/11\/Design-sem-nome-33.png","datePublished":"2026-01-17T15:55:59+00:00","dateModified":"2026-01-16T20:26:20+00:00","author":{"@id":"https:\/\/www.em.com.br\/emfoco\/#\/schema\/person\/0a8186d72f2c3a5c6276d90b41f271a0"},"description":"Cabelo fino ap\u00f3s os 45? O Blunt Bob traz volume e modernidade. Base reta encorpa os fios e facilita a rotina.","breadcrumb":{"@id":"https:\/\/www.em.com.br\/emfoco\/2026\/01\/17\/o-corte-perfeito-para-cabelos-finos-que-valoriza-mulheres-acima-de-45-anos\/#breadcrumb"},"inLanguage":"pt-BR","potentialAction":[{"@type":"ReadAction","target":["https:\/\/www.em.com.br\/emfoco\/2026\/01\/17\/o-corte-perfeito-para-cabelos-finos-que-valoriza-mulheres-acima-de-45-anos\/"]}]},{"@type":"ImageObject","inLanguage":"pt-BR","@id":"https:\/\/www.em.com.br\/emfoco\/2026\/01\/17\/o-corte-perfeito-para-cabelos-finos-que-valoriza-mulheres-acima-de-45-anos\/#primaryimage","url":"https:\/\/www.em.com.br\/emfoco\/wp-content\/uploads\/2025\/11\/Design-sem-nome-33.png","contentUrl":"https:\/\/www.em.com.br\/emfoco\/wp-content\/uploads\/2025\/11\/Design-sem-nome-33.png","width":1280,"height":720,"caption":"O corte de cabelo certo pode transmitir confian\u00e7a"},{"@type":"BreadcrumbList","@id":"https:\/\/www.em.com.br\/emfoco\/2026\/01\/17\/o-corte-perfeito-para-cabelos-finos-que-valoriza-mulheres-acima-de-45-anos\/#breadcrumb","itemListElement":[{"@type":"ListItem","position":1,"name":"In\u00edcio","item":"https:\/\/www.em.com.br\/emfoco\/"},{"@type":"ListItem","position":2,"name":"O corte perfeito para cabelos finos que valoriza mulheres acima de 45 anos"}]},{"@type":"WebSite","@id":"https:\/\/www.em.com.br\/emfoco\/#website","url":"https:\/\/www.em.com.br\/emfoco\/","name":"Estado de Minas - Em foco","description":"Acompanhe as \u00faltimas not\u00edcias e fique bem informado sobre tudo o que acontece em Minas Gerais, Brasil e no mundo.","potentialAction":[{"@type":"SearchAction","target":{"@type":"EntryPoint","urlTemplate":"https:\/\/www.em.com.br\/emfoco\/?s={search_term_string}"},"query-input":{"@type":"PropertyValueSpecification","valueRequired":true,"valueName":"search_term_string"}}],"inLanguage":"pt-BR"},{"@type":"Person","@id":"https:\/\/www.em.com.br\/emfoco\/#\/schema\/person\/0a8186d72f2c3a5c6276d90b41f271a0","name":"Daniely Cardoso","image":{"@type":"ImageObject","inLanguage":"pt-BR","@id":"https:\/\/www.em.com.br\/emfoco\/#\/schema\/person\/image\/","url":"https:\/\/secure.gravatar.com\/avatar\/4b80ddbd124d1f071b626d52d62e5dff?s=96&d=mm&r=g","contentUrl":"https:\/\/secure.gravatar.com\/avatar\/4b80ddbd124d1f071b626d52d62e5dff?s=96&d=mm&r=g","caption":"Daniely Cardoso"},"url":"https:\/\/www.em.com.br\/emfoco\/author\/danielymyth\/"}]}},"_links":{"self":[{"href":"https:\/\/www.em.com.br\/emfoco\/wp-json\/wp\/v2\/posts\/156349","targetHints":{"allow":["GET"]}}],"collection":[{"href":"https:\/\/www.em.com.br\/emfoco\/wp-json\/wp\/v2\/posts"}],"about":[{"href":"https:\/\/www.em.com.br\/emfoco\/wp-json\/wp\/v2\/types\/post"}],"author":[{"embeddable":true,"href":"https:\/\/www.em.com.br\/emfoco\/wp-json\/wp\/v2\/users\/9"}],"replies":[{"embeddable":true,"href":"https:\/\/www.em.com.br\/emfoco\/wp-json\/wp\/v2\/comments?post=156349"}],"version-history":[{"count":3,"href":"https:\/\/www.em.com.br\/emfoco\/wp-json\/wp\/v2\/posts\/156349\/revisions"}],"predecessor-version":[{"id":156446,"href":"https:\/\/www.em.com.br\/emfoco\/wp-json\/wp\/v2\/posts\/156349\/revisions\/156446"}],"wp:featuredmedia":[{"embeddable":true,"href":"https:\/\/www.em.com.br\/emfoco\/wp-json\/wp\/v2\/media\/123333"}],"wp:attachment":[{"href":"https:\/\/www.em.com.br\/emfoco\/wp-json\/wp\/v2\/media?parent=156349"}],"wp:term":[{"taxonomy":"category","embeddable":true,"href":"https:\/\/www.em.com.br\/emfoco\/wp-json\/wp\/v2\/categories?post=156349"},{"taxonomy":"post_tag","embeddable":true,"href":"https:\/\/www.em.com.br\/emfoco\/wp-json\/wp\/v2\/tags?post=156349"}],"curies":[{"name":"wp","href":"https:\/\/api.w.org\/{rel}","templated":true}]}}