{"id":156300,"date":"2026-01-18T11:00:00","date_gmt":"2026-01-18T14:00:00","guid":{"rendered":"https:\/\/www.em.com.br\/emfoco\/?p=156300"},"modified":"2026-01-20T12:15:31","modified_gmt":"2026-01-20T15:15:31","slug":"as-multas-de-transito-nao-precisarao-mais-ser-pagas-quais-infracoes-agora-estao-expirando","status":"publish","type":"post","link":"https:\/\/www.em.com.br\/emfoco\/2026\/01\/18\/as-multas-de-transito-nao-precisarao-mais-ser-pagas-quais-infracoes-agora-estao-expirando\/","title":{"rendered":"As multas de tr\u00e2nsito n\u00e3o precisar\u00e3o mais ser pagas: quais infra\u00e7\u00f5es agora est\u00e3o expirando"},"content":{"rendered":"\n<p>As multas de tr\u00e2nsito fazem parte da rotina de quem dirige e est\u00e3o ligadas \u00e0 tentativa de organizar o tr\u00e1fego e reduzir riscos nas vias. A legisla\u00e7\u00e3o de tr\u00e2nsito, em \u00e2mbito nacional e local, define quais condutas s\u00e3o inadequadas, quais san\u00e7\u00f5es podem ser aplicadas e como essas penalidades impactam documentos, hist\u00f3rico do condutor e procedimentos como transfer\u00eancia de ve\u00edculo e renova\u00e7\u00e3o da CNH.<\/p>\n\n\n\n<h2 class=\"wp-block-heading\">O que \u00e9 a prescri\u00e7\u00e3o de multas de tr\u00e2nsito e para que ela serve<\/h2>\n\n\n\n<p>A <strong>prescri\u00e7\u00e3o de <a href=\"https:\/\/www.em.com.br\/emfoco\/2026\/01\/11\/multas-apos-venda-de-veiculo-ainda-recaem-sobre-o-antigo-dono-em-2026-se-falta-esse-registro-obrigatorio\/\" target=\"_blank\" rel=\"noreferrer noopener\">multas <\/a>de tr\u00e2nsito<\/strong>, significa o prazo m\u00e1ximo em que o Estado pode cobrar uma infra\u00e7\u00e3o cometida. Depois de certo tempo, a administra\u00e7\u00e3o p\u00fablica perde o direito de exigir o pagamento daquela multa espec\u00edfica, ainda que o registro da ocorr\u00eancia continue constando em alguns sistemas.<\/p>\n\n\n\n<p>No contexto da&nbsp;<strong>prescri\u00e7\u00e3o de infra\u00e7\u00f5es de tr\u00e2nsito<\/strong>, o objetivo \u00e9 evitar que d\u00edvidas fiquem indefinidamente em aberto e garantir seguran\u00e7a jur\u00eddica para condutores e propriet\u00e1rios. Os prazos variam conforme o tipo de falta e a legisla\u00e7\u00e3o de cada estado ou munic\u00edpio, e a prescri\u00e7\u00e3o nem sempre elimina de imediato todos os efeitos administrativos ligados ao hist\u00f3rico do ve\u00edculo.<\/p>\n\n\n\n<figure class=\"wp-block-image\"><img decoding=\"async\" src=\"https:\/\/www.em.com.br\/emfoco\/wp-content\/uploads\/2025\/05\/transito_1746554312274-1024x576.jpg\" alt=\"\"\/><figcaption class=\"wp-element-caption\">Multas de tr\u00e2nsito podem causar perda de pontos e suspens\u00e3o da CNH &#8211; Cr\u00e9ditos: depositphotos.com \/ thong.nakim.gmail.com<\/figcaption><\/figure>\n\n\n\n<h2 class=\"wp-block-heading\">Como funciona a prescri\u00e7\u00e3o de multas de tr\u00e2nsito no Brasil em 2026<\/h2>\n\n\n\n<p>No Brasil, o tema \u00e9 regulado principalmente pelo C\u00f3digo de Tr\u00e2nsito Brasileiro (CTB) e por normas do <a href=\"https:\/\/www.gov.br\/transportes\/pt-br\/assuntos\/transito\/conteudo-Senatran\/resolucoes-contran\" target=\"_blank\" rel=\"noreferrer noopener\">CONTRAN<\/a>. Em 2026, as infra\u00e7\u00f5es que \u201cexpiram\u201d s\u00e3o aquelas que se enquadram em prazos legais que limitam o poder de cobran\u00e7a do Estado, sem apagar automaticamente todo o hist\u00f3rico.<\/p>\n\n\n\n<p>Toda multa est\u00e1 sujeita a um prazo de 5 anos para cobran\u00e7a efetiva, e se o \u00f3rg\u00e3o n\u00e3o promover a cobran\u00e7a judicial ou administrativa nesse per\u00edodo, ocorre a prescri\u00e7\u00e3o. Tamb\u00e9m h\u00e1 a prescri\u00e7\u00e3o intercorrente, se o processo ficar parado por mais de 3 anos, e a decad\u00eancia, que invalida o auto quando a Notifica\u00e7\u00e3o de Autua\u00e7\u00e3o n\u00e3o \u00e9 expedida em at\u00e9 30 dias.<\/p>\n\n\n\n<h2 class=\"wp-block-heading\">Quais prazos de prescri\u00e7\u00e3o de multas valem na Argentina e em CABA<\/h2>\n\n\n\n<p>Na Cidade Aut\u00f4noma de Buenos Aires (CABA), a&nbsp;<strong>Lei 451<\/strong>&nbsp;regula infra\u00e7\u00f5es e define, em geral, prazo de prescri\u00e7\u00e3o de cinco anos para cobran\u00e7a de multas. Mesmo prescritas, muitas infra\u00e7\u00f5es continuam vis\u00edveis no sistema, exigindo pedido espec\u00edfico para que deixem de gerar obst\u00e1culos pr\u00e1ticos.<\/p>\n\n\n\n<p>Em outras prov\u00edncias, embora a Lei Nacional de Tr\u00e2nsito traga diretrizes gerais, cada jurisdi\u00e7\u00e3o pode adotar prazos diferentes. Assim, a mesma conduta pode ter per\u00edodos distintos de cobran\u00e7a e prescri\u00e7\u00e3o, o que torna essencial conhecer a regra local antes de planejar defesa ou pagamento.<\/p>\n\n\n\n<figure class=\"wp-block-image\"><img decoding=\"async\" src=\"https:\/\/www.em.com.br\/emfoco\/wp-content\/uploads\/2025\/03\/multa_1741284903511-1024x576.jpg\" alt=\"\"\/><figcaption class=\"wp-element-caption\">Os recursos mais eficazes contra multas indevidas &#8211; Cr\u00e9ditos: depositphotos.com \/ Kzenon<\/figcaption><\/figure>\n\n\n\n<h2 class=\"wp-block-heading\">Qual \u00e9 a diferen\u00e7a entre infra\u00e7\u00f5es leves e graves e por que isso importa<\/h2>\n\n\n\n<p>A classifica\u00e7\u00e3o entre&nbsp;<strong>infra\u00e7\u00f5es leves e graves<\/strong>&nbsp;influencia diretamente o valor da multa, o prazo de prescri\u00e7\u00e3o e, em muitos casos, o sistema de pontos ou scoring. Faltas leves em geral n\u00e3o colocam em risco imediato a integridade f\u00edsica, enquanto as graves comprometem de forma intensa a seguran\u00e7a vi\u00e1ria.<\/p>\n\n\n\n<p>Para visualizar melhor como essa classifica\u00e7\u00e3o impacta o dia a dia do condutor, confira alguns exemplos comuns de cada tipo de infra\u00e7\u00e3o e seus poss\u00edveis efeitos pr\u00e1ticos:<\/p>\n\n\n\n<ul class=\"wp-block-list\">\n<li><strong>Leves:<\/strong>&nbsp;estacionar em local inadequado, uso indevido da buzina, pequeno excesso de velocidade dentro de certa margem.<\/li>\n\n\n\n<li><strong>Graves:<\/strong>&nbsp;dirigir sem documenta\u00e7\u00e3o obrigat\u00f3ria, circular sem placas ou sem seguro, avan\u00e7ar sinal vermelho.<\/li>\n\n\n\n<li><strong>Grav\u00edssimas (onde previstas):<\/strong>&nbsp;manobras perigosas, transporte irregular de passageiros, recusa em apresentar documentos \u00e0 autoridade.<\/li>\n<\/ul>\n\n\n\n<h2 class=\"wp-block-heading\">Como consultar multas, evitar bloqueios e agir antes que seja tarde<\/h2>\n\n\n\n<p>O acesso \u00e0s informa\u00e7\u00f5es sobre infra\u00e7\u00f5es \u00e9 essencial para n\u00e3o ser pego de surpresa em tr\u00e2mites como licenciamento, venda do ve\u00edculo ou renova\u00e7\u00e3o da habilita\u00e7\u00e3o. Em CABA e em diversas jurisdi\u00e7\u00f5es brasileiras e argentinas, h\u00e1 sistemas online oficiais que permitem consultar multas ativas, gerar boletos, verificar prescri\u00e7\u00e3o e solicitar documentos como o&nbsp;<strong>livre de d\u00edvida<\/strong>.<\/p>\n\n\n\n<p>N\u00e3o espere a multa virar um problem\u00e3o financeiro e burocr\u00e1tico: acesse hoje mesmo o portal de tr\u00e2nsito da sua cidade ou prov\u00edncia, confira seus d\u00e9bitos, veja se h\u00e1 desconto para pagamento antecipado e, se identificar prazos prescricionais superados, pe\u00e7a formalmente o reconhecimento desse direito. Quanto antes voc\u00ea agir, maiores as chances de evitar bloqueios na venda do ve\u00edculo, na renova\u00e7\u00e3o da CNH ou licen\u00e7a de dirigir e at\u00e9 processos de cobran\u00e7a que poderiam ter sido encerrados por prescri\u00e7\u00e3o.<\/p>\n\n\n\n<p><\/p>\n","protected":false},"excerpt":{"rendered":"<p>As multas de tr\u00e2nsito fazem parte da rotina de quem dirige e est\u00e3o ligadas \u00e0 tentativa de organizar o tr\u00e1fego e reduzir riscos nas vias. A legisla\u00e7\u00e3o de tr\u00e2nsito, em \u00e2mbito nacional e local, define quais condutas s\u00e3o inadequadas, quais san\u00e7\u00f5es podem ser aplicadas e como essas penalidades impactam documentos, hist\u00f3rico do condutor e procedimentos [&hellip;]<\/p>\n","protected":false},"author":11,"featured_media":156335,"comment_status":"open","ping_status":"open","sticky":false,"template":"","format":"standard","meta":{"jnews-multi-image_gallery":[],"jnews_single_post":{"format":"standard"},"jnews_primary_category":[],"jnews_social_meta":[],"jnews_override_counter":[],"footnotes":""},"categories":[28,1],"tags":[830,5024,9442,22845,765,1291],"class_list":["post-156300","post","type-post","status-publish","format-standard","has-post-thumbnail","hentry","category-economia","category-noticias","tag-cnh","tag-cobrancas-indevidas","tag-multa","tag-prescricao-de-multas-de-transito","tag-transito","tag-veiculo"],"yoast_head":"<!-- This site is optimized with the Yoast SEO plugin v23.8 - https:\/\/yoast.com\/wordpress\/plugins\/seo\/ -->\n<title>As multas de tr\u00e2nsito n\u00e3o precisar\u00e3o mais ser pagas: quais infra\u00e7\u00f5es agora est\u00e3o expirando - Estado de Minas - Em foco<\/title>\n<meta name=\"description\" content=\"A prescri\u00e7\u00e3o de multas de tr\u00e2nsito define o prazo m\u00e1ximo de cobran\u00e7a. Saiba quando a multa expira e como evitar bloqueios.\" \/>\n<meta name=\"robots\" content=\"index, follow, max-snippet:-1, max-image-preview:large, max-video-preview:-1\" \/>\n<link rel=\"canonical\" href=\"https:\/\/www.em.com.br\/emfoco\/2026\/01\/18\/as-multas-de-transito-nao-precisarao-mais-ser-pagas-quais-infracoes-agora-estao-expirando\/\" \/>\n<meta property=\"og:locale\" content=\"pt_BR\" \/>\n<meta property=\"og:type\" content=\"article\" \/>\n<meta property=\"og:title\" content=\"As multas de tr\u00e2nsito n\u00e3o precisar\u00e3o mais ser pagas: quais infra\u00e7\u00f5es agora est\u00e3o expirando - Estado de Minas - Em foco\" \/>\n<meta property=\"og:description\" content=\"A prescri\u00e7\u00e3o de multas de tr\u00e2nsito define o prazo m\u00e1ximo de cobran\u00e7a. Saiba quando a multa expira e como evitar bloqueios.\" \/>\n<meta property=\"og:url\" content=\"https:\/\/www.em.com.br\/emfoco\/2026\/01\/18\/as-multas-de-transito-nao-precisarao-mais-ser-pagas-quais-infracoes-agora-estao-expirando\/\" \/>\n<meta property=\"og:site_name\" content=\"Estado de Minas - Em foco\" \/>\n<meta property=\"article:published_time\" content=\"2026-01-18T14:00:00+00:00\" \/>\n<meta property=\"article:modified_time\" content=\"2026-01-20T15:15:31+00:00\" \/>\n<meta property=\"og:image\" content=\"https:\/\/www.em.com.br\/emfoco\/wp-content\/uploads\/2026\/01\/Gemini_Generated_Image_n4vvmln4vvmln4vv-1.png\" \/>\n\t<meta property=\"og:image:width\" content=\"1280\" \/>\n\t<meta property=\"og:image:height\" content=\"720\" \/>\n\t<meta property=\"og:image:type\" content=\"image\/png\" \/>\n<meta name=\"author\" content=\"Andre\u0301 Rangel\u00a0\" \/>\n<meta name=\"twitter:card\" content=\"summary_large_image\" \/>\n<meta name=\"twitter:label1\" content=\"Escrito por\" \/>\n\t<meta name=\"twitter:data1\" content=\"Andre\u0301 Rangel\u00a0\" \/>\n\t<meta name=\"twitter:label2\" content=\"Est. tempo de leitura\" \/>\n\t<meta name=\"twitter:data2\" content=\"5 minutos\" \/>\n<!-- \/ Yoast SEO plugin. -->","yoast_head_json":{"title":"As multas de tr\u00e2nsito n\u00e3o precisar\u00e3o mais ser pagas: quais infra\u00e7\u00f5es agora est\u00e3o expirando - Estado de Minas - Em foco","description":"A prescri\u00e7\u00e3o de multas de tr\u00e2nsito define o prazo m\u00e1ximo de cobran\u00e7a. Saiba quando a multa expira e como evitar bloqueios.","robots":{"index":"index","follow":"follow","max-snippet":"max-snippet:-1","max-image-preview":"max-image-preview:large","max-video-preview":"max-video-preview:-1"},"canonical":"https:\/\/www.em.com.br\/emfoco\/2026\/01\/18\/as-multas-de-transito-nao-precisarao-mais-ser-pagas-quais-infracoes-agora-estao-expirando\/","og_locale":"pt_BR","og_type":"article","og_title":"As multas de tr\u00e2nsito n\u00e3o precisar\u00e3o mais ser pagas: quais infra\u00e7\u00f5es agora est\u00e3o expirando - Estado de Minas - Em foco","og_description":"A prescri\u00e7\u00e3o de multas de tr\u00e2nsito define o prazo m\u00e1ximo de cobran\u00e7a. Saiba quando a multa expira e como evitar bloqueios.","og_url":"https:\/\/www.em.com.br\/emfoco\/2026\/01\/18\/as-multas-de-transito-nao-precisarao-mais-ser-pagas-quais-infracoes-agora-estao-expirando\/","og_site_name":"Estado de Minas - Em foco","article_published_time":"2026-01-18T14:00:00+00:00","article_modified_time":"2026-01-20T15:15:31+00:00","og_image":[{"width":1280,"height":720,"url":"https:\/\/www.em.com.br\/emfoco\/wp-content\/uploads\/2026\/01\/Gemini_Generated_Image_n4vvmln4vvmln4vv-1.png","type":"image\/png"}],"author":"Andre\u0301 Rangel\u00a0","twitter_card":"summary_large_image","twitter_misc":{"Escrito por":"Andre\u0301 Rangel\u00a0","Est. tempo de leitura":"5 minutos"},"schema":{"@context":"https:\/\/schema.org","@graph":[{"@type":"WebPage","@id":"https:\/\/www.em.com.br\/emfoco\/2026\/01\/18\/as-multas-de-transito-nao-precisarao-mais-ser-pagas-quais-infracoes-agora-estao-expirando\/","url":"https:\/\/www.em.com.br\/emfoco\/2026\/01\/18\/as-multas-de-transito-nao-precisarao-mais-ser-pagas-quais-infracoes-agora-estao-expirando\/","name":"As multas de tr\u00e2nsito n\u00e3o precisar\u00e3o mais ser pagas: quais infra\u00e7\u00f5es agora est\u00e3o expirando - Estado de Minas - Em foco","isPartOf":{"@id":"https:\/\/www.em.com.br\/emfoco\/#website"},"primaryImageOfPage":{"@id":"https:\/\/www.em.com.br\/emfoco\/2026\/01\/18\/as-multas-de-transito-nao-precisarao-mais-ser-pagas-quais-infracoes-agora-estao-expirando\/#primaryimage"},"image":{"@id":"https:\/\/www.em.com.br\/emfoco\/2026\/01\/18\/as-multas-de-transito-nao-precisarao-mais-ser-pagas-quais-infracoes-agora-estao-expirando\/#primaryimage"},"thumbnailUrl":"https:\/\/www.em.com.br\/emfoco\/wp-content\/uploads\/2026\/01\/Gemini_Generated_Image_n4vvmln4vvmln4vv-1.png","datePublished":"2026-01-18T14:00:00+00:00","dateModified":"2026-01-20T15:15:31+00:00","author":{"@id":"https:\/\/www.em.com.br\/emfoco\/#\/schema\/person\/60eda09c1fedf0d6891f4cef4b60b8b8"},"description":"A prescri\u00e7\u00e3o de multas de tr\u00e2nsito define o prazo m\u00e1ximo de cobran\u00e7a. Saiba quando a multa expira e como evitar bloqueios.","breadcrumb":{"@id":"https:\/\/www.em.com.br\/emfoco\/2026\/01\/18\/as-multas-de-transito-nao-precisarao-mais-ser-pagas-quais-infracoes-agora-estao-expirando\/#breadcrumb"},"inLanguage":"pt-BR","potentialAction":[{"@type":"ReadAction","target":["https:\/\/www.em.com.br\/emfoco\/2026\/01\/18\/as-multas-de-transito-nao-precisarao-mais-ser-pagas-quais-infracoes-agora-estao-expirando\/"]}]},{"@type":"ImageObject","inLanguage":"pt-BR","@id":"https:\/\/www.em.com.br\/emfoco\/2026\/01\/18\/as-multas-de-transito-nao-precisarao-mais-ser-pagas-quais-infracoes-agora-estao-expirando\/#primaryimage","url":"https:\/\/www.em.com.br\/emfoco\/wp-content\/uploads\/2026\/01\/Gemini_Generated_Image_n4vvmln4vvmln4vv-1.png","contentUrl":"https:\/\/www.em.com.br\/emfoco\/wp-content\/uploads\/2026\/01\/Gemini_Generated_Image_n4vvmln4vvmln4vv-1.png","width":1280,"height":720,"caption":"Multas de tr\u00e2nsito podem causar perda de pontos e suspens\u00e3o da CNH"},{"@type":"BreadcrumbList","@id":"https:\/\/www.em.com.br\/emfoco\/2026\/01\/18\/as-multas-de-transito-nao-precisarao-mais-ser-pagas-quais-infracoes-agora-estao-expirando\/#breadcrumb","itemListElement":[{"@type":"ListItem","position":1,"name":"In\u00edcio","item":"https:\/\/www.em.com.br\/emfoco\/"},{"@type":"ListItem","position":2,"name":"As multas de tr\u00e2nsito n\u00e3o precisar\u00e3o mais ser pagas: quais infra\u00e7\u00f5es agora est\u00e3o expirando"}]},{"@type":"WebSite","@id":"https:\/\/www.em.com.br\/emfoco\/#website","url":"https:\/\/www.em.com.br\/emfoco\/","name":"Estado de Minas - Em foco","description":"Acompanhe as \u00faltimas not\u00edcias e fique bem informado sobre tudo o que acontece em Minas Gerais, Brasil e no mundo.","potentialAction":[{"@type":"SearchAction","target":{"@type":"EntryPoint","urlTemplate":"https:\/\/www.em.com.br\/emfoco\/?s={search_term_string}"},"query-input":{"@type":"PropertyValueSpecification","valueRequired":true,"valueName":"search_term_string"}}],"inLanguage":"pt-BR"},{"@type":"Person","@id":"https:\/\/www.em.com.br\/emfoco\/#\/schema\/person\/60eda09c1fedf0d6891f4cef4b60b8b8","name":"Andre\u0301 Rangel\u00a0","image":{"@type":"ImageObject","inLanguage":"pt-BR","@id":"https:\/\/www.em.com.br\/emfoco\/#\/schema\/person\/image\/","url":"https:\/\/secure.gravatar.com\/avatar\/6234dc814c77c8ef6d8bba622c787efc?s=96&d=mm&r=g","contentUrl":"https:\/\/secure.gravatar.com\/avatar\/6234dc814c77c8ef6d8bba622c787efc?s=96&d=mm&r=g","caption":"Andre\u0301 Rangel\u00a0"},"url":"https:\/\/www.em.com.br\/emfoco\/author\/luizmyth\/"}]}},"_links":{"self":[{"href":"https:\/\/www.em.com.br\/emfoco\/wp-json\/wp\/v2\/posts\/156300","targetHints":{"allow":["GET"]}}],"collection":[{"href":"https:\/\/www.em.com.br\/emfoco\/wp-json\/wp\/v2\/posts"}],"about":[{"href":"https:\/\/www.em.com.br\/emfoco\/wp-json\/wp\/v2\/types\/post"}],"author":[{"embeddable":true,"href":"https:\/\/www.em.com.br\/emfoco\/wp-json\/wp\/v2\/users\/11"}],"replies":[{"embeddable":true,"href":"https:\/\/www.em.com.br\/emfoco\/wp-json\/wp\/v2\/comments?post=156300"}],"version-history":[{"count":5,"href":"https:\/\/www.em.com.br\/emfoco\/wp-json\/wp\/v2\/posts\/156300\/revisions"}],"predecessor-version":[{"id":157453,"href":"https:\/\/www.em.com.br\/emfoco\/wp-json\/wp\/v2\/posts\/156300\/revisions\/157453"}],"wp:featuredmedia":[{"embeddable":true,"href":"https:\/\/www.em.com.br\/emfoco\/wp-json\/wp\/v2\/media\/156335"}],"wp:attachment":[{"href":"https:\/\/www.em.com.br\/emfoco\/wp-json\/wp\/v2\/media?parent=156300"}],"wp:term":[{"taxonomy":"category","embeddable":true,"href":"https:\/\/www.em.com.br\/emfoco\/wp-json\/wp\/v2\/categories?post=156300"},{"taxonomy":"post_tag","embeddable":true,"href":"https:\/\/www.em.com.br\/emfoco\/wp-json\/wp\/v2\/tags?post=156300"}],"curies":[{"name":"wp","href":"https:\/\/api.w.org\/{rel}","templated":true}]}}