{"id":156288,"date":"2026-01-17T18:30:00","date_gmt":"2026-01-17T21:30:00","guid":{"rendered":"https:\/\/www.em.com.br\/emfoco\/?p=156288"},"modified":"2026-01-16T20:16:40","modified_gmt":"2026-01-16T23:16:40","slug":"diga-adeus-as-rugas-como-aplicar-vinagre-de-maca-para-melhorar-a-pele-eliminar-manchas-e-suavizar-linhas-finas","status":"publish","type":"post","link":"https:\/\/www.em.com.br\/emfoco\/2026\/01\/17\/diga-adeus-as-rugas-como-aplicar-vinagre-de-maca-para-melhorar-a-pele-eliminar-manchas-e-suavizar-linhas-finas\/","title":{"rendered":"Diga adeus \u00e0s rugas: como aplicar vinagre de ma\u00e7\u00e3 para melhorar a pele, eliminar manchas e suavizar linhas finas"},"content":{"rendered":"\n<p>O envelhecimento da pele costuma chamar aten\u00e7\u00e3o primeiro no rosto, especialmente ao redor dos olhos e da boca. Com o passar dos anos, surgem linhas de express\u00e3o, rugas mais marcadas e perda de firmeza, o que leva muitas pessoas a buscar alternativas simples e acess\u00edveis para cuidar da pele em casa, sem depender apenas de procedimentos em cl\u00ednicas.<\/p>\n\n\n\n<h2 class=\"wp-block-heading\">Como o vinagre de ma\u00e7\u00e3 age na pele do rosto<\/h2>\n\n\n\n<p>O vinagre de ma\u00e7\u00e3 \u00e9 obtido a partir da fermenta\u00e7\u00e3o da ma\u00e7\u00e3 e concentra \u00e1cidos org\u00e2nicos, minerais e compostos com a\u00e7\u00e3o antioxidante. Na pele, esses elementos podem auxiliar na remo\u00e7\u00e3o suave de impurezas e c\u00e9lulas mortas, contribuindo para uma apar\u00eancia mais uniforme e renovada.<\/p>\n\n\n\n<p>A presen\u00e7a de<a href=\"https:\/\/lume.ufrgs.br\/bitstream\/handle\/10183\/19373\/000296082.pdf\" target=\"_blank\" rel=\"noreferrer noopener\"> alfa-hidroxi\u00e1cidos<\/a> (AHAs) est\u00e1 associada \u00e0 esfolia\u00e7\u00e3o qu\u00edmica leve, favorecendo a renova\u00e7\u00e3o da camada mais externa da pele. Quando bem dilu\u00eddo, o vinagre de ma\u00e7\u00e3 tamb\u00e9m pode colaborar para o equil\u00edbrio do pH cut\u00e2neo ap\u00f3s a limpeza, ajudando a manter a barreira de prote\u00e7\u00e3o mais est\u00e1vel.<\/p>\n\n\n\n<figure class=\"wp-block-image size-large\"><img loading=\"lazy\" decoding=\"async\" width=\"1024\" height=\"576\" src=\"https:\/\/www.em.com.br\/emfoco\/wp-content\/uploads\/2026\/01\/ChatGPT-Image-16-de-jan.-de-2026-15_06_38-1-1024x576.png\" alt=\"O ingrediente da cozinha que virou aliado da pele\" class=\"wp-image-156324\" srcset=\"https:\/\/www.em.com.br\/emfoco\/wp-content\/uploads\/2026\/01\/ChatGPT-Image-16-de-jan.-de-2026-15_06_38-1-1024x576.png 1024w, https:\/\/www.em.com.br\/emfoco\/wp-content\/uploads\/2026\/01\/ChatGPT-Image-16-de-jan.-de-2026-15_06_38-1-300x169.png 300w, https:\/\/www.em.com.br\/emfoco\/wp-content\/uploads\/2026\/01\/ChatGPT-Image-16-de-jan.-de-2026-15_06_38-1-768x432.png 768w, https:\/\/www.em.com.br\/emfoco\/wp-content\/uploads\/2026\/01\/ChatGPT-Image-16-de-jan.-de-2026-15_06_38-1-750x422.png 750w, https:\/\/www.em.com.br\/emfoco\/wp-content\/uploads\/2026\/01\/ChatGPT-Image-16-de-jan.-de-2026-15_06_38-1-1140x641.png 1140w, https:\/\/www.em.com.br\/emfoco\/wp-content\/uploads\/2026\/01\/ChatGPT-Image-16-de-jan.-de-2026-15_06_38-1.png 1280w\" sizes=\"auto, (max-width: 1024px) 100vw, 1024px\" \/><figcaption class=\"wp-element-caption\">O ingrediente da cozinha que virou aliado da pele<\/figcaption><\/figure>\n\n\n\n<h2 class=\"wp-block-heading\">Quais s\u00e3o os principais benef\u00edcios do vinagre de ma\u00e7\u00e3 no rosto<\/h2>\n\n\n\n<p>Ao considerar o vinagre de ma\u00e7\u00e3 para o rosto como parte da rotina de cuidados, muitas pessoas relatam sensa\u00e7\u00e3o de pele mais tonificada e com textura mais uniforme. Esses efeitos costumam interessar, especialmente, a quem lida com oleosidade, poros aparentes e sinais iniciais de <a href=\"https:\/\/www.em.com.br\/emfoco\/2025\/12\/30\/envelhecimento-precoce-saiba-como-os-antioxidantes-da-amora-protegem-suas-celulas\/\" target=\"_blank\" rel=\"noreferrer noopener\">envelhecimento<\/a>.<\/p>\n\n\n\n<p>Alguns benef\u00edcios cosm\u00e9ticos s\u00e3o frequentemente associados ao uso cuidadoso e sempre dilu\u00eddo desse ingrediente, servindo como um complemento simples e acess\u00edvel \u00e0 limpeza facial. Entre os pontos mais mencionados, destacam-se:<\/p>\n\n\n\n<ul class=\"wp-block-list\">\n<li><strong>Suaviza\u00e7\u00e3o de c\u00e9lulas mortas:<\/strong>\u00a0os \u00e1cidos naturais podem auxiliar na descama\u00e7\u00e3o leve da superf\u00edcie cut\u00e2nea.<\/li>\n\n\n\n<li><strong>Apar\u00eancia de poros menos evidentes:<\/strong>\u00a0o uso como t\u00f4nico pode dar sensa\u00e7\u00e3o de poros mais regulares e pele mais homog\u00eanea.<\/li>\n\n\n\n<li><strong>Aux\u00edlio na firmeza:<\/strong>\u00a0a renova\u00e7\u00e3o cont\u00ednua tende a favorecer uma textura menos opaca e com aspecto mais firme.<\/li>\n\n\n\n<li><strong>A\u00e7\u00e3o antioxidante:<\/strong>\u00a0compostos antioxidantes ajudam a proteger contra danos causados por radicais livres.<\/li>\n\n\n\n<li><strong>Sensa\u00e7\u00e3o de frescor:<\/strong>\u00a0quando bem dilu\u00eddo, pode proporcionar sensa\u00e7\u00e3o de limpeza e leve refresc\u00e2ncia.<\/li>\n<\/ul>\n\n\n\n<h2 class=\"wp-block-heading\">Como preparar e aplicar t\u00f4nico de vinagre de ma\u00e7\u00e3 em casa<\/h2>\n\n\n\n<p>Uma forma comum de uso do vinagre de ma\u00e7\u00e3 na pele \u00e9 na prepara\u00e7\u00e3o de um t\u00f4nico facial caseiro, sempre com dilui\u00e7\u00e3o adequada. Essa etapa \u00e9 fundamental para reduzir o risco de irrita\u00e7\u00f5es, especialmente em peles sens\u00edveis ou j\u00e1 sensibilizadas por outros cosm\u00e9ticos.<\/p>\n\n\n\n<ol class=\"wp-block-list\">\n<li><strong>Escolher o vinagre:<\/strong>\u00a0dar prefer\u00eancia ao vinagre de ma\u00e7\u00e3 de boa proced\u00eancia, pr\u00f3prio para consumo.<\/li>\n\n\n\n<li><strong>Fazer a dilui\u00e7\u00e3o b\u00e1sica:<\/strong>\u00a0misturar 1 parte de vinagre de ma\u00e7\u00e3 para 2 partes de \u00e1gua filtrada ou fervida e fria.<\/li>\n\n\n\n<li><strong>Armazenar corretamente:<\/strong>\u00a0colocar em frasco limpo, bem fechado, em local fresco e ao abrigo da luz.<\/li>\n\n\n\n<li><strong>Aplicar em pequena quantidade:<\/strong>\u00a0umedecer algod\u00e3o ou gaze e passar suavemente no rosto limpo, evitando olhos e l\u00e1bios.<\/li>\n\n\n\n<li><strong>Come\u00e7ar com uso espa\u00e7ado:<\/strong>\u00a0iniciar em dias alternados \u00e0 noite, observando a resposta da pele.<\/li>\n<\/ol>\n\n\n\n<figure class=\"wp-block-image size-large\"><img loading=\"lazy\" decoding=\"async\" width=\"1024\" height=\"576\" src=\"https:\/\/www.em.com.br\/emfoco\/wp-content\/uploads\/2026\/01\/unnamed-1-14-1024x576.jpg\" alt=\"O ingrediente da cozinha que virou aliado da pele\" class=\"wp-image-156325\" srcset=\"https:\/\/www.em.com.br\/emfoco\/wp-content\/uploads\/2026\/01\/unnamed-1-14-1024x576.jpg 1024w, https:\/\/www.em.com.br\/emfoco\/wp-content\/uploads\/2026\/01\/unnamed-1-14-300x169.jpg 300w, https:\/\/www.em.com.br\/emfoco\/wp-content\/uploads\/2026\/01\/unnamed-1-14-768x432.jpg 768w, https:\/\/www.em.com.br\/emfoco\/wp-content\/uploads\/2026\/01\/unnamed-1-14-750x422.jpg 750w, https:\/\/www.em.com.br\/emfoco\/wp-content\/uploads\/2026\/01\/unnamed-1-14-1140x641.jpg 1140w, https:\/\/www.em.com.br\/emfoco\/wp-content\/uploads\/2026\/01\/unnamed-1-14.jpg 1280w\" sizes=\"auto, (max-width: 1024px) 100vw, 1024px\" \/><figcaption class=\"wp-element-caption\">O ingrediente da cozinha que virou aliado da pele<\/figcaption><\/figure>\n\n\n\n<h2 class=\"wp-block-heading\">Quais cuidados e precau\u00e7\u00f5es ter ao usar vinagre de ma\u00e7\u00e3 na pele<\/h2>\n\n\n\n<p>Apesar de popular em receitas de beleza natural, o vinagre de ma\u00e7\u00e3 \u00e9 naturalmente \u00e1cido e pode causar ardor ou irrita\u00e7\u00e3o se usado puro ou em excesso. Por isso, \u00e9 essencial testar a toler\u00e2ncia da pele e respeitar limites individuais, especialmente em casos de sensibilidade, ros\u00e1cea ou uso de outros \u00e1cidos.<\/p>\n\n\n\n<ul class=\"wp-block-list\">\n<li><strong>Teste de sensibilidade:<\/strong>\u00a0aplicar pequena quantidade dilu\u00edda em \u00e1rea discreta e observar por 24 horas.<\/li>\n\n\n\n<li><strong>Evitar pele lesionada:<\/strong>\u00a0n\u00e3o usar sobre cortes, queimaduras solares, dermatites ou acne muito inflamada.<\/li>\n\n\n\n<li><strong>Dar prefer\u00eancia ao uso noturno:<\/strong>\u00a0reduz a chance de sensibiliza\u00e7\u00e3o imediata pela luz solar.<\/li>\n\n\n\n<li><strong>Lavar e hidratar pela manh\u00e3:<\/strong>\u00a0enxaguar o rosto e aplicar hidratante adequado ao tipo de pele.<\/li>\n\n\n\n<li><strong>Usar protetor solar diariamente:<\/strong>\u00a0fundamental para quem utiliza qualquer produto \u00e1cido, mesmo suave.<\/li>\n<\/ul>\n\n\n\n<h2 class=\"wp-block-heading\">O vinagre de ma\u00e7\u00e3 pode fazer parte da sua rotina de cuidados com a pele<\/h2>\n\n\n\n<p>O vinagre de ma\u00e7\u00e3 n\u00e3o substitui tratamentos dermatol\u00f3gicos, protetor solar ou cosm\u00e9ticos espec\u00edficos, mas pode ser um aliado acess\u00edvel e complementar, desde que usado com cautela e sempre dilu\u00eddo. Observar a rea\u00e7\u00e3o da pele e ajustar a frequ\u00eancia \u00e9 essencial para aproveitar benef\u00edcios sem causar danos.<\/p>\n\n\n\n<p>Se voc\u00ea deseja testar o vinagre de ma\u00e7\u00e3 na sua rotina, converse com um dermatologista e fa\u00e7a o teste de sensibilidade ainda hoje, antes de aplicar no rosto inteiro. N\u00e3o adie o cuidado com a sua pele: come\u00e7ar agora, com orienta\u00e7\u00e3o segura, pode fazer diferen\u00e7a vis\u00edvel na sa\u00fade e na apar\u00eancia ao longo dos pr\u00f3ximos anos.<\/p>\n","protected":false},"excerpt":{"rendered":"<p>O envelhecimento da pele costuma chamar aten\u00e7\u00e3o primeiro no rosto, especialmente ao redor dos olhos e da boca. Com o passar dos anos, surgem linhas de express\u00e3o, rugas mais marcadas e perda de firmeza, o que leva muitas pessoas a buscar alternativas simples e acess\u00edveis para cuidar da pele em casa, sem depender apenas de [&hellip;]<\/p>\n","protected":false},"author":11,"featured_media":156323,"comment_status":"open","ping_status":"open","sticky":false,"template":"","format":"standard","meta":{"jnews-multi-image_gallery":[],"jnews_single_post":{"format":"standard"},"jnews_primary_category":[],"jnews_social_meta":[],"jnews_override_counter":[],"footnotes":""},"categories":[8819,1],"tags":[4939,12306,4948,22844,5907],"class_list":["post-156288","post","type-post","status-publish","format-standard","has-post-thumbnail","hentry","category-curiosidades","category-noticias","tag-cuidados-com-a-pele","tag-pele-2","tag-skincare","tag-tonico-caseiro","tag-vinagre-de-maca"],"yoast_head":"<!-- This site is optimized with the Yoast SEO plugin v23.8 - https:\/\/yoast.com\/wordpress\/plugins\/seo\/ -->\n<title>Diga adeus \u00e0s rugas: como aplicar vinagre de ma\u00e7\u00e3 para melhorar a pele, eliminar manchas e suavizar linhas finas - Estado de Minas - Em foco<\/title>\n<meta name=\"description\" content=\"O vinagre de ma\u00e7\u00e3 no rosto pode ajudar na limpeza e na textura da pele. Veja benef\u00edcios, cuidados e como usar de forma segura.\" \/>\n<meta name=\"robots\" content=\"index, follow, max-snippet:-1, max-image-preview:large, max-video-preview:-1\" \/>\n<link rel=\"canonical\" href=\"https:\/\/www.em.com.br\/emfoco\/2026\/01\/17\/diga-adeus-as-rugas-como-aplicar-vinagre-de-maca-para-melhorar-a-pele-eliminar-manchas-e-suavizar-linhas-finas\/\" \/>\n<meta property=\"og:locale\" content=\"pt_BR\" \/>\n<meta property=\"og:type\" content=\"article\" \/>\n<meta property=\"og:title\" content=\"Diga adeus \u00e0s rugas: como aplicar vinagre de ma\u00e7\u00e3 para melhorar a pele, eliminar manchas e suavizar linhas finas - Estado de Minas - Em foco\" \/>\n<meta property=\"og:description\" content=\"O vinagre de ma\u00e7\u00e3 no rosto pode ajudar na limpeza e na textura da pele. Veja benef\u00edcios, cuidados e como usar de forma segura.\" \/>\n<meta property=\"og:url\" content=\"https:\/\/www.em.com.br\/emfoco\/2026\/01\/17\/diga-adeus-as-rugas-como-aplicar-vinagre-de-maca-para-melhorar-a-pele-eliminar-manchas-e-suavizar-linhas-finas\/\" \/>\n<meta property=\"og:site_name\" content=\"Estado de Minas - Em foco\" \/>\n<meta property=\"article:published_time\" content=\"2026-01-17T21:30:00+00:00\" \/>\n<meta property=\"article:modified_time\" content=\"2026-01-16T23:16:40+00:00\" \/>\n<meta property=\"og:image\" content=\"https:\/\/www.em.com.br\/emfoco\/wp-content\/uploads\/2026\/01\/unnamed-1-13.jpg\" \/>\n\t<meta property=\"og:image:width\" content=\"1280\" \/>\n\t<meta property=\"og:image:height\" content=\"720\" \/>\n\t<meta property=\"og:image:type\" content=\"image\/jpeg\" \/>\n<meta name=\"author\" content=\"Andre\u0301 Rangel\u00a0\" \/>\n<meta name=\"twitter:card\" content=\"summary_large_image\" \/>\n<meta name=\"twitter:label1\" content=\"Escrito por\" \/>\n\t<meta name=\"twitter:data1\" content=\"Andre\u0301 Rangel\u00a0\" \/>\n\t<meta name=\"twitter:label2\" content=\"Est. tempo de leitura\" \/>\n\t<meta name=\"twitter:data2\" content=\"5 minutos\" \/>\n<!-- \/ Yoast SEO plugin. -->","yoast_head_json":{"title":"Diga adeus \u00e0s rugas: como aplicar vinagre de ma\u00e7\u00e3 para melhorar a pele, eliminar manchas e suavizar linhas finas - Estado de Minas - Em foco","description":"O vinagre de ma\u00e7\u00e3 no rosto pode ajudar na limpeza e na textura da pele. Veja benef\u00edcios, cuidados e como usar de forma segura.","robots":{"index":"index","follow":"follow","max-snippet":"max-snippet:-1","max-image-preview":"max-image-preview:large","max-video-preview":"max-video-preview:-1"},"canonical":"https:\/\/www.em.com.br\/emfoco\/2026\/01\/17\/diga-adeus-as-rugas-como-aplicar-vinagre-de-maca-para-melhorar-a-pele-eliminar-manchas-e-suavizar-linhas-finas\/","og_locale":"pt_BR","og_type":"article","og_title":"Diga adeus \u00e0s rugas: como aplicar vinagre de ma\u00e7\u00e3 para melhorar a pele, eliminar manchas e suavizar linhas finas - Estado de Minas - Em foco","og_description":"O vinagre de ma\u00e7\u00e3 no rosto pode ajudar na limpeza e na textura da pele. Veja benef\u00edcios, cuidados e como usar de forma segura.","og_url":"https:\/\/www.em.com.br\/emfoco\/2026\/01\/17\/diga-adeus-as-rugas-como-aplicar-vinagre-de-maca-para-melhorar-a-pele-eliminar-manchas-e-suavizar-linhas-finas\/","og_site_name":"Estado de Minas - Em foco","article_published_time":"2026-01-17T21:30:00+00:00","article_modified_time":"2026-01-16T23:16:40+00:00","og_image":[{"width":1280,"height":720,"url":"https:\/\/www.em.com.br\/emfoco\/wp-content\/uploads\/2026\/01\/unnamed-1-13.jpg","type":"image\/jpeg"}],"author":"Andre\u0301 Rangel\u00a0","twitter_card":"summary_large_image","twitter_misc":{"Escrito por":"Andre\u0301 Rangel\u00a0","Est. tempo de leitura":"5 minutos"},"schema":{"@context":"https:\/\/schema.org","@graph":[{"@type":"WebPage","@id":"https:\/\/www.em.com.br\/emfoco\/2026\/01\/17\/diga-adeus-as-rugas-como-aplicar-vinagre-de-maca-para-melhorar-a-pele-eliminar-manchas-e-suavizar-linhas-finas\/","url":"https:\/\/www.em.com.br\/emfoco\/2026\/01\/17\/diga-adeus-as-rugas-como-aplicar-vinagre-de-maca-para-melhorar-a-pele-eliminar-manchas-e-suavizar-linhas-finas\/","name":"Diga adeus \u00e0s rugas: como aplicar vinagre de ma\u00e7\u00e3 para melhorar a pele, eliminar manchas e suavizar linhas finas - Estado de Minas - Em foco","isPartOf":{"@id":"https:\/\/www.em.com.br\/emfoco\/#website"},"primaryImageOfPage":{"@id":"https:\/\/www.em.com.br\/emfoco\/2026\/01\/17\/diga-adeus-as-rugas-como-aplicar-vinagre-de-maca-para-melhorar-a-pele-eliminar-manchas-e-suavizar-linhas-finas\/#primaryimage"},"image":{"@id":"https:\/\/www.em.com.br\/emfoco\/2026\/01\/17\/diga-adeus-as-rugas-como-aplicar-vinagre-de-maca-para-melhorar-a-pele-eliminar-manchas-e-suavizar-linhas-finas\/#primaryimage"},"thumbnailUrl":"https:\/\/www.em.com.br\/emfoco\/wp-content\/uploads\/2026\/01\/unnamed-1-13.jpg","datePublished":"2026-01-17T21:30:00+00:00","dateModified":"2026-01-16T23:16:40+00:00","author":{"@id":"https:\/\/www.em.com.br\/emfoco\/#\/schema\/person\/60eda09c1fedf0d6891f4cef4b60b8b8"},"description":"O vinagre de ma\u00e7\u00e3 no rosto pode ajudar na limpeza e na textura da pele. Veja benef\u00edcios, cuidados e como usar de forma segura.","breadcrumb":{"@id":"https:\/\/www.em.com.br\/emfoco\/2026\/01\/17\/diga-adeus-as-rugas-como-aplicar-vinagre-de-maca-para-melhorar-a-pele-eliminar-manchas-e-suavizar-linhas-finas\/#breadcrumb"},"inLanguage":"pt-BR","potentialAction":[{"@type":"ReadAction","target":["https:\/\/www.em.com.br\/emfoco\/2026\/01\/17\/diga-adeus-as-rugas-como-aplicar-vinagre-de-maca-para-melhorar-a-pele-eliminar-manchas-e-suavizar-linhas-finas\/"]}]},{"@type":"ImageObject","inLanguage":"pt-BR","@id":"https:\/\/www.em.com.br\/emfoco\/2026\/01\/17\/diga-adeus-as-rugas-como-aplicar-vinagre-de-maca-para-melhorar-a-pele-eliminar-manchas-e-suavizar-linhas-finas\/#primaryimage","url":"https:\/\/www.em.com.br\/emfoco\/wp-content\/uploads\/2026\/01\/unnamed-1-13.jpg","contentUrl":"https:\/\/www.em.com.br\/emfoco\/wp-content\/uploads\/2026\/01\/unnamed-1-13.jpg","width":1280,"height":720,"caption":"O ingrediente da cozinha que virou aliado da pele"},{"@type":"BreadcrumbList","@id":"https:\/\/www.em.com.br\/emfoco\/2026\/01\/17\/diga-adeus-as-rugas-como-aplicar-vinagre-de-maca-para-melhorar-a-pele-eliminar-manchas-e-suavizar-linhas-finas\/#breadcrumb","itemListElement":[{"@type":"ListItem","position":1,"name":"In\u00edcio","item":"https:\/\/www.em.com.br\/emfoco\/"},{"@type":"ListItem","position":2,"name":"Diga adeus \u00e0s rugas: como aplicar vinagre de ma\u00e7\u00e3 para melhorar a pele, eliminar manchas e suavizar linhas finas"}]},{"@type":"WebSite","@id":"https:\/\/www.em.com.br\/emfoco\/#website","url":"https:\/\/www.em.com.br\/emfoco\/","name":"Estado de Minas - Em foco","description":"Acompanhe as \u00faltimas not\u00edcias e fique bem informado sobre tudo o que acontece em Minas Gerais, Brasil e no mundo.","potentialAction":[{"@type":"SearchAction","target":{"@type":"EntryPoint","urlTemplate":"https:\/\/www.em.com.br\/emfoco\/?s={search_term_string}"},"query-input":{"@type":"PropertyValueSpecification","valueRequired":true,"valueName":"search_term_string"}}],"inLanguage":"pt-BR"},{"@type":"Person","@id":"https:\/\/www.em.com.br\/emfoco\/#\/schema\/person\/60eda09c1fedf0d6891f4cef4b60b8b8","name":"Andre\u0301 Rangel\u00a0","image":{"@type":"ImageObject","inLanguage":"pt-BR","@id":"https:\/\/www.em.com.br\/emfoco\/#\/schema\/person\/image\/","url":"https:\/\/secure.gravatar.com\/avatar\/6234dc814c77c8ef6d8bba622c787efc?s=96&d=mm&r=g","contentUrl":"https:\/\/secure.gravatar.com\/avatar\/6234dc814c77c8ef6d8bba622c787efc?s=96&d=mm&r=g","caption":"Andre\u0301 Rangel\u00a0"},"url":"https:\/\/www.em.com.br\/emfoco\/author\/luizmyth\/"}]}},"_links":{"self":[{"href":"https:\/\/www.em.com.br\/emfoco\/wp-json\/wp\/v2\/posts\/156288","targetHints":{"allow":["GET"]}}],"collection":[{"href":"https:\/\/www.em.com.br\/emfoco\/wp-json\/wp\/v2\/posts"}],"about":[{"href":"https:\/\/www.em.com.br\/emfoco\/wp-json\/wp\/v2\/types\/post"}],"author":[{"embeddable":true,"href":"https:\/\/www.em.com.br\/emfoco\/wp-json\/wp\/v2\/users\/11"}],"replies":[{"embeddable":true,"href":"https:\/\/www.em.com.br\/emfoco\/wp-json\/wp\/v2\/comments?post=156288"}],"version-history":[{"count":3,"href":"https:\/\/www.em.com.br\/emfoco\/wp-json\/wp\/v2\/posts\/156288\/revisions"}],"predecessor-version":[{"id":156326,"href":"https:\/\/www.em.com.br\/emfoco\/wp-json\/wp\/v2\/posts\/156288\/revisions\/156326"}],"wp:featuredmedia":[{"embeddable":true,"href":"https:\/\/www.em.com.br\/emfoco\/wp-json\/wp\/v2\/media\/156323"}],"wp:attachment":[{"href":"https:\/\/www.em.com.br\/emfoco\/wp-json\/wp\/v2\/media?parent=156288"}],"wp:term":[{"taxonomy":"category","embeddable":true,"href":"https:\/\/www.em.com.br\/emfoco\/wp-json\/wp\/v2\/categories?post=156288"},{"taxonomy":"post_tag","embeddable":true,"href":"https:\/\/www.em.com.br\/emfoco\/wp-json\/wp\/v2\/tags?post=156288"}],"curies":[{"name":"wp","href":"https:\/\/api.w.org\/{rel}","templated":true}]}}