{"id":156283,"date":"2026-01-17T11:00:00","date_gmt":"2026-01-17T14:00:00","guid":{"rendered":"https:\/\/www.em.com.br\/emfoco\/?p=156283"},"modified":"2026-01-16T20:16:19","modified_gmt":"2026-01-16T23:16:19","slug":"a-partir-dos-25-anos-o-corpo-reduz-a-producao-de-colageno-5-frutas-ricas-em-colageno-que-ajudam-a-rejuvenescer-a-pele","status":"publish","type":"post","link":"https:\/\/www.em.com.br\/emfoco\/2026\/01\/17\/a-partir-dos-25-anos-o-corpo-reduz-a-producao-de-colageno-5-frutas-ricas-em-colageno-que-ajudam-a-rejuvenescer-a-pele\/","title":{"rendered":"A partir dos 25 anos, o corpo reduz a produ\u00e7\u00e3o de col\u00e1geno: 5 frutas ricas em col\u00e1geno que ajudam a rejuvenescer a pele"},"content":{"rendered":"\n<p>A perda de col\u00e1geno \u00e9 um processo natural do envelhecimento que come\u00e7a por volta dos 25 a 30 anos e impacta diretamente a pele, os cabelos, as unhas e as articula\u00e7\u00f5es, deixando a pele mais fina, com menos elasticidade e mais linhas de express\u00e3o. Nesse cen\u00e1rio, al\u00e9m de bons h\u00e1bitos de sono, hidrata\u00e7\u00e3o e prote\u00e7\u00e3o solar, a alimenta\u00e7\u00e3o \u2014 especialmente o consumo di\u00e1rio de frutas frescas \u2014 ganha protagonismo como aliada acess\u00edvel e pr\u00e1tica para apoiar a produ\u00e7\u00e3o interna de col\u00e1geno.<\/p>\n\n\n\n<h2 class=\"wp-block-heading\">Como a alimenta\u00e7\u00e3o influencia na produ\u00e7\u00e3o de col\u00e1geno<\/h2>\n\n\n\n<p>O col\u00e1geno n\u00e3o \u00e9 absorvido pronto a partir dos alimentos: o corpo usa amino\u00e1cidos, vitaminas e minerais para produzir suas pr\u00f3prias fibras dentro das c\u00e9lulas. A<a href=\"https:\/\/www.em.com.br\/emfoco\/2026\/01\/10\/o-segredo-natural-que-supera-a-vitamina-c-sintetica\/\" target=\"_blank\" rel=\"noreferrer noopener\"> vitamina C <\/a>\u00e9 pe\u00e7a-chave nesse processo, pois participa de rea\u00e7\u00f5es enzim\u00e1ticas que estabilizam e organizam essas fibras, tornando a s\u00edntese mais eficiente.<\/p>\n\n\n\n<p>Mesmo com ingest\u00e3o adequada de prote\u00ednas, a falta de vitamina C pode limitar a produ\u00e7\u00e3o de col\u00e1geno. Al\u00e9m disso, antioxidantes como polifen\u00f3is, carotenoides e flavonoides ajudam a proteger o <a href=\"https:\/\/www.em.com.br\/emfoco\/2026\/01\/14\/colageno-caseiro-para-quem-tem-mais-de-50-anos-fortalece-ossos-pele-e-joelho\/\" target=\"_blank\" rel=\"noreferrer noopener\">col\u00e1geno <\/a>existente contra o estresse oxidativo gerado por sol intenso, polui\u00e7\u00e3o e tabagismo, criando um ambiente mais favor\u00e1vel para a manuten\u00e7\u00e3o da pele.<\/p>\n\n\n\n<figure class=\"wp-block-image\"><img decoding=\"async\" src=\"https:\/\/www.em.com.br\/emfoco\/wp-content\/uploads\/2025\/10\/hidratacao-da-pele_1761333222093-1024x576.jpg\" alt=\"\"\/><figcaption class=\"wp-element-caption\">Hidrata\u00e7\u00e3o da pele &#8211; Cr\u00e9ditos: depositphotos.com \/ IgorVetushko<\/figcaption><\/figure>\n\n\n\n<h2 class=\"wp-block-heading\">Quais frutas mais contribuem para o col\u00e1geno<\/h2>\n\n\n\n<p>Entre as frutas dispon\u00edveis no mercado brasileiro em 2025, algumas se destacam pela alta densidade de vitamina C e pela presen\u00e7a de compostos antioxidantes. Elas n\u00e3o s\u00e3o \u201cmilagrosas\u201d, mas funcionam como aliadas importantes dentro de uma dieta equilibrada, ajudando a apoiar o metabolismo do col\u00e1geno de forma cont\u00ednua.<\/p>\n\n\n\n<p>Essas frutas podem ser consumidas in natura, em lanches r\u00e1pidos ou combinadas com iogurtes, aveia e sementes, priorizando sempre a regularidade ao longo da semana. A seguir, veja algumas das op\u00e7\u00f5es mais citadas em estudos e por profissionais de nutri\u00e7\u00e3o e dermatologia:<\/p>\n\n\n\n<ul class=\"wp-block-list\">\n<li><strong>Laranja<\/strong>\u00a0\u2013 fonte cl\u00e1ssica de vitamina C, contribui diretamente para a forma\u00e7\u00e3o das fibras de col\u00e1geno.<\/li>\n\n\n\n<li><strong>Kiwi<\/strong>\u00a0\u2013 costuma ter teor de vitamina C ainda maior que o da laranja, al\u00e9m de polifen\u00f3is e fibras.<\/li>\n\n\n\n<li><strong>Morango<\/strong>\u00a0\u2013 rico em vitamina C e \u00e1cido el\u00e1gico, associado \u00e0 prote\u00e7\u00e3o contra danos ambientais.<\/li>\n\n\n\n<li><strong>Papaia (mam\u00e3o papaya)<\/strong>\u00a0\u2013 cont\u00e9m enzimas como a papa\u00edna, relacionadas \u00e0 renova\u00e7\u00e3o de tecidos.<\/li>\n\n\n\n<li><strong>Uva<\/strong>\u00a0\u2013 fornece resveratrol e outros polifen\u00f3is que ajudam a preservar o col\u00e1geno j\u00e1 formado.<\/li>\n<\/ul>\n\n\n\n<h2 class=\"wp-block-heading\">Quais benef\u00edcios detalhados essas frutas oferecem<\/h2>\n\n\n\n<p>A laranja fornece vitamina C, \u00e1gua e pequenas quantidades de carotenoides, ajudando na s\u00edntese de col\u00e1geno e na prote\u00e7\u00e3o contra o dano oxidativo, fator que acelera o envelhecimento da pele. Consumida em gomos ou em suco natural, pode integrar facilmente o caf\u00e9 da manh\u00e3 ou lanches r\u00e1pidos.<\/p>\n\n\n\n<p>O kiwi combina vitamina C, polifen\u00f3is e fibras sol\u00faveis, perfil ligado \u00e0 regenera\u00e7\u00e3o de c\u00e9lulas da pele e \u00e0 melhora da elasticidade. J\u00e1 o morango une vitamina C e \u00e1cido el\u00e1gico, ajudando na defesa contra polui\u00e7\u00e3o e radia\u00e7\u00e3o ultravioleta, o que tende a contribuir para tom de pele mais uniforme e menos manchas.<\/p>\n\n\n\n<figure class=\"wp-block-image\"><img decoding=\"async\" src=\"https:\/\/www.em.com.br\/emfoco\/wp-content\/uploads\/2025\/08\/creme-no-rosto_1755713730825-1024x576.jpg\" alt=\"\"\/><figcaption class=\"wp-element-caption\">O cuidado com a pele virou prioridade agora &#8211; Cr\u00e9ditos: depositphotos.com \/ AllaSerebrina<\/figcaption><\/figure>\n\n\n\n<h2 class=\"wp-block-heading\">Como incluir essas frutas ricas em col\u00e1geno na rotina<\/h2>\n\n\n\n<p>Inserir frutas estimulantes de col\u00e1geno no dia a dia n\u00e3o exige mudan\u00e7as radicais, mas const\u00e2ncia e planejamento simples. Em geral, recomenda-se ao menos tr\u00eas por\u00e7\u00f5es de frutas por dia, variando cores, tipos e formas de preparo durante a semana para ampliar o repert\u00f3rio de vitaminas e antioxidantes consumidos.<\/p>\n\n\n\n<p>Uma estrat\u00e9gia pr\u00e1tica \u00e9 distribuir essas frutas ao longo do dia, combinando-as com boas fontes de prote\u00edna para garantir tamb\u00e9m os amino\u00e1cidos necess\u00e1rios. Assim, o corpo recebe, ao mesmo tempo, os \u201ctijolos\u201d (prote\u00ednas) e os \u201cauxiliares de obra\u201d (vitamina C e antioxidantes) para construir e proteger o col\u00e1geno.<\/p>\n\n\n\n<h2 class=\"wp-block-heading\">Por que agir agora para proteger seu col\u00e1geno<\/h2>\n\n\n\n<p>A produ\u00e7\u00e3o de col\u00e1geno depende de um conjunto de fatores: alimenta\u00e7\u00e3o balanceada, hidrata\u00e7\u00e3o adequada, prote\u00e7\u00e3o solar di\u00e1ria, sono de qualidade e abandono de h\u00e1bitos nocivos, como o tabagismo. As frutas ricas em vitamina C e antioxidantes s\u00e3o um dos pilares mais simples e acess\u00edveis para manter pele, cabelos e articula\u00e7\u00f5es estruturados por mais tempo, respeitando o ritmo natural do envelhecimento.<\/p>\n\n\n\n<p>N\u00e3o espere os sinais de flacidez, ressecamento intenso ou dores articulares se agravarem para come\u00e7ar a se cuidar: reorganize hoje mesmo sua rotina alimentar, inclua frutas frescas em pelo menos tr\u00eas momentos do dia e, se poss\u00edvel, busque orienta\u00e7\u00e3o profissional para personalizar seu plano \u2014 cada semana sem esse cuidado \u00e9 uma oportunidade perdida de proteger o col\u00e1geno que voc\u00ea ainda tem.<\/p>\n","protected":false},"excerpt":{"rendered":"<p>A perda de col\u00e1geno \u00e9 um processo natural do envelhecimento que come\u00e7a por volta dos 25 a 30 anos e impacta diretamente a pele, os cabelos, as unhas e as articula\u00e7\u00f5es, deixando a pele mais fina, com menos elasticidade e mais linhas de express\u00e3o. Nesse cen\u00e1rio, al\u00e9m de bons h\u00e1bitos de sono, hidrata\u00e7\u00e3o e prote\u00e7\u00e3o [&hellip;]<\/p>\n","protected":false},"author":11,"featured_media":100741,"comment_status":"open","ping_status":"open","sticky":false,"template":"","format":"standard","meta":{"jnews-multi-image_gallery":[],"jnews_single_post":{"format":"standard"},"jnews_primary_category":[],"jnews_social_meta":[],"jnews_override_counter":[],"footnotes":""},"categories":[8819,1],"tags":[2904,7179,11053,2555,22843,16266],"class_list":["post-156283","post","type-post","status-publish","format-standard","has-post-thumbnail","hentry","category-curiosidades","category-noticias","tag-alimentacao","tag-colageno","tag-cuidar-da-pele","tag-frutas","tag-frutas-ricas-em-vitamina-c","tag-proteger-a-pele"],"yoast_head":"<!-- This site is optimized with the Yoast SEO plugin v23.8 - https:\/\/yoast.com\/wordpress\/plugins\/seo\/ -->\n<title>A partir dos 25 anos, o corpo reduz a produ\u00e7\u00e3o de col\u00e1geno: 5 frutas ricas em col\u00e1geno que ajudam a rejuvenescer a pele - Estado de Minas - Em foco<\/title>\n<meta name=\"description\" content=\"As frutas ricas em vitamina C ajudam o corpo a produzir col\u00e1geno e proteger a pele. Veja quais incluir na rotina di\u00e1ria.\" \/>\n<meta name=\"robots\" content=\"index, follow, max-snippet:-1, max-image-preview:large, max-video-preview:-1\" \/>\n<link rel=\"canonical\" href=\"https:\/\/www.em.com.br\/emfoco\/2026\/01\/17\/a-partir-dos-25-anos-o-corpo-reduz-a-producao-de-colageno-5-frutas-ricas-em-colageno-que-ajudam-a-rejuvenescer-a-pele\/\" \/>\n<meta property=\"og:locale\" content=\"pt_BR\" \/>\n<meta property=\"og:type\" content=\"article\" \/>\n<meta property=\"og:title\" content=\"A partir dos 25 anos, o corpo reduz a produ\u00e7\u00e3o de col\u00e1geno: 5 frutas ricas em col\u00e1geno que ajudam a rejuvenescer a pele - Estado de Minas - Em foco\" \/>\n<meta property=\"og:description\" content=\"As frutas ricas em vitamina C ajudam o corpo a produzir col\u00e1geno e proteger a pele. Veja quais incluir na rotina di\u00e1ria.\" \/>\n<meta property=\"og:url\" content=\"https:\/\/www.em.com.br\/emfoco\/2026\/01\/17\/a-partir-dos-25-anos-o-corpo-reduz-a-producao-de-colageno-5-frutas-ricas-em-colageno-que-ajudam-a-rejuvenescer-a-pele\/\" \/>\n<meta property=\"og:site_name\" content=\"Estado de Minas - Em foco\" \/>\n<meta property=\"article:published_time\" content=\"2026-01-17T14:00:00+00:00\" \/>\n<meta property=\"article:modified_time\" content=\"2026-01-16T23:16:19+00:00\" \/>\n<meta property=\"og:image\" content=\"https:\/\/www.em.com.br\/emfoco\/wp-content\/uploads\/2025\/09\/creme-area-dos-olhos-_1757002772800.jpg\" \/>\n\t<meta property=\"og:image:width\" content=\"1280\" \/>\n\t<meta property=\"og:image:height\" content=\"720\" \/>\n\t<meta property=\"og:image:type\" content=\"image\/jpeg\" \/>\n<meta name=\"author\" content=\"Andre\u0301 Rangel\u00a0\" \/>\n<meta name=\"twitter:card\" content=\"summary_large_image\" \/>\n<meta name=\"twitter:label1\" content=\"Escrito por\" \/>\n\t<meta name=\"twitter:data1\" content=\"Andre\u0301 Rangel\u00a0\" \/>\n\t<meta name=\"twitter:label2\" content=\"Est. tempo de leitura\" \/>\n\t<meta name=\"twitter:data2\" content=\"5 minutos\" \/>\n<!-- \/ Yoast SEO plugin. -->","yoast_head_json":{"title":"A partir dos 25 anos, o corpo reduz a produ\u00e7\u00e3o de col\u00e1geno: 5 frutas ricas em col\u00e1geno que ajudam a rejuvenescer a pele - Estado de Minas - Em foco","description":"As frutas ricas em vitamina C ajudam o corpo a produzir col\u00e1geno e proteger a pele. Veja quais incluir na rotina di\u00e1ria.","robots":{"index":"index","follow":"follow","max-snippet":"max-snippet:-1","max-image-preview":"max-image-preview:large","max-video-preview":"max-video-preview:-1"},"canonical":"https:\/\/www.em.com.br\/emfoco\/2026\/01\/17\/a-partir-dos-25-anos-o-corpo-reduz-a-producao-de-colageno-5-frutas-ricas-em-colageno-que-ajudam-a-rejuvenescer-a-pele\/","og_locale":"pt_BR","og_type":"article","og_title":"A partir dos 25 anos, o corpo reduz a produ\u00e7\u00e3o de col\u00e1geno: 5 frutas ricas em col\u00e1geno que ajudam a rejuvenescer a pele - Estado de Minas - Em foco","og_description":"As frutas ricas em vitamina C ajudam o corpo a produzir col\u00e1geno e proteger a pele. Veja quais incluir na rotina di\u00e1ria.","og_url":"https:\/\/www.em.com.br\/emfoco\/2026\/01\/17\/a-partir-dos-25-anos-o-corpo-reduz-a-producao-de-colageno-5-frutas-ricas-em-colageno-que-ajudam-a-rejuvenescer-a-pele\/","og_site_name":"Estado de Minas - Em foco","article_published_time":"2026-01-17T14:00:00+00:00","article_modified_time":"2026-01-16T23:16:19+00:00","og_image":[{"width":1280,"height":720,"url":"https:\/\/www.em.com.br\/emfoco\/wp-content\/uploads\/2025\/09\/creme-area-dos-olhos-_1757002772800.jpg","type":"image\/jpeg"}],"author":"Andre\u0301 Rangel\u00a0","twitter_card":"summary_large_image","twitter_misc":{"Escrito por":"Andre\u0301 Rangel\u00a0","Est. tempo de leitura":"5 minutos"},"schema":{"@context":"https:\/\/schema.org","@graph":[{"@type":"WebPage","@id":"https:\/\/www.em.com.br\/emfoco\/2026\/01\/17\/a-partir-dos-25-anos-o-corpo-reduz-a-producao-de-colageno-5-frutas-ricas-em-colageno-que-ajudam-a-rejuvenescer-a-pele\/","url":"https:\/\/www.em.com.br\/emfoco\/2026\/01\/17\/a-partir-dos-25-anos-o-corpo-reduz-a-producao-de-colageno-5-frutas-ricas-em-colageno-que-ajudam-a-rejuvenescer-a-pele\/","name":"A partir dos 25 anos, o corpo reduz a produ\u00e7\u00e3o de col\u00e1geno: 5 frutas ricas em col\u00e1geno que ajudam a rejuvenescer a pele - Estado de Minas - Em foco","isPartOf":{"@id":"https:\/\/www.em.com.br\/emfoco\/#website"},"primaryImageOfPage":{"@id":"https:\/\/www.em.com.br\/emfoco\/2026\/01\/17\/a-partir-dos-25-anos-o-corpo-reduz-a-producao-de-colageno-5-frutas-ricas-em-colageno-que-ajudam-a-rejuvenescer-a-pele\/#primaryimage"},"image":{"@id":"https:\/\/www.em.com.br\/emfoco\/2026\/01\/17\/a-partir-dos-25-anos-o-corpo-reduz-a-producao-de-colageno-5-frutas-ricas-em-colageno-que-ajudam-a-rejuvenescer-a-pele\/#primaryimage"},"thumbnailUrl":"https:\/\/www.em.com.br\/emfoco\/wp-content\/uploads\/2025\/09\/creme-area-dos-olhos-_1757002772800.jpg","datePublished":"2026-01-17T14:00:00+00:00","dateModified":"2026-01-16T23:16:19+00:00","author":{"@id":"https:\/\/www.em.com.br\/emfoco\/#\/schema\/person\/60eda09c1fedf0d6891f4cef4b60b8b8"},"description":"As frutas ricas em vitamina C ajudam o corpo a produzir col\u00e1geno e proteger a pele. Veja quais incluir na rotina di\u00e1ria.","breadcrumb":{"@id":"https:\/\/www.em.com.br\/emfoco\/2026\/01\/17\/a-partir-dos-25-anos-o-corpo-reduz-a-producao-de-colageno-5-frutas-ricas-em-colageno-que-ajudam-a-rejuvenescer-a-pele\/#breadcrumb"},"inLanguage":"pt-BR","potentialAction":[{"@type":"ReadAction","target":["https:\/\/www.em.com.br\/emfoco\/2026\/01\/17\/a-partir-dos-25-anos-o-corpo-reduz-a-producao-de-colageno-5-frutas-ricas-em-colageno-que-ajudam-a-rejuvenescer-a-pele\/"]}]},{"@type":"ImageObject","inLanguage":"pt-BR","@id":"https:\/\/www.em.com.br\/emfoco\/2026\/01\/17\/a-partir-dos-25-anos-o-corpo-reduz-a-producao-de-colageno-5-frutas-ricas-em-colageno-que-ajudam-a-rejuvenescer-a-pele\/#primaryimage","url":"https:\/\/www.em.com.br\/emfoco\/wp-content\/uploads\/2025\/09\/creme-area-dos-olhos-_1757002772800.jpg","contentUrl":"https:\/\/www.em.com.br\/emfoco\/wp-content\/uploads\/2025\/09\/creme-area-dos-olhos-_1757002772800.jpg","width":1280,"height":720,"caption":"Cremes para cuidar da pele - Cr\u00e9ditos: depositphotos.com \/ Milkos"},{"@type":"BreadcrumbList","@id":"https:\/\/www.em.com.br\/emfoco\/2026\/01\/17\/a-partir-dos-25-anos-o-corpo-reduz-a-producao-de-colageno-5-frutas-ricas-em-colageno-que-ajudam-a-rejuvenescer-a-pele\/#breadcrumb","itemListElement":[{"@type":"ListItem","position":1,"name":"In\u00edcio","item":"https:\/\/www.em.com.br\/emfoco\/"},{"@type":"ListItem","position":2,"name":"A partir dos 25 anos, o corpo reduz a produ\u00e7\u00e3o de col\u00e1geno: 5 frutas ricas em col\u00e1geno que ajudam a rejuvenescer a pele"}]},{"@type":"WebSite","@id":"https:\/\/www.em.com.br\/emfoco\/#website","url":"https:\/\/www.em.com.br\/emfoco\/","name":"Estado de Minas - Em foco","description":"Acompanhe as \u00faltimas not\u00edcias e fique bem informado sobre tudo o que acontece em Minas Gerais, Brasil e no mundo.","potentialAction":[{"@type":"SearchAction","target":{"@type":"EntryPoint","urlTemplate":"https:\/\/www.em.com.br\/emfoco\/?s={search_term_string}"},"query-input":{"@type":"PropertyValueSpecification","valueRequired":true,"valueName":"search_term_string"}}],"inLanguage":"pt-BR"},{"@type":"Person","@id":"https:\/\/www.em.com.br\/emfoco\/#\/schema\/person\/60eda09c1fedf0d6891f4cef4b60b8b8","name":"Andre\u0301 Rangel\u00a0","image":{"@type":"ImageObject","inLanguage":"pt-BR","@id":"https:\/\/www.em.com.br\/emfoco\/#\/schema\/person\/image\/","url":"https:\/\/secure.gravatar.com\/avatar\/6234dc814c77c8ef6d8bba622c787efc?s=96&d=mm&r=g","contentUrl":"https:\/\/secure.gravatar.com\/avatar\/6234dc814c77c8ef6d8bba622c787efc?s=96&d=mm&r=g","caption":"Andre\u0301 Rangel\u00a0"},"url":"https:\/\/www.em.com.br\/emfoco\/author\/luizmyth\/"}]}},"_links":{"self":[{"href":"https:\/\/www.em.com.br\/emfoco\/wp-json\/wp\/v2\/posts\/156283","targetHints":{"allow":["GET"]}}],"collection":[{"href":"https:\/\/www.em.com.br\/emfoco\/wp-json\/wp\/v2\/posts"}],"about":[{"href":"https:\/\/www.em.com.br\/emfoco\/wp-json\/wp\/v2\/types\/post"}],"author":[{"embeddable":true,"href":"https:\/\/www.em.com.br\/emfoco\/wp-json\/wp\/v2\/users\/11"}],"replies":[{"embeddable":true,"href":"https:\/\/www.em.com.br\/emfoco\/wp-json\/wp\/v2\/comments?post=156283"}],"version-history":[{"count":3,"href":"https:\/\/www.em.com.br\/emfoco\/wp-json\/wp\/v2\/posts\/156283\/revisions"}],"predecessor-version":[{"id":156338,"href":"https:\/\/www.em.com.br\/emfoco\/wp-json\/wp\/v2\/posts\/156283\/revisions\/156338"}],"wp:featuredmedia":[{"embeddable":true,"href":"https:\/\/www.em.com.br\/emfoco\/wp-json\/wp\/v2\/media\/100741"}],"wp:attachment":[{"href":"https:\/\/www.em.com.br\/emfoco\/wp-json\/wp\/v2\/media?parent=156283"}],"wp:term":[{"taxonomy":"category","embeddable":true,"href":"https:\/\/www.em.com.br\/emfoco\/wp-json\/wp\/v2\/categories?post=156283"},{"taxonomy":"post_tag","embeddable":true,"href":"https:\/\/www.em.com.br\/emfoco\/wp-json\/wp\/v2\/tags?post=156283"}],"curies":[{"name":"wp","href":"https:\/\/api.w.org\/{rel}","templated":true}]}}