{"id":156249,"date":"2026-01-17T13:45:00","date_gmt":"2026-01-17T16:45:00","guid":{"rendered":"https:\/\/www.em.com.br\/emfoco\/?p=156249"},"modified":"2026-01-16T19:38:17","modified_gmt":"2026-01-16T22:38:17","slug":"confirmado-multas-de-2-mil-serao-aplicadas-a-todos-os-viajantes-que-transportarem-este-item-em-sua-bagagem-de-mao","status":"publish","type":"post","link":"https:\/\/www.em.com.br\/emfoco\/2026\/01\/17\/confirmado-multas-de-2-mil-serao-aplicadas-a-todos-os-viajantes-que-transportarem-este-item-em-sua-bagagem-de-mao\/","title":{"rendered":"Confirmado: multas de 2 mil ser\u00e3o aplicadas a todos os viajantes que transportarem este item em sua bagagem de m\u00e3o"},"content":{"rendered":"\n<p>Antes de embarcar rumo aos <strong>Estados Unidos<\/strong> para as f\u00e9rias de inverno, muitos viajantes se deparam com uma d\u00favida recorrente: o que \u00e9 realmente permitido levar na bagagem, sobretudo na cabine do avi\u00e3o. A <strong>Administra\u00e7\u00e3o de Seguran\u00e7a em Transporte dos EUA (TSA) <\/strong>mant\u00e9m regras r\u00edgidas sobre objetos proibidos e itens controlados, e o descumprimento pode resultar em multas altas, mesmo em situa\u00e7\u00f5es aparentemente simples, como carregar um <strong>spray de autodefesa<\/strong>.<\/p>\n\n\n\n<h2 class=\"wp-block-heading\">O que \u00e9 a multa da TSA e por que pode passar de 2 mil d\u00f3lares<\/h2>\n\n\n\n<p>A\u00a0<strong>multa da TSA<\/strong>\u00a0\u00e9 uma penalidade financeira aplicada pela ag\u00eancia de seguran\u00e7a aeroportu\u00e1ria dos Estados Unidos quando identifica itens proibidos ou transportados de forma inadequada. No caso de sprays de autodefesa ou <strong><a href=\"https:\/\/mundoeducacao.uol.com.br\/quimica\/gas-lacrimogeneo.htm\" target=\"_blank\" rel=\"noreferrer noopener\">g\u00e1s lacrimog\u00eaneo<\/a><\/strong>, a san\u00e7\u00e3o pode chegar a cerca de 2.570 d\u00f3lares, a depender da gravidade do ocorrido e da avalia\u00e7\u00e3o feita pelos agentes respons\u00e1veis.<\/p>\n\n\n\n<p>Na vis\u00e3o da TSA, certos objetos de uso cotidiano podem representar risco significativo dentro da cabine, especialmente se acionados de forma acidental ou intencional. Por isso,\u00a0<strong>sprays de defesa pessoal<\/strong>\u00a0s\u00e3o proibidos na <a href=\"https:\/\/www.em.com.br\/emfoco\/2026\/01\/08\/bagagem-de-mao-muda-com-regras-confirmadas-companhias-aereas-passam-a-proibir-mais-itens\/\" target=\"_blank\" rel=\"noreferrer noopener\">bagagem de m\u00e3o<\/a>, mas podem ser aceitos na bagagem despachada sob condi\u00e7\u00f5es bem espec\u00edficas e tecnicamente definidas.<\/p>\n\n\n\n<figure class=\"wp-block-image\"><img decoding=\"async\" src=\"https:\/\/www.em.com.br\/emfoco\/wp-content\/uploads\/2025\/12\/Gemini_Generated_Image_g1nmzug1nmzug1nm-1-1024x576.png\" alt=\"\"\/><figcaption class=\"wp-element-caption\">Esses objetos causam apreens\u00e3o imediata nos aeroportos<\/figcaption><\/figure>\n\n\n\n<h2 class=\"wp-block-heading\">Quais s\u00e3o as principais regras da TSA para sprays de autodefesa<\/h2>\n\n\n\n<p>Para evitar uma&nbsp;<strong>multa da TSA<\/strong>, o transporte de g\u00e1s lacrimog\u00eaneo ou spray de pimenta na bagagem despachada precisa obedecer a limites de volume, requisitos de seguran\u00e7a do frasco e composi\u00e7\u00e3o qu\u00edmica autorizada. O descumprimento de qualquer um desses pontos pode resultar na apreens\u00e3o do item e na abertura de um processo administrativo.<\/p>\n\n\n\n<p>Entre as exig\u00eancias mais comuns para levar o produto na mala despachada, destacam-se as seguintes condi\u00e7\u00f5es t\u00e9cnicas definidas pela TSA:<\/p>\n\n\n\n<ul class=\"wp-block-list\">\n<li><strong>Volume m\u00e1ximo do frasco:<\/strong>\u00a0at\u00e9 118 ml (4 on\u00e7as l\u00edquidas), sem ultrapassar esse limite.<\/li>\n\n\n\n<li><strong>Trava de seguran\u00e7a:<\/strong>\u00a0o recipiente precisa ter um sistema que impe\u00e7a o disparo acidental, como trava mec\u00e2nica ou tampa protetora.<\/li>\n\n\n\n<li><strong>Composi\u00e7\u00e3o qu\u00edmica:<\/strong>\u00a0a f\u00f3rmula n\u00e3o deve conter mais de 2% da massa total em g\u00e1s lacrimog\u00eaneo ou agente irritante semelhante.<\/li>\n<\/ul>\n\n\n\n<h2 class=\"wp-block-heading\">Em quais situa\u00e7\u00f5es a TSA costuma aplicar multas ao passageiro<\/h2>\n\n\n\n<p>A aplica\u00e7\u00e3o de&nbsp;<strong>multas da TSA<\/strong>&nbsp;n\u00e3o \u00e9 autom\u00e1tica em todos os casos, pois os agentes consideram o n\u00edvel de risco, o hist\u00f3rico do viajante e o comportamento durante a inspe\u00e7\u00e3o. A presen\u00e7a de um g\u00e1s lacrimog\u00eaneo na bagagem de m\u00e3o pode terminar apenas em advert\u00eancia, mas tamb\u00e9m pode resultar em penalidade alta se houver descuido grave ou tentativa de burlar a norma.<\/p>\n\n\n\n<p>Quando o incidente \u00e9 visto como resultado de desaten\u00e7\u00e3o pontual, o passageiro geralmente tem o item confiscado e recebe orienta\u00e7\u00f5es sobre as regras. Em situa\u00e7\u00f5es em que o risco \u00e9 considerado elevado, o caso pode seguir para an\u00e1lise administrativa, com defini\u00e7\u00e3o de valor de multa e registro que poder\u00e1 ser consultado em futuras viagens aos Estados Unidos.<\/p>\n\n\n\n<figure class=\"wp-block-image\"><img decoding=\"async\" src=\"https:\/\/www.em.com.br\/emfoco\/wp-content\/uploads\/2025\/08\/bagagem-despachada_1756232157886-1024x576.jpg\" alt=\"\"\/><figcaption class=\"wp-element-caption\">Bagagem despachada &#8211; Cr\u00e9ditos: depositphotos.com \/ Thamkc<\/figcaption><\/figure>\n\n\n\n<h2 class=\"wp-block-heading\">Como evitar multa da TSA ao organizar bagagem de m\u00e3o e despachada<\/h2>\n\n\n\n<p>A preven\u00e7\u00e3o \u00e9 a forma mais eficaz de evitar qualquer&nbsp;<strong>multa da TSA<\/strong>, j\u00e1 que a ag\u00eancia disponibiliza ferramentas e listas atualizadas para consulta antes de arrumar a mala. A verifica\u00e7\u00e3o pr\u00e9via das regras \u00e9 essencial tanto para quem viaja pela primeira vez quanto para passageiros frequentes, pois detalhes como volume de aeross\u00f3is e tipo de embalagem podem ser decisivos.<\/p>\n\n\n\n<p>Algumas pr\u00e1ticas simples ajudam a reduzir erros na prepara\u00e7\u00e3o da bagagem e a diminuir o risco de apreens\u00e3o de itens ou penalidades financeiras:<\/p>\n\n\n\n<ol class=\"wp-block-list\">\n<li><strong>Verificar l\u00edquidos, g\u00e9is e aeross\u00f3is:<\/strong>\u00a0conferir se frascos, sprays de higiene pessoal e cosm\u00e9ticos respeitam a regra de volumes reduzidos na bagagem de m\u00e3o.<\/li>\n\n\n\n<li><strong>Consultar a lista de itens proibidos e permitidos:<\/strong>\u00a0checar o que pode ir na cabine e o que s\u00f3 \u00e9 aceito na mala despachada.<\/li>\n\n\n\n<li><strong>Utilizar cadeados aprovados pela TSA:<\/strong>\u00a0priorizar modelos compat\u00edveis, permitindo inspe\u00e7\u00e3o sem danificar o fecho.<\/li>\n\n\n\n<li><strong>Identificar claramente a bagagem:<\/strong>\u00a0incluir nome completo e contatos atualizados para facilitar qualquer contato em caso de vistoria ou extravio.<\/li>\n<\/ol>\n\n\n\n<h2 class=\"wp-block-heading\">Por que voc\u00ea deve revisar as regras da TSA antes de viajar<\/h2>\n\n\n\n<p>Para quem pretende levar spray de autodefesa por raz\u00f5es de seguran\u00e7a pessoal durante a estadia nos Estados Unidos, \u00e9 indispens\u00e1vel checar com anteced\u00eancia as leis locais do destino e, principalmente, as condi\u00e7\u00f5es impostas pela TSA para o transporte a\u00e9reo. Um simples descuido pode transformar a fila do embarque em um grande transtorno, com perda do item e poss\u00edvel multa em d\u00f3lares.<\/p>\n\n\n\n<p>N\u00e3o espere chegar ao aeroporto para descobrir o que \u00e9 proibido: consulte agora as regras oficiais da TSA, revise sua bagagem com aten\u00e7\u00e3o e ajuste qualquer item de risco antes de sair de casa. Agir hoje, com urg\u00eancia e cuidado, \u00e9 o que garante uma viagem mais tranquila, sem multas inesperadas e sem surpresas na hora da inspe\u00e7\u00e3o de seguran\u00e7a.<\/p>\n","protected":false},"excerpt":{"rendered":"<p>Antes de embarcar rumo aos Estados Unidos para as f\u00e9rias de inverno, muitos viajantes se deparam com uma d\u00favida recorrente: o que \u00e9 realmente permitido levar na bagagem, sobretudo na cabine do avi\u00e3o. A Administra\u00e7\u00e3o de Seguran\u00e7a em Transporte dos EUA (TSA) mant\u00e9m regras r\u00edgidas sobre objetos proibidos e itens controlados, e o descumprimento pode [&hellip;]<\/p>\n","protected":false},"author":11,"featured_media":156264,"comment_status":"open","ping_status":"open","sticky":false,"template":"","format":"standard","meta":{"jnews-multi-image_gallery":[],"jnews_single_post":{"format":"standard"},"jnews_primary_category":[],"jnews_social_meta":[],"jnews_override_counter":[],"footnotes":""},"categories":[28,1],"tags":[2363,22839,9442,888,22840],"class_list":["post-156249","post","type-post","status-publish","format-standard","has-post-thumbnail","hentry","category-economia","category-noticias","tag-aeroporto","tag-bagagem-de-mao-2","tag-multa","tag-regras","tag-spray-de-autodefesa"],"yoast_head":"<!-- This site is optimized with the Yoast SEO plugin v23.8 - https:\/\/yoast.com\/wordpress\/plugins\/seo\/ -->\n<title>Confirmado: multas de 2 mil ser\u00e3o aplicadas a todos os viajantes que transportarem este item em sua bagagem de m\u00e3o - Estado de Minas - Em foco<\/title>\n<meta name=\"description\" content=\"Spray de autodefesa na mala pode gerar multa da TSA nos EUA. Entenda o que \u00e9 permitido na bagagem de m\u00e3o e na despachada.\" \/>\n<meta name=\"robots\" content=\"index, follow, max-snippet:-1, max-image-preview:large, max-video-preview:-1\" \/>\n<link rel=\"canonical\" href=\"https:\/\/www.em.com.br\/emfoco\/2026\/01\/17\/confirmado-multas-de-2-mil-serao-aplicadas-a-todos-os-viajantes-que-transportarem-este-item-em-sua-bagagem-de-mao\/\" \/>\n<meta property=\"og:locale\" content=\"pt_BR\" \/>\n<meta property=\"og:type\" content=\"article\" \/>\n<meta property=\"og:title\" content=\"Confirmado: multas de 2 mil ser\u00e3o aplicadas a todos os viajantes que transportarem este item em sua bagagem de m\u00e3o - Estado de Minas - Em foco\" \/>\n<meta property=\"og:description\" content=\"Spray de autodefesa na mala pode gerar multa da TSA nos EUA. Entenda o que \u00e9 permitido na bagagem de m\u00e3o e na despachada.\" \/>\n<meta property=\"og:url\" content=\"https:\/\/www.em.com.br\/emfoco\/2026\/01\/17\/confirmado-multas-de-2-mil-serao-aplicadas-a-todos-os-viajantes-que-transportarem-este-item-em-sua-bagagem-de-mao\/\" \/>\n<meta property=\"og:site_name\" content=\"Estado de Minas - Em foco\" \/>\n<meta property=\"article:published_time\" content=\"2026-01-17T16:45:00+00:00\" \/>\n<meta property=\"article:modified_time\" content=\"2026-01-16T22:38:17+00:00\" \/>\n<meta property=\"og:image\" content=\"https:\/\/www.em.com.br\/emfoco\/wp-content\/uploads\/2026\/01\/ChatGPT-Image-16-de-jan.-de-2026-14_17_46-1.png\" \/>\n\t<meta property=\"og:image:width\" content=\"1280\" \/>\n\t<meta property=\"og:image:height\" content=\"720\" \/>\n\t<meta property=\"og:image:type\" content=\"image\/png\" \/>\n<meta name=\"author\" content=\"Andre\u0301 Rangel\u00a0\" \/>\n<meta name=\"twitter:card\" content=\"summary_large_image\" \/>\n<meta name=\"twitter:label1\" content=\"Escrito por\" \/>\n\t<meta name=\"twitter:data1\" content=\"Andre\u0301 Rangel\u00a0\" \/>\n\t<meta name=\"twitter:label2\" content=\"Est. tempo de leitura\" \/>\n\t<meta name=\"twitter:data2\" content=\"5 minutos\" \/>\n<!-- \/ Yoast SEO plugin. -->","yoast_head_json":{"title":"Confirmado: multas de 2 mil ser\u00e3o aplicadas a todos os viajantes que transportarem este item em sua bagagem de m\u00e3o - Estado de Minas - Em foco","description":"Spray de autodefesa na mala pode gerar multa da TSA nos EUA. Entenda o que \u00e9 permitido na bagagem de m\u00e3o e na despachada.","robots":{"index":"index","follow":"follow","max-snippet":"max-snippet:-1","max-image-preview":"max-image-preview:large","max-video-preview":"max-video-preview:-1"},"canonical":"https:\/\/www.em.com.br\/emfoco\/2026\/01\/17\/confirmado-multas-de-2-mil-serao-aplicadas-a-todos-os-viajantes-que-transportarem-este-item-em-sua-bagagem-de-mao\/","og_locale":"pt_BR","og_type":"article","og_title":"Confirmado: multas de 2 mil ser\u00e3o aplicadas a todos os viajantes que transportarem este item em sua bagagem de m\u00e3o - Estado de Minas - Em foco","og_description":"Spray de autodefesa na mala pode gerar multa da TSA nos EUA. Entenda o que \u00e9 permitido na bagagem de m\u00e3o e na despachada.","og_url":"https:\/\/www.em.com.br\/emfoco\/2026\/01\/17\/confirmado-multas-de-2-mil-serao-aplicadas-a-todos-os-viajantes-que-transportarem-este-item-em-sua-bagagem-de-mao\/","og_site_name":"Estado de Minas - Em foco","article_published_time":"2026-01-17T16:45:00+00:00","article_modified_time":"2026-01-16T22:38:17+00:00","og_image":[{"width":1280,"height":720,"url":"https:\/\/www.em.com.br\/emfoco\/wp-content\/uploads\/2026\/01\/ChatGPT-Image-16-de-jan.-de-2026-14_17_46-1.png","type":"image\/png"}],"author":"Andre\u0301 Rangel\u00a0","twitter_card":"summary_large_image","twitter_misc":{"Escrito por":"Andre\u0301 Rangel\u00a0","Est. tempo de leitura":"5 minutos"},"schema":{"@context":"https:\/\/schema.org","@graph":[{"@type":"WebPage","@id":"https:\/\/www.em.com.br\/emfoco\/2026\/01\/17\/confirmado-multas-de-2-mil-serao-aplicadas-a-todos-os-viajantes-que-transportarem-este-item-em-sua-bagagem-de-mao\/","url":"https:\/\/www.em.com.br\/emfoco\/2026\/01\/17\/confirmado-multas-de-2-mil-serao-aplicadas-a-todos-os-viajantes-que-transportarem-este-item-em-sua-bagagem-de-mao\/","name":"Confirmado: multas de 2 mil ser\u00e3o aplicadas a todos os viajantes que transportarem este item em sua bagagem de m\u00e3o - Estado de Minas - Em foco","isPartOf":{"@id":"https:\/\/www.em.com.br\/emfoco\/#website"},"primaryImageOfPage":{"@id":"https:\/\/www.em.com.br\/emfoco\/2026\/01\/17\/confirmado-multas-de-2-mil-serao-aplicadas-a-todos-os-viajantes-que-transportarem-este-item-em-sua-bagagem-de-mao\/#primaryimage"},"image":{"@id":"https:\/\/www.em.com.br\/emfoco\/2026\/01\/17\/confirmado-multas-de-2-mil-serao-aplicadas-a-todos-os-viajantes-que-transportarem-este-item-em-sua-bagagem-de-mao\/#primaryimage"},"thumbnailUrl":"https:\/\/www.em.com.br\/emfoco\/wp-content\/uploads\/2026\/01\/ChatGPT-Image-16-de-jan.-de-2026-14_17_46-1.png","datePublished":"2026-01-17T16:45:00+00:00","dateModified":"2026-01-16T22:38:17+00:00","author":{"@id":"https:\/\/www.em.com.br\/emfoco\/#\/schema\/person\/60eda09c1fedf0d6891f4cef4b60b8b8"},"description":"Spray de autodefesa na mala pode gerar multa da TSA nos EUA. Entenda o que \u00e9 permitido na bagagem de m\u00e3o e na despachada.","breadcrumb":{"@id":"https:\/\/www.em.com.br\/emfoco\/2026\/01\/17\/confirmado-multas-de-2-mil-serao-aplicadas-a-todos-os-viajantes-que-transportarem-este-item-em-sua-bagagem-de-mao\/#breadcrumb"},"inLanguage":"pt-BR","potentialAction":[{"@type":"ReadAction","target":["https:\/\/www.em.com.br\/emfoco\/2026\/01\/17\/confirmado-multas-de-2-mil-serao-aplicadas-a-todos-os-viajantes-que-transportarem-este-item-em-sua-bagagem-de-mao\/"]}]},{"@type":"ImageObject","inLanguage":"pt-BR","@id":"https:\/\/www.em.com.br\/emfoco\/2026\/01\/17\/confirmado-multas-de-2-mil-serao-aplicadas-a-todos-os-viajantes-que-transportarem-este-item-em-sua-bagagem-de-mao\/#primaryimage","url":"https:\/\/www.em.com.br\/emfoco\/wp-content\/uploads\/2026\/01\/ChatGPT-Image-16-de-jan.-de-2026-14_17_46-1.png","contentUrl":"https:\/\/www.em.com.br\/emfoco\/wp-content\/uploads\/2026\/01\/ChatGPT-Image-16-de-jan.-de-2026-14_17_46-1.png","width":1280,"height":720,"caption":"Multa da TSA pode passar de 2 mil d\u00f3lares por descuido"},{"@type":"BreadcrumbList","@id":"https:\/\/www.em.com.br\/emfoco\/2026\/01\/17\/confirmado-multas-de-2-mil-serao-aplicadas-a-todos-os-viajantes-que-transportarem-este-item-em-sua-bagagem-de-mao\/#breadcrumb","itemListElement":[{"@type":"ListItem","position":1,"name":"In\u00edcio","item":"https:\/\/www.em.com.br\/emfoco\/"},{"@type":"ListItem","position":2,"name":"Confirmado: multas de 2 mil ser\u00e3o aplicadas a todos os viajantes que transportarem este item em sua bagagem de m\u00e3o"}]},{"@type":"WebSite","@id":"https:\/\/www.em.com.br\/emfoco\/#website","url":"https:\/\/www.em.com.br\/emfoco\/","name":"Estado de Minas - Em foco","description":"Acompanhe as \u00faltimas not\u00edcias e fique bem informado sobre tudo o que acontece em Minas Gerais, Brasil e no mundo.","potentialAction":[{"@type":"SearchAction","target":{"@type":"EntryPoint","urlTemplate":"https:\/\/www.em.com.br\/emfoco\/?s={search_term_string}"},"query-input":{"@type":"PropertyValueSpecification","valueRequired":true,"valueName":"search_term_string"}}],"inLanguage":"pt-BR"},{"@type":"Person","@id":"https:\/\/www.em.com.br\/emfoco\/#\/schema\/person\/60eda09c1fedf0d6891f4cef4b60b8b8","name":"Andre\u0301 Rangel\u00a0","image":{"@type":"ImageObject","inLanguage":"pt-BR","@id":"https:\/\/www.em.com.br\/emfoco\/#\/schema\/person\/image\/","url":"https:\/\/secure.gravatar.com\/avatar\/6234dc814c77c8ef6d8bba622c787efc?s=96&d=mm&r=g","contentUrl":"https:\/\/secure.gravatar.com\/avatar\/6234dc814c77c8ef6d8bba622c787efc?s=96&d=mm&r=g","caption":"Andre\u0301 Rangel\u00a0"},"url":"https:\/\/www.em.com.br\/emfoco\/author\/luizmyth\/"}]}},"_links":{"self":[{"href":"https:\/\/www.em.com.br\/emfoco\/wp-json\/wp\/v2\/posts\/156249","targetHints":{"allow":["GET"]}}],"collection":[{"href":"https:\/\/www.em.com.br\/emfoco\/wp-json\/wp\/v2\/posts"}],"about":[{"href":"https:\/\/www.em.com.br\/emfoco\/wp-json\/wp\/v2\/types\/post"}],"author":[{"embeddable":true,"href":"https:\/\/www.em.com.br\/emfoco\/wp-json\/wp\/v2\/users\/11"}],"replies":[{"embeddable":true,"href":"https:\/\/www.em.com.br\/emfoco\/wp-json\/wp\/v2\/comments?post=156249"}],"version-history":[{"count":2,"href":"https:\/\/www.em.com.br\/emfoco\/wp-json\/wp\/v2\/posts\/156249\/revisions"}],"predecessor-version":[{"id":156267,"href":"https:\/\/www.em.com.br\/emfoco\/wp-json\/wp\/v2\/posts\/156249\/revisions\/156267"}],"wp:featuredmedia":[{"embeddable":true,"href":"https:\/\/www.em.com.br\/emfoco\/wp-json\/wp\/v2\/media\/156264"}],"wp:attachment":[{"href":"https:\/\/www.em.com.br\/emfoco\/wp-json\/wp\/v2\/media?parent=156249"}],"wp:term":[{"taxonomy":"category","embeddable":true,"href":"https:\/\/www.em.com.br\/emfoco\/wp-json\/wp\/v2\/categories?post=156249"},{"taxonomy":"post_tag","embeddable":true,"href":"https:\/\/www.em.com.br\/emfoco\/wp-json\/wp\/v2\/tags?post=156249"}],"curies":[{"name":"wp","href":"https:\/\/api.w.org\/{rel}","templated":true}]}}