{"id":156221,"date":"2026-01-19T21:45:00","date_gmt":"2026-01-20T00:45:00","guid":{"rendered":"https:\/\/www.em.com.br\/emfoco\/?p=156221"},"modified":"2026-01-16T14:47:33","modified_gmt":"2026-01-16T17:47:33","slug":"sem-esse-exame-voce-nao-pode-mais-tirar-a-cnh-nova-exigencia-virou-barreira-para-milhares-de-brasileiros","status":"publish","type":"post","link":"https:\/\/www.em.com.br\/emfoco\/2026\/01\/19\/sem-esse-exame-voce-nao-pode-mais-tirar-a-cnh-nova-exigencia-virou-barreira-para-milhares-de-brasileiros\/","title":{"rendered":"Sem esse exame voc\u00ea n\u00e3o pode mais tirar a CNH! Nova exig\u00eancia virou barreira para milhares de brasileiros"},"content":{"rendered":"\n<h2 class=\"wp-block-heading\">A lei restabeleceu o exame toxicol\u00f3gico para a primeira CNH nas categorias A e B. O teste de larga janela virou etapa obrigat\u00f3ria, aumentando custo e prazo do processo, com inclus\u00e3o no programa CNH Social.<\/h2>\n\n\n\n<p>A exig\u00eancia do <strong>exame toxicol\u00f3gico para a primeira CNH<\/strong> altera o processo de habilita\u00e7\u00e3o nas categorias A e B. A medida foi restabelecida ap\u00f3s decis\u00e3o do Congresso e integra mudan\u00e7as no C\u00f3digo de Tr\u00e2nsito Brasileiro, com impacto direto em custos, prazos e crit\u00e9rios de acesso \u00e0 carteira.<\/p>\n\n\n\n<h2 class=\"wp-block-heading\">O que mudou na lei que regula a primeira habilita\u00e7\u00e3o?<\/h2>\n\n\n\n<p>A obrigatoriedade do exame foi retomada ap\u00f3s a derrubada de um veto presidencial pelo Congresso Nacional, restabelecendo a aplica\u00e7\u00e3o do <strong>teste toxicol\u00f3gico<\/strong> tamb\u00e9m para condutores de ve\u00edculos leves, algo antes restrito a motoristas profissionais.<\/p>\n\n\n\n<p>A mudan\u00e7a est\u00e1 prevista na <strong>Lei n\u00ba 15.153\/2025<\/strong>, que altera dispositivos do C\u00f3digo de Tr\u00e2nsito Brasileiro e incorpora o exame como etapa obrigat\u00f3ria para quem solicita a primeira habilita\u00e7\u00e3o, com o objetivo de elevar os crit\u00e9rios de seguran\u00e7a vi\u00e1ria.<\/p>\n\n\n\n<p>Confira o v\u00eddeo compartilhado pelo canal do YouTube <strong><a href=\"https:\/\/www.youtube.com\/@InssPassoaPassoOficial\" target=\"_blank\" rel=\"noreferrer noopener\">Inss Passo a Passo<\/a><\/strong> falando sobre os novos exames que devem ser feitos para tirar a CNH pela primeira vez.<\/p>\n\n\n\n<figure class=\"wp-block-embed is-type-video is-provider-youtube wp-block-embed-youtube wp-embed-aspect-16-9 wp-has-aspect-ratio\"><div class=\"wp-block-embed__wrapper\">\n<div class=\"jeg_video_container jeg_video_content\"><iframe loading=\"lazy\" title=\"NOVA LEI de tr\u00e2nsito com multa de R$ 3 mil e suspens\u00e3o de 12 meses da CNH PODE SER APROVADA\" width=\"500\" height=\"281\" src=\"https:\/\/www.youtube.com\/embed\/ZLcUVCAT4F4?feature=oembed\" frameborder=\"0\" allow=\"accelerometer; autoplay; clipboard-write; encrypted-media; gyroscope; picture-in-picture; web-share\" referrerpolicy=\"strict-origin-when-cross-origin\" allowfullscreen><\/iframe><\/div>\n<\/div><\/figure>\n\n\n\n<h2 class=\"wp-block-heading\">Como funciona o exame toxicol\u00f3gico exigido para a CNH?<\/h2>\n\n\n\n<p>O exame adotado \u00e9 de <strong>larga janela de detec\u00e7\u00e3o<\/strong>, capaz de identificar o consumo de subst\u00e2ncias psicoativas em um per\u00edodo prolongado anterior \u00e0 coleta, diferentemente de testes r\u00e1pidos usados em fiscaliza\u00e7\u00f5es de tr\u00e2nsito. Entre os pontos principais do procedimento, est\u00e3o os seguintes.<\/p>\n\n\n\n<ul class=\"wp-block-list\">\n<li><strong>Coleta de cabelo, pelos ou unhas<\/strong>, realizada em cl\u00ednicas credenciadas.<\/li>\n\n\n\n<li><strong>Resultado negativo obrigat\u00f3rio<\/strong> para libera\u00e7\u00e3o da CNH inicial.<\/li>\n\n\n\n<li><strong>An\u00e1lise laboratorial<\/strong> com prazo superior ao dos exames m\u00e9dicos comuns.<\/li>\n<\/ul>\n\n\n\n<h2 class=\"wp-block-heading\">Quais impactos a nova exig\u00eancia traz para o candidato?<\/h2>\n\n\n\n<p>A inclus\u00e3o do exame adiciona um novo custo ao processo da habilita\u00e7\u00e3o, somando-se a taxas, aulas pr\u00e1ticas e avalia\u00e7\u00f5es m\u00e9dicas. Isso pode tornar a <strong>primeira CNH<\/strong> financeiramente mais pesada, especialmente para jovens em in\u00edcio de vida profissional.<\/p>\n\n\n\n<p>Al\u00e9m do custo, h\u00e1 impacto no prazo total do processo, j\u00e1 que o resultado laboratorial n\u00e3o \u00e9 imediato. O candidato precisa considerar esse tempo extra no planejamento para concluir a habilita\u00e7\u00e3o dentro do per\u00edodo desejado.<\/p>\n\n\n\n<figure class=\"wp-block-image size-large\"><img loading=\"lazy\" decoding=\"async\" width=\"1024\" height=\"576\" src=\"https:\/\/www.em.com.br\/emfoco\/wp-content\/uploads\/2026\/01\/AIAI-14-8-1024x576.jpg\" alt=\"Sem esse exame voc\u00ea n\u00e3o pode mais tirar a CNH! Nova exig\u00eancia virou barreira para milhares de brasileiros\" class=\"wp-image-156307\" srcset=\"https:\/\/www.em.com.br\/emfoco\/wp-content\/uploads\/2026\/01\/AIAI-14-8-1024x576.jpg 1024w, https:\/\/www.em.com.br\/emfoco\/wp-content\/uploads\/2026\/01\/AIAI-14-8-300x169.jpg 300w, https:\/\/www.em.com.br\/emfoco\/wp-content\/uploads\/2026\/01\/AIAI-14-8-768x432.jpg 768w, https:\/\/www.em.com.br\/emfoco\/wp-content\/uploads\/2026\/01\/AIAI-14-8-750x422.jpg 750w, https:\/\/www.em.com.br\/emfoco\/wp-content\/uploads\/2026\/01\/AIAI-14-8-1140x641.jpg 1140w, https:\/\/www.em.com.br\/emfoco\/wp-content\/uploads\/2026\/01\/AIAI-14-8.jpg 1280w\" sizes=\"auto, (max-width: 1024px) 100vw, 1024px\" \/><figcaption class=\"wp-element-caption\">Nova exig\u00eancia aumenta custos e alonga prazos do processo<\/figcaption><\/figure>\n\n\n\n<p><em>Leia mais: <em><strong><a href=\"https:\/\/www.em.com.br\/emfoco\/2026\/01\/16\/cuidar-de-idoso-em-casa-agora-da-direito-a-auxilio-mensal-em-2026-e-muitas-familias-ainda-nao-sabem-disso\/\" target=\"_blank\" rel=\"noreferrer noopener\">Cuidar de idoso em casa agora d\u00e1 direito a aux\u00edlio mensal em 2026 e muitas fam\u00edlias ainda n\u00e3o sabem disso<\/a><\/strong><\/em><\/em><\/p>\n\n\n\n<h2 class=\"wp-block-heading\">Como a CNH Social entra nesse novo cen\u00e1rio?<\/h2>\n\n\n\n<p>A mesma legisla\u00e7\u00e3o que restabeleceu o exame refor\u00e7a o programa <strong>CNH Social<\/strong>, criado para garantir acesso \u00e0 habilita\u00e7\u00e3o para pessoas de baixa renda, utilizando recursos provenientes de multas de tr\u00e2nsito. Entre os pontos relevantes do programa, est\u00e3o os seguintes.<\/p>\n\n\n\n<ul class=\"wp-block-list\">\n<li><strong>Custeio integral<\/strong> do processo de habilita\u00e7\u00e3o para benefici\u00e1rios eleg\u00edveis.<\/li>\n\n\n\n<li><strong>Inclus\u00e3o do exame toxicol\u00f3gico<\/strong> dentro do pacote financiado.<\/li>\n\n\n\n<li><strong>Foco social<\/strong> em ampliar acesso sem comprometer seguran\u00e7a.<\/li>\n<\/ul>\n\n\n\n<h2 class=\"wp-block-heading\">Especialistas veem mais seguran\u00e7a ou mais burocracia?<\/h2>\n\n\n\n<p>T\u00e9cnicos em tr\u00e2nsito e especialistas em toxicologia apontam que o exame de larga janela \u00e9 eficaz para identificar <strong>uso cr\u00f4nico de subst\u00e2ncias<\/strong>, mas n\u00e3o mede consumo imediato antes de dirigir, o que limita sua precis\u00e3o como instrumento isolado de preven\u00e7\u00e3o.<\/p>\n\n\n\n<p>Por outro lado, defensores da medida afirmam que o teste atua como filtro comportamental, estimulando responsabilidade pr\u00e9via entre novos condutores. O consenso \u00e9 que a efic\u00e1cia depende da integra\u00e7\u00e3o do exame com educa\u00e7\u00e3o, fiscaliza\u00e7\u00e3o e forma\u00e7\u00e3o adequada no tr\u00e2nsito.<\/p>\n","protected":false},"excerpt":{"rendered":"<p>A lei restabeleceu o exame toxicol\u00f3gico para a primeira CNH nas categorias A e B. O teste de larga janela virou etapa obrigat\u00f3ria, aumentando custo e prazo do processo, com inclus\u00e3o no programa CNH Social. A exig\u00eancia do exame toxicol\u00f3gico para a primeira CNH altera o processo de habilita\u00e7\u00e3o nas categorias A e B. A [&hellip;]<\/p>\n","protected":false},"author":13,"featured_media":156306,"comment_status":"open","ping_status":"open","sticky":false,"template":"","format":"standard","meta":{"jnews-multi-image_gallery":[],"jnews_single_post":{"format":"standard"},"jnews_primary_category":[],"jnews_social_meta":[],"jnews_override_counter":[],"footnotes":""},"categories":[28],"tags":[830,14056,22838],"class_list":["post-156221","post","type-post","status-publish","format-standard","has-post-thumbnail","hentry","category-economia","tag-cnh","tag-exame-toxicologico","tag-primeira-cnh"],"yoast_head":"<!-- This site is optimized with the Yoast SEO plugin v23.8 - https:\/\/yoast.com\/wordpress\/plugins\/seo\/ -->\n<title>Sem esse exame voc\u00ea n\u00e3o pode mais tirar a CNH! Nova exig\u00eancia virou barreira para milhares de brasileiros - Estado de Minas - Em foco<\/title>\n<meta name=\"description\" content=\"Exame toxicol\u00f3gico agora \u00e9 exigido para tirar a primeira CNH nas categorias A e B veja o que muda e como evitar atrasos e custos extras.\" \/>\n<meta name=\"robots\" content=\"index, follow, max-snippet:-1, max-image-preview:large, max-video-preview:-1\" \/>\n<link rel=\"canonical\" href=\"https:\/\/www.em.com.br\/emfoco\/2026\/01\/19\/sem-esse-exame-voce-nao-pode-mais-tirar-a-cnh-nova-exigencia-virou-barreira-para-milhares-de-brasileiros\/\" \/>\n<meta property=\"og:locale\" content=\"pt_BR\" \/>\n<meta property=\"og:type\" content=\"article\" \/>\n<meta property=\"og:title\" content=\"Sem esse exame voc\u00ea n\u00e3o pode mais tirar a CNH! Nova exig\u00eancia virou barreira para milhares de brasileiros - Estado de Minas - Em foco\" \/>\n<meta property=\"og:description\" content=\"Exame toxicol\u00f3gico agora \u00e9 exigido para tirar a primeira CNH nas categorias A e B veja o que muda e como evitar atrasos e custos extras.\" \/>\n<meta property=\"og:url\" content=\"https:\/\/www.em.com.br\/emfoco\/2026\/01\/19\/sem-esse-exame-voce-nao-pode-mais-tirar-a-cnh-nova-exigencia-virou-barreira-para-milhares-de-brasileiros\/\" \/>\n<meta property=\"og:site_name\" content=\"Estado de Minas - Em foco\" \/>\n<meta property=\"article:published_time\" content=\"2026-01-20T00:45:00+00:00\" \/>\n<meta property=\"article:modified_time\" content=\"2026-01-16T17:47:33+00:00\" \/>\n<meta property=\"og:image\" content=\"https:\/\/www.em.com.br\/emfoco\/wp-content\/uploads\/2026\/01\/AIAI-13-10.jpg\" \/>\n\t<meta property=\"og:image:width\" content=\"1280\" \/>\n\t<meta property=\"og:image:height\" content=\"720\" \/>\n\t<meta property=\"og:image:type\" content=\"image\/jpeg\" \/>\n<meta name=\"author\" content=\"Gabriel Martins\" \/>\n<meta name=\"twitter:card\" content=\"summary_large_image\" \/>\n<meta name=\"twitter:label1\" content=\"Escrito por\" \/>\n\t<meta name=\"twitter:data1\" content=\"Gabriel Martins\" \/>\n\t<meta name=\"twitter:label2\" content=\"Est. tempo de leitura\" \/>\n\t<meta name=\"twitter:data2\" content=\"4 minutos\" \/>\n<!-- \/ Yoast SEO plugin. -->","yoast_head_json":{"title":"Sem esse exame voc\u00ea n\u00e3o pode mais tirar a CNH! Nova exig\u00eancia virou barreira para milhares de brasileiros - Estado de Minas - Em foco","description":"Exame toxicol\u00f3gico agora \u00e9 exigido para tirar a primeira CNH nas categorias A e B veja o que muda e como evitar atrasos e custos extras.","robots":{"index":"index","follow":"follow","max-snippet":"max-snippet:-1","max-image-preview":"max-image-preview:large","max-video-preview":"max-video-preview:-1"},"canonical":"https:\/\/www.em.com.br\/emfoco\/2026\/01\/19\/sem-esse-exame-voce-nao-pode-mais-tirar-a-cnh-nova-exigencia-virou-barreira-para-milhares-de-brasileiros\/","og_locale":"pt_BR","og_type":"article","og_title":"Sem esse exame voc\u00ea n\u00e3o pode mais tirar a CNH! Nova exig\u00eancia virou barreira para milhares de brasileiros - Estado de Minas - Em foco","og_description":"Exame toxicol\u00f3gico agora \u00e9 exigido para tirar a primeira CNH nas categorias A e B veja o que muda e como evitar atrasos e custos extras.","og_url":"https:\/\/www.em.com.br\/emfoco\/2026\/01\/19\/sem-esse-exame-voce-nao-pode-mais-tirar-a-cnh-nova-exigencia-virou-barreira-para-milhares-de-brasileiros\/","og_site_name":"Estado de Minas - Em foco","article_published_time":"2026-01-20T00:45:00+00:00","article_modified_time":"2026-01-16T17:47:33+00:00","og_image":[{"width":1280,"height":720,"url":"https:\/\/www.em.com.br\/emfoco\/wp-content\/uploads\/2026\/01\/AIAI-13-10.jpg","type":"image\/jpeg"}],"author":"Gabriel Martins","twitter_card":"summary_large_image","twitter_misc":{"Escrito por":"Gabriel Martins","Est. tempo de leitura":"4 minutos"},"schema":{"@context":"https:\/\/schema.org","@graph":[{"@type":"WebPage","@id":"https:\/\/www.em.com.br\/emfoco\/2026\/01\/19\/sem-esse-exame-voce-nao-pode-mais-tirar-a-cnh-nova-exigencia-virou-barreira-para-milhares-de-brasileiros\/","url":"https:\/\/www.em.com.br\/emfoco\/2026\/01\/19\/sem-esse-exame-voce-nao-pode-mais-tirar-a-cnh-nova-exigencia-virou-barreira-para-milhares-de-brasileiros\/","name":"Sem esse exame voc\u00ea n\u00e3o pode mais tirar a CNH! Nova exig\u00eancia virou barreira para milhares de brasileiros - Estado de Minas - Em foco","isPartOf":{"@id":"https:\/\/www.em.com.br\/emfoco\/#website"},"primaryImageOfPage":{"@id":"https:\/\/www.em.com.br\/emfoco\/2026\/01\/19\/sem-esse-exame-voce-nao-pode-mais-tirar-a-cnh-nova-exigencia-virou-barreira-para-milhares-de-brasileiros\/#primaryimage"},"image":{"@id":"https:\/\/www.em.com.br\/emfoco\/2026\/01\/19\/sem-esse-exame-voce-nao-pode-mais-tirar-a-cnh-nova-exigencia-virou-barreira-para-milhares-de-brasileiros\/#primaryimage"},"thumbnailUrl":"https:\/\/www.em.com.br\/emfoco\/wp-content\/uploads\/2026\/01\/AIAI-13-10.jpg","datePublished":"2026-01-20T00:45:00+00:00","dateModified":"2026-01-16T17:47:33+00:00","author":{"@id":"https:\/\/www.em.com.br\/emfoco\/#\/schema\/person\/1c9ddeab18b98abeffef834667bcf08a"},"description":"Exame toxicol\u00f3gico agora \u00e9 exigido para tirar a primeira CNH nas categorias A e B veja o que muda e como evitar atrasos e custos extras.","breadcrumb":{"@id":"https:\/\/www.em.com.br\/emfoco\/2026\/01\/19\/sem-esse-exame-voce-nao-pode-mais-tirar-a-cnh-nova-exigencia-virou-barreira-para-milhares-de-brasileiros\/#breadcrumb"},"inLanguage":"pt-BR","potentialAction":[{"@type":"ReadAction","target":["https:\/\/www.em.com.br\/emfoco\/2026\/01\/19\/sem-esse-exame-voce-nao-pode-mais-tirar-a-cnh-nova-exigencia-virou-barreira-para-milhares-de-brasileiros\/"]}]},{"@type":"ImageObject","inLanguage":"pt-BR","@id":"https:\/\/www.em.com.br\/emfoco\/2026\/01\/19\/sem-esse-exame-voce-nao-pode-mais-tirar-a-cnh-nova-exigencia-virou-barreira-para-milhares-de-brasileiros\/#primaryimage","url":"https:\/\/www.em.com.br\/emfoco\/wp-content\/uploads\/2026\/01\/AIAI-13-10.jpg","contentUrl":"https:\/\/www.em.com.br\/emfoco\/wp-content\/uploads\/2026\/01\/AIAI-13-10.jpg","width":1280,"height":720,"caption":"Exame toxicol\u00f3gico passa a integrar requisitos da primeira CNH"},{"@type":"BreadcrumbList","@id":"https:\/\/www.em.com.br\/emfoco\/2026\/01\/19\/sem-esse-exame-voce-nao-pode-mais-tirar-a-cnh-nova-exigencia-virou-barreira-para-milhares-de-brasileiros\/#breadcrumb","itemListElement":[{"@type":"ListItem","position":1,"name":"In\u00edcio","item":"https:\/\/www.em.com.br\/emfoco\/"},{"@type":"ListItem","position":2,"name":"Sem esse exame voc\u00ea n\u00e3o pode mais tirar a CNH! Nova exig\u00eancia virou barreira para milhares de brasileiros"}]},{"@type":"WebSite","@id":"https:\/\/www.em.com.br\/emfoco\/#website","url":"https:\/\/www.em.com.br\/emfoco\/","name":"Estado de Minas - Em foco","description":"Acompanhe as \u00faltimas not\u00edcias e fique bem informado sobre tudo o que acontece em Minas Gerais, Brasil e no mundo.","potentialAction":[{"@type":"SearchAction","target":{"@type":"EntryPoint","urlTemplate":"https:\/\/www.em.com.br\/emfoco\/?s={search_term_string}"},"query-input":{"@type":"PropertyValueSpecification","valueRequired":true,"valueName":"search_term_string"}}],"inLanguage":"pt-BR"},{"@type":"Person","@id":"https:\/\/www.em.com.br\/emfoco\/#\/schema\/person\/1c9ddeab18b98abeffef834667bcf08a","name":"Gabriel Martins","image":{"@type":"ImageObject","inLanguage":"pt-BR","@id":"https:\/\/www.em.com.br\/emfoco\/#\/schema\/person\/image\/","url":"https:\/\/secure.gravatar.com\/avatar\/f0f1e2efdfd88f1ad2cb08c5c2731e50?s=96&d=mm&r=g","contentUrl":"https:\/\/secure.gravatar.com\/avatar\/f0f1e2efdfd88f1ad2cb08c5c2731e50?s=96&d=mm&r=g","caption":"Gabriel Martins"},"sameAs":["https:\/\/www.em.com.br\/emfoco\/"],"url":"https:\/\/www.em.com.br\/emfoco\/author\/gabrielmartinsmyth\/"}]}},"_links":{"self":[{"href":"https:\/\/www.em.com.br\/emfoco\/wp-json\/wp\/v2\/posts\/156221","targetHints":{"allow":["GET"]}}],"collection":[{"href":"https:\/\/www.em.com.br\/emfoco\/wp-json\/wp\/v2\/posts"}],"about":[{"href":"https:\/\/www.em.com.br\/emfoco\/wp-json\/wp\/v2\/types\/post"}],"author":[{"embeddable":true,"href":"https:\/\/www.em.com.br\/emfoco\/wp-json\/wp\/v2\/users\/13"}],"replies":[{"embeddable":true,"href":"https:\/\/www.em.com.br\/emfoco\/wp-json\/wp\/v2\/comments?post=156221"}],"version-history":[{"count":1,"href":"https:\/\/www.em.com.br\/emfoco\/wp-json\/wp\/v2\/posts\/156221\/revisions"}],"predecessor-version":[{"id":156308,"href":"https:\/\/www.em.com.br\/emfoco\/wp-json\/wp\/v2\/posts\/156221\/revisions\/156308"}],"wp:featuredmedia":[{"embeddable":true,"href":"https:\/\/www.em.com.br\/emfoco\/wp-json\/wp\/v2\/media\/156306"}],"wp:attachment":[{"href":"https:\/\/www.em.com.br\/emfoco\/wp-json\/wp\/v2\/media?parent=156221"}],"wp:term":[{"taxonomy":"category","embeddable":true,"href":"https:\/\/www.em.com.br\/emfoco\/wp-json\/wp\/v2\/categories?post=156221"},{"taxonomy":"post_tag","embeddable":true,"href":"https:\/\/www.em.com.br\/emfoco\/wp-json\/wp\/v2\/tags?post=156221"}],"curies":[{"name":"wp","href":"https:\/\/api.w.org\/{rel}","templated":true}]}}