{"id":156185,"date":"2026-01-18T07:15:00","date_gmt":"2026-01-18T10:15:00","guid":{"rendered":"https:\/\/www.em.com.br\/emfoco\/?p=156185"},"modified":"2026-01-16T13:15:56","modified_gmt":"2026-01-16T16:15:56","slug":"depois-dos-50-seu-cafe-da-manha-pode-estar-sabotando-sua-saude","status":"publish","type":"post","link":"https:\/\/www.em.com.br\/emfoco\/2026\/01\/18\/depois-dos-50-seu-cafe-da-manha-pode-estar-sabotando-sua-saude\/","title":{"rendered":"Depois dos 50, seu caf\u00e9 da manh\u00e3 pode estar sabotando sua sa\u00fade!"},"content":{"rendered":"\n<p>Depois dos 50 anos, a alimenta\u00e7\u00e3o matinal passa a ter um peso diferente na rotina de sa\u00fade. O metabolismo muda, os horm\u00f4nios j\u00e1 n\u00e3o funcionam como antes, o corpo tende a perder massa muscular com mais facilidade e a resposta \u00e0 glicose varia ao longo do dia, o que torna o caf\u00e9 da manh\u00e3 uma estrat\u00e9gia a ser planejada conforme doen\u00e7as, h\u00e1bitos e objetivos pessoais.<\/p>\n\n\n\n<h2 class=\"wp-block-heading\">O que muda no corpo ap\u00f3s os 50 anos<\/h2>\n\n\n<div class=\"wp-block-image\">\n<figure class=\"aligncenter size-large\"><img loading=\"lazy\" decoding=\"async\" width=\"1024\" height=\"576\" src=\"https:\/\/www.em.com.br\/emfoco\/wp-content\/uploads\/2026\/01\/idosa-japonesa_1767888814956-1024x576.jpg\" alt=\"O segredo japon\u00eas que limpa as art\u00e9rias e melhora a circula\u00e7\u00e3o do seu cora\u00e7\u00e3o\" class=\"wp-image-152345\" srcset=\"https:\/\/www.em.com.br\/emfoco\/wp-content\/uploads\/2026\/01\/idosa-japonesa_1767888814956-1024x576.jpg 1024w, https:\/\/www.em.com.br\/emfoco\/wp-content\/uploads\/2026\/01\/idosa-japonesa_1767888814956-300x169.jpg 300w, https:\/\/www.em.com.br\/emfoco\/wp-content\/uploads\/2026\/01\/idosa-japonesa_1767888814956-768x432.jpg 768w, https:\/\/www.em.com.br\/emfoco\/wp-content\/uploads\/2026\/01\/idosa-japonesa_1767888814956-750x422.jpg 750w, https:\/\/www.em.com.br\/emfoco\/wp-content\/uploads\/2026\/01\/idosa-japonesa_1767888814956-1140x641.jpg 1140w, https:\/\/www.em.com.br\/emfoco\/wp-content\/uploads\/2026\/01\/idosa-japonesa_1767888814956.jpg 1280w\" sizes=\"auto, (max-width: 1024px) 100vw, 1024px\" \/><figcaption class=\"wp-element-caption\">O caf\u00e9 da manh\u00e3 muda tudo depois dos 50 &#8211; Cr\u00e9ditos: depositphotos.com \/ imtmphoto<\/figcaption><\/figure><\/div>\n\n\n<p>Com o avan\u00e7o da idade, a taxa metab\u00f3lica em repouso diminui e ocorre uma tend\u00eancia natural \u00e0 perda de massa magra, processo conhecido como sarcopenia. Menos m\u00fasculo significa menor gasto energ\u00e9tico ao longo do dia e maior dificuldade em manter o peso est\u00e1vel.<\/p>\n\n\n\n<p>H\u00e1 tamb\u00e9m altera\u00e7\u00f5es em horm\u00f4nios ligados ao apetite, como grelina e leptina, que tornam a fome menos previs\u00edvel. Al\u00e9m disso, a sensibilidade \u00e0 insulina costuma ser maior nas primeiras horas do dia, o que favorece lidar melhor com carboidratos pela manh\u00e3 do que \u00e0 noite.<\/p>\n\n\n\n<h2 class=\"wp-block-heading\">Pular o caf\u00e9 da manh\u00e3 depois dos 50 anos faz mal<\/h2>\n\n\n\n<p>Pular o caf\u00e9 da manh\u00e3 ap\u00f3s os 50 n\u00e3o \u00e9 automaticamente prejudicial, mas o efeito varia de pessoa para pessoa. Em alguns, o jejum at\u00e9 o fim da manh\u00e3 ajuda a reduzir o consumo total de calorias; em outros, aumenta o apetite no fim do dia e favorece jantares volumosos.<\/p>\n\n\n\n<p>Quem tende a comer grandes quantidades \u00e0 noite pode perceber piora do sono e da digest\u00e3o ao permanecer muitas horas sem se alimentar pela manh\u00e3. J\u00e1 quem acorda sem fome e organiza a primeira refei\u00e7\u00e3o pr\u00f3ximo ao almo\u00e7o pode manter um padr\u00e3o alimentar adequado, desde que prote\u00ednas e fibras n\u00e3o fiquem em falta.<\/p>\n\n\n\n<p>Leia mais: <a href=\"https:\/\/www.em.com.br\/saude\/2026\/01\/7332714-prometeu-emagrecer-em-2026-5-ajustes-para-a-promessa-sair-do-papel.html\" target=\"_blank\" rel=\"noreferrer noopener\">Prometeu emagrecer em 2026? 5 ajustes para a promessa sair do papel<\/a><\/p>\n\n\n\n<h2 class=\"wp-block-heading\">Quem n\u00e3o deve pular o caf\u00e9 da manh\u00e3 ap\u00f3s os 50 anos<\/h2>\n\n\n\n<p>Alguns grupos se beneficiam de forma especial do caf\u00e9 da manh\u00e3 depois dos 50 anos. Pessoas com diabete em uso de insulina ou sulfonilureias, ou que apresentam tonturas e enxaquecas em jejum prolongado, costumam responder melhor com alguma refei\u00e7\u00e3o matinal, ainda que leve.<\/p>\n\n\n\n<p>Nesses casos, um caf\u00e9 da manh\u00e3 com foco em prote\u00ednas e fibras auxilia na preserva\u00e7\u00e3o muscular e no controle da glicemia. Abaixo, est\u00e3o exemplos de perfis para os quais essa refei\u00e7\u00e3o inicial \u00e9 particularmente importante:<\/p>\n\n\n\n<ul class=\"wp-block-list\">\n<li>Indiv\u00edduos com perda de peso n\u00e3o intencional ou baixa massa muscular.<\/li>\n\n\n\n<li>Idosos com fragilidade f\u00edsica ou queda de apetite ao longo do dia.<\/li>\n\n\n\n<li>Pessoas com hist\u00f3rico de queda de press\u00e3o ou mal-estar em jejum.<\/li>\n\n\n\n<li>Quem realiza treinos matinais com dura\u00e7\u00e3o superior a 45 minutos.<\/li>\n<\/ul>\n\n\n\n<h2 class=\"wp-block-heading\">Como montar um caf\u00e9 da manh\u00e3 estrat\u00e9gico ap\u00f3s os 50 anos<\/h2>\n\n\n<div class=\"wp-block-image\">\n<figure class=\"aligncenter size-large\"><img loading=\"lazy\" decoding=\"async\" width=\"1024\" height=\"576\" src=\"https:\/\/www.em.com.br\/emfoco\/wp-content\/uploads\/2026\/01\/suca-de-manha_1768313500341-1024x576.jpg\" alt=\"Os 20 alimentos que devolvem a pele dos seus 30 anos em semanas!\" class=\"wp-image-154346\" srcset=\"https:\/\/www.em.com.br\/emfoco\/wp-content\/uploads\/2026\/01\/suca-de-manha_1768313500341-1024x576.jpg 1024w, https:\/\/www.em.com.br\/emfoco\/wp-content\/uploads\/2026\/01\/suca-de-manha_1768313500341-300x169.jpg 300w, https:\/\/www.em.com.br\/emfoco\/wp-content\/uploads\/2026\/01\/suca-de-manha_1768313500341-768x432.jpg 768w, https:\/\/www.em.com.br\/emfoco\/wp-content\/uploads\/2026\/01\/suca-de-manha_1768313500341-750x422.jpg 750w, https:\/\/www.em.com.br\/emfoco\/wp-content\/uploads\/2026\/01\/suca-de-manha_1768313500341-1140x641.jpg 1140w, https:\/\/www.em.com.br\/emfoco\/wp-content\/uploads\/2026\/01\/suca-de-manha_1768313500341.jpg 1280w\" sizes=\"auto, (max-width: 1024px) 100vw, 1024px\" \/><figcaption class=\"wp-element-caption\">O caf\u00e9 da manh\u00e3 muda tudo depois dos 50 &#8211; Cr\u00e9ditos: depositphotos.com \/ TarasMalyarevich<\/figcaption><\/figure><\/div>\n\n\n<p>Quando a op\u00e7\u00e3o \u00e9 manter a refei\u00e7\u00e3o matinal, vale priorizar combina\u00e7\u00f5es que ofere\u00e7am cerca de 20 a 30 gramas de prote\u00edna e ao menos 8 a 10 gramas de fibra. Esse padr\u00e3o contribui para preservar m\u00fasculos, estabilizar a glicemia e reduzir beliscos ao longo da manh\u00e3.<\/p>\n\n\n\n<p>O ideal \u00e9 come\u00e7ar pela prote\u00edna, incluir boas fontes de fibras e adicionar gorduras de qualidade, evitando excesso de a\u00e7\u00facar. Para quem prefere pular o caf\u00e9 e fazer a primeira refei\u00e7\u00e3o mais tarde, a l\u00f3gica \u00e9 semelhante: a refei\u00e7\u00e3o inicial precisa concentrar boa parte da prote\u00edna e da fibra do dia.<\/p>\n\n\n\n<p>Leia mais: <a href=\"https:\/\/www.em.com.br\/saude\/2026\/01\/7333788-por-que-gostamos-de-assistir-a-filmes-de-terror.html\" target=\"_blank\" rel=\"noreferrer noopener\">Por que gostamos de assistir a filmes de terror?<\/a><\/p>\n\n\n\n<h2 class=\"wp-block-heading\">Qual \u00e9 a melhor estrat\u00e9gia de caf\u00e9 da manh\u00e3 depois dos 50 anos<\/h2>\n\n\n\n<p>N\u00e3o existe um \u00fanico padr\u00e3o obrigat\u00f3rio para todas as pessoas acima dos 50 anos. O ponto central \u00e9 observar como o organismo reage a diferentes hor\u00e1rios de primeira refei\u00e7\u00e3o, considerando energia, sono, controle da fome e exames laboratoriais.<\/p>\n\n\n\n<p>Um per\u00edodo de teste de cerca de duas semanas pode ajudar a identificar se pular ou manter o caf\u00e9 da manh\u00e3 \u00e9 mais beneficial. Em qualquer cen\u00e1rio, o acompanhamento com profissional de sa\u00fade \u00e9 fundamental para ajustar o plano alimentar \u00e0s doen\u00e7as existentes e \u00e0s necessidades individuais.<\/p>\n","protected":false},"excerpt":{"rendered":"<p>Depois dos 50 anos, a alimenta\u00e7\u00e3o matinal passa a ter um peso diferente na rotina de sa\u00fade. O metabolismo muda, os horm\u00f4nios j\u00e1 n\u00e3o funcionam como antes, o corpo tende a perder massa muscular com mais facilidade e a resposta \u00e0 glicose varia ao longo do dia, o que torna o caf\u00e9 da manh\u00e3 uma [&hellip;]<\/p>\n","protected":false},"author":20,"featured_media":156208,"comment_status":"open","ping_status":"open","sticky":false,"template":"","format":"standard","meta":{"jnews-multi-image_gallery":[],"jnews_single_post":{"format":"standard"},"jnews_primary_category":[],"jnews_social_meta":[],"jnews_override_counter":[],"footnotes":""},"categories":[8819,1],"tags":[887,9775,4961],"class_list":["post-156185","post","type-post","status-publish","format-standard","has-post-thumbnail","hentry","category-curiosidades","category-noticias","tag-50-anos","tag-cafe-da-manha","tag-metabolismo"],"yoast_head":"<!-- This site is optimized with the Yoast SEO plugin v23.8 - https:\/\/yoast.com\/wordpress\/plugins\/seo\/ -->\n<title>Depois dos 50, seu caf\u00e9 da manh\u00e3 pode estar sabotando sua sa\u00fade! - Estado de Minas - Em foco<\/title>\n<meta name=\"description\" content=\"Depois dos 50, o caf\u00e9 da manh\u00e3 deixa de ser detalhe. Entenda quando ele ajuda, quando pode atrapalhar e como decidir o melhor padr\u00e3o.\" \/>\n<meta name=\"robots\" content=\"index, follow, max-snippet:-1, max-image-preview:large, max-video-preview:-1\" \/>\n<link rel=\"canonical\" href=\"https:\/\/www.em.com.br\/emfoco\/2026\/01\/18\/depois-dos-50-seu-cafe-da-manha-pode-estar-sabotando-sua-saude\/\" \/>\n<meta property=\"og:locale\" content=\"pt_BR\" \/>\n<meta property=\"og:type\" content=\"article\" \/>\n<meta property=\"og:title\" content=\"Depois dos 50, seu caf\u00e9 da manh\u00e3 pode estar sabotando sua sa\u00fade! - Estado de Minas - Em foco\" \/>\n<meta property=\"og:description\" content=\"Depois dos 50, o caf\u00e9 da manh\u00e3 deixa de ser detalhe. Entenda quando ele ajuda, quando pode atrapalhar e como decidir o melhor padr\u00e3o.\" \/>\n<meta property=\"og:url\" content=\"https:\/\/www.em.com.br\/emfoco\/2026\/01\/18\/depois-dos-50-seu-cafe-da-manha-pode-estar-sabotando-sua-saude\/\" \/>\n<meta property=\"og:site_name\" content=\"Estado de Minas - Em foco\" \/>\n<meta property=\"article:published_time\" content=\"2026-01-18T10:15:00+00:00\" \/>\n<meta property=\"article:modified_time\" content=\"2026-01-16T16:15:56+00:00\" \/>\n<meta property=\"og:image\" content=\"https:\/\/www.em.com.br\/emfoco\/wp-content\/uploads\/2026\/01\/cafe-da-manha_1768580007534.jpg\" \/>\n\t<meta property=\"og:image:width\" content=\"1280\" \/>\n\t<meta property=\"og:image:height\" content=\"720\" \/>\n\t<meta property=\"og:image:type\" content=\"image\/jpeg\" \/>\n<meta name=\"author\" content=\"Ingrid Diniz\" \/>\n<meta name=\"twitter:card\" content=\"summary_large_image\" \/>\n<meta name=\"twitter:label1\" content=\"Escrito por\" \/>\n\t<meta name=\"twitter:data1\" content=\"Ingrid Diniz\" \/>\n\t<meta name=\"twitter:label2\" content=\"Est. tempo de leitura\" \/>\n\t<meta name=\"twitter:data2\" content=\"5 minutos\" \/>\n<!-- \/ Yoast SEO plugin. -->","yoast_head_json":{"title":"Depois dos 50, seu caf\u00e9 da manh\u00e3 pode estar sabotando sua sa\u00fade! - Estado de Minas - Em foco","description":"Depois dos 50, o caf\u00e9 da manh\u00e3 deixa de ser detalhe. Entenda quando ele ajuda, quando pode atrapalhar e como decidir o melhor padr\u00e3o.","robots":{"index":"index","follow":"follow","max-snippet":"max-snippet:-1","max-image-preview":"max-image-preview:large","max-video-preview":"max-video-preview:-1"},"canonical":"https:\/\/www.em.com.br\/emfoco\/2026\/01\/18\/depois-dos-50-seu-cafe-da-manha-pode-estar-sabotando-sua-saude\/","og_locale":"pt_BR","og_type":"article","og_title":"Depois dos 50, seu caf\u00e9 da manh\u00e3 pode estar sabotando sua sa\u00fade! - Estado de Minas - Em foco","og_description":"Depois dos 50, o caf\u00e9 da manh\u00e3 deixa de ser detalhe. Entenda quando ele ajuda, quando pode atrapalhar e como decidir o melhor padr\u00e3o.","og_url":"https:\/\/www.em.com.br\/emfoco\/2026\/01\/18\/depois-dos-50-seu-cafe-da-manha-pode-estar-sabotando-sua-saude\/","og_site_name":"Estado de Minas - Em foco","article_published_time":"2026-01-18T10:15:00+00:00","article_modified_time":"2026-01-16T16:15:56+00:00","og_image":[{"width":1280,"height":720,"url":"https:\/\/www.em.com.br\/emfoco\/wp-content\/uploads\/2026\/01\/cafe-da-manha_1768580007534.jpg","type":"image\/jpeg"}],"author":"Ingrid Diniz","twitter_card":"summary_large_image","twitter_misc":{"Escrito por":"Ingrid Diniz","Est. tempo de leitura":"5 minutos"},"schema":{"@context":"https:\/\/schema.org","@graph":[{"@type":"WebPage","@id":"https:\/\/www.em.com.br\/emfoco\/2026\/01\/18\/depois-dos-50-seu-cafe-da-manha-pode-estar-sabotando-sua-saude\/","url":"https:\/\/www.em.com.br\/emfoco\/2026\/01\/18\/depois-dos-50-seu-cafe-da-manha-pode-estar-sabotando-sua-saude\/","name":"Depois dos 50, seu caf\u00e9 da manh\u00e3 pode estar sabotando sua sa\u00fade! - Estado de Minas - Em foco","isPartOf":{"@id":"https:\/\/www.em.com.br\/emfoco\/#website"},"primaryImageOfPage":{"@id":"https:\/\/www.em.com.br\/emfoco\/2026\/01\/18\/depois-dos-50-seu-cafe-da-manha-pode-estar-sabotando-sua-saude\/#primaryimage"},"image":{"@id":"https:\/\/www.em.com.br\/emfoco\/2026\/01\/18\/depois-dos-50-seu-cafe-da-manha-pode-estar-sabotando-sua-saude\/#primaryimage"},"thumbnailUrl":"https:\/\/www.em.com.br\/emfoco\/wp-content\/uploads\/2026\/01\/cafe-da-manha_1768580007534.jpg","datePublished":"2026-01-18T10:15:00+00:00","dateModified":"2026-01-16T16:15:56+00:00","author":{"@id":"https:\/\/www.em.com.br\/emfoco\/#\/schema\/person\/649e610b4eb8fff87ff394e54fe17b2b"},"description":"Depois dos 50, o caf\u00e9 da manh\u00e3 deixa de ser detalhe. Entenda quando ele ajuda, quando pode atrapalhar e como decidir o melhor padr\u00e3o.","breadcrumb":{"@id":"https:\/\/www.em.com.br\/emfoco\/2026\/01\/18\/depois-dos-50-seu-cafe-da-manha-pode-estar-sabotando-sua-saude\/#breadcrumb"},"inLanguage":"pt-BR","potentialAction":[{"@type":"ReadAction","target":["https:\/\/www.em.com.br\/emfoco\/2026\/01\/18\/depois-dos-50-seu-cafe-da-manha-pode-estar-sabotando-sua-saude\/"]}]},{"@type":"ImageObject","inLanguage":"pt-BR","@id":"https:\/\/www.em.com.br\/emfoco\/2026\/01\/18\/depois-dos-50-seu-cafe-da-manha-pode-estar-sabotando-sua-saude\/#primaryimage","url":"https:\/\/www.em.com.br\/emfoco\/wp-content\/uploads\/2026\/01\/cafe-da-manha_1768580007534.jpg","contentUrl":"https:\/\/www.em.com.br\/emfoco\/wp-content\/uploads\/2026\/01\/cafe-da-manha_1768580007534.jpg","width":1280,"height":720,"caption":"5 receitas low carb para o caf\u00e9 da manh\u00e3 para emagrecer - Cr\u00e9ditos: depositphotos.com \/ AntonMatyukha"},{"@type":"BreadcrumbList","@id":"https:\/\/www.em.com.br\/emfoco\/2026\/01\/18\/depois-dos-50-seu-cafe-da-manha-pode-estar-sabotando-sua-saude\/#breadcrumb","itemListElement":[{"@type":"ListItem","position":1,"name":"In\u00edcio","item":"https:\/\/www.em.com.br\/emfoco\/"},{"@type":"ListItem","position":2,"name":"Depois dos 50, seu caf\u00e9 da manh\u00e3 pode estar sabotando sua sa\u00fade!"}]},{"@type":"WebSite","@id":"https:\/\/www.em.com.br\/emfoco\/#website","url":"https:\/\/www.em.com.br\/emfoco\/","name":"Estado de Minas - Em foco","description":"Acompanhe as \u00faltimas not\u00edcias e fique bem informado sobre tudo o que acontece em Minas Gerais, Brasil e no mundo.","potentialAction":[{"@type":"SearchAction","target":{"@type":"EntryPoint","urlTemplate":"https:\/\/www.em.com.br\/emfoco\/?s={search_term_string}"},"query-input":{"@type":"PropertyValueSpecification","valueRequired":true,"valueName":"search_term_string"}}],"inLanguage":"pt-BR"},{"@type":"Person","@id":"https:\/\/www.em.com.br\/emfoco\/#\/schema\/person\/649e610b4eb8fff87ff394e54fe17b2b","name":"Ingrid Diniz","image":{"@type":"ImageObject","inLanguage":"pt-BR","@id":"https:\/\/www.em.com.br\/emfoco\/#\/schema\/person\/image\/","url":"https:\/\/secure.gravatar.com\/avatar\/a3baa1449ec5c39b4c42babc9d4f3951?s=96&d=mm&r=g","contentUrl":"https:\/\/secure.gravatar.com\/avatar\/a3baa1449ec5c39b4c42babc9d4f3951?s=96&d=mm&r=g","caption":"Ingrid Diniz"},"sameAs":["https:\/\/www.em.com.br\/"],"url":"https:\/\/www.em.com.br\/emfoco\/author\/ingridmyth\/"}]}},"_links":{"self":[{"href":"https:\/\/www.em.com.br\/emfoco\/wp-json\/wp\/v2\/posts\/156185","targetHints":{"allow":["GET"]}}],"collection":[{"href":"https:\/\/www.em.com.br\/emfoco\/wp-json\/wp\/v2\/posts"}],"about":[{"href":"https:\/\/www.em.com.br\/emfoco\/wp-json\/wp\/v2\/types\/post"}],"author":[{"embeddable":true,"href":"https:\/\/www.em.com.br\/emfoco\/wp-json\/wp\/v2\/users\/20"}],"replies":[{"embeddable":true,"href":"https:\/\/www.em.com.br\/emfoco\/wp-json\/wp\/v2\/comments?post=156185"}],"version-history":[{"count":1,"href":"https:\/\/www.em.com.br\/emfoco\/wp-json\/wp\/v2\/posts\/156185\/revisions"}],"predecessor-version":[{"id":156212,"href":"https:\/\/www.em.com.br\/emfoco\/wp-json\/wp\/v2\/posts\/156185\/revisions\/156212"}],"wp:featuredmedia":[{"embeddable":true,"href":"https:\/\/www.em.com.br\/emfoco\/wp-json\/wp\/v2\/media\/156208"}],"wp:attachment":[{"href":"https:\/\/www.em.com.br\/emfoco\/wp-json\/wp\/v2\/media?parent=156185"}],"wp:term":[{"taxonomy":"category","embeddable":true,"href":"https:\/\/www.em.com.br\/emfoco\/wp-json\/wp\/v2\/categories?post=156185"},{"taxonomy":"post_tag","embeddable":true,"href":"https:\/\/www.em.com.br\/emfoco\/wp-json\/wp\/v2\/tags?post=156185"}],"curies":[{"name":"wp","href":"https:\/\/api.w.org\/{rel}","templated":true}]}}