{"id":156120,"date":"2026-01-19T21:35:00","date_gmt":"2026-01-20T00:35:00","guid":{"rendered":"https:\/\/www.em.com.br\/emfoco\/?p=156120"},"modified":"2026-01-16T13:15:00","modified_gmt":"2026-01-16T16:15:00","slug":"quais-os-efeitos-do-alongamento-antes-da-atividade-fisica-o-que-dizem-os-especialistas","status":"publish","type":"post","link":"https:\/\/www.em.com.br\/emfoco\/2026\/01\/19\/quais-os-efeitos-do-alongamento-antes-da-atividade-fisica-o-que-dizem-os-especialistas\/","title":{"rendered":"Quais os efeitos do alongamento antes da atividade f\u00edsica? O que dizem os especialistas"},"content":{"rendered":"\n<p>O debate sobre <strong>alongamento antes do treino<\/strong> mudou com os avan\u00e7os da ci\u00eancia do esporte. Hoje, especialistas explicam que preparar o corpo corretamente envolve ativa\u00e7\u00e3o, mobilidade e aquecimento, enquanto algumas t\u00e9cnicas tradicionais podem reduzir for\u00e7a e aumentar riscos se usadas no momento errado.<\/p>\n\n\n\n<h2 class=\"wp-block-heading\">Por que o alongamento tradicional perdeu espa\u00e7o antes do treino?<\/h2>\n\n\n\n<p>Durante muitos anos, o <strong>alongamento est\u00e1tico<\/strong> foi visto como etapa obrigat\u00f3ria, mas estudos recentes mostram que manter o m\u00fasculo parado e alongado antes do esfor\u00e7o pode reduzir temporariamente sua capacidade de gerar for\u00e7a e pot\u00eancia.<\/p>\n\n\n\n<p><strong><a href=\"https:\/\/www.frontiersin.org\/articles\/10.3389\/fphys.2019.01468\/full\" target=\"_blank\" rel=\"noreferrer noopener\">Segundo especialistas em medicina esportiva<\/a><\/strong>, o corpo responde melhor quando tratado como um sistema ativo. M\u00fasculos frios e excessivamente relaxados perdem efici\u00eancia mec\u00e2nica, o que compromete desempenho em exerc\u00edcios explosivos e de alta intensidade.<\/p>\n\n\n\n<figure class=\"wp-block-image size-large\"><img loading=\"lazy\" decoding=\"async\" width=\"1024\" height=\"576\" src=\"https:\/\/www.em.com.br\/emfoco\/wp-content\/uploads\/2026\/01\/AIAI-6-26-1024x576.jpg\" alt=\"Quais os efeitos do alongamento antes da atividade f\u00edsica? O que dizem os especialistas\" class=\"wp-image-156206\" srcset=\"https:\/\/www.em.com.br\/emfoco\/wp-content\/uploads\/2026\/01\/AIAI-6-26-1024x576.jpg 1024w, https:\/\/www.em.com.br\/emfoco\/wp-content\/uploads\/2026\/01\/AIAI-6-26-300x169.jpg 300w, https:\/\/www.em.com.br\/emfoco\/wp-content\/uploads\/2026\/01\/AIAI-6-26-768x432.jpg 768w, https:\/\/www.em.com.br\/emfoco\/wp-content\/uploads\/2026\/01\/AIAI-6-26-750x422.jpg 750w, https:\/\/www.em.com.br\/emfoco\/wp-content\/uploads\/2026\/01\/AIAI-6-26-1140x641.jpg 1140w, https:\/\/www.em.com.br\/emfoco\/wp-content\/uploads\/2026\/01\/AIAI-6-26.jpg 1280w\" sizes=\"auto, (max-width: 1024px) 100vw, 1024px\" \/><figcaption class=\"wp-element-caption\">Alongamento est\u00e1tico pr\u00e9-treino reduz for\u00e7a e efici\u00eancia muscular tempor\u00e1ria<\/figcaption><\/figure>\n\n\n\n<h2 class=\"wp-block-heading\">O que a ci\u00eancia mostra sobre alongamento est\u00e1tico e for\u00e7a?<\/h2>\n\n\n\n<p>Pesquisas em fisiologia do exerc\u00edcio analisaram os efeitos imediatos do alongamento prolongado antes do treino, revelando impactos diretos na performance muscular. Entre as conclus\u00f5es mais relevantes apontadas por esses estudos, est\u00e3o as que voc\u00ea v\u00ea a seguir.<\/p>\n\n\n\n<ul class=\"wp-block-list\">\n<li><strong>Redu\u00e7\u00e3o de at\u00e9 5%<\/strong> na for\u00e7a m\u00e1xima ap\u00f3s alongamento est\u00e1tico prolongado.<\/li>\n\n\n\n<li><strong>Diminui\u00e7\u00e3o da pot\u00eancia<\/strong> em saltos, tiros e levantamentos.<\/li>\n\n\n\n<li><strong>Altera\u00e7\u00e3o da rigidez m\u00fasculo-tend\u00ednea<\/strong>, essencial para movimentos explosivos.<\/li>\n<\/ul>\n\n\n\n<h2 class=\"wp-block-heading\">Por que o alongamento din\u00e2mico \u00e9 mais indicado antes do exerc\u00edcio?<\/h2>\n\n\n\n<p>Universidades e centros de esporte mostram que o <strong>alongamento din\u00e2mico<\/strong>, feito com movimentos controlados, melhora coordena\u00e7\u00e3o, agilidade e resposta neuromuscular antes do treino.<\/p>\n\n\n\n<p>Especialistas da medicina esportiva explicam que esse tipo de prepara\u00e7\u00e3o aumenta a temperatura intramuscular, reduz a viscosidade dos tecidos e melhora a comunica\u00e7\u00e3o entre c\u00e9rebro e m\u00fasculos, diminuindo o risco de estiramentos durante o esfor\u00e7o.<\/p>\n\n\n\n<figure class=\"wp-block-image size-large\"><img loading=\"lazy\" decoding=\"async\" width=\"1024\" height=\"576\" src=\"https:\/\/www.em.com.br\/emfoco\/wp-content\/uploads\/2026\/01\/AIAI-7-25-1024x576.jpg\" alt=\"Quais os efeitos do alongamento antes da atividade f\u00edsica? O que dizem os especialistas\" class=\"wp-image-156207\" srcset=\"https:\/\/www.em.com.br\/emfoco\/wp-content\/uploads\/2026\/01\/AIAI-7-25-1024x576.jpg 1024w, https:\/\/www.em.com.br\/emfoco\/wp-content\/uploads\/2026\/01\/AIAI-7-25-300x169.jpg 300w, https:\/\/www.em.com.br\/emfoco\/wp-content\/uploads\/2026\/01\/AIAI-7-25-768x432.jpg 768w, https:\/\/www.em.com.br\/emfoco\/wp-content\/uploads\/2026\/01\/AIAI-7-25-750x422.jpg 750w, https:\/\/www.em.com.br\/emfoco\/wp-content\/uploads\/2026\/01\/AIAI-7-25-1140x641.jpg 1140w, https:\/\/www.em.com.br\/emfoco\/wp-content\/uploads\/2026\/01\/AIAI-7-25.jpg 1280w\" sizes=\"auto, (max-width: 1024px) 100vw, 1024px\" \/><figcaption class=\"wp-element-caption\">Alongamento din\u00e2mico melhora coordena\u00e7\u00e3o, agilidade e resposta neuromuscular<\/figcaption><\/figure>\n\n\n\n<p><em>Leia mais: <em><strong><a href=\"https:\/\/www.em.com.br\/emfoco\/2026\/01\/13\/a-fruta-exotica-que-regula-o-intestino-e-fortalece-a-saude\/\" target=\"_blank\" rel=\"noreferrer noopener\">A fruta ex\u00f3tica que regula o intestino e fortalece a sa\u00fade<\/a><\/strong><\/em><\/em><\/p>\n\n\n\n<h2 class=\"wp-block-heading\">Como deve ser um aquecimento eficaz antes do treino?<\/h2>\n\n\n\n<p>Treinadores e fisiologistas defendem uma sequ\u00eancia simples, focada em ativar o corpo gradualmente e preparar as articula\u00e7\u00f5es para o movimento espec\u00edfico que vir\u00e1. Entre as pr\u00e1ticas mais recomendadas, est\u00e3o as seguintes.<\/p>\n\n\n\n<ul class=\"wp-block-list\">\n<li><strong>Elevar a frequ\u00eancia card\u00edaca<\/strong> com atividade leve por alguns minutos.<\/li>\n\n\n\n<li><strong>Usar mobilidade din\u00e2mica<\/strong> alinhada ao exerc\u00edcio que ser\u00e1 realizado.<\/li>\n\n\n\n<li><strong>Ativar m\u00fasculos estabilizadores<\/strong> antes de cargas mais altas.<\/li>\n<\/ul>\n\n\n\n<h2 class=\"wp-block-heading\">Quando o alongamento est\u00e1tico ainda \u00e9 \u00fatil e seguro?<\/h2>\n\n\n\n<p>Especialistas em reabilita\u00e7\u00e3o e fisioterapia indicam o <strong>alongamento est\u00e1tico<\/strong> como ferramenta eficaz ap\u00f3s o treino ou em sess\u00f5es exclusivas de flexibilidade, quando o objetivo \u00e9 relaxar a musculatura e restaurar o comprimento muscular.<\/p>\n\n\n\n<p>Nesse contexto, ele contribui para conforto, amplitude de movimento e recupera\u00e7\u00e3o, sem comprometer for\u00e7a ou desempenho imediato, refor\u00e7ando que o momento de aplica\u00e7\u00e3o \u00e9 t\u00e3o importante quanto a t\u00e9cnica utilizada.<\/p>\n","protected":false},"excerpt":{"rendered":"<p>O debate sobre alongamento antes do treino mudou com os avan\u00e7os da ci\u00eancia do esporte. Hoje, especialistas explicam que preparar o corpo corretamente envolve ativa\u00e7\u00e3o, mobilidade e aquecimento, enquanto algumas t\u00e9cnicas tradicionais podem reduzir for\u00e7a e aumentar riscos se usadas no momento errado. Por que o alongamento tradicional perdeu espa\u00e7o antes do treino? Durante muitos [&hellip;]<\/p>\n","protected":false},"author":13,"featured_media":156205,"comment_status":"open","ping_status":"open","sticky":false,"template":"","format":"standard","meta":{"jnews-multi-image_gallery":[],"jnews_single_post":{"format":"standard"},"jnews_primary_category":[],"jnews_social_meta":[],"jnews_override_counter":[],"footnotes":""},"categories":[9053],"tags":[11064,22817,4874],"class_list":["post-156120","post","type-post","status-publish","format-standard","has-post-thumbnail","hentry","category-saude","tag-alongamento","tag-desempenho-no-treino","tag-exercicios-fisicos"],"yoast_head":"<!-- This site is optimized with the Yoast SEO plugin v23.8 - https:\/\/yoast.com\/wordpress\/plugins\/seo\/ -->\n<title>Quais os efeitos do alongamento antes da atividade f\u00edsica? O que dizem os especialistas - Estado de Minas - Em foco<\/title>\n<meta name=\"description\" content=\"Alongar antes do treino reduz for\u00e7a e pot\u00eancia, segundo estudos, e o ideal \u00e9 ativar os m\u00fasculos com movimentos din\u00e2micos e espec\u00edficos.\" \/>\n<meta name=\"robots\" content=\"index, follow, max-snippet:-1, max-image-preview:large, max-video-preview:-1\" \/>\n<link rel=\"canonical\" href=\"https:\/\/www.em.com.br\/emfoco\/2026\/01\/19\/quais-os-efeitos-do-alongamento-antes-da-atividade-fisica-o-que-dizem-os-especialistas\/\" \/>\n<meta property=\"og:locale\" content=\"pt_BR\" \/>\n<meta property=\"og:type\" content=\"article\" \/>\n<meta property=\"og:title\" content=\"Quais os efeitos do alongamento antes da atividade f\u00edsica? O que dizem os especialistas - Estado de Minas - Em foco\" \/>\n<meta property=\"og:description\" content=\"Alongar antes do treino reduz for\u00e7a e pot\u00eancia, segundo estudos, e o ideal \u00e9 ativar os m\u00fasculos com movimentos din\u00e2micos e espec\u00edficos.\" \/>\n<meta property=\"og:url\" content=\"https:\/\/www.em.com.br\/emfoco\/2026\/01\/19\/quais-os-efeitos-do-alongamento-antes-da-atividade-fisica-o-que-dizem-os-especialistas\/\" \/>\n<meta property=\"og:site_name\" content=\"Estado de Minas - Em foco\" \/>\n<meta property=\"article:published_time\" content=\"2026-01-20T00:35:00+00:00\" \/>\n<meta property=\"article:modified_time\" content=\"2026-01-16T16:15:00+00:00\" \/>\n<meta property=\"og:image\" content=\"https:\/\/www.em.com.br\/emfoco\/wp-content\/uploads\/2026\/01\/AIAI-5-32.jpg\" \/>\n\t<meta property=\"og:image:width\" content=\"1280\" \/>\n\t<meta property=\"og:image:height\" content=\"720\" \/>\n\t<meta property=\"og:image:type\" content=\"image\/jpeg\" \/>\n<meta name=\"author\" content=\"Gabriel Martins\" \/>\n<meta name=\"twitter:card\" content=\"summary_large_image\" \/>\n<meta name=\"twitter:label1\" content=\"Escrito por\" \/>\n\t<meta name=\"twitter:data1\" content=\"Gabriel Martins\" \/>\n\t<meta name=\"twitter:label2\" content=\"Est. tempo de leitura\" \/>\n\t<meta name=\"twitter:data2\" content=\"3 minutos\" \/>\n<!-- \/ Yoast SEO plugin. -->","yoast_head_json":{"title":"Quais os efeitos do alongamento antes da atividade f\u00edsica? O que dizem os especialistas - Estado de Minas - Em foco","description":"Alongar antes do treino reduz for\u00e7a e pot\u00eancia, segundo estudos, e o ideal \u00e9 ativar os m\u00fasculos com movimentos din\u00e2micos e espec\u00edficos.","robots":{"index":"index","follow":"follow","max-snippet":"max-snippet:-1","max-image-preview":"max-image-preview:large","max-video-preview":"max-video-preview:-1"},"canonical":"https:\/\/www.em.com.br\/emfoco\/2026\/01\/19\/quais-os-efeitos-do-alongamento-antes-da-atividade-fisica-o-que-dizem-os-especialistas\/","og_locale":"pt_BR","og_type":"article","og_title":"Quais os efeitos do alongamento antes da atividade f\u00edsica? O que dizem os especialistas - Estado de Minas - Em foco","og_description":"Alongar antes do treino reduz for\u00e7a e pot\u00eancia, segundo estudos, e o ideal \u00e9 ativar os m\u00fasculos com movimentos din\u00e2micos e espec\u00edficos.","og_url":"https:\/\/www.em.com.br\/emfoco\/2026\/01\/19\/quais-os-efeitos-do-alongamento-antes-da-atividade-fisica-o-que-dizem-os-especialistas\/","og_site_name":"Estado de Minas - Em foco","article_published_time":"2026-01-20T00:35:00+00:00","article_modified_time":"2026-01-16T16:15:00+00:00","og_image":[{"width":1280,"height":720,"url":"https:\/\/www.em.com.br\/emfoco\/wp-content\/uploads\/2026\/01\/AIAI-5-32.jpg","type":"image\/jpeg"}],"author":"Gabriel Martins","twitter_card":"summary_large_image","twitter_misc":{"Escrito por":"Gabriel Martins","Est. tempo de leitura":"3 minutos"},"schema":{"@context":"https:\/\/schema.org","@graph":[{"@type":"WebPage","@id":"https:\/\/www.em.com.br\/emfoco\/2026\/01\/19\/quais-os-efeitos-do-alongamento-antes-da-atividade-fisica-o-que-dizem-os-especialistas\/","url":"https:\/\/www.em.com.br\/emfoco\/2026\/01\/19\/quais-os-efeitos-do-alongamento-antes-da-atividade-fisica-o-que-dizem-os-especialistas\/","name":"Quais os efeitos do alongamento antes da atividade f\u00edsica? O que dizem os especialistas - Estado de Minas - Em foco","isPartOf":{"@id":"https:\/\/www.em.com.br\/emfoco\/#website"},"primaryImageOfPage":{"@id":"https:\/\/www.em.com.br\/emfoco\/2026\/01\/19\/quais-os-efeitos-do-alongamento-antes-da-atividade-fisica-o-que-dizem-os-especialistas\/#primaryimage"},"image":{"@id":"https:\/\/www.em.com.br\/emfoco\/2026\/01\/19\/quais-os-efeitos-do-alongamento-antes-da-atividade-fisica-o-que-dizem-os-especialistas\/#primaryimage"},"thumbnailUrl":"https:\/\/www.em.com.br\/emfoco\/wp-content\/uploads\/2026\/01\/AIAI-5-32.jpg","datePublished":"2026-01-20T00:35:00+00:00","dateModified":"2026-01-16T16:15:00+00:00","author":{"@id":"https:\/\/www.em.com.br\/emfoco\/#\/schema\/person\/1c9ddeab18b98abeffef834667bcf08a"},"description":"Alongar antes do treino reduz for\u00e7a e pot\u00eancia, segundo estudos, e o ideal \u00e9 ativar os m\u00fasculos com movimentos din\u00e2micos e espec\u00edficos.","breadcrumb":{"@id":"https:\/\/www.em.com.br\/emfoco\/2026\/01\/19\/quais-os-efeitos-do-alongamento-antes-da-atividade-fisica-o-que-dizem-os-especialistas\/#breadcrumb"},"inLanguage":"pt-BR","potentialAction":[{"@type":"ReadAction","target":["https:\/\/www.em.com.br\/emfoco\/2026\/01\/19\/quais-os-efeitos-do-alongamento-antes-da-atividade-fisica-o-que-dizem-os-especialistas\/"]}]},{"@type":"ImageObject","inLanguage":"pt-BR","@id":"https:\/\/www.em.com.br\/emfoco\/2026\/01\/19\/quais-os-efeitos-do-alongamento-antes-da-atividade-fisica-o-que-dizem-os-especialistas\/#primaryimage","url":"https:\/\/www.em.com.br\/emfoco\/wp-content\/uploads\/2026\/01\/AIAI-5-32.jpg","contentUrl":"https:\/\/www.em.com.br\/emfoco\/wp-content\/uploads\/2026\/01\/AIAI-5-32.jpg","width":1280,"height":720,"caption":"Prepara\u00e7\u00e3o correta antes do treino prioriza ativa\u00e7\u00e3o, mobilidade e aquecimento"},{"@type":"BreadcrumbList","@id":"https:\/\/www.em.com.br\/emfoco\/2026\/01\/19\/quais-os-efeitos-do-alongamento-antes-da-atividade-fisica-o-que-dizem-os-especialistas\/#breadcrumb","itemListElement":[{"@type":"ListItem","position":1,"name":"In\u00edcio","item":"https:\/\/www.em.com.br\/emfoco\/"},{"@type":"ListItem","position":2,"name":"Quais os efeitos do alongamento antes da atividade f\u00edsica? O que dizem os especialistas"}]},{"@type":"WebSite","@id":"https:\/\/www.em.com.br\/emfoco\/#website","url":"https:\/\/www.em.com.br\/emfoco\/","name":"Estado de Minas - Em foco","description":"Acompanhe as \u00faltimas not\u00edcias e fique bem informado sobre tudo o que acontece em Minas Gerais, Brasil e no mundo.","potentialAction":[{"@type":"SearchAction","target":{"@type":"EntryPoint","urlTemplate":"https:\/\/www.em.com.br\/emfoco\/?s={search_term_string}"},"query-input":{"@type":"PropertyValueSpecification","valueRequired":true,"valueName":"search_term_string"}}],"inLanguage":"pt-BR"},{"@type":"Person","@id":"https:\/\/www.em.com.br\/emfoco\/#\/schema\/person\/1c9ddeab18b98abeffef834667bcf08a","name":"Gabriel Martins","image":{"@type":"ImageObject","inLanguage":"pt-BR","@id":"https:\/\/www.em.com.br\/emfoco\/#\/schema\/person\/image\/","url":"https:\/\/secure.gravatar.com\/avatar\/f0f1e2efdfd88f1ad2cb08c5c2731e50?s=96&d=mm&r=g","contentUrl":"https:\/\/secure.gravatar.com\/avatar\/f0f1e2efdfd88f1ad2cb08c5c2731e50?s=96&d=mm&r=g","caption":"Gabriel Martins"},"sameAs":["https:\/\/www.em.com.br\/emfoco\/"],"url":"https:\/\/www.em.com.br\/emfoco\/author\/gabrielmartinsmyth\/"}]}},"_links":{"self":[{"href":"https:\/\/www.em.com.br\/emfoco\/wp-json\/wp\/v2\/posts\/156120","targetHints":{"allow":["GET"]}}],"collection":[{"href":"https:\/\/www.em.com.br\/emfoco\/wp-json\/wp\/v2\/posts"}],"about":[{"href":"https:\/\/www.em.com.br\/emfoco\/wp-json\/wp\/v2\/types\/post"}],"author":[{"embeddable":true,"href":"https:\/\/www.em.com.br\/emfoco\/wp-json\/wp\/v2\/users\/13"}],"replies":[{"embeddable":true,"href":"https:\/\/www.em.com.br\/emfoco\/wp-json\/wp\/v2\/comments?post=156120"}],"version-history":[{"count":1,"href":"https:\/\/www.em.com.br\/emfoco\/wp-json\/wp\/v2\/posts\/156120\/revisions"}],"predecessor-version":[{"id":156209,"href":"https:\/\/www.em.com.br\/emfoco\/wp-json\/wp\/v2\/posts\/156120\/revisions\/156209"}],"wp:featuredmedia":[{"embeddable":true,"href":"https:\/\/www.em.com.br\/emfoco\/wp-json\/wp\/v2\/media\/156205"}],"wp:attachment":[{"href":"https:\/\/www.em.com.br\/emfoco\/wp-json\/wp\/v2\/media?parent=156120"}],"wp:term":[{"taxonomy":"category","embeddable":true,"href":"https:\/\/www.em.com.br\/emfoco\/wp-json\/wp\/v2\/categories?post=156120"},{"taxonomy":"post_tag","embeddable":true,"href":"https:\/\/www.em.com.br\/emfoco\/wp-json\/wp\/v2\/tags?post=156120"}],"curies":[{"name":"wp","href":"https:\/\/api.w.org\/{rel}","templated":true}]}}