{"id":156117,"date":"2026-01-19T16:35:00","date_gmt":"2026-01-19T19:35:00","guid":{"rendered":"https:\/\/www.em.com.br\/emfoco\/?p=156117"},"modified":"2026-01-16T12:45:55","modified_gmt":"2026-01-16T15:45:55","slug":"como-se-livrar-da-famosa-gordurinha-na-parte-de-tras-do-braco-com-exercicios-simples","status":"publish","type":"post","link":"https:\/\/www.em.com.br\/emfoco\/2026\/01\/19\/como-se-livrar-da-famosa-gordurinha-na-parte-de-tras-do-braco-com-exercicios-simples\/","title":{"rendered":"Como se livrar da famosa \u201cgordurinha na parte de tr\u00e1s do bra\u00e7o\u201d com exerc\u00edcios simples"},"content":{"rendered":"\n<h2 class=\"wp-block-heading\">A flacidez nos bra\u00e7os envolve tr\u00edceps fraco, gordura e menor elasticidade da pele. Treino de resist\u00eancia para tr\u00edceps, d\u00e9ficit cal\u00f3rico leve e prote\u00edna adequada melhoram contorno, firmeza e reduzem o aspecto fl\u00e1cido.<\/h2>\n\n\n\n<p>A gordura e a flacidez na parte de tr\u00e1s do bra\u00e7o, conhecidas como <strong>m\u00fasculo do adeus<\/strong>, n\u00e3o surgem por acaso. Elas envolvem perda de t\u00f4nus do tr\u00edceps, ac\u00famulo de gordura corporal e redu\u00e7\u00e3o da elasticidade da pele. A boa not\u00edcia \u00e9 que a ci\u00eancia do exerc\u00edcio oferece estrat\u00e9gias eficazes para reverter esse quadro.<\/p>\n\n\n\n<h2 class=\"wp-block-heading\">Por que a gordura no bra\u00e7o n\u00e3o some apenas com exerc\u00edcios locais?<\/h2>\n\n\n\n<p>Especialistas explicam que a <strong>perda de gordura localizada<\/strong> \u00e9 um mito. O corpo reduz gordura de forma sist\u00eamica, conforme o equil\u00edbrio entre gasto cal\u00f3rico e ingest\u00e3o energ\u00e9tica, independentemente da \u00e1rea treinada.<\/p>\n\n\n\n<p>Por\u00e9m, ao fortalecer o <strong>tr\u00edceps braquial<\/strong>, m\u00fasculo que representa cerca de 60% do volume do bra\u00e7o, ocorre melhora vis\u00edvel do contorno. Esse preenchimento muscular reduz o aspecto fl\u00e1cido, mesmo antes da gordura diminuir totalmente.<\/p>\n\n\n\n<figure class=\"wp-block-image size-large\"><img loading=\"lazy\" decoding=\"async\" width=\"1024\" height=\"576\" src=\"https:\/\/www.em.com.br\/emfoco\/wp-content\/uploads\/2026\/01\/AIAI-8-20-1024x576.jpg\" alt=\"Como se livrar da famosa \u201cgordurinha na parte de tr\u00e1s do bra\u00e7o\u201d com exerc\u00edcios simples \" class=\"wp-image-156164\" srcset=\"https:\/\/www.em.com.br\/emfoco\/wp-content\/uploads\/2026\/01\/AIAI-8-20-1024x576.jpg 1024w, https:\/\/www.em.com.br\/emfoco\/wp-content\/uploads\/2026\/01\/AIAI-8-20-300x169.jpg 300w, https:\/\/www.em.com.br\/emfoco\/wp-content\/uploads\/2026\/01\/AIAI-8-20-768x432.jpg 768w, https:\/\/www.em.com.br\/emfoco\/wp-content\/uploads\/2026\/01\/AIAI-8-20-750x422.jpg 750w, https:\/\/www.em.com.br\/emfoco\/wp-content\/uploads\/2026\/01\/AIAI-8-20-1140x641.jpg 1140w, https:\/\/www.em.com.br\/emfoco\/wp-content\/uploads\/2026\/01\/AIAI-8-20.jpg 1280w\" sizes=\"auto, (max-width: 1024px) 100vw, 1024px\" \/><figcaption class=\"wp-element-caption\">Gordura n\u00e3o reduz localmente, mas fortalecimento do tr\u00edceps melhora contorno visual<\/figcaption><\/figure>\n\n\n\n<h2 class=\"wp-block-heading\">Quais fatores mais influenciam a flacidez nos bra\u00e7os?<\/h2>\n\n\n\n<p>A flacidez resulta da intera\u00e7\u00e3o entre m\u00fasculo, gordura e pele. Pesquisas em fisiologia do exerc\u00edcio indicam que envelhecimento, sedentarismo e altera\u00e7\u00f5es hormonais favorecem o ac\u00famulo posterior. Entre os principais fatores envolvidos, est\u00e3o os seguintes.<\/p>\n\n\n\n<ul class=\"wp-block-list\">\n<li><strong>Subdesenvolvimento do tr\u00edceps<\/strong>, comum em treinos focados apenas no b\u00edceps.<\/li>\n\n\n\n<li><strong>Redu\u00e7\u00e3o de col\u00e1geno<\/strong>, que diminui a capacidade da pele de sustentar o m\u00fasculo.<\/li>\n\n\n\n<li><strong>Ac\u00famulo hormonal de gordura<\/strong>, associado a insulina e estrog\u00eanio.<\/li>\n<\/ul>\n\n\n\n<h2 class=\"wp-block-heading\">O que a ci\u00eancia diz sobre tr\u00edceps e defini\u00e7\u00e3o dos bra\u00e7os?<\/h2>\n\n\n\n<p>O <strong>American Council on Exercise<\/strong> destaca que exerc\u00edcios espec\u00edficos para as tr\u00eas cabe\u00e7as do tr\u00edceps s\u00e3o decisivos para melhorar firmeza e defini\u00e7\u00e3o. Ignorar esse m\u00fasculo faz com que a regi\u00e3o posterior fique visualmente ca\u00edda.<\/p>\n\n\n\n<p><strong><a href=\"https:\/\/www.nature.com\/articles\/s41598-023-37207-9\" target=\"_blank\" rel=\"noreferrer noopener\">Estudos publicados no Journal of Strength and Conditioning Research<\/a><\/strong> mostram que o treino de resist\u00eancia aumenta massa muscular, melhora circula\u00e7\u00e3o local e contribui para uma apar\u00eancia mais firme da pele ao longo do tempo.<\/p>\n\n\n\n<figure class=\"wp-block-image size-large\"><img loading=\"lazy\" decoding=\"async\" width=\"1024\" height=\"576\" src=\"https:\/\/www.em.com.br\/emfoco\/wp-content\/uploads\/2026\/01\/AIAI-9-18-1024x576.jpg\" alt=\"Como se livrar da famosa \u201cgordurinha na parte de tr\u00e1s do bra\u00e7o\u201d com exerc\u00edcios simples\" class=\"wp-image-156165\" srcset=\"https:\/\/www.em.com.br\/emfoco\/wp-content\/uploads\/2026\/01\/AIAI-9-18-1024x576.jpg 1024w, https:\/\/www.em.com.br\/emfoco\/wp-content\/uploads\/2026\/01\/AIAI-9-18-300x169.jpg 300w, https:\/\/www.em.com.br\/emfoco\/wp-content\/uploads\/2026\/01\/AIAI-9-18-768x432.jpg 768w, https:\/\/www.em.com.br\/emfoco\/wp-content\/uploads\/2026\/01\/AIAI-9-18-750x422.jpg 750w, https:\/\/www.em.com.br\/emfoco\/wp-content\/uploads\/2026\/01\/AIAI-9-18-1140x641.jpg 1140w, https:\/\/www.em.com.br\/emfoco\/wp-content\/uploads\/2026\/01\/AIAI-9-18.jpg 1280w\" sizes=\"auto, (max-width: 1024px) 100vw, 1024px\" \/><figcaption class=\"wp-element-caption\">Treinar as tr\u00eas cabe\u00e7as do tr\u00edceps aumenta firmeza e defini\u00e7\u00e3o<\/figcaption><\/figure>\n\n\n\n<p><em>Leia mais: <em><strong><a href=\"https:\/\/www.em.com.br\/emfoco\/2026\/01\/13\/a-fruta-exotica-que-regula-o-intestino-e-fortalece-a-saude\/\" target=\"_blank\" rel=\"noreferrer noopener\">A fruta ex\u00f3tica que regula o intestino e fortalece a sa\u00fade<\/a><\/strong><\/em><\/em><\/p>\n\n\n\n<h2 class=\"wp-block-heading\">Quais exerc\u00edcios realmente ajudam a eliminar o m\u00fasculo do tchau?<\/h2>\n\n\n\n<p>Para estimular o tr\u00edceps de forma eficiente, o ideal \u00e9 combinar exerc\u00edcios que promovam extens\u00e3o completa do cotovelo e sustentem carga progressiva. Entre os movimentos mais indicados por profissionais, destacam-se os seguintes.<\/p>\n\n\n\n<ul class=\"wp-block-list\">\n<li><strong>Tr\u00edceps banco<\/strong>, que ativa fortemente a cabe\u00e7a longa do m\u00fasculo.<\/li>\n\n\n\n<li><strong>Extens\u00e3o de tr\u00edceps<\/strong> com halter ou corda, focando isolamento.<\/li>\n\n\n\n<li><strong>Flex\u00e3o fechada<\/strong>, que transfere esfor\u00e7o do peitoral para o bra\u00e7o.<\/li>\n<\/ul>\n\n\n\n<h2 class=\"wp-block-heading\">Que h\u00e1bitos aceleram a firmeza e reduzem a gordura nos bra\u00e7os?<\/h2>\n\n\n\n<p>Al\u00e9m do treino, m\u00e9dicos do esporte e nutr\u00f3logos apontam que um <strong>leve d\u00e9ficit cal\u00f3rico<\/strong> combinado com ingest\u00e3o adequada de prote\u00ednas favorece a redu\u00e7\u00e3o da gordura que cobre o m\u00fasculo trabalhado.<\/p>\n\n\n\n<p>A hidrata\u00e7\u00e3o e o consumo de vitamina C auxiliam a s\u00edntese de col\u00e1geno, melhorando a elasticidade da pele. Com consist\u00eancia, bra\u00e7os mais firmes deixam de ser apenas um objetivo est\u00e9tico e passam a refletir sa\u00fade funcional.<\/p>\n","protected":false},"excerpt":{"rendered":"<p>A flacidez nos bra\u00e7os envolve tr\u00edceps fraco, gordura e menor elasticidade da pele. Treino de resist\u00eancia para tr\u00edceps, d\u00e9ficit cal\u00f3rico leve e prote\u00edna adequada melhoram contorno, firmeza e reduzem o aspecto fl\u00e1cido. A gordura e a flacidez na parte de tr\u00e1s do bra\u00e7o, conhecidas como m\u00fasculo do adeus, n\u00e3o surgem por acaso. Elas envolvem perda [&hellip;]<\/p>\n","protected":false},"author":13,"featured_media":156163,"comment_status":"open","ping_status":"open","sticky":false,"template":"","format":"standard","meta":{"jnews-multi-image_gallery":[],"jnews_single_post":{"format":"standard"},"jnews_primary_category":[],"jnews_social_meta":[],"jnews_override_counter":[],"footnotes":""},"categories":[9053],"tags":[4874,22813,22812],"class_list":["post-156117","post","type-post","status-publish","format-standard","has-post-thumbnail","hentry","category-saude","tag-exercicios-fisicos","tag-flacidez-nos-bracos","tag-musculo-do-adeus"],"yoast_head":"<!-- This site is optimized with the Yoast SEO plugin v23.8 - https:\/\/yoast.com\/wordpress\/plugins\/seo\/ -->\n<title>Como se livrar da famosa \u201cgordurinha na parte de tr\u00e1s do bra\u00e7o\u201d com exerc\u00edcios simples - Estado de Minas - Em foco<\/title>\n<meta name=\"description\" content=\"Flacidez nos bra\u00e7os tem solu\u00e7\u00e3o com treino de tr\u00edceps, d\u00e9ficit cal\u00f3rico leve e rotina que estimula col\u00e1geno e define de verdade.\" \/>\n<meta name=\"robots\" content=\"index, follow, max-snippet:-1, max-image-preview:large, max-video-preview:-1\" \/>\n<link rel=\"canonical\" href=\"https:\/\/www.em.com.br\/emfoco\/2026\/01\/19\/como-se-livrar-da-famosa-gordurinha-na-parte-de-tras-do-braco-com-exercicios-simples\/\" \/>\n<meta property=\"og:locale\" content=\"pt_BR\" \/>\n<meta property=\"og:type\" content=\"article\" \/>\n<meta property=\"og:title\" content=\"Como se livrar da famosa \u201cgordurinha na parte de tr\u00e1s do bra\u00e7o\u201d com exerc\u00edcios simples - Estado de Minas - Em foco\" \/>\n<meta property=\"og:description\" content=\"Flacidez nos bra\u00e7os tem solu\u00e7\u00e3o com treino de tr\u00edceps, d\u00e9ficit cal\u00f3rico leve e rotina que estimula col\u00e1geno e define de verdade.\" \/>\n<meta property=\"og:url\" content=\"https:\/\/www.em.com.br\/emfoco\/2026\/01\/19\/como-se-livrar-da-famosa-gordurinha-na-parte-de-tras-do-braco-com-exercicios-simples\/\" \/>\n<meta property=\"og:site_name\" content=\"Estado de Minas - Em foco\" \/>\n<meta property=\"article:published_time\" content=\"2026-01-19T19:35:00+00:00\" \/>\n<meta property=\"article:modified_time\" content=\"2026-01-16T15:45:55+00:00\" \/>\n<meta property=\"og:image\" content=\"https:\/\/www.em.com.br\/emfoco\/wp-content\/uploads\/2026\/01\/AIAI-7-24.jpg\" \/>\n\t<meta property=\"og:image:width\" content=\"1280\" \/>\n\t<meta property=\"og:image:height\" content=\"720\" \/>\n\t<meta property=\"og:image:type\" content=\"image\/jpeg\" \/>\n<meta name=\"author\" content=\"Gabriel Martins\" \/>\n<meta name=\"twitter:card\" content=\"summary_large_image\" \/>\n<meta name=\"twitter:label1\" content=\"Escrito por\" \/>\n\t<meta name=\"twitter:data1\" content=\"Gabriel Martins\" \/>\n\t<meta name=\"twitter:label2\" content=\"Est. tempo de leitura\" \/>\n\t<meta name=\"twitter:data2\" content=\"4 minutos\" \/>\n<!-- \/ Yoast SEO plugin. -->","yoast_head_json":{"title":"Como se livrar da famosa \u201cgordurinha na parte de tr\u00e1s do bra\u00e7o\u201d com exerc\u00edcios simples - Estado de Minas - Em foco","description":"Flacidez nos bra\u00e7os tem solu\u00e7\u00e3o com treino de tr\u00edceps, d\u00e9ficit cal\u00f3rico leve e rotina que estimula col\u00e1geno e define de verdade.","robots":{"index":"index","follow":"follow","max-snippet":"max-snippet:-1","max-image-preview":"max-image-preview:large","max-video-preview":"max-video-preview:-1"},"canonical":"https:\/\/www.em.com.br\/emfoco\/2026\/01\/19\/como-se-livrar-da-famosa-gordurinha-na-parte-de-tras-do-braco-com-exercicios-simples\/","og_locale":"pt_BR","og_type":"article","og_title":"Como se livrar da famosa \u201cgordurinha na parte de tr\u00e1s do bra\u00e7o\u201d com exerc\u00edcios simples - Estado de Minas - Em foco","og_description":"Flacidez nos bra\u00e7os tem solu\u00e7\u00e3o com treino de tr\u00edceps, d\u00e9ficit cal\u00f3rico leve e rotina que estimula col\u00e1geno e define de verdade.","og_url":"https:\/\/www.em.com.br\/emfoco\/2026\/01\/19\/como-se-livrar-da-famosa-gordurinha-na-parte-de-tras-do-braco-com-exercicios-simples\/","og_site_name":"Estado de Minas - Em foco","article_published_time":"2026-01-19T19:35:00+00:00","article_modified_time":"2026-01-16T15:45:55+00:00","og_image":[{"width":1280,"height":720,"url":"https:\/\/www.em.com.br\/emfoco\/wp-content\/uploads\/2026\/01\/AIAI-7-24.jpg","type":"image\/jpeg"}],"author":"Gabriel Martins","twitter_card":"summary_large_image","twitter_misc":{"Escrito por":"Gabriel Martins","Est. tempo de leitura":"4 minutos"},"schema":{"@context":"https:\/\/schema.org","@graph":[{"@type":"WebPage","@id":"https:\/\/www.em.com.br\/emfoco\/2026\/01\/19\/como-se-livrar-da-famosa-gordurinha-na-parte-de-tras-do-braco-com-exercicios-simples\/","url":"https:\/\/www.em.com.br\/emfoco\/2026\/01\/19\/como-se-livrar-da-famosa-gordurinha-na-parte-de-tras-do-braco-com-exercicios-simples\/","name":"Como se livrar da famosa \u201cgordurinha na parte de tr\u00e1s do bra\u00e7o\u201d com exerc\u00edcios simples - Estado de Minas - Em foco","isPartOf":{"@id":"https:\/\/www.em.com.br\/emfoco\/#website"},"primaryImageOfPage":{"@id":"https:\/\/www.em.com.br\/emfoco\/2026\/01\/19\/como-se-livrar-da-famosa-gordurinha-na-parte-de-tras-do-braco-com-exercicios-simples\/#primaryimage"},"image":{"@id":"https:\/\/www.em.com.br\/emfoco\/2026\/01\/19\/como-se-livrar-da-famosa-gordurinha-na-parte-de-tras-do-braco-com-exercicios-simples\/#primaryimage"},"thumbnailUrl":"https:\/\/www.em.com.br\/emfoco\/wp-content\/uploads\/2026\/01\/AIAI-7-24.jpg","datePublished":"2026-01-19T19:35:00+00:00","dateModified":"2026-01-16T15:45:55+00:00","author":{"@id":"https:\/\/www.em.com.br\/emfoco\/#\/schema\/person\/1c9ddeab18b98abeffef834667bcf08a"},"description":"Flacidez nos bra\u00e7os tem solu\u00e7\u00e3o com treino de tr\u00edceps, d\u00e9ficit cal\u00f3rico leve e rotina que estimula col\u00e1geno e define de verdade.","breadcrumb":{"@id":"https:\/\/www.em.com.br\/emfoco\/2026\/01\/19\/como-se-livrar-da-famosa-gordurinha-na-parte-de-tras-do-braco-com-exercicios-simples\/#breadcrumb"},"inLanguage":"pt-BR","potentialAction":[{"@type":"ReadAction","target":["https:\/\/www.em.com.br\/emfoco\/2026\/01\/19\/como-se-livrar-da-famosa-gordurinha-na-parte-de-tras-do-braco-com-exercicios-simples\/"]}]},{"@type":"ImageObject","inLanguage":"pt-BR","@id":"https:\/\/www.em.com.br\/emfoco\/2026\/01\/19\/como-se-livrar-da-famosa-gordurinha-na-parte-de-tras-do-braco-com-exercicios-simples\/#primaryimage","url":"https:\/\/www.em.com.br\/emfoco\/wp-content\/uploads\/2026\/01\/AIAI-7-24.jpg","contentUrl":"https:\/\/www.em.com.br\/emfoco\/wp-content\/uploads\/2026\/01\/AIAI-7-24.jpg","width":1280,"height":720,"caption":"Flacidez nos bra\u00e7os resulta de m\u00fasculo fraco, gordura localizada e pele menos el\u00e1stica"},{"@type":"BreadcrumbList","@id":"https:\/\/www.em.com.br\/emfoco\/2026\/01\/19\/como-se-livrar-da-famosa-gordurinha-na-parte-de-tras-do-braco-com-exercicios-simples\/#breadcrumb","itemListElement":[{"@type":"ListItem","position":1,"name":"In\u00edcio","item":"https:\/\/www.em.com.br\/emfoco\/"},{"@type":"ListItem","position":2,"name":"Como se livrar da famosa \u201cgordurinha na parte de tr\u00e1s do bra\u00e7o\u201d com exerc\u00edcios simples"}]},{"@type":"WebSite","@id":"https:\/\/www.em.com.br\/emfoco\/#website","url":"https:\/\/www.em.com.br\/emfoco\/","name":"Estado de Minas - Em foco","description":"Acompanhe as \u00faltimas not\u00edcias e fique bem informado sobre tudo o que acontece em Minas Gerais, Brasil e no mundo.","potentialAction":[{"@type":"SearchAction","target":{"@type":"EntryPoint","urlTemplate":"https:\/\/www.em.com.br\/emfoco\/?s={search_term_string}"},"query-input":{"@type":"PropertyValueSpecification","valueRequired":true,"valueName":"search_term_string"}}],"inLanguage":"pt-BR"},{"@type":"Person","@id":"https:\/\/www.em.com.br\/emfoco\/#\/schema\/person\/1c9ddeab18b98abeffef834667bcf08a","name":"Gabriel Martins","image":{"@type":"ImageObject","inLanguage":"pt-BR","@id":"https:\/\/www.em.com.br\/emfoco\/#\/schema\/person\/image\/","url":"https:\/\/secure.gravatar.com\/avatar\/f0f1e2efdfd88f1ad2cb08c5c2731e50?s=96&d=mm&r=g","contentUrl":"https:\/\/secure.gravatar.com\/avatar\/f0f1e2efdfd88f1ad2cb08c5c2731e50?s=96&d=mm&r=g","caption":"Gabriel Martins"},"sameAs":["https:\/\/www.em.com.br\/emfoco\/"],"url":"https:\/\/www.em.com.br\/emfoco\/author\/gabrielmartinsmyth\/"}]}},"_links":{"self":[{"href":"https:\/\/www.em.com.br\/emfoco\/wp-json\/wp\/v2\/posts\/156117","targetHints":{"allow":["GET"]}}],"collection":[{"href":"https:\/\/www.em.com.br\/emfoco\/wp-json\/wp\/v2\/posts"}],"about":[{"href":"https:\/\/www.em.com.br\/emfoco\/wp-json\/wp\/v2\/types\/post"}],"author":[{"embeddable":true,"href":"https:\/\/www.em.com.br\/emfoco\/wp-json\/wp\/v2\/users\/13"}],"replies":[{"embeddable":true,"href":"https:\/\/www.em.com.br\/emfoco\/wp-json\/wp\/v2\/comments?post=156117"}],"version-history":[{"count":1,"href":"https:\/\/www.em.com.br\/emfoco\/wp-json\/wp\/v2\/posts\/156117\/revisions"}],"predecessor-version":[{"id":156166,"href":"https:\/\/www.em.com.br\/emfoco\/wp-json\/wp\/v2\/posts\/156117\/revisions\/156166"}],"wp:featuredmedia":[{"embeddable":true,"href":"https:\/\/www.em.com.br\/emfoco\/wp-json\/wp\/v2\/media\/156163"}],"wp:attachment":[{"href":"https:\/\/www.em.com.br\/emfoco\/wp-json\/wp\/v2\/media?parent=156117"}],"wp:term":[{"taxonomy":"category","embeddable":true,"href":"https:\/\/www.em.com.br\/emfoco\/wp-json\/wp\/v2\/categories?post=156117"},{"taxonomy":"post_tag","embeddable":true,"href":"https:\/\/www.em.com.br\/emfoco\/wp-json\/wp\/v2\/tags?post=156117"}],"curies":[{"name":"wp","href":"https:\/\/api.w.org\/{rel}","templated":true}]}}