{"id":156115,"date":"2026-01-19T10:25:00","date_gmt":"2026-01-19T13:25:00","guid":{"rendered":"https:\/\/www.em.com.br\/emfoco\/?p=156115"},"modified":"2026-01-16T12:39:50","modified_gmt":"2026-01-16T15:39:50","slug":"qual-a-quantidade-ideal-de-carne-vermelha-para-uma-dieta-saudavel-segundo-especialistas-em-nutricao","status":"publish","type":"post","link":"https:\/\/www.em.com.br\/emfoco\/2026\/01\/19\/qual-a-quantidade-ideal-de-carne-vermelha-para-uma-dieta-saudavel-segundo-especialistas-em-nutricao\/","title":{"rendered":"Qual a quantidade ideal de carne vermelha para uma dieta saud\u00e1vel, segundo especialistas em nutri\u00e7\u00e3o?"},"content":{"rendered":"\n<h2 class=\"wp-block-heading\">A carne vermelha fornece prote\u00edna, ferro e vitamina B12, mas requer modera\u00e7\u00e3o. Especialistas indicam at\u00e9 350\u2013500 g semanais, priorizando cortes in natura e evitando processados, que elevam riscos cardiovasculares e metab\u00f3licos.<\/h2>\n\n\n\n<p>A <strong>carne vermelha na dieta<\/strong> segue em debate por reunir nutrientes essenciais e riscos quando consumida em excesso. O consenso cient\u00edfico atual aponta que o benef\u00edcio depende de quantidade, qualidade e preparo, com orienta\u00e7\u00f5es claras de especialistas para manter sa\u00fade metab\u00f3lica e longevidade.<\/p>\n\n\n\n<h2 class=\"wp-block-heading\">Por que a carne vermelha n\u00e3o \u00e9 proibida pela ci\u00eancia?<\/h2>\n\n\n\n<p>A carne vermelha oferece <strong>prote\u00edna de alto valor biol\u00f3gico<\/strong>, ferro e vitamina B12, nutrientes importantes para m\u00fasculos, sangue e energia. Por isso, a ci\u00eancia n\u00e3o recomenda banimento total, mas aten\u00e7\u00e3o ao contexto alimentar e \u00e0 frequ\u00eancia de consumo.<\/p>\n\n\n\n<p>O ponto central est\u00e1 no equil\u00edbrio: quando integrada a um prato variado, com fibras e vegetais, ela pode coexistir com padr\u00f5es saud\u00e1veis. O problema surge quando vira base di\u00e1ria, deslocando <strong>alimentos protetores<\/strong> como leguminosas, frutas e gr\u00e3os integrais.<\/p>\n\n\n\n<figure class=\"wp-block-image size-large\"><img loading=\"lazy\" decoding=\"async\" width=\"1024\" height=\"576\" src=\"https:\/\/www.em.com.br\/emfoco\/wp-content\/uploads\/2026\/01\/AIAI-2-36-1024x576.jpg\" alt=\"Qual a quantidade ideal de carne vermelha para uma dieta saud\u00e1vel, segundo especialistas em nutri\u00e7\u00e3o?\" class=\"wp-image-156152\" srcset=\"https:\/\/www.em.com.br\/emfoco\/wp-content\/uploads\/2026\/01\/AIAI-2-36-1024x576.jpg 1024w, https:\/\/www.em.com.br\/emfoco\/wp-content\/uploads\/2026\/01\/AIAI-2-36-300x169.jpg 300w, https:\/\/www.em.com.br\/emfoco\/wp-content\/uploads\/2026\/01\/AIAI-2-36-768x432.jpg 768w, https:\/\/www.em.com.br\/emfoco\/wp-content\/uploads\/2026\/01\/AIAI-2-36-750x422.jpg 750w, https:\/\/www.em.com.br\/emfoco\/wp-content\/uploads\/2026\/01\/AIAI-2-36-1140x641.jpg 1140w, https:\/\/www.em.com.br\/emfoco\/wp-content\/uploads\/2026\/01\/AIAI-2-36.jpg 1280w\" sizes=\"auto, (max-width: 1024px) 100vw, 1024px\" \/><figcaption class=\"wp-element-caption\">Ci\u00eancia recomenda modera\u00e7\u00e3o, n\u00e3o exclus\u00e3o total, considerando contexto alimentar<\/figcaption><\/figure>\n\n\n\n<h2 class=\"wp-block-heading\">Quais limites semanais os especialistas consideram seguros?<\/h2>\n\n\n\n<p>Pesquisadores destacam que a seguran\u00e7a est\u00e1 ligada \u00e0 quantidade total semanal e ao tipo de carne escolhido. As recomenda\u00e7\u00f5es convergem para faixas moderadas, consideradas mais protetoras \u00e0 sa\u00fade, como voc\u00ea v\u00ea a seguir.<\/p>\n\n\n\n<ul class=\"wp-block-list\">\n<li><strong>Duas por\u00e7\u00f5es por semana<\/strong>, evitando consumo di\u00e1rio.<\/li>\n\n\n\n<li><strong>350 a 500 gramas cozidas<\/strong> no total semanal.<\/li>\n\n\n\n<li><strong>Priorizar cortes in natura<\/strong>, em vez de processados.<\/li>\n<\/ul>\n\n\n\n<h2 class=\"wp-block-heading\">O que dizem Frank Hu e Christopher Gardner sobre riscos?<\/h2>\n\n\n\n<p>O professor <strong>Frank Hu<\/strong>, da <strong><a href=\"https:\/\/hsph.harvard.edu\/\" target=\"_blank\" rel=\"noreferrer noopener\">Harvard T.H. Chan School of Public Health<\/a><\/strong>, destaca que o consumo frequente de carne vermelha eleva o risco de <strong>diabetes tipo 2<\/strong> e doen\u00e7as cardiovasculares, sobretudo quando substitui alimentos ricos em fibras.<\/p>\n\n\n\n<p>J\u00e1 <strong>Christopher Gardner<\/strong>, da Universidade de Stanford, ressalta que a quest\u00e3o \u00e9 o \u201ccusto de oportunidade\u201d no prato: quanto mais carne, menos espa\u00e7o para vegetais. Ele recomenda tratar a carne vermelha como complemento, n\u00e3o como centro da refei\u00e7\u00e3o.<\/p>\n\n\n\n<figure class=\"wp-block-image size-large\"><img loading=\"lazy\" decoding=\"async\" width=\"1024\" height=\"576\" src=\"https:\/\/www.em.com.br\/emfoco\/wp-content\/uploads\/2026\/01\/AIAI-3-34-1024x576.jpg\" alt=\"Qual a quantidade ideal de carne vermelha para uma dieta saud\u00e1vel, segundo especialistas em nutri\u00e7\u00e3o?\" class=\"wp-image-156154\" srcset=\"https:\/\/www.em.com.br\/emfoco\/wp-content\/uploads\/2026\/01\/AIAI-3-34-1024x576.jpg 1024w, https:\/\/www.em.com.br\/emfoco\/wp-content\/uploads\/2026\/01\/AIAI-3-34-300x169.jpg 300w, https:\/\/www.em.com.br\/emfoco\/wp-content\/uploads\/2026\/01\/AIAI-3-34-768x432.jpg 768w, https:\/\/www.em.com.br\/emfoco\/wp-content\/uploads\/2026\/01\/AIAI-3-34-750x422.jpg 750w, https:\/\/www.em.com.br\/emfoco\/wp-content\/uploads\/2026\/01\/AIAI-3-34-1140x641.jpg 1140w, https:\/\/www.em.com.br\/emfoco\/wp-content\/uploads\/2026\/01\/AIAI-3-34.jpg 1280w\" sizes=\"auto, (max-width: 1024px) 100vw, 1024px\" \/><figcaption class=\"wp-element-caption\">Carnes processadas elevam inflama\u00e7\u00e3o, s\u00f3dio e risco de c\u00e2ncer<\/figcaption><\/figure>\n\n\n\n<p><em>Leia mais: <em><strong><a href=\"https:\/\/www.em.com.br\/emfoco\/2026\/01\/13\/a-fruta-exotica-que-regula-o-intestino-e-fortalece-a-saude\/\" target=\"_blank\" rel=\"noreferrer noopener\">A fruta ex\u00f3tica que regula o intestino e fortalece a sa\u00fade<\/a><\/strong><\/em><\/em><\/p>\n\n\n\n<h2 class=\"wp-block-heading\">Por que carnes processadas s\u00e3o o maior problema?<\/h2>\n\n\n\n<p>O consenso cient\u00edfico \u00e9 mais duro com embutidos, pois eles concentram compostos prejudiciais \u00e0 sa\u00fade. O alerta \u00e9 refor\u00e7ado por especialistas em pesquisa cl\u00ednica e sa\u00fade p\u00fablica, como indicado nos pontos abaixo.<\/p>\n\n\n\n<ul class=\"wp-block-list\">\n<li><strong>Nitratos e nitritos<\/strong> associados a c\u00e2ncer colorretal.<\/li>\n\n\n\n<li><strong>S\u00f3dio elevado<\/strong> que agrava press\u00e3o arterial.<\/li>\n\n\n\n<li><strong>Processamento intenso<\/strong> que aumenta inflama\u00e7\u00e3o.<\/li>\n<\/ul>\n\n\n\n<h2 class=\"wp-block-heading\">Como consumir carne vermelha de forma consciente?<\/h2>\n\n\n\n<p>A orienta\u00e7\u00e3o pr\u00e1tica \u00e9 reduzir frequ\u00eancia, escolher <strong>cortes magros<\/strong> e adotar m\u00e9todos de preparo mais suaves, como cozimento e assados em temperatura moderada, evitando carboniza\u00e7\u00e3o que gera compostos nocivos.<\/p>\n\n\n\n<p>Combinar a carne com grandes por\u00e7\u00f5es de <strong>vegetais fibrosos<\/strong> ajuda a mitigar impactos metab\u00f3licos. Assim, mant\u00e9m-se a ingest\u00e3o de ferro e B12 enquanto se reduzem riscos cr\u00f4nicos, priorizando diversidade e equil\u00edbrio no prato.<\/p>\n","protected":false},"excerpt":{"rendered":"<p>A carne vermelha fornece prote\u00edna, ferro e vitamina B12, mas requer modera\u00e7\u00e3o. Especialistas indicam at\u00e9 350\u2013500 g semanais, priorizando cortes in natura e evitando processados, que elevam riscos cardiovasculares e metab\u00f3licos. A carne vermelha na dieta segue em debate por reunir nutrientes essenciais e riscos quando consumida em excesso. O consenso cient\u00edfico atual aponta que [&hellip;]<\/p>\n","protected":false},"author":13,"featured_media":156151,"comment_status":"open","ping_status":"open","sticky":false,"template":"","format":"standard","meta":{"jnews-multi-image_gallery":[],"jnews_single_post":{"format":"standard"},"jnews_primary_category":[],"jnews_social_meta":[],"jnews_override_counter":[],"footnotes":""},"categories":[9053],"tags":[16141,2577,5106],"class_list":["post-156115","post","type-post","status-publish","format-standard","has-post-thumbnail","hentry","category-saude","tag-carne-vermelha","tag-dieta","tag-proteinas"],"yoast_head":"<!-- This site is optimized with the Yoast SEO plugin v23.8 - https:\/\/yoast.com\/wordpress\/plugins\/seo\/ -->\n<title>Qual a quantidade ideal de carne vermelha para uma dieta saud\u00e1vel, segundo especialistas em nutri\u00e7\u00e3o? - Estado de Minas - Em foco<\/title>\n<meta name=\"description\" content=\"A carne vermelha pode fazer parte da dieta com equil\u00edbrio, cortes magros, preparo leve e mais vegetais no prato para reduzir riscos.\" \/>\n<meta name=\"robots\" content=\"index, follow, max-snippet:-1, max-image-preview:large, max-video-preview:-1\" \/>\n<link rel=\"canonical\" href=\"https:\/\/www.em.com.br\/emfoco\/2026\/01\/19\/qual-a-quantidade-ideal-de-carne-vermelha-para-uma-dieta-saudavel-segundo-especialistas-em-nutricao\/\" \/>\n<meta property=\"og:locale\" content=\"pt_BR\" \/>\n<meta property=\"og:type\" content=\"article\" \/>\n<meta property=\"og:title\" content=\"Qual a quantidade ideal de carne vermelha para uma dieta saud\u00e1vel, segundo especialistas em nutri\u00e7\u00e3o? - Estado de Minas - Em foco\" \/>\n<meta property=\"og:description\" content=\"A carne vermelha pode fazer parte da dieta com equil\u00edbrio, cortes magros, preparo leve e mais vegetais no prato para reduzir riscos.\" \/>\n<meta property=\"og:url\" content=\"https:\/\/www.em.com.br\/emfoco\/2026\/01\/19\/qual-a-quantidade-ideal-de-carne-vermelha-para-uma-dieta-saudavel-segundo-especialistas-em-nutricao\/\" \/>\n<meta property=\"og:site_name\" content=\"Estado de Minas - Em foco\" \/>\n<meta property=\"article:published_time\" content=\"2026-01-19T13:25:00+00:00\" \/>\n<meta property=\"article:modified_time\" content=\"2026-01-16T15:39:50+00:00\" \/>\n<meta property=\"og:image\" content=\"https:\/\/www.em.com.br\/emfoco\/wp-content\/uploads\/2026\/01\/AIAI-1-38.jpg\" \/>\n\t<meta property=\"og:image:width\" content=\"1280\" \/>\n\t<meta property=\"og:image:height\" content=\"720\" \/>\n\t<meta property=\"og:image:type\" content=\"image\/jpeg\" \/>\n<meta name=\"author\" content=\"Gabriel Martins\" \/>\n<meta name=\"twitter:card\" content=\"summary_large_image\" \/>\n<meta name=\"twitter:label1\" content=\"Escrito por\" \/>\n\t<meta name=\"twitter:data1\" content=\"Gabriel Martins\" \/>\n\t<meta name=\"twitter:label2\" content=\"Est. tempo de leitura\" \/>\n\t<meta name=\"twitter:data2\" content=\"4 minutos\" \/>\n<!-- \/ Yoast SEO plugin. -->","yoast_head_json":{"title":"Qual a quantidade ideal de carne vermelha para uma dieta saud\u00e1vel, segundo especialistas em nutri\u00e7\u00e3o? - Estado de Minas - Em foco","description":"A carne vermelha pode fazer parte da dieta com equil\u00edbrio, cortes magros, preparo leve e mais vegetais no prato para reduzir riscos.","robots":{"index":"index","follow":"follow","max-snippet":"max-snippet:-1","max-image-preview":"max-image-preview:large","max-video-preview":"max-video-preview:-1"},"canonical":"https:\/\/www.em.com.br\/emfoco\/2026\/01\/19\/qual-a-quantidade-ideal-de-carne-vermelha-para-uma-dieta-saudavel-segundo-especialistas-em-nutricao\/","og_locale":"pt_BR","og_type":"article","og_title":"Qual a quantidade ideal de carne vermelha para uma dieta saud\u00e1vel, segundo especialistas em nutri\u00e7\u00e3o? - Estado de Minas - Em foco","og_description":"A carne vermelha pode fazer parte da dieta com equil\u00edbrio, cortes magros, preparo leve e mais vegetais no prato para reduzir riscos.","og_url":"https:\/\/www.em.com.br\/emfoco\/2026\/01\/19\/qual-a-quantidade-ideal-de-carne-vermelha-para-uma-dieta-saudavel-segundo-especialistas-em-nutricao\/","og_site_name":"Estado de Minas - Em foco","article_published_time":"2026-01-19T13:25:00+00:00","article_modified_time":"2026-01-16T15:39:50+00:00","og_image":[{"width":1280,"height":720,"url":"https:\/\/www.em.com.br\/emfoco\/wp-content\/uploads\/2026\/01\/AIAI-1-38.jpg","type":"image\/jpeg"}],"author":"Gabriel Martins","twitter_card":"summary_large_image","twitter_misc":{"Escrito por":"Gabriel Martins","Est. tempo de leitura":"4 minutos"},"schema":{"@context":"https:\/\/schema.org","@graph":[{"@type":"WebPage","@id":"https:\/\/www.em.com.br\/emfoco\/2026\/01\/19\/qual-a-quantidade-ideal-de-carne-vermelha-para-uma-dieta-saudavel-segundo-especialistas-em-nutricao\/","url":"https:\/\/www.em.com.br\/emfoco\/2026\/01\/19\/qual-a-quantidade-ideal-de-carne-vermelha-para-uma-dieta-saudavel-segundo-especialistas-em-nutricao\/","name":"Qual a quantidade ideal de carne vermelha para uma dieta saud\u00e1vel, segundo especialistas em nutri\u00e7\u00e3o? - Estado de Minas - Em foco","isPartOf":{"@id":"https:\/\/www.em.com.br\/emfoco\/#website"},"primaryImageOfPage":{"@id":"https:\/\/www.em.com.br\/emfoco\/2026\/01\/19\/qual-a-quantidade-ideal-de-carne-vermelha-para-uma-dieta-saudavel-segundo-especialistas-em-nutricao\/#primaryimage"},"image":{"@id":"https:\/\/www.em.com.br\/emfoco\/2026\/01\/19\/qual-a-quantidade-ideal-de-carne-vermelha-para-uma-dieta-saudavel-segundo-especialistas-em-nutricao\/#primaryimage"},"thumbnailUrl":"https:\/\/www.em.com.br\/emfoco\/wp-content\/uploads\/2026\/01\/AIAI-1-38.jpg","datePublished":"2026-01-19T13:25:00+00:00","dateModified":"2026-01-16T15:39:50+00:00","author":{"@id":"https:\/\/www.em.com.br\/emfoco\/#\/schema\/person\/1c9ddeab18b98abeffef834667bcf08a"},"description":"A carne vermelha pode fazer parte da dieta com equil\u00edbrio, cortes magros, preparo leve e mais vegetais no prato para reduzir riscos.","breadcrumb":{"@id":"https:\/\/www.em.com.br\/emfoco\/2026\/01\/19\/qual-a-quantidade-ideal-de-carne-vermelha-para-uma-dieta-saudavel-segundo-especialistas-em-nutricao\/#breadcrumb"},"inLanguage":"pt-BR","potentialAction":[{"@type":"ReadAction","target":["https:\/\/www.em.com.br\/emfoco\/2026\/01\/19\/qual-a-quantidade-ideal-de-carne-vermelha-para-uma-dieta-saudavel-segundo-especialistas-em-nutricao\/"]}]},{"@type":"ImageObject","inLanguage":"pt-BR","@id":"https:\/\/www.em.com.br\/emfoco\/2026\/01\/19\/qual-a-quantidade-ideal-de-carne-vermelha-para-uma-dieta-saudavel-segundo-especialistas-em-nutricao\/#primaryimage","url":"https:\/\/www.em.com.br\/emfoco\/wp-content\/uploads\/2026\/01\/AIAI-1-38.jpg","contentUrl":"https:\/\/www.em.com.br\/emfoco\/wp-content\/uploads\/2026\/01\/AIAI-1-38.jpg","width":1280,"height":720,"caption":"Consumo consciente de carne vermelha equilibra nutrientes essenciais e riscos"},{"@type":"BreadcrumbList","@id":"https:\/\/www.em.com.br\/emfoco\/2026\/01\/19\/qual-a-quantidade-ideal-de-carne-vermelha-para-uma-dieta-saudavel-segundo-especialistas-em-nutricao\/#breadcrumb","itemListElement":[{"@type":"ListItem","position":1,"name":"In\u00edcio","item":"https:\/\/www.em.com.br\/emfoco\/"},{"@type":"ListItem","position":2,"name":"Qual a quantidade ideal de carne vermelha para uma dieta saud\u00e1vel, segundo especialistas em nutri\u00e7\u00e3o?"}]},{"@type":"WebSite","@id":"https:\/\/www.em.com.br\/emfoco\/#website","url":"https:\/\/www.em.com.br\/emfoco\/","name":"Estado de Minas - Em foco","description":"Acompanhe as \u00faltimas not\u00edcias e fique bem informado sobre tudo o que acontece em Minas Gerais, Brasil e no mundo.","potentialAction":[{"@type":"SearchAction","target":{"@type":"EntryPoint","urlTemplate":"https:\/\/www.em.com.br\/emfoco\/?s={search_term_string}"},"query-input":{"@type":"PropertyValueSpecification","valueRequired":true,"valueName":"search_term_string"}}],"inLanguage":"pt-BR"},{"@type":"Person","@id":"https:\/\/www.em.com.br\/emfoco\/#\/schema\/person\/1c9ddeab18b98abeffef834667bcf08a","name":"Gabriel Martins","image":{"@type":"ImageObject","inLanguage":"pt-BR","@id":"https:\/\/www.em.com.br\/emfoco\/#\/schema\/person\/image\/","url":"https:\/\/secure.gravatar.com\/avatar\/f0f1e2efdfd88f1ad2cb08c5c2731e50?s=96&d=mm&r=g","contentUrl":"https:\/\/secure.gravatar.com\/avatar\/f0f1e2efdfd88f1ad2cb08c5c2731e50?s=96&d=mm&r=g","caption":"Gabriel Martins"},"sameAs":["https:\/\/www.em.com.br\/emfoco\/"],"url":"https:\/\/www.em.com.br\/emfoco\/author\/gabrielmartinsmyth\/"}]}},"_links":{"self":[{"href":"https:\/\/www.em.com.br\/emfoco\/wp-json\/wp\/v2\/posts\/156115","targetHints":{"allow":["GET"]}}],"collection":[{"href":"https:\/\/www.em.com.br\/emfoco\/wp-json\/wp\/v2\/posts"}],"about":[{"href":"https:\/\/www.em.com.br\/emfoco\/wp-json\/wp\/v2\/types\/post"}],"author":[{"embeddable":true,"href":"https:\/\/www.em.com.br\/emfoco\/wp-json\/wp\/v2\/users\/13"}],"replies":[{"embeddable":true,"href":"https:\/\/www.em.com.br\/emfoco\/wp-json\/wp\/v2\/comments?post=156115"}],"version-history":[{"count":1,"href":"https:\/\/www.em.com.br\/emfoco\/wp-json\/wp\/v2\/posts\/156115\/revisions"}],"predecessor-version":[{"id":156156,"href":"https:\/\/www.em.com.br\/emfoco\/wp-json\/wp\/v2\/posts\/156115\/revisions\/156156"}],"wp:featuredmedia":[{"embeddable":true,"href":"https:\/\/www.em.com.br\/emfoco\/wp-json\/wp\/v2\/media\/156151"}],"wp:attachment":[{"href":"https:\/\/www.em.com.br\/emfoco\/wp-json\/wp\/v2\/media?parent=156115"}],"wp:term":[{"taxonomy":"category","embeddable":true,"href":"https:\/\/www.em.com.br\/emfoco\/wp-json\/wp\/v2\/categories?post=156115"},{"taxonomy":"post_tag","embeddable":true,"href":"https:\/\/www.em.com.br\/emfoco\/wp-json\/wp\/v2\/tags?post=156115"}],"curies":[{"name":"wp","href":"https:\/\/api.w.org\/{rel}","templated":true}]}}