{"id":156114,"date":"2026-01-19T07:55:00","date_gmt":"2026-01-19T10:55:00","guid":{"rendered":"https:\/\/www.em.com.br\/emfoco\/?p=156114"},"modified":"2026-01-16T12:36:35","modified_gmt":"2026-01-16T15:36:35","slug":"conheca-os-beneficios-do-suco-verde-e-como-incluir-na-sua-dieta-diaria","status":"publish","type":"post","link":"https:\/\/www.em.com.br\/emfoco\/2026\/01\/19\/conheca-os-beneficios-do-suco-verde-e-como-incluir-na-sua-dieta-diaria\/","title":{"rendered":"Conhe\u00e7a os benef\u00edcios do suco verde e como incluir na sua dieta di\u00e1ria"},"content":{"rendered":"\n<h2 class=\"wp-block-heading\">O suco verde fornece antioxidantes, polifen\u00f3is e minerais que apoiam metabolismo, circula\u00e7\u00e3o e equil\u00edbrio glic\u00eamico. Estudos indicam melhora da fun\u00e7\u00e3o vascular e sensibilidade \u00e0 insulina quando usado como complemento nutricional.<\/h2>\n\n\n\n<p>O <strong>suco verde<\/strong> consolidou-se em 2026 como uma estrat\u00e9gia nutricional eficiente, indo al\u00e9m da antiga promessa detox. A bebida concentra micronutrientes, antioxidantes e compostos bioativos que auxiliam fun\u00e7\u00f5es metab\u00f3licas, cardiovasculares e celulares de forma complementar.<\/p>\n\n\n\n<h2 class=\"wp-block-heading\">Por que o suco verde vai al\u00e9m da ideia de desintoxica\u00e7\u00e3o?<\/h2>\n\n\n\n<p>O papel do <strong>suco verde na dieta<\/strong> n\u00e3o \u00e9 substituir f\u00edgado ou rins, mas fornecer flavonoides, polifen\u00f3is e minerais essenciais. Esses compostos funcionam como suporte qu\u00edmico para que os processos naturais de equil\u00edbrio e elimina\u00e7\u00e3o ocorram com maior efici\u00eancia.<\/p>\n\n\n\n<p>Especialistas em nutrologia explicam que o conceito de detox deve ser entendido como apoio nutricional. Ao fornecer antioxidantes espec\u00edficos, o suco contribui para as fases metab\u00f3licas do f\u00edgado sem criar falsas expectativas de \u201climpeza\u201d instant\u00e2nea.<\/p>\n\n\n\n<figure class=\"wp-block-image size-large\"><img loading=\"lazy\" decoding=\"async\" width=\"1024\" height=\"576\" src=\"https:\/\/www.em.com.br\/emfoco\/wp-content\/uploads\/2026\/01\/AIAI-16-5-1024x576.jpg\" alt=\"Conhe\u00e7a os benef\u00edcios do suco verde e como incluir na sua dieta di\u00e1ria\" class=\"wp-image-156148\" srcset=\"https:\/\/www.em.com.br\/emfoco\/wp-content\/uploads\/2026\/01\/AIAI-16-5-1024x576.jpg 1024w, https:\/\/www.em.com.br\/emfoco\/wp-content\/uploads\/2026\/01\/AIAI-16-5-300x169.jpg 300w, https:\/\/www.em.com.br\/emfoco\/wp-content\/uploads\/2026\/01\/AIAI-16-5-768x432.jpg 768w, https:\/\/www.em.com.br\/emfoco\/wp-content\/uploads\/2026\/01\/AIAI-16-5-750x422.jpg 750w, https:\/\/www.em.com.br\/emfoco\/wp-content\/uploads\/2026\/01\/AIAI-16-5-1140x641.jpg 1140w, https:\/\/www.em.com.br\/emfoco\/wp-content\/uploads\/2026\/01\/AIAI-16-5.jpg 1280w\" sizes=\"auto, (max-width: 1024px) 100vw, 1024px\" \/><figcaption class=\"wp-element-caption\">Suco verde atua como suporte nutricional, n\u00e3o como detox milagroso<\/figcaption><\/figure>\n\n\n\n<h2 class=\"wp-block-heading\">Quais s\u00e3o os principais benef\u00edcios nutricionais do suco verde?<\/h2>\n\n\n\n<p>A combina\u00e7\u00e3o de folhas, ra\u00edzes e frutas de baixo \u00edndice glic\u00eamico transforma o <strong>suco verde funcional<\/strong> em um concentrado de benef\u00edcios sist\u00eamicos. Entre os efeitos mais citados por estudos nutricionais, destacam-se os seguintes.<\/p>\n\n\n\n<ul class=\"wp-block-list\">\n<li>Acelera\u00e7\u00e3o metab\u00f3lica: gengibre e clorofila auxiliam a termog\u00eanese e a oxigena\u00e7\u00e3o celular.<\/li>\n\n\n\n<li>Regula\u00e7\u00e3o da glicemia: pepino e aipo ajudam a reduzir picos de insulina.<\/li>\n\n\n\n<li>Sa\u00fade cardiovascular: nitratos naturais favorecem a dilata\u00e7\u00e3o dos vasos.<\/li>\n<\/ul>\n\n\n\n<p><em>Leia mais: <strong><em><strong><a href=\"https:\/\/www.em.com.br\/emfoco\/2026\/01\/13\/a-fruta-exotica-que-regula-o-intestino-e-fortalece-a-saude\/\" target=\"_blank\" rel=\"noreferrer noopener\">A fruta ex\u00f3tica que regula o intestino e fortalece a sa\u00fade<\/a><\/strong><\/em><\/strong><\/em><\/p>\n\n\n\n<h2 class=\"wp-block-heading\">O que dizem os estudos sobre metabolismo e cora\u00e7\u00e3o?<\/h2>\n\n\n\n<p>Segundo a cardiologista <strong>Dra. Padma Shenoy<\/strong>, especialista em sa\u00fade vascular, sucos ricos em nitratos provenientes de folhas como espinafre e r\u00facula estimulam a produ\u00e7\u00e3o de \u00f3xido n\u00edtrico, melhorando a circula\u00e7\u00e3o e reduzindo a sobrecarga card\u00edaca.<\/p>\n\n\n\n<p>Pesquisas citadas pelo peri\u00f3dico <strong><a href=\"https:\/\/www.nature.com\/natmetab\/\" target=\"_blank\" rel=\"noreferrer noopener\">Nature Metabolism<\/a><\/strong> indicam que polifen\u00f3is presentes em vegetais crus tamb\u00e9m favorecem a sensibilidade \u00e0 insulina, tornando o consumo relevante para adultos acima de 50 anos e pessoas com risco metab\u00f3lico.<\/p>\n\n\n\n<figure class=\"wp-block-image size-large\"><img loading=\"lazy\" decoding=\"async\" width=\"1024\" height=\"576\" src=\"https:\/\/www.em.com.br\/emfoco\/wp-content\/uploads\/2026\/01\/AIAI-52-1024x576.jpg\" alt=\"Conhe\u00e7a os benef\u00edcios do suco verde e como incluir na sua dieta di\u00e1ria\" class=\"wp-image-156149\" srcset=\"https:\/\/www.em.com.br\/emfoco\/wp-content\/uploads\/2026\/01\/AIAI-52-1024x576.jpg 1024w, https:\/\/www.em.com.br\/emfoco\/wp-content\/uploads\/2026\/01\/AIAI-52-300x169.jpg 300w, https:\/\/www.em.com.br\/emfoco\/wp-content\/uploads\/2026\/01\/AIAI-52-768x432.jpg 768w, https:\/\/www.em.com.br\/emfoco\/wp-content\/uploads\/2026\/01\/AIAI-52-750x422.jpg 750w, https:\/\/www.em.com.br\/emfoco\/wp-content\/uploads\/2026\/01\/AIAI-52-1140x641.jpg 1140w, https:\/\/www.em.com.br\/emfoco\/wp-content\/uploads\/2026\/01\/AIAI-52.jpg 1280w\" sizes=\"auto, (max-width: 1024px) 100vw, 1024px\" \/><figcaption class=\"wp-element-caption\">Nitratos e polifen\u00f3is melhoram circula\u00e7\u00e3o e sensibilidade \u00e0 insulina<\/figcaption><\/figure>\n\n\n\n<h2 class=\"wp-block-heading\">Como preparar o suco verde de forma segura e eficiente?<\/h2>\n\n\n\n<p>Para extrair o m\u00e1ximo do <strong>suco verde saud\u00e1vel<\/strong>, especialistas recomendam aten\u00e7\u00e3o ao preparo e ao consumo. Institui\u00e7\u00f5es como a <strong>American Diabetes Association<\/strong> e a <strong>Mayo Clinic <\/strong>refor\u00e7am pr\u00e1ticas simples que aumentam os benef\u00edcios, como mostrado a seguir.<\/p>\n\n\n\n<ul class=\"wp-block-list\">\n<li>N\u00e3o coar o suco: preservar as fibras ajuda no controle glic\u00eamico e intestinal.<\/li>\n\n\n\n<li>Propor\u00e7\u00e3o correta: tr\u00eas partes de vegetais para uma de fruta mant\u00eam baixa carga glic\u00eamica.<\/li>\n\n\n\n<li>Consumo imediato: beber logo ap\u00f3s o preparo evita perda de antioxidantes.<\/li>\n<\/ul>\n\n\n\n<h2 class=\"wp-block-heading\">O suco verde pode substituir refei\u00e7\u00f5es no dia a dia?<\/h2>\n\n\n\n<p>Relat\u00f3rios da <strong>Mayo Clinic<\/strong> alertam que o suco verde n\u00e3o deve substituir refei\u00e7\u00f5es principais, pois n\u00e3o fornece prote\u00ednas e gorduras essenciais para manuten\u00e7\u00e3o muscular e equil\u00edbrio hormonal ao longo do dia.<\/p>\n\n\n\n<p>Quando usado como complemento, o suco torna-se uma ferramenta pr\u00e1tica de hidrata\u00e7\u00e3o e aporte de micronutrientes. Integrado a uma rotina alimentar equilibrada, ele refor\u00e7a o bem-estar, o controle metab\u00f3lico e a sa\u00fade a longo prazo.<\/p>\n","protected":false},"excerpt":{"rendered":"<p>O suco verde fornece antioxidantes, polifen\u00f3is e minerais que apoiam metabolismo, circula\u00e7\u00e3o e equil\u00edbrio glic\u00eamico. Estudos indicam melhora da fun\u00e7\u00e3o vascular e sensibilidade \u00e0 insulina quando usado como complemento nutricional. O suco verde consolidou-se em 2026 como uma estrat\u00e9gia nutricional eficiente, indo al\u00e9m da antiga promessa detox. A bebida concentra micronutrientes, antioxidantes e compostos bioativos [&hellip;]<\/p>\n","protected":false},"author":13,"featured_media":156146,"comment_status":"open","ping_status":"open","sticky":false,"template":"","format":"standard","meta":{"jnews-multi-image_gallery":[],"jnews_single_post":{"format":"standard"},"jnews_primary_category":[],"jnews_social_meta":[],"jnews_override_counter":[],"footnotes":""},"categories":[9053],"tags":[12650,2577,8087],"class_list":["post-156114","post","type-post","status-publish","format-standard","has-post-thumbnail","hentry","category-saude","tag-detox","tag-dieta","tag-suco-verde"],"yoast_head":"<!-- This site is optimized with the Yoast SEO plugin v23.8 - https:\/\/yoast.com\/wordpress\/plugins\/seo\/ -->\n<title>Conhe\u00e7a os benef\u00edcios do suco verde e como incluir na sua dieta di\u00e1ria - Estado de Minas - Em foco<\/title>\n<meta name=\"description\" content=\"Suco verde n\u00e3o desintoxica, mas apoia fun\u00e7\u00f5es do f\u00edgado, metabolismo e circula\u00e7\u00e3o com fibras antioxidantes e compostos bioativos reais.\" \/>\n<meta name=\"robots\" content=\"index, follow, max-snippet:-1, max-image-preview:large, max-video-preview:-1\" \/>\n<link rel=\"canonical\" href=\"https:\/\/www.em.com.br\/emfoco\/2026\/01\/19\/conheca-os-beneficios-do-suco-verde-e-como-incluir-na-sua-dieta-diaria\/\" \/>\n<meta property=\"og:locale\" content=\"pt_BR\" \/>\n<meta property=\"og:type\" content=\"article\" \/>\n<meta property=\"og:title\" content=\"Conhe\u00e7a os benef\u00edcios do suco verde e como incluir na sua dieta di\u00e1ria - Estado de Minas - Em foco\" \/>\n<meta property=\"og:description\" content=\"Suco verde n\u00e3o desintoxica, mas apoia fun\u00e7\u00f5es do f\u00edgado, metabolismo e circula\u00e7\u00e3o com fibras antioxidantes e compostos bioativos reais.\" \/>\n<meta property=\"og:url\" content=\"https:\/\/www.em.com.br\/emfoco\/2026\/01\/19\/conheca-os-beneficios-do-suco-verde-e-como-incluir-na-sua-dieta-diaria\/\" \/>\n<meta property=\"og:site_name\" content=\"Estado de Minas - Em foco\" \/>\n<meta property=\"article:published_time\" content=\"2026-01-19T10:55:00+00:00\" \/>\n<meta property=\"article:modified_time\" content=\"2026-01-16T15:36:35+00:00\" \/>\n<meta property=\"og:image\" content=\"https:\/\/www.em.com.br\/emfoco\/wp-content\/uploads\/2026\/01\/AIAI-15-6.jpg\" \/>\n\t<meta property=\"og:image:width\" content=\"1280\" \/>\n\t<meta property=\"og:image:height\" content=\"720\" \/>\n\t<meta property=\"og:image:type\" content=\"image\/jpeg\" \/>\n<meta name=\"author\" content=\"Gabriel Martins\" \/>\n<meta name=\"twitter:card\" content=\"summary_large_image\" \/>\n<meta name=\"twitter:label1\" content=\"Escrito por\" \/>\n\t<meta name=\"twitter:data1\" content=\"Gabriel Martins\" \/>\n\t<meta name=\"twitter:label2\" content=\"Est. tempo de leitura\" \/>\n\t<meta name=\"twitter:data2\" content=\"4 minutos\" \/>\n<!-- \/ Yoast SEO plugin. -->","yoast_head_json":{"title":"Conhe\u00e7a os benef\u00edcios do suco verde e como incluir na sua dieta di\u00e1ria - Estado de Minas - Em foco","description":"Suco verde n\u00e3o desintoxica, mas apoia fun\u00e7\u00f5es do f\u00edgado, metabolismo e circula\u00e7\u00e3o com fibras antioxidantes e compostos bioativos reais.","robots":{"index":"index","follow":"follow","max-snippet":"max-snippet:-1","max-image-preview":"max-image-preview:large","max-video-preview":"max-video-preview:-1"},"canonical":"https:\/\/www.em.com.br\/emfoco\/2026\/01\/19\/conheca-os-beneficios-do-suco-verde-e-como-incluir-na-sua-dieta-diaria\/","og_locale":"pt_BR","og_type":"article","og_title":"Conhe\u00e7a os benef\u00edcios do suco verde e como incluir na sua dieta di\u00e1ria - Estado de Minas - Em foco","og_description":"Suco verde n\u00e3o desintoxica, mas apoia fun\u00e7\u00f5es do f\u00edgado, metabolismo e circula\u00e7\u00e3o com fibras antioxidantes e compostos bioativos reais.","og_url":"https:\/\/www.em.com.br\/emfoco\/2026\/01\/19\/conheca-os-beneficios-do-suco-verde-e-como-incluir-na-sua-dieta-diaria\/","og_site_name":"Estado de Minas - Em foco","article_published_time":"2026-01-19T10:55:00+00:00","article_modified_time":"2026-01-16T15:36:35+00:00","og_image":[{"width":1280,"height":720,"url":"https:\/\/www.em.com.br\/emfoco\/wp-content\/uploads\/2026\/01\/AIAI-15-6.jpg","type":"image\/jpeg"}],"author":"Gabriel Martins","twitter_card":"summary_large_image","twitter_misc":{"Escrito por":"Gabriel Martins","Est. tempo de leitura":"4 minutos"},"schema":{"@context":"https:\/\/schema.org","@graph":[{"@type":"WebPage","@id":"https:\/\/www.em.com.br\/emfoco\/2026\/01\/19\/conheca-os-beneficios-do-suco-verde-e-como-incluir-na-sua-dieta-diaria\/","url":"https:\/\/www.em.com.br\/emfoco\/2026\/01\/19\/conheca-os-beneficios-do-suco-verde-e-como-incluir-na-sua-dieta-diaria\/","name":"Conhe\u00e7a os benef\u00edcios do suco verde e como incluir na sua dieta di\u00e1ria - Estado de Minas - Em foco","isPartOf":{"@id":"https:\/\/www.em.com.br\/emfoco\/#website"},"primaryImageOfPage":{"@id":"https:\/\/www.em.com.br\/emfoco\/2026\/01\/19\/conheca-os-beneficios-do-suco-verde-e-como-incluir-na-sua-dieta-diaria\/#primaryimage"},"image":{"@id":"https:\/\/www.em.com.br\/emfoco\/2026\/01\/19\/conheca-os-beneficios-do-suco-verde-e-como-incluir-na-sua-dieta-diaria\/#primaryimage"},"thumbnailUrl":"https:\/\/www.em.com.br\/emfoco\/wp-content\/uploads\/2026\/01\/AIAI-15-6.jpg","datePublished":"2026-01-19T10:55:00+00:00","dateModified":"2026-01-16T15:36:35+00:00","author":{"@id":"https:\/\/www.em.com.br\/emfoco\/#\/schema\/person\/1c9ddeab18b98abeffef834667bcf08a"},"description":"Suco verde n\u00e3o desintoxica, mas apoia fun\u00e7\u00f5es do f\u00edgado, metabolismo e circula\u00e7\u00e3o com fibras antioxidantes e compostos bioativos reais.","breadcrumb":{"@id":"https:\/\/www.em.com.br\/emfoco\/2026\/01\/19\/conheca-os-beneficios-do-suco-verde-e-como-incluir-na-sua-dieta-diaria\/#breadcrumb"},"inLanguage":"pt-BR","potentialAction":[{"@type":"ReadAction","target":["https:\/\/www.em.com.br\/emfoco\/2026\/01\/19\/conheca-os-beneficios-do-suco-verde-e-como-incluir-na-sua-dieta-diaria\/"]}]},{"@type":"ImageObject","inLanguage":"pt-BR","@id":"https:\/\/www.em.com.br\/emfoco\/2026\/01\/19\/conheca-os-beneficios-do-suco-verde-e-como-incluir-na-sua-dieta-diaria\/#primaryimage","url":"https:\/\/www.em.com.br\/emfoco\/wp-content\/uploads\/2026\/01\/AIAI-15-6.jpg","contentUrl":"https:\/\/www.em.com.br\/emfoco\/wp-content\/uploads\/2026\/01\/AIAI-15-6.jpg","width":1280,"height":720,"caption":"Suco verde fornece micronutrientes que apoiam metabolismo, circula\u00e7\u00e3o e fun\u00e7\u00f5es celulares"},{"@type":"BreadcrumbList","@id":"https:\/\/www.em.com.br\/emfoco\/2026\/01\/19\/conheca-os-beneficios-do-suco-verde-e-como-incluir-na-sua-dieta-diaria\/#breadcrumb","itemListElement":[{"@type":"ListItem","position":1,"name":"In\u00edcio","item":"https:\/\/www.em.com.br\/emfoco\/"},{"@type":"ListItem","position":2,"name":"Conhe\u00e7a os benef\u00edcios do suco verde e como incluir na sua dieta di\u00e1ria"}]},{"@type":"WebSite","@id":"https:\/\/www.em.com.br\/emfoco\/#website","url":"https:\/\/www.em.com.br\/emfoco\/","name":"Estado de Minas - Em foco","description":"Acompanhe as \u00faltimas not\u00edcias e fique bem informado sobre tudo o que acontece em Minas Gerais, Brasil e no mundo.","potentialAction":[{"@type":"SearchAction","target":{"@type":"EntryPoint","urlTemplate":"https:\/\/www.em.com.br\/emfoco\/?s={search_term_string}"},"query-input":{"@type":"PropertyValueSpecification","valueRequired":true,"valueName":"search_term_string"}}],"inLanguage":"pt-BR"},{"@type":"Person","@id":"https:\/\/www.em.com.br\/emfoco\/#\/schema\/person\/1c9ddeab18b98abeffef834667bcf08a","name":"Gabriel Martins","image":{"@type":"ImageObject","inLanguage":"pt-BR","@id":"https:\/\/www.em.com.br\/emfoco\/#\/schema\/person\/image\/","url":"https:\/\/secure.gravatar.com\/avatar\/f0f1e2efdfd88f1ad2cb08c5c2731e50?s=96&d=mm&r=g","contentUrl":"https:\/\/secure.gravatar.com\/avatar\/f0f1e2efdfd88f1ad2cb08c5c2731e50?s=96&d=mm&r=g","caption":"Gabriel Martins"},"sameAs":["https:\/\/www.em.com.br\/emfoco\/"],"url":"https:\/\/www.em.com.br\/emfoco\/author\/gabrielmartinsmyth\/"}]}},"_links":{"self":[{"href":"https:\/\/www.em.com.br\/emfoco\/wp-json\/wp\/v2\/posts\/156114","targetHints":{"allow":["GET"]}}],"collection":[{"href":"https:\/\/www.em.com.br\/emfoco\/wp-json\/wp\/v2\/posts"}],"about":[{"href":"https:\/\/www.em.com.br\/emfoco\/wp-json\/wp\/v2\/types\/post"}],"author":[{"embeddable":true,"href":"https:\/\/www.em.com.br\/emfoco\/wp-json\/wp\/v2\/users\/13"}],"replies":[{"embeddable":true,"href":"https:\/\/www.em.com.br\/emfoco\/wp-json\/wp\/v2\/comments?post=156114"}],"version-history":[{"count":1,"href":"https:\/\/www.em.com.br\/emfoco\/wp-json\/wp\/v2\/posts\/156114\/revisions"}],"predecessor-version":[{"id":156150,"href":"https:\/\/www.em.com.br\/emfoco\/wp-json\/wp\/v2\/posts\/156114\/revisions\/156150"}],"wp:featuredmedia":[{"embeddable":true,"href":"https:\/\/www.em.com.br\/emfoco\/wp-json\/wp\/v2\/media\/156146"}],"wp:attachment":[{"href":"https:\/\/www.em.com.br\/emfoco\/wp-json\/wp\/v2\/media?parent=156114"}],"wp:term":[{"taxonomy":"category","embeddable":true,"href":"https:\/\/www.em.com.br\/emfoco\/wp-json\/wp\/v2\/categories?post=156114"},{"taxonomy":"post_tag","embeddable":true,"href":"https:\/\/www.em.com.br\/emfoco\/wp-json\/wp\/v2\/tags?post=156114"}],"curies":[{"name":"wp","href":"https:\/\/api.w.org\/{rel}","templated":true}]}}