{"id":156058,"date":"2026-01-18T07:55:00","date_gmt":"2026-01-18T10:55:00","guid":{"rendered":"https:\/\/www.em.com.br\/emfoco\/?p=156058"},"modified":"2026-01-16T19:45:10","modified_gmt":"2026-01-16T22:45:10","slug":"qual-o-preco-de-um-pacote-para-o-carnaval-do-rio-de-janeiro-de-2026","status":"publish","type":"post","link":"https:\/\/www.em.com.br\/emfoco\/2026\/01\/18\/qual-o-preco-de-um-pacote-para-o-carnaval-do-rio-de-janeiro-de-2026\/","title":{"rendered":"Qual o pre\u00e7o de um pacote para o Carnaval do Rio de Janeiro de 2026"},"content":{"rendered":"\n<p>O Carnaval do Rio de Janeiro \u00e9 considerado por muitos especialistas em turismo como a maior festa popular do planeta, reunindo milh\u00f5es de pessoas em blocos de rua, desfiles de escolas de samba e eventos que movimentam hot\u00e9is, bares, restaurantes e empresas de viagem; em 2026, a expectativa \u00e9 de que a festa mantenha o mesmo padr\u00e3o de grandeza, com uma programa\u00e7\u00e3o intensa distribu\u00edda ao longo de v\u00e1rios dias.<\/p>\n\n\n\n<h2 class=\"wp-block-heading\">Quais s\u00e3o as principais datas do Carnaval do Rio de Janeiro 2026<\/h2>\n\n\n\n<p>A palavra-chave central deste tema \u00e9\u00a0<strong>Carnaval do Rio de Janeiro 2026<\/strong>, que se refere ao per\u00edodo oficial em que a cidade organiza a programa\u00e7\u00e3o carnavalesca mais intensa, entre\u00a0<strong>13 e 21 de fevereiro<\/strong>. Ao longo desses dias, a <a href=\"https:\/\/www.em.com.br\/emfoco\/2025\/12\/26\/verao-no-brasil-5-praias-menos-conhecidas-para-visitar-no-rio-de-janeiro\/\" target=\"_blank\" rel=\"noreferrer noopener\">cidade <\/a>recebe blocos de rua, festas tem\u00e1ticas, bailes e, principalmente, os desfiles das escolas de samba no Samb\u00f3dromo da Marqu\u00eas de Sapuca\u00ed, constru\u00eddo especificamente para esse tipo de apresenta\u00e7\u00e3o.<\/p>\n\n\n\n<p>Os desfiles principais costumam ocorrer em dois grandes blocos de datas, separando grupos de escolas de samba por n\u00edvel de competi\u00e7\u00e3o. No domingo,&nbsp;<strong>15 de fevereiro<\/strong>, e na segunda-feira,&nbsp;<strong>16 de fevereiro<\/strong>, desfilam as escolas do Grupo Especial, as agremia\u00e7\u00f5es mais tradicionais e estruturadas, que concentram a maior procura e os ingressos de maior valor.<\/p>\n\n\n\n<h2 class=\"wp-block-heading\">Quais s\u00e3o os principais custos do Carnaval de Rio de Janeiro 2026<\/h2>\n\n\n\n<p>O custo para aproveitar o\u00a0<strong>Carnaval do Rio de Janeiro 2026<\/strong>\u00a0varia conforme o estilo de viagem, indo de op\u00e7\u00f5es gratuitas nas ruas a experi\u00eancias de luxo na Sapuca\u00ed que podem ultrapassar\u00a0<strong>R$ 17.000<\/strong>\u00a0por pessoa em camarotes exclusivos. Para ajudar no planejamento financeiro, \u00e9 importante entender os principais tipos de gastos envolvidos na viagem.<\/p>\n\n\n\n<p>Entre os custos mais comuns, est\u00e3o ingressos para o Samb\u00f3dromo, hospedagem, alimenta\u00e7\u00e3o, transporte e eventuais passeios extras pela cidade. Abaixo, um panorama objetivo dos valores m\u00e9dios que o turista pode encontrar, considerando diferentes perfis de viajante:<\/p>\n\n\n\n<table style=\"width:100%; border-collapse:collapse; font-family:Arial, sans-serif; font-size:15px; margin:24px 0;\">\n  <thead>\n    <tr style=\"background-color:#cfeeea;\">\n      <th style=\"border:1px solid #b5d8d6; padding:12px; color:#000;\">Categoria<\/th>\n      <th style=\"border:1px solid #b5d8d6; padding:12px; color:#000;\">Op\u00e7\u00e3o<\/th>\n      <th style=\"border:1px solid #b5d8d6; padding:12px; color:#000;\">Valores estimados para 2026<\/th>\n      <th style=\"border:1px solid #b5d8d6; padding:12px; color:#000;\">Observa\u00e7\u00f5es importantes<\/th>\n    <\/tr>\n  <\/thead>\n\n  <tbody>\n    <!-- DESFILES -->\n    <tr style=\"background-color:#eef9f8;\"\n        onmouseover=\"this.style.backgroundColor='#dff3f1'\"\n        onmouseout=\"this.style.backgroundColor='#eef9f8'\">\n      <td style=\"border:1px solid #b5d8d6; padding:12px;\" rowspan=\"4\">\n        <strong>Desfiles na Sapuca\u00ed<\/strong>\n      <\/td>\n      <td style=\"border:1px solid #b5d8d6; padding:12px;\">\n        Arquibancadas populares\n      <\/td>\n      <td style=\"border:1px solid #b5d8d6; padding:12px;\">\n        A partir de <strong>R$ 200<\/strong> (inteira) ou <strong>R$ 100<\/strong> (meia)\n      <\/td>\n      <td style=\"border:1px solid #b5d8d6; padding:12px;\">\n        Setores 1 e 13; alta procura e venda r\u00e1pida\n      <\/td>\n    <\/tr>\n\n    <tr style=\"background-color:#e6f2fb;\"\n        onmouseover=\"this.style.backgroundColor='#d9ecfa'\"\n        onmouseout=\"this.style.backgroundColor='#e6f2fb'\">\n      <td style=\"border:1px solid #b5d8d6; padding:12px;\">\n        Arquibancadas especiais\n      <\/td>\n      <td style=\"border:1px solid #b5d8d6; padding:12px;\">\n        Entre <strong>R$ 190<\/strong> e <strong>R$ 650<\/strong>\n      <\/td>\n      <td style=\"border:1px solid #b5d8d6; padding:12px;\">\n        Melhor vis\u00e3o da avenida; valores variam por setor e dia\n      <\/td>\n    <\/tr>\n\n    <tr style=\"background-color:#eef9f8;\"\n        onmouseover=\"this.style.backgroundColor='#dff3f1'\"\n        onmouseout=\"this.style.backgroundColor='#eef9f8'\">\n      <td style=\"border:1px solid #b5d8d6; padding:12px;\">\n        Frisas\n      <\/td>\n      <td style=\"border:1px solid #b5d8d6; padding:12px;\">\n        De <strong>R$ 1.800<\/strong> a <strong>R$ 10.000<\/strong>\n      <\/td>\n      <td style=\"border:1px solid #b5d8d6; padding:12px;\">\n        Espa\u00e7o para at\u00e9 6 pessoas, pr\u00f3ximo \u00e0 pista\n      <\/td>\n    <\/tr>\n\n    <tr style=\"background-color:#e6f2fb;\"\n        onmouseover=\"this.style.backgroundColor='#d9ecfa'\"\n        onmouseout=\"this.style.backgroundColor='#e6f2fb'\">\n      <td style=\"border:1px solid #b5d8d6; padding:12px;\">\n        Camarotes\n      <\/td>\n      <td style=\"border:1px solid #b5d8d6; padding:12px;\">\n        De <strong>R$ 1.290<\/strong> a <strong>R$ 17.400<\/strong>\n      <\/td>\n      <td style=\"border:1px solid #b5d8d6; padding:12px;\">\n        Servi\u00e7o all-inclusive; valores mais altos no Grupo Especial\n      <\/td>\n    <\/tr>\n\n    <!-- HOSPEDAGEM -->\n    <tr style=\"background-color:#cfeeea;\">\n      <td colspan=\"4\" style=\"border:1px solid #b5d8d6; padding:12px; font-weight:bold;\">\n        Hospedagem \u2013 di\u00e1rias m\u00e9dias (fevereiro\/2026)\n      <\/td>\n    <\/tr>\n\n    <tr style=\"background-color:#eef9f8;\"\n        onmouseover=\"this.style.backgroundColor='#dff3f1'\"\n        onmouseout=\"this.style.backgroundColor='#eef9f8'\">\n      <td style=\"border:1px solid #b5d8d6; padding:12px;\">\n        Hot\u00e9is 3 estrelas\n      <\/td>\n      <td colspan=\"2\" style=\"border:1px solid #b5d8d6; padding:12px;\">\n        Cerca de <strong>R$ 505<\/strong> por di\u00e1ria\n      <\/td>\n      <td style=\"border:1px solid #b5d8d6; padding:12px;\">\n        Boa rela\u00e7\u00e3o custo-benef\u00edcio\n      <\/td>\n    <\/tr>\n\n    <tr style=\"background-color:#e6f2fb;\"\n        onmouseover=\"this.style.backgroundColor='#d9ecfa'\"\n        onmouseout=\"this.style.backgroundColor='#e6f2fb'\">\n      <td style=\"border:1px solid #b5d8d6; padding:12px;\">\n        Hot\u00e9is 4 estrelas\n      <\/td>\n      <td colspan=\"2\" style=\"border:1px solid #b5d8d6; padding:12px;\">\n        M\u00e9dia de <strong>R$ 795<\/strong>\n      <\/td>\n      <td style=\"border:1px solid #b5d8d6; padding:12px;\">\n        Alta demanda no Carnaval\n      <\/td>\n    <\/tr>\n\n    <tr style=\"background-color:#eef9f8;\"\n        onmouseover=\"this.style.backgroundColor='#dff3f1'\"\n        onmouseout=\"this.style.backgroundColor='#eef9f8'\">\n      <td style=\"border:1px solid #b5d8d6; padding:12px;\">\n        Hot\u00e9is 5 estrelas\n      <\/td>\n      <td colspan=\"2\" style=\"border:1px solid #b5d8d6; padding:12px;\">\n        At\u00e9 <strong>R$ 2.718<\/strong> por di\u00e1ria\n      <\/td>\n      <td style=\"border:1px solid #b5d8d6; padding:12px;\">\n        Copacabana, Ipanema e Leblon\n      <\/td>\n    <\/tr>\n\n    <tr style=\"background-color:#e6f2fb;\"\n        onmouseover=\"this.style.backgroundColor='#d9ecfa'\"\n        onmouseout=\"this.style.backgroundColor='#e6f2fb'\">\n      <td style=\"border:1px solid #b5d8d6; padding:12px;\">\n        Hostels e op\u00e7\u00f5es econ\u00f4micas\n      <\/td>\n      <td colspan=\"2\" style=\"border:1px solid #b5d8d6; padding:12px;\">\n        De <strong>R$ 100<\/strong> a <strong>R$ 250<\/strong>\n      <\/td>\n      <td style=\"border:1px solid #b5d8d6; padding:12px;\">\n        Centro, Lapa, Gl\u00f3ria; esgotam r\u00e1pido\n      <\/td>\n    <\/tr>\n\n    <!-- CARNAVAL DE RUA -->\n    <tr style=\"background-color:#cfeeea;\">\n      <td colspan=\"4\" style=\"border:1px solid #b5d8d6; padding:12px; font-weight:bold;\">\n        Carnaval de Rua\n      <\/td>\n    <\/tr>\n\n    <tr style=\"background-color:#eef9f8;\">\n      <td style=\"border:1px solid #b5d8d6; padding:12px;\">\n        Blocos de rua\n      <\/td>\n      <td style=\"border:1px solid #b5d8d6; padding:12px;\">\n        Cerca de 462 blocos\n      <\/td>\n      <td style=\"border:1px solid #b5d8d6; padding:12px;\">\n        <strong>Entrada gratuita<\/strong>\n      <\/td>\n      <td style=\"border:1px solid #b5d8d6; padding:12px;\">\n        Gastos ficam com transporte, comida e bebida\n      <\/td>\n    <\/tr>\n\n    <tr style=\"background-color:#e6f2fb;\">\n      <td colspan=\"4\" style=\"border:1px solid #b5d8d6; padding:14px; font-size:14px;\">\n        <strong>Dica pr\u00e1tica:<\/strong> para economizar no Carnaval 2026,\n        combine blocos gratuitos com transporte p\u00fablico (metr\u00f4, VLT e \u00f4nibus),\n        evitando deslocamentos de carro durante o feriado.\n      <\/td>\n    <\/tr>\n  <\/tbody>\n<\/table>\n\n\n\n\n<h2 class=\"wp-block-heading\">Como planejar a viagem para o Carnaval de Rio de Janeiro 2026<\/h2>\n\n\n\n<p>O planejamento para o\u00a0<strong>Carnaval do Rio de Janeiro 2026<\/strong>\u00a0envolve alguns passos b\u00e1sicos, especialmente para quem quer controlar gastos e evitar imprevistos. Reservar passagens a\u00e9reas e hospedagem com anteced\u00eancia \u00e9 decisivo, j\u00e1 que a proximidade de fevereiro costuma elevar os pre\u00e7os e reduzir a disponibilidade de vagas.<\/p>\n\n\n\n<p>Entre as principais etapas est\u00e3o a defini\u00e7\u00e3o de or\u00e7amento, escolha da localiza\u00e7\u00e3o do hotel, compra antecipada de ingressos e organiza\u00e7\u00e3o de deslocamentos internos. Muitos viajantes tamb\u00e9m optam por pacotes tur\u00edsticos que incluem passagem a\u00e9rea, hospedagem com caf\u00e9 da manh\u00e3, traslados e ingressos para pelo menos uma noite de desfile no Samb\u00f3dromo.<\/p>\n\n\n\n<h2 class=\"wp-block-heading\">O que o turista encontra no Carnaval de Rio de Janeiro<\/h2>\n\n\n\n<p>Durante o\u00a0<strong>Carnaval do Rio de Janeiro 2026<\/strong>, a cidade oferece experi\u00eancias variadas, que v\u00e3o dos blocos de rua diurnos a festas noturnas e aos desfiles oficiais das escolas de samba. Bairros como Centro, Zona Sul e Zona Norte re\u00fanem multid\u00f5es em cortejos gratuitos, com trios el\u00e9tricos, baterias e repert\u00f3rios que misturam samba, marchinhas e outros ritmos brasileiros.<\/p>\n\n\n\n<figure class=\"wp-block-image\"><img decoding=\"async\" src=\"https:\/\/www.em.com.br\/emfoco\/wp-content\/uploads\/2025\/03\/Folia_na_Rua_27_de_Janeiro_-_Carnaval_2010_4353060219-1-1024x576.jpg\" alt=\"\"\/><figcaption class=\"wp-element-caption\">Carnaval de rua &#8211; Cr\u00e9ditos: Wikimedia Commons<\/figcaption><\/figure>\n\n\n\n<p>No Samb\u00f3dromo da Marqu\u00eas de Sapuca\u00ed, o p\u00fablico acompanha enredos, fantasias elaboradas, alas coreografadas, carros aleg\u00f3ricos gigantes e baterias que ditam o ritmo do desfile. Jurados avaliam crit\u00e9rios como harmonia, evolu\u00e7\u00e3o, enredo, comiss\u00e3o de frente e alegorias, transformando o evento em uma grande competi\u00e7\u00e3o que eleva o n\u00edvel de detalhamento e planejamento das apresenta\u00e7\u00f5es.<\/p>\n\n\n\n<h2 class=\"wp-block-heading\">Vale a pena ir ao Carnaval de Rio de Janeiro 2026<\/h2>\n\n\n\n<p>Ao considerar datas, pre\u00e7os e formas de participa\u00e7\u00e3o, o\u00a0<strong>Carnaval do Rio de Janeiro 2026<\/strong>\u00a0se mostra uma experi\u00eancia \u00fanica, que combina espet\u00e1culo visual, m\u00fasica tradicional brasileira e forte movimenta\u00e7\u00e3o econ\u00f4mica na cidade. Com um bom planejamento e aten\u00e7\u00e3o \u00e0s informa\u00e7\u00f5es oficiais, \u00e9 poss\u00edvel montar uma viagem alinhada ao seu or\u00e7amento e ao jeito como voc\u00ea prefere viver a folia.<\/p>\n\n\n\n<p>Se voc\u00ea quer garantir os melhores setores na Sapuca\u00ed, hospedagem bem localizada e passagens mais baratas, comece a se organizar agora e acompanhe a abertura de vendas em canais oficiais como a\u00a0<a href=\"https:\/\/www.ticketmaster.com.br\/event\/riocarnaval2026\" target=\"_blank\" rel=\"noreferrer noopener\"><strong>Ticketmaster Brasil<\/strong>\u00a0<\/a>e o site oficial do Carnaval do Rio de Janeiro; adiar essa decis\u00e3o pode significar pagar mais caro ou at\u00e9 ficar sem ingresso para a maior festa popular do planeta.<\/p>\n\n\n\n<p><\/p>\n","protected":false},"excerpt":{"rendered":"<p>O Carnaval do Rio de Janeiro \u00e9 considerado por muitos especialistas em turismo como a maior festa popular do planeta, reunindo milh\u00f5es de pessoas em blocos de rua, desfiles de escolas de samba e eventos que movimentam hot\u00e9is, bares, restaurantes e empresas de viagem; em 2026, a expectativa \u00e9 de que a festa mantenha o [&hellip;]<\/p>\n","protected":false},"author":11,"featured_media":156090,"comment_status":"open","ping_status":"open","sticky":false,"template":"","format":"standard","meta":{"jnews-multi-image_gallery":[],"jnews_single_post":{"format":"standard"},"jnews_primary_category":[],"jnews_social_meta":[],"jnews_override_counter":[],"footnotes":""},"categories":[8819,1],"tags":[22798,1500,22797,151,157],"class_list":["post-156058","post","type-post","status-publish","format-standard","has-post-thumbnail","hentry","category-curiosidades","category-noticias","tag-blocos","tag-carnaval","tag-carnaval-do-rio-de-janeiro","tag-rio-de-janeiro","tag-turismo"],"yoast_head":"<!-- This site is optimized with the Yoast SEO plugin v23.8 - https:\/\/yoast.com\/wordpress\/plugins\/seo\/ -->\n<title>Qual o pre\u00e7o de um pacote para o Carnaval do Rio de Janeiro de 2026 - Estado de Minas - Em foco<\/title>\n<meta name=\"description\" content=\"O Carnaval do Rio de Janeiro 2026 ter\u00e1 datas definidas, pre\u00e7os altos e milh\u00f5es de foli\u00f5es. Veja o que esperar e como se planejar sem gastar al\u00e9m da conta.\" \/>\n<meta name=\"robots\" content=\"index, follow, max-snippet:-1, max-image-preview:large, max-video-preview:-1\" \/>\n<link rel=\"canonical\" href=\"https:\/\/www.em.com.br\/emfoco\/2026\/01\/18\/qual-o-preco-de-um-pacote-para-o-carnaval-do-rio-de-janeiro-de-2026\/\" \/>\n<meta property=\"og:locale\" content=\"pt_BR\" \/>\n<meta property=\"og:type\" content=\"article\" \/>\n<meta property=\"og:title\" content=\"Qual o pre\u00e7o de um pacote para o Carnaval do Rio de Janeiro de 2026 - Estado de Minas - Em foco\" \/>\n<meta property=\"og:description\" content=\"O Carnaval do Rio de Janeiro 2026 ter\u00e1 datas definidas, pre\u00e7os altos e milh\u00f5es de foli\u00f5es. Veja o que esperar e como se planejar sem gastar al\u00e9m da conta.\" \/>\n<meta property=\"og:url\" content=\"https:\/\/www.em.com.br\/emfoco\/2026\/01\/18\/qual-o-preco-de-um-pacote-para-o-carnaval-do-rio-de-janeiro-de-2026\/\" \/>\n<meta property=\"og:site_name\" content=\"Estado de Minas - Em foco\" \/>\n<meta property=\"article:published_time\" content=\"2026-01-18T10:55:00+00:00\" \/>\n<meta property=\"article:modified_time\" content=\"2026-01-16T22:45:10+00:00\" \/>\n<meta property=\"og:image\" content=\"https:\/\/www.em.com.br\/emfoco\/wp-content\/uploads\/2026\/01\/Gemini_Generated_Image_r3b7jhr3b7jhr3b7-1.jpg\" \/>\n\t<meta property=\"og:image:width\" content=\"1280\" \/>\n\t<meta property=\"og:image:height\" content=\"720\" \/>\n\t<meta property=\"og:image:type\" content=\"image\/jpeg\" \/>\n<meta name=\"author\" content=\"Andre\u0301 Rangel\u00a0\" \/>\n<meta name=\"twitter:card\" content=\"summary_large_image\" \/>\n<meta name=\"twitter:label1\" content=\"Escrito por\" \/>\n\t<meta name=\"twitter:data1\" content=\"Andre\u0301 Rangel\u00a0\" \/>\n\t<meta name=\"twitter:label2\" content=\"Est. tempo de leitura\" \/>\n\t<meta name=\"twitter:data2\" content=\"6 minutos\" \/>\n<!-- \/ Yoast SEO plugin. -->","yoast_head_json":{"title":"Qual o pre\u00e7o de um pacote para o Carnaval do Rio de Janeiro de 2026 - Estado de Minas - Em foco","description":"O Carnaval do Rio de Janeiro 2026 ter\u00e1 datas definidas, pre\u00e7os altos e milh\u00f5es de foli\u00f5es. Veja o que esperar e como se planejar sem gastar al\u00e9m da conta.","robots":{"index":"index","follow":"follow","max-snippet":"max-snippet:-1","max-image-preview":"max-image-preview:large","max-video-preview":"max-video-preview:-1"},"canonical":"https:\/\/www.em.com.br\/emfoco\/2026\/01\/18\/qual-o-preco-de-um-pacote-para-o-carnaval-do-rio-de-janeiro-de-2026\/","og_locale":"pt_BR","og_type":"article","og_title":"Qual o pre\u00e7o de um pacote para o Carnaval do Rio de Janeiro de 2026 - Estado de Minas - Em foco","og_description":"O Carnaval do Rio de Janeiro 2026 ter\u00e1 datas definidas, pre\u00e7os altos e milh\u00f5es de foli\u00f5es. Veja o que esperar e como se planejar sem gastar al\u00e9m da conta.","og_url":"https:\/\/www.em.com.br\/emfoco\/2026\/01\/18\/qual-o-preco-de-um-pacote-para-o-carnaval-do-rio-de-janeiro-de-2026\/","og_site_name":"Estado de Minas - Em foco","article_published_time":"2026-01-18T10:55:00+00:00","article_modified_time":"2026-01-16T22:45:10+00:00","og_image":[{"width":1280,"height":720,"url":"https:\/\/www.em.com.br\/emfoco\/wp-content\/uploads\/2026\/01\/Gemini_Generated_Image_r3b7jhr3b7jhr3b7-1.jpg","type":"image\/jpeg"}],"author":"Andre\u0301 Rangel\u00a0","twitter_card":"summary_large_image","twitter_misc":{"Escrito por":"Andre\u0301 Rangel\u00a0","Est. tempo de leitura":"6 minutos"},"schema":{"@context":"https:\/\/schema.org","@graph":[{"@type":"WebPage","@id":"https:\/\/www.em.com.br\/emfoco\/2026\/01\/18\/qual-o-preco-de-um-pacote-para-o-carnaval-do-rio-de-janeiro-de-2026\/","url":"https:\/\/www.em.com.br\/emfoco\/2026\/01\/18\/qual-o-preco-de-um-pacote-para-o-carnaval-do-rio-de-janeiro-de-2026\/","name":"Qual o pre\u00e7o de um pacote para o Carnaval do Rio de Janeiro de 2026 - Estado de Minas - Em foco","isPartOf":{"@id":"https:\/\/www.em.com.br\/emfoco\/#website"},"primaryImageOfPage":{"@id":"https:\/\/www.em.com.br\/emfoco\/2026\/01\/18\/qual-o-preco-de-um-pacote-para-o-carnaval-do-rio-de-janeiro-de-2026\/#primaryimage"},"image":{"@id":"https:\/\/www.em.com.br\/emfoco\/2026\/01\/18\/qual-o-preco-de-um-pacote-para-o-carnaval-do-rio-de-janeiro-de-2026\/#primaryimage"},"thumbnailUrl":"https:\/\/www.em.com.br\/emfoco\/wp-content\/uploads\/2026\/01\/Gemini_Generated_Image_r3b7jhr3b7jhr3b7-1.jpg","datePublished":"2026-01-18T10:55:00+00:00","dateModified":"2026-01-16T22:45:10+00:00","author":{"@id":"https:\/\/www.em.com.br\/emfoco\/#\/schema\/person\/60eda09c1fedf0d6891f4cef4b60b8b8"},"description":"O Carnaval do Rio de Janeiro 2026 ter\u00e1 datas definidas, pre\u00e7os altos e milh\u00f5es de foli\u00f5es. Veja o que esperar e como se planejar sem gastar al\u00e9m da conta.","breadcrumb":{"@id":"https:\/\/www.em.com.br\/emfoco\/2026\/01\/18\/qual-o-preco-de-um-pacote-para-o-carnaval-do-rio-de-janeiro-de-2026\/#breadcrumb"},"inLanguage":"pt-BR","potentialAction":[{"@type":"ReadAction","target":["https:\/\/www.em.com.br\/emfoco\/2026\/01\/18\/qual-o-preco-de-um-pacote-para-o-carnaval-do-rio-de-janeiro-de-2026\/"]}]},{"@type":"ImageObject","inLanguage":"pt-BR","@id":"https:\/\/www.em.com.br\/emfoco\/2026\/01\/18\/qual-o-preco-de-um-pacote-para-o-carnaval-do-rio-de-janeiro-de-2026\/#primaryimage","url":"https:\/\/www.em.com.br\/emfoco\/wp-content\/uploads\/2026\/01\/Gemini_Generated_Image_r3b7jhr3b7jhr3b7-1.jpg","contentUrl":"https:\/\/www.em.com.br\/emfoco\/wp-content\/uploads\/2026\/01\/Gemini_Generated_Image_r3b7jhr3b7jhr3b7-1.jpg","width":1280,"height":720,"caption":"O Carnaval mais concorrido dos \u00faltimos anos come\u00e7a agora"},{"@type":"BreadcrumbList","@id":"https:\/\/www.em.com.br\/emfoco\/2026\/01\/18\/qual-o-preco-de-um-pacote-para-o-carnaval-do-rio-de-janeiro-de-2026\/#breadcrumb","itemListElement":[{"@type":"ListItem","position":1,"name":"In\u00edcio","item":"https:\/\/www.em.com.br\/emfoco\/"},{"@type":"ListItem","position":2,"name":"Qual o pre\u00e7o de um pacote para o Carnaval do Rio de Janeiro de 2026"}]},{"@type":"WebSite","@id":"https:\/\/www.em.com.br\/emfoco\/#website","url":"https:\/\/www.em.com.br\/emfoco\/","name":"Estado de Minas - Em foco","description":"Acompanhe as \u00faltimas not\u00edcias e fique bem informado sobre tudo o que acontece em Minas Gerais, Brasil e no mundo.","potentialAction":[{"@type":"SearchAction","target":{"@type":"EntryPoint","urlTemplate":"https:\/\/www.em.com.br\/emfoco\/?s={search_term_string}"},"query-input":{"@type":"PropertyValueSpecification","valueRequired":true,"valueName":"search_term_string"}}],"inLanguage":"pt-BR"},{"@type":"Person","@id":"https:\/\/www.em.com.br\/emfoco\/#\/schema\/person\/60eda09c1fedf0d6891f4cef4b60b8b8","name":"Andre\u0301 Rangel\u00a0","image":{"@type":"ImageObject","inLanguage":"pt-BR","@id":"https:\/\/www.em.com.br\/emfoco\/#\/schema\/person\/image\/","url":"https:\/\/secure.gravatar.com\/avatar\/6234dc814c77c8ef6d8bba622c787efc?s=96&d=mm&r=g","contentUrl":"https:\/\/secure.gravatar.com\/avatar\/6234dc814c77c8ef6d8bba622c787efc?s=96&d=mm&r=g","caption":"Andre\u0301 Rangel\u00a0"},"url":"https:\/\/www.em.com.br\/emfoco\/author\/luizmyth\/"}]}},"_links":{"self":[{"href":"https:\/\/www.em.com.br\/emfoco\/wp-json\/wp\/v2\/posts\/156058","targetHints":{"allow":["GET"]}}],"collection":[{"href":"https:\/\/www.em.com.br\/emfoco\/wp-json\/wp\/v2\/posts"}],"about":[{"href":"https:\/\/www.em.com.br\/emfoco\/wp-json\/wp\/v2\/types\/post"}],"author":[{"embeddable":true,"href":"https:\/\/www.em.com.br\/emfoco\/wp-json\/wp\/v2\/users\/11"}],"replies":[{"embeddable":true,"href":"https:\/\/www.em.com.br\/emfoco\/wp-json\/wp\/v2\/comments?post=156058"}],"version-history":[{"count":4,"href":"https:\/\/www.em.com.br\/emfoco\/wp-json\/wp\/v2\/posts\/156058\/revisions"}],"predecessor-version":[{"id":156091,"href":"https:\/\/www.em.com.br\/emfoco\/wp-json\/wp\/v2\/posts\/156058\/revisions\/156091"}],"wp:featuredmedia":[{"embeddable":true,"href":"https:\/\/www.em.com.br\/emfoco\/wp-json\/wp\/v2\/media\/156090"}],"wp:attachment":[{"href":"https:\/\/www.em.com.br\/emfoco\/wp-json\/wp\/v2\/media?parent=156058"}],"wp:term":[{"taxonomy":"category","embeddable":true,"href":"https:\/\/www.em.com.br\/emfoco\/wp-json\/wp\/v2\/categories?post=156058"},{"taxonomy":"post_tag","embeddable":true,"href":"https:\/\/www.em.com.br\/emfoco\/wp-json\/wp\/v2\/tags?post=156058"}],"curies":[{"name":"wp","href":"https:\/\/api.w.org\/{rel}","templated":true}]}}