{"id":156027,"date":"2026-01-16T11:00:00","date_gmt":"2026-01-16T14:00:00","guid":{"rendered":"https:\/\/www.em.com.br\/emfoco\/?p=156027"},"modified":"2026-01-16T10:20:42","modified_gmt":"2026-01-16T13:20:42","slug":"justa-causa-e-mantida-juiza-confirma-demissao-de-tecnica-de-enfermagem-apos-filmar-paciente-em-uti","status":"publish","type":"post","link":"https:\/\/www.em.com.br\/emfoco\/2026\/01\/16\/justa-causa-e-mantida-juiza-confirma-demissao-de-tecnica-de-enfermagem-apos-filmar-paciente-em-uti\/","title":{"rendered":"Justa causa \u00e9 mantida: ju\u00edza confirma demiss\u00e3o de t\u00e9cnica de enfermagem ap\u00f3s filmar paciente em UTI"},"content":{"rendered":"\n<p>Uma decis\u00e3o recente da<strong> Justi\u00e7a do Trabalho<\/strong> em <strong>Fortaleza <\/strong>reacendeu o debate sobre limites de conduta em hospitais e a prote\u00e7\u00e3o da intimidade de pacientes em UTIs. Em 2024, uma t\u00e9cnica de enfermagem foi dispensada por justa causa ap\u00f3s gravar, com o pr\u00f3prio celular, um paciente em situa\u00e7\u00e3o de extrema vulnerabilidade, v\u00edtima de AVC, sem autoriza\u00e7\u00e3o e claramente desconfort\u00e1vel, o que levou o hospital a considerar o ato como falta grav\u00edssima.<\/p>\n\n\n\n<h2 class=\"wp-block-heading\">O que revelou o caso da t\u00e9cnica de enfermagem na UTI<\/h2>\n\n\n\n<p>No processo analisado pela<strong><a href=\"https:\/\/www.conjur.com.br\/2026-jan-14\/trt-7-mantem-justa-causa-de-tecnica-de-enfermagem-que-filmou-paciente-em-uti\/\" target=\"_blank\" rel=\"noreferrer noopener\"> 13\u00aa Vara do Trabalho de Fortaleza<\/a><\/strong>, o hospital apresentou grava\u00e7\u00f5es internas que mostraram a profissional filmando o paciente sem consentimento e em momento de grande fragilidade. Em vez de acionar a equipe de refer\u00eancia, ela optou por usar o pr\u00f3prio celular, expondo o doente de forma desnecess\u00e1ria.<\/p>\n\n\n\n<p>Segundo a ju\u00edza <strong>Maria Rafaela de Castro<\/strong>, a t\u00e9cnica poderia ter comunicado o m\u00e9dico respons\u00e1vel ou a enfermeira-chefe para justificar o uso de conten\u00e7\u00f5es. As imagens ainda indicaram que o paciente foi deixado parcialmente descoberto e exposto ao frio durante a filmagem, o que refor\u00e7ou a conclus\u00e3o de viola\u00e7\u00e3o \u00e0 dignidade e ao cuidado humanizado.<\/p>\n\n\n\n<figure class=\"wp-block-image size-large\"><img loading=\"lazy\" decoding=\"async\" width=\"1024\" height=\"576\" src=\"https:\/\/www.em.com.br\/emfoco\/wp-content\/uploads\/2026\/01\/Gemini_Generated_Image_cm5e0fcm5e0fcm5e-1-1024x576.png\" alt=\"Decis\u00e3o dura exp\u00f5e riscos para profissionais da sa\u00fade\" class=\"wp-image-156032\" srcset=\"https:\/\/www.em.com.br\/emfoco\/wp-content\/uploads\/2026\/01\/Gemini_Generated_Image_cm5e0fcm5e0fcm5e-1-1024x576.png 1024w, https:\/\/www.em.com.br\/emfoco\/wp-content\/uploads\/2026\/01\/Gemini_Generated_Image_cm5e0fcm5e0fcm5e-1-300x169.png 300w, https:\/\/www.em.com.br\/emfoco\/wp-content\/uploads\/2026\/01\/Gemini_Generated_Image_cm5e0fcm5e0fcm5e-1-768x432.png 768w, https:\/\/www.em.com.br\/emfoco\/wp-content\/uploads\/2026\/01\/Gemini_Generated_Image_cm5e0fcm5e0fcm5e-1-750x422.png 750w, https:\/\/www.em.com.br\/emfoco\/wp-content\/uploads\/2026\/01\/Gemini_Generated_Image_cm5e0fcm5e0fcm5e-1-1140x641.png 1140w, https:\/\/www.em.com.br\/emfoco\/wp-content\/uploads\/2026\/01\/Gemini_Generated_Image_cm5e0fcm5e0fcm5e-1.png 1280w\" sizes=\"auto, (max-width: 1024px) 100vw, 1024px\" \/><figcaption class=\"wp-element-caption\">Decis\u00e3o dura exp\u00f5e riscos para profissionais da sa\u00fade<\/figcaption><\/figure>\n\n\n\n<h2 class=\"wp-block-heading\">Por que a demiss\u00e3o por justa causa foi mantida pela Justi\u00e7a<\/h2>\n\n\n\n<p>A demiss\u00e3o por justa causa \u00e9 a forma mais severa de encerramento do contrato de trabalho, aplicada quando h\u00e1 falta grave que rompe a confian\u00e7a entre empregado e empregador. No caso analisado, o ju\u00edzo entendeu que a conduta feriu deveres \u00e9ticos, contratuais e normas de prote\u00e7\u00e3o \u00e0 intimidade e ao sigilo profissional.<\/p>\n\n\n\n<p>Tamb\u00e9m pesou no julgamento o hist\u00f3rico disciplinar da trabalhadora, que j\u00e1 possu\u00eda advert\u00eancias e suspens\u00f5es anteriores. A decis\u00e3o refor\u00e7ou o poder de fiscaliza\u00e7\u00e3o do empregador, especialmente em ambientes cr\u00edticos como UTIs, e reconheceu a legitimidade das imagens internas como prova do comportamento inadequado.<\/p>\n\n\n\n<h2 class=\"wp-block-heading\">Quais s\u00e3o os impactos da justa causa para profissionais da sa\u00fade<\/h2>\n\n\n\n<p>A demiss\u00e3o por justa causa gera consequ\u00eancias imediatas sobre os direitos trabalhistas e pode comprometer a carreira em sa\u00fade. Al\u00e9m da perda de verbas t\u00edpicas da dispensa imotivada, o registro da justa causa costuma ser observado em processos seletivos e pode dificultar novas contrata\u00e7\u00f5es.<\/p>\n\n\n\n<p>No caso de Fortaleza, a t\u00e9cnica de enfermagem obteve a gratuidade de Justi\u00e7a, mas n\u00e3o teve acesso ao saque integral do FGTS, \u00e0 multa de 40% nem ao seguro-desemprego. Em situa\u00e7\u00f5es envolvendo exposi\u00e7\u00e3o indevida de imagens, ainda h\u00e1 risco de responsabiliza\u00e7\u00e3o civil e \u00e9tica perante conselhos profissionais.<\/p>\n\n\n\n<ul class=\"wp-block-list\">\n<li>Perda do direito ao saque integral do FGTS e da multa de 40%.<\/li>\n\n\n\n<li>Inexist\u00eancia de aviso-pr\u00e9vio indenizado e seguro-desemprego.<\/li>\n\n\n\n<li>Poss\u00edvel dificuldade de recoloca\u00e7\u00e3o profissional no setor de sa\u00fade.<\/li>\n\n\n\n<li>Risco de processos civis por dano moral e apura\u00e7\u00e3o \u00e9tica em conselhos.<\/li>\n<\/ul>\n\n\n\n<figure class=\"wp-block-image size-large\"><img loading=\"lazy\" decoding=\"async\" width=\"1024\" height=\"576\" src=\"https:\/\/www.em.com.br\/emfoco\/wp-content\/uploads\/2026\/01\/Gemini_Generated_Image_n6wgpan6wgpan6wg-1-1024x576.png\" alt=\"Decis\u00e3o dura exp\u00f5e riscos para profissionais da sa\u00fade\" class=\"wp-image-156035\" srcset=\"https:\/\/www.em.com.br\/emfoco\/wp-content\/uploads\/2026\/01\/Gemini_Generated_Image_n6wgpan6wgpan6wg-1-1024x576.png 1024w, https:\/\/www.em.com.br\/emfoco\/wp-content\/uploads\/2026\/01\/Gemini_Generated_Image_n6wgpan6wgpan6wg-1-300x169.png 300w, https:\/\/www.em.com.br\/emfoco\/wp-content\/uploads\/2026\/01\/Gemini_Generated_Image_n6wgpan6wgpan6wg-1-768x432.png 768w, https:\/\/www.em.com.br\/emfoco\/wp-content\/uploads\/2026\/01\/Gemini_Generated_Image_n6wgpan6wgpan6wg-1-750x422.png 750w, https:\/\/www.em.com.br\/emfoco\/wp-content\/uploads\/2026\/01\/Gemini_Generated_Image_n6wgpan6wgpan6wg-1-1140x641.png 1140w, https:\/\/www.em.com.br\/emfoco\/wp-content\/uploads\/2026\/01\/Gemini_Generated_Image_n6wgpan6wgpan6wg-1.png 1280w\" sizes=\"auto, (max-width: 1024px) 100vw, 1024px\" \/><figcaption class=\"wp-element-caption\">Decis\u00e3o dura exp\u00f5e riscos para profissionais da sa\u00fade<\/figcaption><\/figure>\n\n\n\n<h2 class=\"wp-block-heading\">Como prevenir novos casos de exposi\u00e7\u00e3o indevida em hospitais<\/h2>\n\n\n\n<p>Para reduzir conflitos e proteger pacientes, hospitais precisam investir em pol\u00edticas claras e treinamentos constantes sobre \u00e9tica, sigilo e uso de dispositivos pessoais. Ambientes de alta complexidade, como UTIs, exigem protocolos rigorosos e supervis\u00e3o efetiva de equipes m\u00e9dicas e de enfermagem.<\/p>\n\n\n\n<p>Essas medidas ajudam a orientar o time assistencial sobre o que fazer em situa\u00e7\u00f5es de d\u00favida, registrando ocorr\u00eancias nos meios oficiais e evitando o uso de celulares pessoais. Assim, preserva-se tanto a seguran\u00e7a do paciente quanto a responsabilidade legal e \u00e9tica dos profissionais.<\/p>\n\n\n\n<h2 class=\"wp-block-heading\">Qual a li\u00e7\u00e3o deste caso e por que agir agora<\/h2>\n\n\n\n<p>O caso da t\u00e9cnica de enfermagem em Fortaleza evidencia que atitudes aparentemente pontuais podem ser enquadradas como falta grave quando atingem direitos fundamentais de pacientes vulner\u00e1veis. Em um cen\u00e1rio de fiscaliza\u00e7\u00e3o crescente, qualquer descuido com privacidade, dignidade ou sigilo pode resultar em justa causa e s\u00e9rios preju\u00edzos profissionais.<\/p>\n\n\n\n<p>Se voc\u00ea atua na \u00e1rea da sa\u00fade ou ger\u00eancia servi\u00e7os hospitalares, revise imediatamente os protocolos internos, promova treinamentos urgentes e esclare\u00e7a, hoje mesmo, as regras de uso de celulares e registro de imagens. N\u00e3o espere o primeiro incidente grave para agir: proteger o paciente agora \u00e9 tamb\u00e9m proteger sua carreira, sua institui\u00e7\u00e3o e a confian\u00e7a de toda a sociedade no cuidado em sa\u00fade.<\/p>\n\n\n\n<p><\/p>\n","protected":false},"excerpt":{"rendered":"<p>Uma decis\u00e3o recente da Justi\u00e7a do Trabalho em Fortaleza reacendeu o debate sobre limites de conduta em hospitais e a prote\u00e7\u00e3o da intimidade de pacientes em UTIs. Em 2024, uma t\u00e9cnica de enfermagem foi dispensada por justa causa ap\u00f3s gravar, com o pr\u00f3prio celular, um paciente em situa\u00e7\u00e3o de extrema vulnerabilidade, v\u00edtima de AVC, sem [&hellip;]<\/p>\n","protected":false},"author":11,"featured_media":156037,"comment_status":"open","ping_status":"open","sticky":false,"template":"","format":"standard","meta":{"jnews-multi-image_gallery":[],"jnews_single_post":{"format":"standard"},"jnews_primary_category":[],"jnews_social_meta":[],"jnews_override_counter":[],"footnotes":""},"categories":[28,1],"tags":[11193,7570,11523,1334,415,7176],"class_list":["post-156027","post","type-post","status-publish","format-standard","has-post-thumbnail","hentry","category-economia","category-noticias","tag-demissao-por-justa-causa","tag-enfermagem","tag-hospital","tag-justica","tag-saude","tag-tecnica"],"yoast_head":"<!-- This site is optimized with the Yoast SEO plugin v23.8 - https:\/\/yoast.com\/wordpress\/plugins\/seo\/ -->\n<title>Justa causa \u00e9 mantida: ju\u00edza confirma demiss\u00e3o de t\u00e9cnica de enfermagem ap\u00f3s filmar paciente em UTI - Estado de Minas - Em foco<\/title>\n<meta name=\"description\" content=\"Justi\u00e7a manteve justa causa de t\u00e9cnica que filmou paciente em UTI. Caso reacende debate sobre \u00e9tica e privacidade.\" \/>\n<meta name=\"robots\" content=\"index, follow, max-snippet:-1, max-image-preview:large, max-video-preview:-1\" \/>\n<link rel=\"canonical\" href=\"https:\/\/www.em.com.br\/emfoco\/2026\/01\/16\/justa-causa-e-mantida-juiza-confirma-demissao-de-tecnica-de-enfermagem-apos-filmar-paciente-em-uti\/\" \/>\n<meta property=\"og:locale\" content=\"pt_BR\" \/>\n<meta property=\"og:type\" content=\"article\" \/>\n<meta property=\"og:title\" content=\"Justa causa \u00e9 mantida: ju\u00edza confirma demiss\u00e3o de t\u00e9cnica de enfermagem ap\u00f3s filmar paciente em UTI - Estado de Minas - Em foco\" \/>\n<meta property=\"og:description\" content=\"Justi\u00e7a manteve justa causa de t\u00e9cnica que filmou paciente em UTI. Caso reacende debate sobre \u00e9tica e privacidade.\" \/>\n<meta property=\"og:url\" content=\"https:\/\/www.em.com.br\/emfoco\/2026\/01\/16\/justa-causa-e-mantida-juiza-confirma-demissao-de-tecnica-de-enfermagem-apos-filmar-paciente-em-uti\/\" \/>\n<meta property=\"og:site_name\" content=\"Estado de Minas - Em foco\" \/>\n<meta property=\"article:published_time\" content=\"2026-01-16T14:00:00+00:00\" \/>\n<meta property=\"article:modified_time\" content=\"2026-01-16T13:20:42+00:00\" \/>\n<meta property=\"og:image\" content=\"https:\/\/www.em.com.br\/emfoco\/wp-content\/uploads\/2026\/01\/ChatGPT-Image-16-de-jan.-de-2026-10_16_50-1.png\" \/>\n\t<meta property=\"og:image:width\" content=\"1280\" \/>\n\t<meta property=\"og:image:height\" content=\"720\" \/>\n\t<meta property=\"og:image:type\" content=\"image\/png\" \/>\n<meta name=\"author\" content=\"Andre\u0301 Rangel\u00a0\" \/>\n<meta name=\"twitter:card\" content=\"summary_large_image\" \/>\n<meta name=\"twitter:label1\" content=\"Escrito por\" \/>\n\t<meta name=\"twitter:data1\" content=\"Andre\u0301 Rangel\u00a0\" \/>\n\t<meta name=\"twitter:label2\" content=\"Est. tempo de leitura\" \/>\n\t<meta name=\"twitter:data2\" content=\"5 minutos\" \/>\n<!-- \/ Yoast SEO plugin. -->","yoast_head_json":{"title":"Justa causa \u00e9 mantida: ju\u00edza confirma demiss\u00e3o de t\u00e9cnica de enfermagem ap\u00f3s filmar paciente em UTI - Estado de Minas - Em foco","description":"Justi\u00e7a manteve justa causa de t\u00e9cnica que filmou paciente em UTI. Caso reacende debate sobre \u00e9tica e privacidade.","robots":{"index":"index","follow":"follow","max-snippet":"max-snippet:-1","max-image-preview":"max-image-preview:large","max-video-preview":"max-video-preview:-1"},"canonical":"https:\/\/www.em.com.br\/emfoco\/2026\/01\/16\/justa-causa-e-mantida-juiza-confirma-demissao-de-tecnica-de-enfermagem-apos-filmar-paciente-em-uti\/","og_locale":"pt_BR","og_type":"article","og_title":"Justa causa \u00e9 mantida: ju\u00edza confirma demiss\u00e3o de t\u00e9cnica de enfermagem ap\u00f3s filmar paciente em UTI - Estado de Minas - Em foco","og_description":"Justi\u00e7a manteve justa causa de t\u00e9cnica que filmou paciente em UTI. Caso reacende debate sobre \u00e9tica e privacidade.","og_url":"https:\/\/www.em.com.br\/emfoco\/2026\/01\/16\/justa-causa-e-mantida-juiza-confirma-demissao-de-tecnica-de-enfermagem-apos-filmar-paciente-em-uti\/","og_site_name":"Estado de Minas - Em foco","article_published_time":"2026-01-16T14:00:00+00:00","article_modified_time":"2026-01-16T13:20:42+00:00","og_image":[{"width":1280,"height":720,"url":"https:\/\/www.em.com.br\/emfoco\/wp-content\/uploads\/2026\/01\/ChatGPT-Image-16-de-jan.-de-2026-10_16_50-1.png","type":"image\/png"}],"author":"Andre\u0301 Rangel\u00a0","twitter_card":"summary_large_image","twitter_misc":{"Escrito por":"Andre\u0301 Rangel\u00a0","Est. tempo de leitura":"5 minutos"},"schema":{"@context":"https:\/\/schema.org","@graph":[{"@type":"WebPage","@id":"https:\/\/www.em.com.br\/emfoco\/2026\/01\/16\/justa-causa-e-mantida-juiza-confirma-demissao-de-tecnica-de-enfermagem-apos-filmar-paciente-em-uti\/","url":"https:\/\/www.em.com.br\/emfoco\/2026\/01\/16\/justa-causa-e-mantida-juiza-confirma-demissao-de-tecnica-de-enfermagem-apos-filmar-paciente-em-uti\/","name":"Justa causa \u00e9 mantida: ju\u00edza confirma demiss\u00e3o de t\u00e9cnica de enfermagem ap\u00f3s filmar paciente em UTI - Estado de Minas - Em foco","isPartOf":{"@id":"https:\/\/www.em.com.br\/emfoco\/#website"},"primaryImageOfPage":{"@id":"https:\/\/www.em.com.br\/emfoco\/2026\/01\/16\/justa-causa-e-mantida-juiza-confirma-demissao-de-tecnica-de-enfermagem-apos-filmar-paciente-em-uti\/#primaryimage"},"image":{"@id":"https:\/\/www.em.com.br\/emfoco\/2026\/01\/16\/justa-causa-e-mantida-juiza-confirma-demissao-de-tecnica-de-enfermagem-apos-filmar-paciente-em-uti\/#primaryimage"},"thumbnailUrl":"https:\/\/www.em.com.br\/emfoco\/wp-content\/uploads\/2026\/01\/ChatGPT-Image-16-de-jan.-de-2026-10_16_50-1.png","datePublished":"2026-01-16T14:00:00+00:00","dateModified":"2026-01-16T13:20:42+00:00","author":{"@id":"https:\/\/www.em.com.br\/emfoco\/#\/schema\/person\/60eda09c1fedf0d6891f4cef4b60b8b8"},"description":"Justi\u00e7a manteve justa causa de t\u00e9cnica que filmou paciente em UTI. Caso reacende debate sobre \u00e9tica e privacidade.","breadcrumb":{"@id":"https:\/\/www.em.com.br\/emfoco\/2026\/01\/16\/justa-causa-e-mantida-juiza-confirma-demissao-de-tecnica-de-enfermagem-apos-filmar-paciente-em-uti\/#breadcrumb"},"inLanguage":"pt-BR","potentialAction":[{"@type":"ReadAction","target":["https:\/\/www.em.com.br\/emfoco\/2026\/01\/16\/justa-causa-e-mantida-juiza-confirma-demissao-de-tecnica-de-enfermagem-apos-filmar-paciente-em-uti\/"]}]},{"@type":"ImageObject","inLanguage":"pt-BR","@id":"https:\/\/www.em.com.br\/emfoco\/2026\/01\/16\/justa-causa-e-mantida-juiza-confirma-demissao-de-tecnica-de-enfermagem-apos-filmar-paciente-em-uti\/#primaryimage","url":"https:\/\/www.em.com.br\/emfoco\/wp-content\/uploads\/2026\/01\/ChatGPT-Image-16-de-jan.-de-2026-10_16_50-1.png","contentUrl":"https:\/\/www.em.com.br\/emfoco\/wp-content\/uploads\/2026\/01\/ChatGPT-Image-16-de-jan.-de-2026-10_16_50-1.png","width":1280,"height":720,"caption":"Decis\u00e3o dura exp\u00f5e riscos para profissionais da sa\u00fade"},{"@type":"BreadcrumbList","@id":"https:\/\/www.em.com.br\/emfoco\/2026\/01\/16\/justa-causa-e-mantida-juiza-confirma-demissao-de-tecnica-de-enfermagem-apos-filmar-paciente-em-uti\/#breadcrumb","itemListElement":[{"@type":"ListItem","position":1,"name":"In\u00edcio","item":"https:\/\/www.em.com.br\/emfoco\/"},{"@type":"ListItem","position":2,"name":"Justa causa \u00e9 mantida: ju\u00edza confirma demiss\u00e3o de t\u00e9cnica de enfermagem ap\u00f3s filmar paciente em UTI"}]},{"@type":"WebSite","@id":"https:\/\/www.em.com.br\/emfoco\/#website","url":"https:\/\/www.em.com.br\/emfoco\/","name":"Estado de Minas - Em foco","description":"Acompanhe as \u00faltimas not\u00edcias e fique bem informado sobre tudo o que acontece em Minas Gerais, Brasil e no mundo.","potentialAction":[{"@type":"SearchAction","target":{"@type":"EntryPoint","urlTemplate":"https:\/\/www.em.com.br\/emfoco\/?s={search_term_string}"},"query-input":{"@type":"PropertyValueSpecification","valueRequired":true,"valueName":"search_term_string"}}],"inLanguage":"pt-BR"},{"@type":"Person","@id":"https:\/\/www.em.com.br\/emfoco\/#\/schema\/person\/60eda09c1fedf0d6891f4cef4b60b8b8","name":"Andre\u0301 Rangel\u00a0","image":{"@type":"ImageObject","inLanguage":"pt-BR","@id":"https:\/\/www.em.com.br\/emfoco\/#\/schema\/person\/image\/","url":"https:\/\/secure.gravatar.com\/avatar\/6234dc814c77c8ef6d8bba622c787efc?s=96&d=mm&r=g","contentUrl":"https:\/\/secure.gravatar.com\/avatar\/6234dc814c77c8ef6d8bba622c787efc?s=96&d=mm&r=g","caption":"Andre\u0301 Rangel\u00a0"},"url":"https:\/\/www.em.com.br\/emfoco\/author\/luizmyth\/"}]}},"_links":{"self":[{"href":"https:\/\/www.em.com.br\/emfoco\/wp-json\/wp\/v2\/posts\/156027","targetHints":{"allow":["GET"]}}],"collection":[{"href":"https:\/\/www.em.com.br\/emfoco\/wp-json\/wp\/v2\/posts"}],"about":[{"href":"https:\/\/www.em.com.br\/emfoco\/wp-json\/wp\/v2\/types\/post"}],"author":[{"embeddable":true,"href":"https:\/\/www.em.com.br\/emfoco\/wp-json\/wp\/v2\/users\/11"}],"replies":[{"embeddable":true,"href":"https:\/\/www.em.com.br\/emfoco\/wp-json\/wp\/v2\/comments?post=156027"}],"version-history":[{"count":1,"href":"https:\/\/www.em.com.br\/emfoco\/wp-json\/wp\/v2\/posts\/156027\/revisions"}],"predecessor-version":[{"id":156042,"href":"https:\/\/www.em.com.br\/emfoco\/wp-json\/wp\/v2\/posts\/156027\/revisions\/156042"}],"wp:featuredmedia":[{"embeddable":true,"href":"https:\/\/www.em.com.br\/emfoco\/wp-json\/wp\/v2\/media\/156037"}],"wp:attachment":[{"href":"https:\/\/www.em.com.br\/emfoco\/wp-json\/wp\/v2\/media?parent=156027"}],"wp:term":[{"taxonomy":"category","embeddable":true,"href":"https:\/\/www.em.com.br\/emfoco\/wp-json\/wp\/v2\/categories?post=156027"},{"taxonomy":"post_tag","embeddable":true,"href":"https:\/\/www.em.com.br\/emfoco\/wp-json\/wp\/v2\/tags?post=156027"}],"curies":[{"name":"wp","href":"https:\/\/api.w.org\/{rel}","templated":true}]}}