{"id":156008,"date":"2026-01-19T16:05:00","date_gmt":"2026-01-19T19:05:00","guid":{"rendered":"https:\/\/www.em.com.br\/emfoco\/?p=156008"},"modified":"2026-01-16T10:23:08","modified_gmt":"2026-01-16T13:23:08","slug":"com-apenas-um-oleo-vegetal-e-20-minutos-de-aplicacao-voce-pode-reverter-o-afinamento-dos-fios-e-recuperar-o-volume-perdido","status":"publish","type":"post","link":"https:\/\/www.em.com.br\/emfoco\/2026\/01\/19\/com-apenas-um-oleo-vegetal-e-20-minutos-de-aplicacao-voce-pode-reverter-o-afinamento-dos-fios-e-recuperar-o-volume-perdido\/","title":{"rendered":"Com apenas um \u00f3leo vegetal e 20 minutos de aplica\u00e7\u00e3o, voc\u00ea pode reverter o afinamento dos fios e recuperar o volume perdido"},"content":{"rendered":"\n<h2 class=\"wp-block-heading\">A umecta\u00e7\u00e3o com \u00f3leo de r\u00edcino destaca-se para cabelos finos ou ralos. O \u00e1cido ricinoleico aumenta densidade do fio, reduz quebra, melhora brilho e estimula crescimento em cerca de quatro semanas.<\/h2>\n\n\n\n<p>Cabelos finos ou ralos exigem estrat\u00e9gias que devolvam massa e resist\u00eancia \u00e0 fibra. Em 2026, a <strong>umecta\u00e7\u00e3o com \u00f3leo de r\u00edcino<\/strong> ganhou destaque por aumentar a densidade do fio, melhorar o brilho e estimular o crescimento, oferecendo resultados reais com baixo custo.<\/p>\n\n\n\n<h2 class=\"wp-block-heading\">Por que cabelos finos e ralos exigem cuidados diferentes?<\/h2>\n\n\n\n<p>O <strong>cabelo fino<\/strong> possui estrutura naturalmente delgada, enquanto o cabelo ralo costuma indicar quebra ou queda acentuada, exigindo reposi\u00e7\u00e3o de lip\u00eddios e prote\u00e7\u00e3o contra agress\u00f5es qu\u00edmicas e mec\u00e2nicas do dia a dia.<\/p>\n\n\n\n<p>Nesses casos, tratamentos que apenas hidratam n\u00e3o resolvem o problema, sendo necess\u00e1rio um ativo capaz de <strong>aumentar o di\u00e2metro do fio<\/strong>, selar a cut\u00edcula e reduzir a perda de massa capilar progressiva.<\/p>\n\n\n\n<figure class=\"wp-block-image size-large\"><img loading=\"lazy\" decoding=\"async\" width=\"1024\" height=\"576\" src=\"https:\/\/www.em.com.br\/emfoco\/wp-content\/uploads\/2026\/01\/AIAI-19-1-1024x576.jpg\" alt=\"Com apenas um \u00f3leo vegetal e 20 minutos de aplica\u00e7\u00e3o, voc\u00ea pode reverter o afinamento dos fios e recuperar o volume perdido\" class=\"wp-image-156043\" srcset=\"https:\/\/www.em.com.br\/emfoco\/wp-content\/uploads\/2026\/01\/AIAI-19-1-1024x576.jpg 1024w, https:\/\/www.em.com.br\/emfoco\/wp-content\/uploads\/2026\/01\/AIAI-19-1-300x169.jpg 300w, https:\/\/www.em.com.br\/emfoco\/wp-content\/uploads\/2026\/01\/AIAI-19-1-768x432.jpg 768w, https:\/\/www.em.com.br\/emfoco\/wp-content\/uploads\/2026\/01\/AIAI-19-1-750x422.jpg 750w, https:\/\/www.em.com.br\/emfoco\/wp-content\/uploads\/2026\/01\/AIAI-19-1-1140x641.jpg 1140w, https:\/\/www.em.com.br\/emfoco\/wp-content\/uploads\/2026\/01\/AIAI-19-1.jpg 1280w\" sizes=\"auto, (max-width: 1024px) 100vw, 1024px\" \/><figcaption class=\"wp-element-caption\">Cabelos finos exigem reposi\u00e7\u00e3o lip\u00eddica e prote\u00e7\u00e3o contra quebra di\u00e1ria<\/figcaption><\/figure>\n\n\n\n<h2 class=\"wp-block-heading\">O que torna o \u00f3leo de r\u00edcino t\u00e3o eficaz nesse processo?<\/h2>\n\n\n\n<p>Extra\u00eddo da planta Ricinus communis, o \u00f3leo de r\u00edcino possui alta viscosidade e composi\u00e7\u00e3o \u00fanica, agindo tanto na fibra quanto no couro cabeludo. Entre os principais diferenciais desse \u00f3leo, est\u00e3o os que voc\u00ea confere a seguir.<\/p>\n\n\n\n<ul class=\"wp-block-list\">\n<li><strong>\u00c1cido ricinoleico<\/strong>, que estimula a circula\u00e7\u00e3o no couro cabeludo.<\/li>\n\n\n\n<li><strong>A\u00e7\u00e3o densificante<\/strong>, que envolve o fio e aumenta sua espessura.<\/li>\n\n\n\n<li><strong>Propriedades antif\u00fangicas<\/strong>, que mant\u00eam o fol\u00edculo limpo e ativo.<\/li>\n<\/ul>\n\n\n\n<h2 class=\"wp-block-heading\">Como o \u00f3leo de r\u00edcino atua na espessura e no crescimento?<\/h2>\n\n\n\n<p>Ao penetrar na fibra capilar, o \u00f3leo preenche falhas estruturais e cria uma camada protetora que reduz a perda de \u00e1gua, deixando o fio <strong>mais pesado, resistente e encorpado<\/strong> ao toque.<\/p>\n\n\n\n<p>Quando aplicado com massagem no couro cabeludo, ele ativa a microcircula\u00e7\u00e3o local, favorecendo a chegada de nutrientes ao bulbo e estimulando o <strong>crescimento de fios mais grossos<\/strong> desde a raiz.<\/p>\n\n\n\n<p>Confira o v\u00eddeo compartilhado pelo canal do TikTok <strong><a href=\"https:\/\/www.tiktok.com\/@jeniferconcept\" target=\"_blank\" rel=\"noreferrer noopener\"><strong>jeniferconcept<\/strong><\/a><\/strong> falando sobre os benef\u00edcios do \u00f3leo de r\u00edcino para o crescimento capilar e para engrossar os fios.<\/p>\n\n\n\n<blockquote class=\"tiktok-embed\" cite=\"https:\/\/www.tiktok.com\/@jeniferconcept\/video\/7584832549055139092\" data-video-id=\"7584832549055139092\" style=\"max-width: 605px;min-width: 325px;\" > <section> <a target=\"_blank\" title=\"@jeniferconcept\" href=\"https:\/\/www.tiktok.com\/@jeniferconcept?refer=embed\">@jeniferconcept<\/a> \u00d3leo de r\u00edcino engrossa o cabelo?  <a title=\"oleodericinonocabelo\" target=\"_blank\" href=\"https:\/\/www.tiktok.com\/tag\/oleodericinonocabelo?refer=embed\">#oleodericinonocabelo<\/a><a title=\"oleodericino\" target=\"_blank\" href=\"https:\/\/www.tiktok.com\/tag\/oleodericino?refer=embed\">#oleodericino<\/a><a title=\"quedadecabelo\" target=\"_blank\" href=\"https:\/\/www.tiktok.com\/tag\/quedadecabelo?refer=embed\">#quedadecabelo<\/a> <a target=\"_blank\" title=\"\u266c som original - JC Health Hair\" href=\"https:\/\/www.tiktok.com\/music\/som-original-7584832649704000263?refer=embed\">\u266c som original &#8211; JC Health Hair<\/a> <\/section> <\/blockquote> <script async src=\"https:\/\/www.tiktok.com\/embed.js\"><\/script>\n\n\n\n<p><em>Leia mais: <strong><a href=\"https:\/\/www.em.com.br\/emfoco\/2026\/01\/16\/esses-sao-os-melhores-cortes-para-cabelos-finos-e-sem-volume\/\" target=\"_blank\" rel=\"noreferrer noopener\">Esses s\u00e3o os melhores cortes para cabelos finos e sem volume<\/a><\/strong><\/em><\/p>\n\n\n\n<h2 class=\"wp-block-heading\">Qual \u00e9 a forma correta de fazer a umecta\u00e7\u00e3o com r\u00edcino?<\/h2>\n\n\n\n<p>Por ser um \u00f3leo denso, o r\u00edcino exige aplica\u00e7\u00e3o estrat\u00e9gica para n\u00e3o pesar excessivamente os fios e garantir remo\u00e7\u00e3o adequada ap\u00f3s o tratamento. Para obter melhores resultados, observe as orienta\u00e7\u00f5es pr\u00e1ticas abaixo.<\/p>\n\n\n\n<ul class=\"wp-block-list\">\n<li><strong>Aque\u00e7a levemente<\/strong> o \u00f3leo para facilitar a aplica\u00e7\u00e3o.<\/li>\n\n\n\n<li><strong>Massageie o couro cabeludo<\/strong> por alguns minutos.<\/li>\n\n\n\n<li><strong>Use o m\u00e9todo UCPE<\/strong> para retirar sem ressecar os fios.<\/li>\n<\/ul>\n\n\n\n<h2 class=\"wp-block-heading\">Quais resultados esperar nas primeiras semanas de uso?<\/h2>\n\n\n\n<p>Com uso quinzenal, \u00e9 comum notar redu\u00e7\u00e3o da quebra, aumento do brilho e sensa\u00e7\u00e3o imediata de <strong>fios mais encorpados<\/strong>, mesmo antes de novos cabelos nascerem.<\/p>\n\n\n\n<p>Em cerca de quatro semanas, o couro cabeludo tende a ficar mais saud\u00e1vel e os fios demonstram maior resist\u00eancia, confirmando que a umecta\u00e7\u00e3o com \u00f3leo de r\u00edcino \u00e9 uma aliada eficaz para recuperar massa capilar com seguran\u00e7a.<\/p>\n","protected":false},"excerpt":{"rendered":"<p>A umecta\u00e7\u00e3o com \u00f3leo de r\u00edcino destaca-se para cabelos finos ou ralos. O \u00e1cido ricinoleico aumenta densidade do fio, reduz quebra, melhora brilho e estimula crescimento em cerca de quatro semanas. Cabelos finos ou ralos exigem estrat\u00e9gias que devolvam massa e resist\u00eancia \u00e0 fibra. Em 2026, a umecta\u00e7\u00e3o com \u00f3leo de r\u00edcino ganhou destaque por [&hellip;]<\/p>\n","protected":false},"author":13,"featured_media":156044,"comment_status":"open","ping_status":"open","sticky":false,"template":"","format":"standard","meta":{"jnews-multi-image_gallery":[],"jnews_single_post":{"format":"standard"},"jnews_primary_category":[],"jnews_social_meta":[],"jnews_override_counter":[],"footnotes":""},"categories":[8819],"tags":[712,22788,7801],"class_list":["post-156008","post","type-post","status-publish","format-standard","has-post-thumbnail","hentry","category-curiosidades","tag-autocuidado","tag-fios-finos-e-ralos","tag-umectacao"],"yoast_head":"<!-- This site is optimized with the Yoast SEO plugin v23.8 - https:\/\/yoast.com\/wordpress\/plugins\/seo\/ -->\n<title>Com apenas um \u00f3leo vegetal e 20 minutos de aplica\u00e7\u00e3o, voc\u00ea pode reverter o afinamento dos fios e recuperar o volume perdido - Estado de Minas - Em foco<\/title>\n<meta name=\"description\" content=\"Cabelos finos nunca mais! O \u00f3leo de r\u00edcino estimula o crescimento e devolve massa capilar com umecta\u00e7\u00e3o f\u00e1cil e resultado seguro.\" \/>\n<meta name=\"robots\" content=\"index, follow, max-snippet:-1, max-image-preview:large, max-video-preview:-1\" \/>\n<link rel=\"canonical\" href=\"https:\/\/www.em.com.br\/emfoco\/2026\/01\/19\/com-apenas-um-oleo-vegetal-e-20-minutos-de-aplicacao-voce-pode-reverter-o-afinamento-dos-fios-e-recuperar-o-volume-perdido\/\" \/>\n<meta property=\"og:locale\" content=\"pt_BR\" \/>\n<meta property=\"og:type\" content=\"article\" \/>\n<meta property=\"og:title\" content=\"Com apenas um \u00f3leo vegetal e 20 minutos de aplica\u00e7\u00e3o, voc\u00ea pode reverter o afinamento dos fios e recuperar o volume perdido - Estado de Minas - Em foco\" \/>\n<meta property=\"og:description\" content=\"Cabelos finos nunca mais! O \u00f3leo de r\u00edcino estimula o crescimento e devolve massa capilar com umecta\u00e7\u00e3o f\u00e1cil e resultado seguro.\" \/>\n<meta property=\"og:url\" content=\"https:\/\/www.em.com.br\/emfoco\/2026\/01\/19\/com-apenas-um-oleo-vegetal-e-20-minutos-de-aplicacao-voce-pode-reverter-o-afinamento-dos-fios-e-recuperar-o-volume-perdido\/\" \/>\n<meta property=\"og:site_name\" content=\"Estado de Minas - Em foco\" \/>\n<meta property=\"article:published_time\" content=\"2026-01-19T19:05:00+00:00\" \/>\n<meta property=\"article:modified_time\" content=\"2026-01-16T13:23:08+00:00\" \/>\n<meta property=\"og:image\" content=\"https:\/\/www.em.com.br\/emfoco\/wp-content\/uploads\/2026\/01\/AIAI-20-1.jpg\" \/>\n\t<meta property=\"og:image:width\" content=\"1280\" \/>\n\t<meta property=\"og:image:height\" content=\"720\" \/>\n\t<meta property=\"og:image:type\" content=\"image\/jpeg\" \/>\n<meta name=\"author\" content=\"Gabriel Martins\" \/>\n<meta name=\"twitter:card\" content=\"summary_large_image\" \/>\n<meta name=\"twitter:label1\" content=\"Escrito por\" \/>\n\t<meta name=\"twitter:data1\" content=\"Gabriel Martins\" \/>\n\t<meta name=\"twitter:label2\" content=\"Est. tempo de leitura\" \/>\n\t<meta name=\"twitter:data2\" content=\"4 minutos\" \/>\n<!-- \/ Yoast SEO plugin. -->","yoast_head_json":{"title":"Com apenas um \u00f3leo vegetal e 20 minutos de aplica\u00e7\u00e3o, voc\u00ea pode reverter o afinamento dos fios e recuperar o volume perdido - Estado de Minas - Em foco","description":"Cabelos finos nunca mais! O \u00f3leo de r\u00edcino estimula o crescimento e devolve massa capilar com umecta\u00e7\u00e3o f\u00e1cil e resultado seguro.","robots":{"index":"index","follow":"follow","max-snippet":"max-snippet:-1","max-image-preview":"max-image-preview:large","max-video-preview":"max-video-preview:-1"},"canonical":"https:\/\/www.em.com.br\/emfoco\/2026\/01\/19\/com-apenas-um-oleo-vegetal-e-20-minutos-de-aplicacao-voce-pode-reverter-o-afinamento-dos-fios-e-recuperar-o-volume-perdido\/","og_locale":"pt_BR","og_type":"article","og_title":"Com apenas um \u00f3leo vegetal e 20 minutos de aplica\u00e7\u00e3o, voc\u00ea pode reverter o afinamento dos fios e recuperar o volume perdido - Estado de Minas - Em foco","og_description":"Cabelos finos nunca mais! O \u00f3leo de r\u00edcino estimula o crescimento e devolve massa capilar com umecta\u00e7\u00e3o f\u00e1cil e resultado seguro.","og_url":"https:\/\/www.em.com.br\/emfoco\/2026\/01\/19\/com-apenas-um-oleo-vegetal-e-20-minutos-de-aplicacao-voce-pode-reverter-o-afinamento-dos-fios-e-recuperar-o-volume-perdido\/","og_site_name":"Estado de Minas - Em foco","article_published_time":"2026-01-19T19:05:00+00:00","article_modified_time":"2026-01-16T13:23:08+00:00","og_image":[{"width":1280,"height":720,"url":"https:\/\/www.em.com.br\/emfoco\/wp-content\/uploads\/2026\/01\/AIAI-20-1.jpg","type":"image\/jpeg"}],"author":"Gabriel Martins","twitter_card":"summary_large_image","twitter_misc":{"Escrito por":"Gabriel Martins","Est. tempo de leitura":"4 minutos"},"schema":{"@context":"https:\/\/schema.org","@graph":[{"@type":"WebPage","@id":"https:\/\/www.em.com.br\/emfoco\/2026\/01\/19\/com-apenas-um-oleo-vegetal-e-20-minutos-de-aplicacao-voce-pode-reverter-o-afinamento-dos-fios-e-recuperar-o-volume-perdido\/","url":"https:\/\/www.em.com.br\/emfoco\/2026\/01\/19\/com-apenas-um-oleo-vegetal-e-20-minutos-de-aplicacao-voce-pode-reverter-o-afinamento-dos-fios-e-recuperar-o-volume-perdido\/","name":"Com apenas um \u00f3leo vegetal e 20 minutos de aplica\u00e7\u00e3o, voc\u00ea pode reverter o afinamento dos fios e recuperar o volume perdido - Estado de Minas - Em foco","isPartOf":{"@id":"https:\/\/www.em.com.br\/emfoco\/#website"},"primaryImageOfPage":{"@id":"https:\/\/www.em.com.br\/emfoco\/2026\/01\/19\/com-apenas-um-oleo-vegetal-e-20-minutos-de-aplicacao-voce-pode-reverter-o-afinamento-dos-fios-e-recuperar-o-volume-perdido\/#primaryimage"},"image":{"@id":"https:\/\/www.em.com.br\/emfoco\/2026\/01\/19\/com-apenas-um-oleo-vegetal-e-20-minutos-de-aplicacao-voce-pode-reverter-o-afinamento-dos-fios-e-recuperar-o-volume-perdido\/#primaryimage"},"thumbnailUrl":"https:\/\/www.em.com.br\/emfoco\/wp-content\/uploads\/2026\/01\/AIAI-20-1.jpg","datePublished":"2026-01-19T19:05:00+00:00","dateModified":"2026-01-16T13:23:08+00:00","author":{"@id":"https:\/\/www.em.com.br\/emfoco\/#\/schema\/person\/1c9ddeab18b98abeffef834667bcf08a"},"description":"Cabelos finos nunca mais! O \u00f3leo de r\u00edcino estimula o crescimento e devolve massa capilar com umecta\u00e7\u00e3o f\u00e1cil e resultado seguro.","breadcrumb":{"@id":"https:\/\/www.em.com.br\/emfoco\/2026\/01\/19\/com-apenas-um-oleo-vegetal-e-20-minutos-de-aplicacao-voce-pode-reverter-o-afinamento-dos-fios-e-recuperar-o-volume-perdido\/#breadcrumb"},"inLanguage":"pt-BR","potentialAction":[{"@type":"ReadAction","target":["https:\/\/www.em.com.br\/emfoco\/2026\/01\/19\/com-apenas-um-oleo-vegetal-e-20-minutos-de-aplicacao-voce-pode-reverter-o-afinamento-dos-fios-e-recuperar-o-volume-perdido\/"]}]},{"@type":"ImageObject","inLanguage":"pt-BR","@id":"https:\/\/www.em.com.br\/emfoco\/2026\/01\/19\/com-apenas-um-oleo-vegetal-e-20-minutos-de-aplicacao-voce-pode-reverter-o-afinamento-dos-fios-e-recuperar-o-volume-perdido\/#primaryimage","url":"https:\/\/www.em.com.br\/emfoco\/wp-content\/uploads\/2026\/01\/AIAI-20-1.jpg","contentUrl":"https:\/\/www.em.com.br\/emfoco\/wp-content\/uploads\/2026\/01\/AIAI-20-1.jpg","width":1280,"height":720,"caption":"Umecta\u00e7\u00e3o com \u00f3leo de r\u00edcino devolve densidade e resist\u00eancia a fios finos"},{"@type":"BreadcrumbList","@id":"https:\/\/www.em.com.br\/emfoco\/2026\/01\/19\/com-apenas-um-oleo-vegetal-e-20-minutos-de-aplicacao-voce-pode-reverter-o-afinamento-dos-fios-e-recuperar-o-volume-perdido\/#breadcrumb","itemListElement":[{"@type":"ListItem","position":1,"name":"In\u00edcio","item":"https:\/\/www.em.com.br\/emfoco\/"},{"@type":"ListItem","position":2,"name":"Com apenas um \u00f3leo vegetal e 20 minutos de aplica\u00e7\u00e3o, voc\u00ea pode reverter o afinamento dos fios e recuperar o volume perdido"}]},{"@type":"WebSite","@id":"https:\/\/www.em.com.br\/emfoco\/#website","url":"https:\/\/www.em.com.br\/emfoco\/","name":"Estado de Minas - Em foco","description":"Acompanhe as \u00faltimas not\u00edcias e fique bem informado sobre tudo o que acontece em Minas Gerais, Brasil e no mundo.","potentialAction":[{"@type":"SearchAction","target":{"@type":"EntryPoint","urlTemplate":"https:\/\/www.em.com.br\/emfoco\/?s={search_term_string}"},"query-input":{"@type":"PropertyValueSpecification","valueRequired":true,"valueName":"search_term_string"}}],"inLanguage":"pt-BR"},{"@type":"Person","@id":"https:\/\/www.em.com.br\/emfoco\/#\/schema\/person\/1c9ddeab18b98abeffef834667bcf08a","name":"Gabriel Martins","image":{"@type":"ImageObject","inLanguage":"pt-BR","@id":"https:\/\/www.em.com.br\/emfoco\/#\/schema\/person\/image\/","url":"https:\/\/secure.gravatar.com\/avatar\/f0f1e2efdfd88f1ad2cb08c5c2731e50?s=96&d=mm&r=g","contentUrl":"https:\/\/secure.gravatar.com\/avatar\/f0f1e2efdfd88f1ad2cb08c5c2731e50?s=96&d=mm&r=g","caption":"Gabriel Martins"},"sameAs":["https:\/\/www.em.com.br\/emfoco\/"],"url":"https:\/\/www.em.com.br\/emfoco\/author\/gabrielmartinsmyth\/"}]}},"_links":{"self":[{"href":"https:\/\/www.em.com.br\/emfoco\/wp-json\/wp\/v2\/posts\/156008","targetHints":{"allow":["GET"]}}],"collection":[{"href":"https:\/\/www.em.com.br\/emfoco\/wp-json\/wp\/v2\/posts"}],"about":[{"href":"https:\/\/www.em.com.br\/emfoco\/wp-json\/wp\/v2\/types\/post"}],"author":[{"embeddable":true,"href":"https:\/\/www.em.com.br\/emfoco\/wp-json\/wp\/v2\/users\/13"}],"replies":[{"embeddable":true,"href":"https:\/\/www.em.com.br\/emfoco\/wp-json\/wp\/v2\/comments?post=156008"}],"version-history":[{"count":1,"href":"https:\/\/www.em.com.br\/emfoco\/wp-json\/wp\/v2\/posts\/156008\/revisions"}],"predecessor-version":[{"id":156045,"href":"https:\/\/www.em.com.br\/emfoco\/wp-json\/wp\/v2\/posts\/156008\/revisions\/156045"}],"wp:featuredmedia":[{"embeddable":true,"href":"https:\/\/www.em.com.br\/emfoco\/wp-json\/wp\/v2\/media\/156044"}],"wp:attachment":[{"href":"https:\/\/www.em.com.br\/emfoco\/wp-json\/wp\/v2\/media?parent=156008"}],"wp:term":[{"taxonomy":"category","embeddable":true,"href":"https:\/\/www.em.com.br\/emfoco\/wp-json\/wp\/v2\/categories?post=156008"},{"taxonomy":"post_tag","embeddable":true,"href":"https:\/\/www.em.com.br\/emfoco\/wp-json\/wp\/v2\/tags?post=156008"}],"curies":[{"name":"wp","href":"https:\/\/api.w.org\/{rel}","templated":true}]}}