{"id":156002,"date":"2026-01-19T08:15:00","date_gmt":"2026-01-19T11:15:00","guid":{"rendered":"https:\/\/www.em.com.br\/emfoco\/?p=156002"},"modified":"2026-01-16T10:03:02","modified_gmt":"2026-01-16T13:03:02","slug":"o-corte-masculino-mais-estavel-da-decada-funciona-em-qualquer-rosto-qualquer-ocasiao-e-exige-quase-zero-esforco-pra-arrumar","status":"publish","type":"post","link":"https:\/\/www.em.com.br\/emfoco\/2026\/01\/19\/o-corte-masculino-mais-estavel-da-decada-funciona-em-qualquer-rosto-qualquer-ocasiao-e-exige-quase-zero-esforco-pra-arrumar\/","title":{"rendered":"O corte masculino mais est\u00e1vel da d\u00e9cada funciona em qualquer rosto, qualquer ocasi\u00e3o e exige quase zero esfor\u00e7o pra arrumar"},"content":{"rendered":"\n<h2 class=\"wp-block-heading\">O degrad\u00ea com topo repicado segue dominante em 2026 por unir fade preciso e topo leve. Valoriza o rosto, funciona em contextos formais e casuais, exige pouca manuten\u00e7\u00e3o e adapta-se a diferentes formatos faciais.<\/h2>\n\n\n\n<p>O <strong>degrad\u00ea com topo repicado<\/strong> se consolidou como o corte masculino mais est\u00e1vel da atualidade por unir t\u00e9cnica, praticidade e estilo. Em 2026, ele segue dominante nas barbearias por valorizar o rosto, exigir pouca manuten\u00e7\u00e3o di\u00e1ria e funcionar bem em diferentes contextos sociais.<\/p>\n\n\n\n<h2 class=\"wp-block-heading\">Por que o degrad\u00ea com topo repicado nunca sai de moda?<\/h2>\n\n\n\n<p>O sucesso do corte est\u00e1 no equil\u00edbrio entre linhas limpas e apar\u00eancia natural, j\u00e1 que o <strong>fade<\/strong> traz acabamento preciso nas laterais enquanto o topo repicado mant\u00e9m leveza e movimento, evitando um visual engessado ou datado.<\/p>\n\n\n\n<p>Essa combina\u00e7\u00e3o permite que o corte funcione tanto em ambientes formais quanto casuais, transmitindo <strong>cuidado pessoal<\/strong> sem excessos, o que explica sua perman\u00eancia entre as escolhas mais populares nas barbearias.<\/p>\n\n\n\n<figure class=\"wp-block-image size-large\"><img loading=\"lazy\" decoding=\"async\" width=\"1024\" height=\"576\" src=\"https:\/\/www.em.com.br\/emfoco\/wp-content\/uploads\/2026\/01\/AIAI-5-29-1024x576.jpg\" alt=\"O corte masculino mais est\u00e1vel da d\u00e9cada funciona em qualquer rosto, qualquer ocasi\u00e3o e exige quase zero esfor\u00e7o pra arrumar\" class=\"wp-image-156019\" srcset=\"https:\/\/www.em.com.br\/emfoco\/wp-content\/uploads\/2026\/01\/AIAI-5-29-1024x576.jpg 1024w, https:\/\/www.em.com.br\/emfoco\/wp-content\/uploads\/2026\/01\/AIAI-5-29-300x169.jpg 300w, https:\/\/www.em.com.br\/emfoco\/wp-content\/uploads\/2026\/01\/AIAI-5-29-768x432.jpg 768w, https:\/\/www.em.com.br\/emfoco\/wp-content\/uploads\/2026\/01\/AIAI-5-29-750x422.jpg 750w, https:\/\/www.em.com.br\/emfoco\/wp-content\/uploads\/2026\/01\/AIAI-5-29-1140x641.jpg 1140w, https:\/\/www.em.com.br\/emfoco\/wp-content\/uploads\/2026\/01\/AIAI-5-29.jpg 1280w\" sizes=\"auto, (max-width: 1024px) 100vw, 1024px\" \/><figcaption class=\"wp-element-caption\">Equil\u00edbrio entre fade preciso e topo leve mant\u00e9m visual atual<\/figcaption><\/figure>\n\n\n\n<h2 class=\"wp-block-heading\">Quais varia\u00e7\u00f5es de degrad\u00ea mais influenciam o visual?<\/h2>\n\n\n\n<p>As diferentes alturas do degrad\u00ea mudam completamente a percep\u00e7\u00e3o do corte, influenciando propor\u00e7\u00e3o, ousadia e sofistica\u00e7\u00e3o. A escolha certa depende do estilo pessoal e do formato do rosto, como mostra a sele\u00e7\u00e3o abaixo.<\/p>\n\n\n\n<ul class=\"wp-block-list\">\n<li><strong>Low fade<\/strong> mant\u00e9m um visual mais discreto e cl\u00e1ssico.<\/li>\n\n\n\n<li><strong>Mid fade<\/strong> equilibra modernidade e versatilidade.<\/li>\n\n\n\n<li><strong>High fade<\/strong> entrega impacto visual e estilo urbano.<\/li>\n<\/ul>\n\n\n\n<h2 class=\"wp-block-heading\">Por que o topo repicado faz tanta diferen\u00e7a no resultado final?<\/h2>\n\n\n\n<p>O topo repicado elimina o excesso de peso dos fios, criando <strong>movimento natural<\/strong> e facilitando a modelagem di\u00e1ria sem esfor\u00e7o, algo dif\u00edcil de alcan\u00e7ar em cortes retos ou muito estruturados.<\/p>\n\n\n\n<p>Al\u00e9m disso, a t\u00e9cnica ajuda tanto quem tem cabelo fino, ao gerar sensa\u00e7\u00e3o de volume, quanto quem tem fios grossos, ao controlar melhor o <strong>volume excessivo<\/strong> e dar acabamento mais leve.<\/p>\n\n\n\n<p>Confira o resultado compartilhado pelo canal do TikTok <strong><a href=\"https:\/\/www.tiktok.com\/@alfabarbeiros\" target=\"_blank\" rel=\"noreferrer noopener\"><strong>alfabarbeiros<\/strong><\/a><\/strong> com o corte \u201chigh fade\u201d. <\/p>\n\n\n\n<blockquote class=\"tiktok-embed\" cite=\"https:\/\/www.tiktok.com\/@alfabarbeiros\/video\/7283538514082319621\" data-video-id=\"7283538514082319621\" style=\"max-width: 605px;min-width: 325px;\" > <section> <a target=\"_blank\" title=\"@alfabarbeiros\" href=\"https:\/\/www.tiktok.com\/@alfabarbeiros?refer=embed\">@alfabarbeiros<\/a> De uma Nota de 0 a 10 \ud83d\udd25 \u2702\ufe0f \ud83d\udc88  <a title=\"cortedegrade\" target=\"_blank\" href=\"https:\/\/www.tiktok.com\/tag\/cortedegrade?refer=embed\">#cortedegrade<\/a> <a title=\"degrad\u00ea\" target=\"_blank\" href=\"https:\/\/www.tiktok.com\/tag\/degrad%C3%AA?refer=embed\">#degrad\u00ea<\/a> <a title=\"fyp\" target=\"_blank\" href=\"https:\/\/www.tiktok.com\/tag\/fyp?refer=embed\">#fyp<\/a> <a title=\"midfade\" target=\"_blank\" href=\"https:\/\/www.tiktok.com\/tag\/midfade?refer=embed\">#midfade<\/a> <a title=\"barbeiro\" target=\"_blank\" href=\"https:\/\/www.tiktok.com\/tag\/barbeiro?refer=embed\">#barbeiro<\/a> <a title=\"barbearia\" target=\"_blank\" href=\"https:\/\/www.tiktok.com\/tag\/barbearia?refer=embed\">#barbearia<\/a> <a title=\"barber\" target=\"_blank\" href=\"https:\/\/www.tiktok.com\/tag\/barber?refer=embed\">#barber<\/a> <a target=\"_blank\" title=\"\u266c son original - Afro Stars Music\" href=\"https:\/\/www.tiktok.com\/music\/son-original-7260202429168569114?refer=embed\">\u266c son original &#8211; Afro Stars Music<\/a> <\/section> <\/blockquote> <script async src=\"https:\/\/www.tiktok.com\/embed.js\"><\/script>\n\n\n\n<p><em>Leia mais: <strong><a href=\"https:\/\/www.em.com.br\/emfoco\/2026\/01\/16\/esses-sao-os-melhores-cortes-para-cabelos-finos-e-sem-volume\/\" target=\"_blank\" rel=\"noreferrer noopener\">Esses s\u00e3o os melhores cortes para cabelos finos e sem volume<\/a><\/strong><\/em><\/p>\n\n\n\n<h2 class=\"wp-block-heading\">Quais produtos ajudam a manter o efeito do corte?<\/h2>\n\n\n\n<p>A manuten\u00e7\u00e3o do degrad\u00ea com topo repicado depende mais do produto certo do que de longos minutos no espelho. Algumas escolhas simples fazem toda a diferen\u00e7a no resultado di\u00e1rio, como voc\u00ea v\u00ea a seguir.<\/p>\n\n\n\n<ul class=\"wp-block-list\">\n<li><strong>Pomada matte<\/strong> para fixar sem deixar brilho artificial.<\/li>\n\n\n\n<li><strong>P\u00f3 modelador<\/strong> para volume e textura na raiz.<\/li>\n\n\n\n<li><strong>Secador leve<\/strong> para estruturar o topo rapidamente.<\/li>\n<\/ul>\n\n\n\n<h2 class=\"wp-block-heading\">Por que esse corte funciona para quase todos os tipos de rosto?<\/h2>\n\n\n\n<p>A versatilidade do degrad\u00ea com topo repicado permite ajustes finos nas laterais e no volume superior, criando <strong>harmonia facial<\/strong> em rostos ovais, quadrados, redondos ou alongados.<\/p>\n\n\n\n<p>Ao adaptar a altura do fade e o comprimento do topo, o barbeiro consegue equilibrar propor\u00e7\u00f5es e destacar pontos fortes do rosto, tornando o corte uma escolha segura e eficiente para a maioria dos homens.<\/p>\n","protected":false},"excerpt":{"rendered":"<p>O degrad\u00ea com topo repicado segue dominante em 2026 por unir fade preciso e topo leve. Valoriza o rosto, funciona em contextos formais e casuais, exige pouca manuten\u00e7\u00e3o e adapta-se a diferentes formatos faciais. O degrad\u00ea com topo repicado se consolidou como o corte masculino mais est\u00e1vel da atualidade por unir t\u00e9cnica, praticidade e estilo. [&hellip;]<\/p>\n","protected":false},"author":13,"featured_media":156018,"comment_status":"open","ping_status":"open","sticky":false,"template":"","format":"standard","meta":{"jnews-multi-image_gallery":[],"jnews_single_post":{"format":"standard"},"jnews_primary_category":[],"jnews_social_meta":[],"jnews_override_counter":[],"footnotes":""},"categories":[8819],"tags":[22779,22780,17910],"class_list":["post-156002","post","type-post","status-publish","format-standard","has-post-thumbnail","hentry","category-curiosidades","tag-corte-de-cabelo-masculino","tag-degrade","tag-tendencia-de-cortes"],"yoast_head":"<!-- This site is optimized with the Yoast SEO plugin v23.8 - https:\/\/yoast.com\/wordpress\/plugins\/seo\/ -->\n<title>O corte masculino mais est\u00e1vel da d\u00e9cada funciona em qualquer rosto, qualquer ocasi\u00e3o e exige quase zero esfor\u00e7o pra arrumar - Estado de Minas - Em foco<\/title>\n<meta name=\"description\" content=\"O corte masculino mais escolhido em 2026 une praticidade, estilo e versatilidade para todos os tipos de rosto com efeito visual leve.\" \/>\n<meta name=\"robots\" content=\"index, follow, max-snippet:-1, max-image-preview:large, max-video-preview:-1\" \/>\n<link rel=\"canonical\" href=\"https:\/\/www.em.com.br\/emfoco\/2026\/01\/19\/o-corte-masculino-mais-estavel-da-decada-funciona-em-qualquer-rosto-qualquer-ocasiao-e-exige-quase-zero-esforco-pra-arrumar\/\" \/>\n<meta property=\"og:locale\" content=\"pt_BR\" \/>\n<meta property=\"og:type\" content=\"article\" \/>\n<meta property=\"og:title\" content=\"O corte masculino mais est\u00e1vel da d\u00e9cada funciona em qualquer rosto, qualquer ocasi\u00e3o e exige quase zero esfor\u00e7o pra arrumar - Estado de Minas - Em foco\" \/>\n<meta property=\"og:description\" content=\"O corte masculino mais escolhido em 2026 une praticidade, estilo e versatilidade para todos os tipos de rosto com efeito visual leve.\" \/>\n<meta property=\"og:url\" content=\"https:\/\/www.em.com.br\/emfoco\/2026\/01\/19\/o-corte-masculino-mais-estavel-da-decada-funciona-em-qualquer-rosto-qualquer-ocasiao-e-exige-quase-zero-esforco-pra-arrumar\/\" \/>\n<meta property=\"og:site_name\" content=\"Estado de Minas - Em foco\" \/>\n<meta property=\"article:published_time\" content=\"2026-01-19T11:15:00+00:00\" \/>\n<meta property=\"article:modified_time\" content=\"2026-01-16T13:03:02+00:00\" \/>\n<meta property=\"og:image\" content=\"https:\/\/www.em.com.br\/emfoco\/wp-content\/uploads\/2026\/01\/AIAI-4-31.jpg\" \/>\n\t<meta property=\"og:image:width\" content=\"1280\" \/>\n\t<meta property=\"og:image:height\" content=\"720\" \/>\n\t<meta property=\"og:image:type\" content=\"image\/jpeg\" \/>\n<meta name=\"author\" content=\"Gabriel Martins\" \/>\n<meta name=\"twitter:card\" content=\"summary_large_image\" \/>\n<meta name=\"twitter:label1\" content=\"Escrito por\" \/>\n\t<meta name=\"twitter:data1\" content=\"Gabriel Martins\" \/>\n\t<meta name=\"twitter:label2\" content=\"Est. tempo de leitura\" \/>\n\t<meta name=\"twitter:data2\" content=\"3 minutos\" \/>\n<!-- \/ Yoast SEO plugin. -->","yoast_head_json":{"title":"O corte masculino mais est\u00e1vel da d\u00e9cada funciona em qualquer rosto, qualquer ocasi\u00e3o e exige quase zero esfor\u00e7o pra arrumar - Estado de Minas - Em foco","description":"O corte masculino mais escolhido em 2026 une praticidade, estilo e versatilidade para todos os tipos de rosto com efeito visual leve.","robots":{"index":"index","follow":"follow","max-snippet":"max-snippet:-1","max-image-preview":"max-image-preview:large","max-video-preview":"max-video-preview:-1"},"canonical":"https:\/\/www.em.com.br\/emfoco\/2026\/01\/19\/o-corte-masculino-mais-estavel-da-decada-funciona-em-qualquer-rosto-qualquer-ocasiao-e-exige-quase-zero-esforco-pra-arrumar\/","og_locale":"pt_BR","og_type":"article","og_title":"O corte masculino mais est\u00e1vel da d\u00e9cada funciona em qualquer rosto, qualquer ocasi\u00e3o e exige quase zero esfor\u00e7o pra arrumar - Estado de Minas - Em foco","og_description":"O corte masculino mais escolhido em 2026 une praticidade, estilo e versatilidade para todos os tipos de rosto com efeito visual leve.","og_url":"https:\/\/www.em.com.br\/emfoco\/2026\/01\/19\/o-corte-masculino-mais-estavel-da-decada-funciona-em-qualquer-rosto-qualquer-ocasiao-e-exige-quase-zero-esforco-pra-arrumar\/","og_site_name":"Estado de Minas - Em foco","article_published_time":"2026-01-19T11:15:00+00:00","article_modified_time":"2026-01-16T13:03:02+00:00","og_image":[{"width":1280,"height":720,"url":"https:\/\/www.em.com.br\/emfoco\/wp-content\/uploads\/2026\/01\/AIAI-4-31.jpg","type":"image\/jpeg"}],"author":"Gabriel Martins","twitter_card":"summary_large_image","twitter_misc":{"Escrito por":"Gabriel Martins","Est. tempo de leitura":"3 minutos"},"schema":{"@context":"https:\/\/schema.org","@graph":[{"@type":"WebPage","@id":"https:\/\/www.em.com.br\/emfoco\/2026\/01\/19\/o-corte-masculino-mais-estavel-da-decada-funciona-em-qualquer-rosto-qualquer-ocasiao-e-exige-quase-zero-esforco-pra-arrumar\/","url":"https:\/\/www.em.com.br\/emfoco\/2026\/01\/19\/o-corte-masculino-mais-estavel-da-decada-funciona-em-qualquer-rosto-qualquer-ocasiao-e-exige-quase-zero-esforco-pra-arrumar\/","name":"O corte masculino mais est\u00e1vel da d\u00e9cada funciona em qualquer rosto, qualquer ocasi\u00e3o e exige quase zero esfor\u00e7o pra arrumar - Estado de Minas - Em foco","isPartOf":{"@id":"https:\/\/www.em.com.br\/emfoco\/#website"},"primaryImageOfPage":{"@id":"https:\/\/www.em.com.br\/emfoco\/2026\/01\/19\/o-corte-masculino-mais-estavel-da-decada-funciona-em-qualquer-rosto-qualquer-ocasiao-e-exige-quase-zero-esforco-pra-arrumar\/#primaryimage"},"image":{"@id":"https:\/\/www.em.com.br\/emfoco\/2026\/01\/19\/o-corte-masculino-mais-estavel-da-decada-funciona-em-qualquer-rosto-qualquer-ocasiao-e-exige-quase-zero-esforco-pra-arrumar\/#primaryimage"},"thumbnailUrl":"https:\/\/www.em.com.br\/emfoco\/wp-content\/uploads\/2026\/01\/AIAI-4-31.jpg","datePublished":"2026-01-19T11:15:00+00:00","dateModified":"2026-01-16T13:03:02+00:00","author":{"@id":"https:\/\/www.em.com.br\/emfoco\/#\/schema\/person\/1c9ddeab18b98abeffef834667bcf08a"},"description":"O corte masculino mais escolhido em 2026 une praticidade, estilo e versatilidade para todos os tipos de rosto com efeito visual leve.","breadcrumb":{"@id":"https:\/\/www.em.com.br\/emfoco\/2026\/01\/19\/o-corte-masculino-mais-estavel-da-decada-funciona-em-qualquer-rosto-qualquer-ocasiao-e-exige-quase-zero-esforco-pra-arrumar\/#breadcrumb"},"inLanguage":"pt-BR","potentialAction":[{"@type":"ReadAction","target":["https:\/\/www.em.com.br\/emfoco\/2026\/01\/19\/o-corte-masculino-mais-estavel-da-decada-funciona-em-qualquer-rosto-qualquer-ocasiao-e-exige-quase-zero-esforco-pra-arrumar\/"]}]},{"@type":"ImageObject","inLanguage":"pt-BR","@id":"https:\/\/www.em.com.br\/emfoco\/2026\/01\/19\/o-corte-masculino-mais-estavel-da-decada-funciona-em-qualquer-rosto-qualquer-ocasiao-e-exige-quase-zero-esforco-pra-arrumar\/#primaryimage","url":"https:\/\/www.em.com.br\/emfoco\/wp-content\/uploads\/2026\/01\/AIAI-4-31.jpg","contentUrl":"https:\/\/www.em.com.br\/emfoco\/wp-content\/uploads\/2026\/01\/AIAI-4-31.jpg","width":1280,"height":720,"caption":"Corte degrad\u00ea com topo repicado alia estilo, praticidade e baixa manuten\u00e7\u00e3o di\u00e1ria"},{"@type":"BreadcrumbList","@id":"https:\/\/www.em.com.br\/emfoco\/2026\/01\/19\/o-corte-masculino-mais-estavel-da-decada-funciona-em-qualquer-rosto-qualquer-ocasiao-e-exige-quase-zero-esforco-pra-arrumar\/#breadcrumb","itemListElement":[{"@type":"ListItem","position":1,"name":"In\u00edcio","item":"https:\/\/www.em.com.br\/emfoco\/"},{"@type":"ListItem","position":2,"name":"O corte masculino mais est\u00e1vel da d\u00e9cada funciona em qualquer rosto, qualquer ocasi\u00e3o e exige quase zero esfor\u00e7o pra arrumar"}]},{"@type":"WebSite","@id":"https:\/\/www.em.com.br\/emfoco\/#website","url":"https:\/\/www.em.com.br\/emfoco\/","name":"Estado de Minas - Em foco","description":"Acompanhe as \u00faltimas not\u00edcias e fique bem informado sobre tudo o que acontece em Minas Gerais, Brasil e no mundo.","potentialAction":[{"@type":"SearchAction","target":{"@type":"EntryPoint","urlTemplate":"https:\/\/www.em.com.br\/emfoco\/?s={search_term_string}"},"query-input":{"@type":"PropertyValueSpecification","valueRequired":true,"valueName":"search_term_string"}}],"inLanguage":"pt-BR"},{"@type":"Person","@id":"https:\/\/www.em.com.br\/emfoco\/#\/schema\/person\/1c9ddeab18b98abeffef834667bcf08a","name":"Gabriel Martins","image":{"@type":"ImageObject","inLanguage":"pt-BR","@id":"https:\/\/www.em.com.br\/emfoco\/#\/schema\/person\/image\/","url":"https:\/\/secure.gravatar.com\/avatar\/f0f1e2efdfd88f1ad2cb08c5c2731e50?s=96&d=mm&r=g","contentUrl":"https:\/\/secure.gravatar.com\/avatar\/f0f1e2efdfd88f1ad2cb08c5c2731e50?s=96&d=mm&r=g","caption":"Gabriel Martins"},"sameAs":["https:\/\/www.em.com.br\/emfoco\/"],"url":"https:\/\/www.em.com.br\/emfoco\/author\/gabrielmartinsmyth\/"}]}},"_links":{"self":[{"href":"https:\/\/www.em.com.br\/emfoco\/wp-json\/wp\/v2\/posts\/156002","targetHints":{"allow":["GET"]}}],"collection":[{"href":"https:\/\/www.em.com.br\/emfoco\/wp-json\/wp\/v2\/posts"}],"about":[{"href":"https:\/\/www.em.com.br\/emfoco\/wp-json\/wp\/v2\/types\/post"}],"author":[{"embeddable":true,"href":"https:\/\/www.em.com.br\/emfoco\/wp-json\/wp\/v2\/users\/13"}],"replies":[{"embeddable":true,"href":"https:\/\/www.em.com.br\/emfoco\/wp-json\/wp\/v2\/comments?post=156002"}],"version-history":[{"count":1,"href":"https:\/\/www.em.com.br\/emfoco\/wp-json\/wp\/v2\/posts\/156002\/revisions"}],"predecessor-version":[{"id":156020,"href":"https:\/\/www.em.com.br\/emfoco\/wp-json\/wp\/v2\/posts\/156002\/revisions\/156020"}],"wp:featuredmedia":[{"embeddable":true,"href":"https:\/\/www.em.com.br\/emfoco\/wp-json\/wp\/v2\/media\/156018"}],"wp:attachment":[{"href":"https:\/\/www.em.com.br\/emfoco\/wp-json\/wp\/v2\/media?parent=156002"}],"wp:term":[{"taxonomy":"category","embeddable":true,"href":"https:\/\/www.em.com.br\/emfoco\/wp-json\/wp\/v2\/categories?post=156002"},{"taxonomy":"post_tag","embeddable":true,"href":"https:\/\/www.em.com.br\/emfoco\/wp-json\/wp\/v2\/tags?post=156002"}],"curies":[{"name":"wp","href":"https:\/\/api.w.org\/{rel}","templated":true}]}}