{"id":155979,"date":"2026-01-18T10:05:00","date_gmt":"2026-01-18T13:05:00","guid":{"rendered":"https:\/\/www.em.com.br\/emfoco\/?p=155979"},"modified":"2026-01-16T19:45:47","modified_gmt":"2026-01-16T22:45:47","slug":"lei-do-inquilino-muda-em-fevereiro-e-pode-gerar-valor-adicional-para-inquilinos-conforme-o-tipo-de-contrato","status":"publish","type":"post","link":"https:\/\/www.em.com.br\/emfoco\/2026\/01\/18\/lei-do-inquilino-muda-em-fevereiro-e-pode-gerar-valor-adicional-para-inquilinos-conforme-o-tipo-de-contrato\/","title":{"rendered":"Lei do Inquilino muda em fevereiro e pode gerar valor adicional para inquilinos conforme o tipo de contrato"},"content":{"rendered":"\n<p>Ap\u00f3s a revoga\u00e7\u00e3o da Lei de Alugu\u00e9is, muitos contratos na Argentina passaram a adotar novas regras de corre\u00e7\u00e3o, especialmente as vinculadas \u00e0 infla\u00e7\u00e3o medida por \u00edndices oficiais. Nesse novo cen\u00e1rio, entender\u00a0<strong>como calcular o aumento do aluguel<\/strong>\u00a0virou prioridade para locadores e locat\u00e1rios, j\u00e1 que o reajuste deixou de seguir um \u00fanico padr\u00e3o e passou a depender diretamente do que foi assinado entre as partes, dos \u00edndices escolhidos e da periodicidade de atualiza\u00e7\u00e3o.<\/p>\n\n\n\n<h2 class=\"wp-block-heading\">Como funciona o c\u00e1lculo do aumento do aluguel pelo IPC<\/h2>\n\n\n\n<p>Quando o contrato prev\u00ea reajuste com base no\u00a0<strong>\u00cdndice de Pre\u00e7os ao Consumidor (IPC)<\/strong>, o aumento do <a href=\"https:\/\/www.em.com.br\/emfoco\/2026\/01\/11\/fim-do-aluguel-a-partir-de-agora-todos-os-inquilinos-poderao-se-tornar-proprietarios-do-imovel\/\" target=\"_blank\" rel=\"noreferrer noopener\">aluguel <\/a>\u00e9 calculado pela infla\u00e7\u00e3o acumulada no intervalo definido em contrato. Em muitos acordos recentes, essa atualiza\u00e7\u00e3o \u00e9 trimestral ou quadrimestral, o que torna essencial acompanhar os dados divulgados pelo INDEC.<\/p>\n\n\n\n<p>Os percentuais mensais de IPC servem como refer\u00eancia para esses contratos e n\u00e3o devem ser aplicados m\u00eas a m\u00eas, e sim acumulados no per\u00edodo de reajuste. Em dezembro, a varia\u00e7\u00e3o de 2,8% levou a um acumulado anual de 31,5% at\u00e9 o fim de 2025, usado como base em contratos com corre\u00e7\u00e3o anual pelo \u00edndice oficial.<\/p>\n\n\n\n<figure class=\"wp-block-image size-large\"><img loading=\"lazy\" decoding=\"async\" width=\"1024\" height=\"576\" src=\"https:\/\/www.em.com.br\/emfoco\/wp-content\/uploads\/2026\/01\/Gemini_Generated_Image_dlc547dlc547dlc5-1-1024x576.png\" alt=\"\" class=\"wp-image-155988\" srcset=\"https:\/\/www.em.com.br\/emfoco\/wp-content\/uploads\/2026\/01\/Gemini_Generated_Image_dlc547dlc547dlc5-1-1024x576.png 1024w, https:\/\/www.em.com.br\/emfoco\/wp-content\/uploads\/2026\/01\/Gemini_Generated_Image_dlc547dlc547dlc5-1-300x169.png 300w, https:\/\/www.em.com.br\/emfoco\/wp-content\/uploads\/2026\/01\/Gemini_Generated_Image_dlc547dlc547dlc5-1-768x432.png 768w, https:\/\/www.em.com.br\/emfoco\/wp-content\/uploads\/2026\/01\/Gemini_Generated_Image_dlc547dlc547dlc5-1-750x422.png 750w, https:\/\/www.em.com.br\/emfoco\/wp-content\/uploads\/2026\/01\/Gemini_Generated_Image_dlc547dlc547dlc5-1-1140x641.png 1140w, https:\/\/www.em.com.br\/emfoco\/wp-content\/uploads\/2026\/01\/Gemini_Generated_Image_dlc547dlc547dlc5-1.png 1280w\" sizes=\"auto, (max-width: 1024px) 100vw, 1024px\" \/><figcaption class=\"wp-element-caption\">O reajuste do aluguel mudou e muita gente n\u00e3o percebeu<\/figcaption><\/figure>\n\n\n\n<h2 class=\"wp-block-heading\">Como ser\u00e1 o aumento do aluguel no Brasil em 2026<\/h2>\n\n\n\n<p>Em 2026, os aumentos nos contratos de aluguel no Brasil seguem dois caminhos principais: o reajuste inflacion\u00e1rio anual, previsto na maioria dos contratos, e os efeitos graduais da <a href=\"https:\/\/www.planalto.gov.br\/ccivil_03\/constituicao\/emendas\/emc\/emc132.htm\" target=\"_blank\" rel=\"noreferrer noopener\">Reforma Tribut\u00e1ria (Emenda Constitucional n\u00ba 132)<\/a>, que come\u00e7am a impactar mais fortemente loca\u00e7\u00f5es comerciais.<\/p>\n\n\n\n<p>No reajuste anual, o aluguel \u00e9 corrigido no anivers\u00e1rio do contrato com base no \u00edndice de infla\u00e7\u00e3o previsto em cl\u00e1usula \u2014 geralmente IPCA, IGP-M ou, em menor escala, INPC. Proje\u00e7\u00f5es indicam corre\u00e7\u00f5es moderadas para o IPCA, enquanto contratos atrelados ao IGP-M podem ter aumento muito baixo, nulo ou praticamente est\u00e1vel em 2026.<\/p>\n\n\n\n<h2 class=\"wp-block-heading\">Como calcular o aumento do aluguel pela infla\u00e7\u00e3o na pr\u00e1tica<\/h2>\n\n\n\n<p>Para entender&nbsp;<strong>como calcular o aumento do aluguel pela infla\u00e7\u00e3o<\/strong>, \u00e9 necess\u00e1rio seguir uma sequ\u00eancia simples, sempre respeitando o \u00edndice e o prazo de atualiza\u00e7\u00e3o previstos no contrato. Cada reajuste considera a infla\u00e7\u00e3o acumulada no per\u00edodo completo \u2014 3, 4, 6 ou 12 meses \u2014 e s\u00f3 ent\u00e3o aplica o percentual sobre o valor vigente.<\/p>\n\n\n\n<p>Na pr\u00e1tica, o c\u00e1lculo costuma seguir etapas organizadas que ajudam a evitar erros e diverg\u00eancias entre locador e locat\u00e1rio, acompanhando o \u00edndice oficial escolhido.<\/p>\n\n\n\n<ul class=\"wp-block-list\">\n<li>Identificar a data de in\u00edcio do contrato e o valor atual do aluguel.<\/li>\n\n\n\n<li>Verificar no contrato qual o per\u00edodo de atualiza\u00e7\u00e3o (3, 4, 6 ou 12 meses).<\/li>\n\n\n\n<li>Reunir os percentuais de infla\u00e7\u00e3o (IPC, IPCA, IGP-M ou outro) do intervalo.<\/li>\n\n\n\n<li>Calcular o \u00edndice acumulado do per\u00edodo.<\/li>\n\n\n\n<li>Aplicar esse percentual sobre o valor atual do aluguel.<\/li>\n<\/ul>\n\n\n\n<figure class=\"wp-block-image\"><img decoding=\"async\" src=\"https:\/\/www.em.com.br\/emfoco\/wp-content\/uploads\/2025\/05\/aluguel_1746797795583-1024x576.jpg\" alt=\"\"\/><figcaption class=\"wp-element-caption\">Como as novas regras impactam os inquilinos &#8211; Cr\u00e9ditos: depositphotos.com \/ MalkovKosta<\/figcaption><\/figure>\n\n\n\n<h2 class=\"wp-block-heading\">Em quais situa\u00e7\u00f5es o aumento do aluguel \u00e9 aplicado<\/h2>\n\n\n\n<p>O&nbsp;<strong>aumento do aluguel<\/strong>&nbsp;s\u00f3 \u00e9 aplicado quando o contrato atinge o prazo previsto para uma nova atualiza\u00e7\u00e3o, nunca a cada divulga\u00e7\u00e3o mensal de infla\u00e7\u00e3o. Mesmo com a revoga\u00e7\u00e3o da Lei de Alugu\u00e9is, continuam valendo as cl\u00e1usulas assinadas, desde que estejam de acordo com a legisla\u00e7\u00e3o vigente.<\/p>\n\n\n\n<p>De forma geral, os contratos se concentram em tr\u00eas grupos: novos atrelados ao IPC, antigos com \u00edndice pr\u00f3prio como o ICL e contratos mistos ou de transi\u00e7\u00e3o. Em contratos com reajuste semestral ou anual, toda a infla\u00e7\u00e3o acumulada do per\u00edodo \u00e9 aplicada de uma s\u00f3 vez, exigindo planejamento financeiro das duas partes.<\/p>\n\n\n\n<h2 class=\"wp-block-heading\">Como o ICL ainda influencia e como se preparar para o pr\u00f3ximo aumento<\/h2>\n\n\n\n<p>Apesar da revoga\u00e7\u00e3o da Lei de Alugu\u00e9is, muitos contratos seguem vinculados ao&nbsp;<strong>\u00cdndice de Contratos de Loca\u00e7\u00e3o (ICL)<\/strong>, especialmente os firmados antes das mudan\u00e7as recentes. A partir de janeiro de 2026, reajustes anuais com base no ICL giram em torno de 36%, o que representa impacto relevante, sobretudo em contratos antigos e em grandes centros urbanos.<\/p>\n\n\n\n<p>Para n\u00e3o ser pego de surpresa, revise hoje mesmo o contrato, anote as datas de reajuste, confira o \u00edndice aplicado e simule os pr\u00f3ximos aumentos. Se o reajuste estiver pr\u00f3ximo, negocie com anteced\u00eancia, pe\u00e7a revis\u00e3o de \u00edndice ou mudan\u00e7a de periodicidade: agir agora pode significar a diferen\u00e7a entre manter o im\u00f3vel com tranquilidade ou enfrentar um aumento que foge do seu or\u00e7amento.<\/p>\n","protected":false},"excerpt":{"rendered":"<p>Ap\u00f3s a revoga\u00e7\u00e3o da Lei de Alugu\u00e9is, muitos contratos na Argentina passaram a adotar novas regras de corre\u00e7\u00e3o, especialmente as vinculadas \u00e0 infla\u00e7\u00e3o medida por \u00edndices oficiais. Nesse novo cen\u00e1rio, entender\u00a0como calcular o aumento do aluguel\u00a0virou prioridade para locadores e locat\u00e1rios, j\u00e1 que o reajuste deixou de seguir um \u00fanico padr\u00e3o e passou a depender [&hellip;]<\/p>\n","protected":false},"author":11,"featured_media":155989,"comment_status":"open","ping_status":"open","sticky":false,"template":"","format":"standard","meta":{"jnews-multi-image_gallery":[],"jnews_single_post":{"format":"standard"},"jnews_primary_category":[],"jnews_social_meta":[],"jnews_override_counter":[],"footnotes":""},"categories":[28,1],"tags":[1526,22776,14807,8165,21317],"class_list":["post-155979","post","type-post","status-publish","format-standard","has-post-thumbnail","hentry","category-economia","category-noticias","tag-aluguel","tag-aumento-do-aluguel","tag-contrato","tag-novas-regras","tag-reajuste-do-aluguel"],"yoast_head":"<!-- This site is optimized with the Yoast SEO plugin v23.8 - https:\/\/yoast.com\/wordpress\/plugins\/seo\/ -->\n<title>Lei do Inquilino muda em fevereiro e pode gerar valor adicional para inquilinos conforme o tipo de contrato - Estado de Minas - Em foco<\/title>\n<meta name=\"description\" content=\"Entenda como calcular o aumento do aluguel ap\u00f3s o fim da Lei de Alugu\u00e9is e evite surpresas com reajustes por infla\u00e7\u00e3o.\" \/>\n<meta name=\"robots\" content=\"index, follow, max-snippet:-1, max-image-preview:large, max-video-preview:-1\" \/>\n<link rel=\"canonical\" href=\"https:\/\/www.em.com.br\/emfoco\/2026\/01\/18\/lei-do-inquilino-muda-em-fevereiro-e-pode-gerar-valor-adicional-para-inquilinos-conforme-o-tipo-de-contrato\/\" \/>\n<meta property=\"og:locale\" content=\"pt_BR\" \/>\n<meta property=\"og:type\" content=\"article\" \/>\n<meta property=\"og:title\" content=\"Lei do Inquilino muda em fevereiro e pode gerar valor adicional para inquilinos conforme o tipo de contrato - Estado de Minas - Em foco\" \/>\n<meta property=\"og:description\" content=\"Entenda como calcular o aumento do aluguel ap\u00f3s o fim da Lei de Alugu\u00e9is e evite surpresas com reajustes por infla\u00e7\u00e3o.\" \/>\n<meta property=\"og:url\" content=\"https:\/\/www.em.com.br\/emfoco\/2026\/01\/18\/lei-do-inquilino-muda-em-fevereiro-e-pode-gerar-valor-adicional-para-inquilinos-conforme-o-tipo-de-contrato\/\" \/>\n<meta property=\"og:site_name\" content=\"Estado de Minas - Em foco\" \/>\n<meta property=\"article:published_time\" content=\"2026-01-18T13:05:00+00:00\" \/>\n<meta property=\"article:modified_time\" content=\"2026-01-16T22:45:47+00:00\" \/>\n<meta property=\"og:image\" content=\"https:\/\/www.em.com.br\/emfoco\/wp-content\/uploads\/2026\/01\/ChatGPT-Image-15-de-jan.-de-2026-19_13_06-1.png\" \/>\n\t<meta property=\"og:image:width\" content=\"1280\" \/>\n\t<meta property=\"og:image:height\" content=\"720\" \/>\n\t<meta property=\"og:image:type\" content=\"image\/png\" \/>\n<meta name=\"author\" content=\"Andre\u0301 Rangel\u00a0\" \/>\n<meta name=\"twitter:card\" content=\"summary_large_image\" \/>\n<meta name=\"twitter:label1\" content=\"Escrito por\" \/>\n\t<meta name=\"twitter:data1\" content=\"Andre\u0301 Rangel\u00a0\" \/>\n\t<meta name=\"twitter:label2\" content=\"Est. tempo de leitura\" \/>\n\t<meta name=\"twitter:data2\" content=\"5 minutos\" \/>\n<!-- \/ Yoast SEO plugin. -->","yoast_head_json":{"title":"Lei do Inquilino muda em fevereiro e pode gerar valor adicional para inquilinos conforme o tipo de contrato - Estado de Minas - Em foco","description":"Entenda como calcular o aumento do aluguel ap\u00f3s o fim da Lei de Alugu\u00e9is e evite surpresas com reajustes por infla\u00e7\u00e3o.","robots":{"index":"index","follow":"follow","max-snippet":"max-snippet:-1","max-image-preview":"max-image-preview:large","max-video-preview":"max-video-preview:-1"},"canonical":"https:\/\/www.em.com.br\/emfoco\/2026\/01\/18\/lei-do-inquilino-muda-em-fevereiro-e-pode-gerar-valor-adicional-para-inquilinos-conforme-o-tipo-de-contrato\/","og_locale":"pt_BR","og_type":"article","og_title":"Lei do Inquilino muda em fevereiro e pode gerar valor adicional para inquilinos conforme o tipo de contrato - Estado de Minas - Em foco","og_description":"Entenda como calcular o aumento do aluguel ap\u00f3s o fim da Lei de Alugu\u00e9is e evite surpresas com reajustes por infla\u00e7\u00e3o.","og_url":"https:\/\/www.em.com.br\/emfoco\/2026\/01\/18\/lei-do-inquilino-muda-em-fevereiro-e-pode-gerar-valor-adicional-para-inquilinos-conforme-o-tipo-de-contrato\/","og_site_name":"Estado de Minas - Em foco","article_published_time":"2026-01-18T13:05:00+00:00","article_modified_time":"2026-01-16T22:45:47+00:00","og_image":[{"width":1280,"height":720,"url":"https:\/\/www.em.com.br\/emfoco\/wp-content\/uploads\/2026\/01\/ChatGPT-Image-15-de-jan.-de-2026-19_13_06-1.png","type":"image\/png"}],"author":"Andre\u0301 Rangel\u00a0","twitter_card":"summary_large_image","twitter_misc":{"Escrito por":"Andre\u0301 Rangel\u00a0","Est. tempo de leitura":"5 minutos"},"schema":{"@context":"https:\/\/schema.org","@graph":[{"@type":"WebPage","@id":"https:\/\/www.em.com.br\/emfoco\/2026\/01\/18\/lei-do-inquilino-muda-em-fevereiro-e-pode-gerar-valor-adicional-para-inquilinos-conforme-o-tipo-de-contrato\/","url":"https:\/\/www.em.com.br\/emfoco\/2026\/01\/18\/lei-do-inquilino-muda-em-fevereiro-e-pode-gerar-valor-adicional-para-inquilinos-conforme-o-tipo-de-contrato\/","name":"Lei do Inquilino muda em fevereiro e pode gerar valor adicional para inquilinos conforme o tipo de contrato - Estado de Minas - Em foco","isPartOf":{"@id":"https:\/\/www.em.com.br\/emfoco\/#website"},"primaryImageOfPage":{"@id":"https:\/\/www.em.com.br\/emfoco\/2026\/01\/18\/lei-do-inquilino-muda-em-fevereiro-e-pode-gerar-valor-adicional-para-inquilinos-conforme-o-tipo-de-contrato\/#primaryimage"},"image":{"@id":"https:\/\/www.em.com.br\/emfoco\/2026\/01\/18\/lei-do-inquilino-muda-em-fevereiro-e-pode-gerar-valor-adicional-para-inquilinos-conforme-o-tipo-de-contrato\/#primaryimage"},"thumbnailUrl":"https:\/\/www.em.com.br\/emfoco\/wp-content\/uploads\/2026\/01\/ChatGPT-Image-15-de-jan.-de-2026-19_13_06-1.png","datePublished":"2026-01-18T13:05:00+00:00","dateModified":"2026-01-16T22:45:47+00:00","author":{"@id":"https:\/\/www.em.com.br\/emfoco\/#\/schema\/person\/60eda09c1fedf0d6891f4cef4b60b8b8"},"description":"Entenda como calcular o aumento do aluguel ap\u00f3s o fim da Lei de Alugu\u00e9is e evite surpresas com reajustes por infla\u00e7\u00e3o.","breadcrumb":{"@id":"https:\/\/www.em.com.br\/emfoco\/2026\/01\/18\/lei-do-inquilino-muda-em-fevereiro-e-pode-gerar-valor-adicional-para-inquilinos-conforme-o-tipo-de-contrato\/#breadcrumb"},"inLanguage":"pt-BR","potentialAction":[{"@type":"ReadAction","target":["https:\/\/www.em.com.br\/emfoco\/2026\/01\/18\/lei-do-inquilino-muda-em-fevereiro-e-pode-gerar-valor-adicional-para-inquilinos-conforme-o-tipo-de-contrato\/"]}]},{"@type":"ImageObject","inLanguage":"pt-BR","@id":"https:\/\/www.em.com.br\/emfoco\/2026\/01\/18\/lei-do-inquilino-muda-em-fevereiro-e-pode-gerar-valor-adicional-para-inquilinos-conforme-o-tipo-de-contrato\/#primaryimage","url":"https:\/\/www.em.com.br\/emfoco\/wp-content\/uploads\/2026\/01\/ChatGPT-Image-15-de-jan.-de-2026-19_13_06-1.png","contentUrl":"https:\/\/www.em.com.br\/emfoco\/wp-content\/uploads\/2026\/01\/ChatGPT-Image-15-de-jan.-de-2026-19_13_06-1.png","width":1280,"height":720,"caption":"O reajuste do aluguel mudou e muita gente n\u00e3o percebeu"},{"@type":"BreadcrumbList","@id":"https:\/\/www.em.com.br\/emfoco\/2026\/01\/18\/lei-do-inquilino-muda-em-fevereiro-e-pode-gerar-valor-adicional-para-inquilinos-conforme-o-tipo-de-contrato\/#breadcrumb","itemListElement":[{"@type":"ListItem","position":1,"name":"In\u00edcio","item":"https:\/\/www.em.com.br\/emfoco\/"},{"@type":"ListItem","position":2,"name":"Lei do Inquilino muda em fevereiro e pode gerar valor adicional para inquilinos conforme o tipo de contrato"}]},{"@type":"WebSite","@id":"https:\/\/www.em.com.br\/emfoco\/#website","url":"https:\/\/www.em.com.br\/emfoco\/","name":"Estado de Minas - Em foco","description":"Acompanhe as \u00faltimas not\u00edcias e fique bem informado sobre tudo o que acontece em Minas Gerais, Brasil e no mundo.","potentialAction":[{"@type":"SearchAction","target":{"@type":"EntryPoint","urlTemplate":"https:\/\/www.em.com.br\/emfoco\/?s={search_term_string}"},"query-input":{"@type":"PropertyValueSpecification","valueRequired":true,"valueName":"search_term_string"}}],"inLanguage":"pt-BR"},{"@type":"Person","@id":"https:\/\/www.em.com.br\/emfoco\/#\/schema\/person\/60eda09c1fedf0d6891f4cef4b60b8b8","name":"Andre\u0301 Rangel\u00a0","image":{"@type":"ImageObject","inLanguage":"pt-BR","@id":"https:\/\/www.em.com.br\/emfoco\/#\/schema\/person\/image\/","url":"https:\/\/secure.gravatar.com\/avatar\/6234dc814c77c8ef6d8bba622c787efc?s=96&d=mm&r=g","contentUrl":"https:\/\/secure.gravatar.com\/avatar\/6234dc814c77c8ef6d8bba622c787efc?s=96&d=mm&r=g","caption":"Andre\u0301 Rangel\u00a0"},"url":"https:\/\/www.em.com.br\/emfoco\/author\/luizmyth\/"}]}},"_links":{"self":[{"href":"https:\/\/www.em.com.br\/emfoco\/wp-json\/wp\/v2\/posts\/155979","targetHints":{"allow":["GET"]}}],"collection":[{"href":"https:\/\/www.em.com.br\/emfoco\/wp-json\/wp\/v2\/posts"}],"about":[{"href":"https:\/\/www.em.com.br\/emfoco\/wp-json\/wp\/v2\/types\/post"}],"author":[{"embeddable":true,"href":"https:\/\/www.em.com.br\/emfoco\/wp-json\/wp\/v2\/users\/11"}],"replies":[{"embeddable":true,"href":"https:\/\/www.em.com.br\/emfoco\/wp-json\/wp\/v2\/comments?post=155979"}],"version-history":[{"count":3,"href":"https:\/\/www.em.com.br\/emfoco\/wp-json\/wp\/v2\/posts\/155979\/revisions"}],"predecessor-version":[{"id":155992,"href":"https:\/\/www.em.com.br\/emfoco\/wp-json\/wp\/v2\/posts\/155979\/revisions\/155992"}],"wp:featuredmedia":[{"embeddable":true,"href":"https:\/\/www.em.com.br\/emfoco\/wp-json\/wp\/v2\/media\/155989"}],"wp:attachment":[{"href":"https:\/\/www.em.com.br\/emfoco\/wp-json\/wp\/v2\/media?parent=155979"}],"wp:term":[{"taxonomy":"category","embeddable":true,"href":"https:\/\/www.em.com.br\/emfoco\/wp-json\/wp\/v2\/categories?post=155979"},{"taxonomy":"post_tag","embeddable":true,"href":"https:\/\/www.em.com.br\/emfoco\/wp-json\/wp\/v2\/tags?post=155979"}],"curies":[{"name":"wp","href":"https:\/\/api.w.org\/{rel}","templated":true}]}}