{"id":155975,"date":"2026-01-17T10:05:00","date_gmt":"2026-01-17T13:05:00","guid":{"rendered":"https:\/\/www.em.com.br\/emfoco\/?p=155975"},"modified":"2026-01-16T19:33:37","modified_gmt":"2026-01-16T22:33:37","slug":"o-supermercado-mais-querido-se-despede-mais-de-100-lojas-ja-fecharam-as-portas","status":"publish","type":"post","link":"https:\/\/www.em.com.br\/emfoco\/2026\/01\/17\/o-supermercado-mais-querido-se-despede-mais-de-100-lojas-ja-fecharam-as-portas\/","title":{"rendered":"O supermercado mais querido se despede: mais de 100 lojas j\u00e1 fecharam as portas"},"content":{"rendered":"\n<p>O encerramento gradual dos supermercados <strong>Colsubsidio<\/strong>, iniciado no fim do ano anterior, mudou a rotina de milhares de fam\u00edlias colombianas que tinham a rede como refer\u00eancia nas compras do dia a dia; em poucas semanas, mais de cem pontos de venda foram fechados em diferentes regi\u00f5es, marcando uma mudan\u00e7a de rumo na estrat\u00e9gia da entidade, que passou a priorizar servi\u00e7os considerados essenciais e de maior impacto social.<\/p>\n\n\n\n<h2 class=\"wp-block-heading\">Por que ocorreu o fechamento dos supermercados Colsubsidio<\/h2>\n\n\n\n<p>A principal palavra-chave desse processo \u00e9&nbsp;<strong>fechamento dos supermercados Colsubsidio<\/strong>, tema que mobilizou clientes e afiliados. A entidade apontou um cen\u00e1rio de concorr\u00eancia intensa, com novas cadeias de desconto, estruturas mais enxutas e forte capacidade log\u00edstica pressionando modelos tradicionais.<\/p>\n\n\n\n<p>Diante de margens estreitas e custos elevados, manter a opera\u00e7\u00e3o supermercadista deixou de ser sustent\u00e1vel no longo prazo. Para preservar o equil\u00edbrio financeiro, <a href=\"https:\/\/www.colsubsidio.com\/\" target=\"_blank\" rel=\"noreferrer noopener\">Colsubsidio <\/a>decidiu sair do varejo alimentar e redirecionar investimentos para \u00e1reas com maior alcance social, como sa\u00fade, educa\u00e7\u00e3o, lazer e subs\u00eddios.<\/p>\n\n\n\n<figure class=\"wp-block-image\"><img decoding=\"async\" src=\"https:\/\/www.em.com.br\/emfoco\/wp-content\/uploads\/2025\/03\/mercado_1741272716640-1024x576.jpg\" alt=\"\"\/><figcaption class=\"wp-element-caption\">A verdade sobre os fechamentos que assustam o pa\u00eds &#8211; Cr\u00e9ditos: depositphotos.com \/ AndrewLozovyi<\/figcaption><\/figure>\n\n\n\n<h2 class=\"wp-block-heading\">Como o encerramento das lojas impacta o dia a dia das comunidades<\/h2>\n\n\n\n<p>O fim da opera\u00e7\u00e3o dos mercados provocou ajustes significativos no cotidiano de muitas comunidades, que agora precisam reorganizar trajetos, hor\u00e1rios e h\u00e1bitos de consumo. Em diversos bairros, as lojas serviam tamb\u00e9m como espa\u00e7os de conviv\u00eancia e ponto de encontro entre vizinhos.<\/p>\n\n\n\n<p>Um exemplo emblem\u00e1tico \u00e9 o ponto da avenida 26, em Bogot\u00e1, em frente \u00e0 esta\u00e7\u00e3o Centro Memoria do TransMilenio. O supermercado foi encerrado, mas o im\u00f3vel segue sob gest\u00e3o da entidade, que mant\u00e9m o teatro Colsubsidio Roberto Arias P\u00e9rez e parte de suas oficinas administrativas, enquanto a drogaria foi realocada para um endere\u00e7o pr\u00f3ximo.<\/p>\n\n\n\n<h2 class=\"wp-block-heading\">O que \u00e9 o Bloc Colsubsidio e como ele substitui o antigo supermercado<\/h2>\n\n\n\n<p>No espa\u00e7o antes ocupado pelo <a href=\"https:\/\/www.em.com.br\/emfoco\/2026\/01\/11\/fim-das-sacolas-plasticas-nos-supermercados-muda-rotina-de-compras-e-exige-alternativas-sustentaveis\/\" target=\"_blank\" rel=\"noreferrer noopener\">supermercado <\/a>da calle 26, Colsubsidio implantar\u00e1 o\u00a0<strong>Bloc Colsubsidio<\/strong>, um centro de bem-estar que re\u00fane \u00e1reas esportivas, ambientes infantis, esta\u00e7\u00f5es de coworking e servi\u00e7os de recrea\u00e7\u00e3o por dia. A proposta amplia o uso do im\u00f3vel e refor\u00e7a o foco em qualidade de vida e conviv\u00eancia.<\/p>\n\n\n\n<p>Esse ser\u00e1 o s\u00e9timo Bloc em Bogot\u00e1 e munic\u00edpios vizinhos, somando-se \u00e0s unidades de Suba, Bosa, Plaza de las Am\u00e9ricas, Ricaurte, 20 de Julio e Soacha. O acesso \u00e9 organizado por&nbsp;<em>membresias<\/em>&nbsp;mensais e entradas di\u00e1rias, com valores que variam conforme a categoria de afilia\u00e7\u00e3o, tornando o servi\u00e7o mais flex\u00edvel.<\/p>\n\n\n\n<ul class=\"wp-block-list\">\n<li><strong>Membresia mensal:<\/strong>\u00a0entre 62.400 e 122.300 pesos, conforme categoria.<\/li>\n\n\n\n<li><strong>Entrada di\u00e1ria:<\/strong>\u00a0entre 10.900 e 21.500 pesos para acesso eventual.<\/li>\n\n\n\n<li>Disponibilidade de \u00e1reas infantis, quadras, espa\u00e7os de trabalho compartilhado e recrea\u00e7\u00e3o.<\/li>\n<\/ul>\n\n\n\n<figure class=\"wp-block-image\"><img decoding=\"async\" src=\"https:\/\/www.em.com.br\/emfoco\/wp-content\/uploads\/2025\/10\/Walmart-_1760049445139-1024x576.jpg\" alt=\"\"\/><figcaption class=\"wp-element-caption\">Loja anuncia o fechamento de uma de suas lojas &#8211; Cr\u00e9ditos: depositphotos.com \/ Loganimages<\/figcaption><\/figure>\n\n\n\n<h2 class=\"wp-block-heading\">Quais servi\u00e7os Colsubsidio mant\u00e9m ap\u00f3s encerrar os supermercados<\/h2>\n\n\n\n<p>Mesmo com o fim dos mercados, Colsubsidio continua ativa em diferentes frentes priorit\u00e1rias de atendimento \u00e0 popula\u00e7\u00e3o. Os recursos liberados foram canalizados para servi\u00e7os com maior potencial de retorno social e alinhados \u00e0 miss\u00e3o institucional.<\/p>\n\n\n\n<p>Consult\u00f3rios, col\u00e9gios, centros recreativos, programas de apoio financeiro e drogarias seguem em opera\u00e7\u00e3o, com ajustes e amplia\u00e7\u00f5es conforme a demanda. A entidade refor\u00e7a, assim, sua atua\u00e7\u00e3o em sa\u00fade, educa\u00e7\u00e3o, recrea\u00e7\u00e3o organizada, subs\u00eddios e rede farmac\u00eautica espalhada por v\u00e1rios bairros.<\/p>\n\n\n\n<ul class=\"wp-block-list\">\n<li><strong>Sa\u00fade:<\/strong>\u00a0servi\u00e7os m\u00e9dicos e de aten\u00e7\u00e3o b\u00e1sica seguem funcionando.<\/li>\n\n\n\n<li><strong>Educa\u00e7\u00e3o:<\/strong>\u00a0escolas e programas formativos continuam recebendo alunos.<\/li>\n\n\n\n<li><strong>Recrea\u00e7\u00e3o:<\/strong>\u00a0parques, clubes e centros como o Bloc Colsubsidio ganham destaque.<\/li>\n\n\n\n<li><strong>Subs\u00eddios:<\/strong>\u00a0apoios econ\u00f4micos a fam\u00edlias e trabalhadores afiliados s\u00e3o mantidos.<\/li>\n\n\n\n<li><strong>Drogarias:<\/strong>\u00a0a rede farmac\u00eautica permanece ativa em diferentes regi\u00f5es.<\/li>\n<\/ul>\n\n\n\n<h2 class=\"wp-block-heading\">Qual \u00e9 o futuro da Colsubsidio ap\u00f3s o fim dos supermercados<\/h2>\n\n\n\n<p>Com essa reorganiza\u00e7\u00e3o, Colsubsidio busca se adaptar ao ambiente econ\u00f4mico atual, proteger sua base financeira e fortalecer atividades ligadas \u00e0 sua voca\u00e7\u00e3o social. O fechamento dos supermercados encerra uma etapa importante, mas abre espa\u00e7o para novos formatos de atendimento e para uma oferta mais robusta em sa\u00fade, educa\u00e7\u00e3o, lazer e benef\u00edcios aos afiliados.<\/p>\n\n\n\n<p>Se voc\u00ea \u00e9 usu\u00e1rio ou afiliado, o momento de se informar e aproveitar os novos servi\u00e7os \u00e9 agora: acompanhe os canais oficiais da Colsubsidio, atualize seus dados, conhe\u00e7a os Blocs e procure imediatamente os programas de sa\u00fade, educa\u00e7\u00e3o e subs\u00eddios dispon\u00edveis, para n\u00e3o perder oportunidades que podem impactar diretamente o bem-estar da sua fam\u00edlia.<\/p>\n","protected":false},"excerpt":{"rendered":"<p>O encerramento gradual dos supermercados Colsubsidio, iniciado no fim do ano anterior, mudou a rotina de milhares de fam\u00edlias colombianas que tinham a rede como refer\u00eancia nas compras do dia a dia; em poucas semanas, mais de cem pontos de venda foram fechados em diferentes regi\u00f5es, marcando uma mudan\u00e7a de rumo na estrat\u00e9gia da entidade, [&hellip;]<\/p>\n","protected":false},"author":11,"featured_media":105492,"comment_status":"open","ping_status":"open","sticky":false,"template":"","format":"standard","meta":{"jnews-multi-image_gallery":[],"jnews_single_post":{"format":"standard"},"jnews_primary_category":[],"jnews_social_meta":[],"jnews_override_counter":[],"footnotes":""},"categories":[28,1],"tags":[10179,22774,8605,4302],"class_list":["post-155975","post","type-post","status-publish","format-standard","has-post-thumbnail","hentry","category-economia","category-noticias","tag-fechamento","tag-fechamento-dos-supermercados","tag-supermercados","tag-varejo"],"yoast_head":"<!-- This site is optimized with the Yoast SEO plugin v23.8 - https:\/\/yoast.com\/wordpress\/plugins\/seo\/ -->\n<title>O supermercado mais querido se despede: mais de 100 lojas j\u00e1 fecharam as portas - Estado de Minas - Em foco<\/title>\n<meta name=\"description\" content=\"Com mais de 100 lojas fechadas, a Colsubsidio abandona o varejo alimentar e aposta em sa\u00fade, lazer e bem-estar social.\" \/>\n<meta name=\"robots\" content=\"index, follow, max-snippet:-1, max-image-preview:large, max-video-preview:-1\" \/>\n<link rel=\"canonical\" href=\"https:\/\/www.em.com.br\/emfoco\/2026\/01\/17\/o-supermercado-mais-querido-se-despede-mais-de-100-lojas-ja-fecharam-as-portas\/\" \/>\n<meta property=\"og:locale\" content=\"pt_BR\" \/>\n<meta property=\"og:type\" content=\"article\" \/>\n<meta property=\"og:title\" content=\"O supermercado mais querido se despede: mais de 100 lojas j\u00e1 fecharam as portas - Estado de Minas - Em foco\" \/>\n<meta property=\"og:description\" content=\"Com mais de 100 lojas fechadas, a Colsubsidio abandona o varejo alimentar e aposta em sa\u00fade, lazer e bem-estar social.\" \/>\n<meta property=\"og:url\" content=\"https:\/\/www.em.com.br\/emfoco\/2026\/01\/17\/o-supermercado-mais-querido-se-despede-mais-de-100-lojas-ja-fecharam-as-portas\/\" \/>\n<meta property=\"og:site_name\" content=\"Estado de Minas - Em foco\" \/>\n<meta property=\"article:published_time\" content=\"2026-01-17T13:05:00+00:00\" \/>\n<meta property=\"article:modified_time\" content=\"2026-01-16T22:33:37+00:00\" \/>\n<meta property=\"og:image\" content=\"https:\/\/www.em.com.br\/emfoco\/wp-content\/uploads\/2025\/09\/unnamed-1-5.png\" \/>\n\t<meta property=\"og:image:width\" content=\"1280\" \/>\n\t<meta property=\"og:image:height\" content=\"720\" \/>\n\t<meta property=\"og:image:type\" content=\"image\/png\" \/>\n<meta name=\"author\" content=\"Andre\u0301 Rangel\u00a0\" \/>\n<meta name=\"twitter:card\" content=\"summary_large_image\" \/>\n<meta name=\"twitter:label1\" content=\"Escrito por\" \/>\n\t<meta name=\"twitter:data1\" content=\"Andre\u0301 Rangel\u00a0\" \/>\n\t<meta name=\"twitter:label2\" content=\"Est. tempo de leitura\" \/>\n\t<meta name=\"twitter:data2\" content=\"5 minutos\" \/>\n<!-- \/ Yoast SEO plugin. -->","yoast_head_json":{"title":"O supermercado mais querido se despede: mais de 100 lojas j\u00e1 fecharam as portas - Estado de Minas - Em foco","description":"Com mais de 100 lojas fechadas, a Colsubsidio abandona o varejo alimentar e aposta em sa\u00fade, lazer e bem-estar social.","robots":{"index":"index","follow":"follow","max-snippet":"max-snippet:-1","max-image-preview":"max-image-preview:large","max-video-preview":"max-video-preview:-1"},"canonical":"https:\/\/www.em.com.br\/emfoco\/2026\/01\/17\/o-supermercado-mais-querido-se-despede-mais-de-100-lojas-ja-fecharam-as-portas\/","og_locale":"pt_BR","og_type":"article","og_title":"O supermercado mais querido se despede: mais de 100 lojas j\u00e1 fecharam as portas - Estado de Minas - Em foco","og_description":"Com mais de 100 lojas fechadas, a Colsubsidio abandona o varejo alimentar e aposta em sa\u00fade, lazer e bem-estar social.","og_url":"https:\/\/www.em.com.br\/emfoco\/2026\/01\/17\/o-supermercado-mais-querido-se-despede-mais-de-100-lojas-ja-fecharam-as-portas\/","og_site_name":"Estado de Minas - Em foco","article_published_time":"2026-01-17T13:05:00+00:00","article_modified_time":"2026-01-16T22:33:37+00:00","og_image":[{"width":1280,"height":720,"url":"https:\/\/www.em.com.br\/emfoco\/wp-content\/uploads\/2025\/09\/unnamed-1-5.png","type":"image\/png"}],"author":"Andre\u0301 Rangel\u00a0","twitter_card":"summary_large_image","twitter_misc":{"Escrito por":"Andre\u0301 Rangel\u00a0","Est. tempo de leitura":"5 minutos"},"schema":{"@context":"https:\/\/schema.org","@graph":[{"@type":"WebPage","@id":"https:\/\/www.em.com.br\/emfoco\/2026\/01\/17\/o-supermercado-mais-querido-se-despede-mais-de-100-lojas-ja-fecharam-as-portas\/","url":"https:\/\/www.em.com.br\/emfoco\/2026\/01\/17\/o-supermercado-mais-querido-se-despede-mais-de-100-lojas-ja-fecharam-as-portas\/","name":"O supermercado mais querido se despede: mais de 100 lojas j\u00e1 fecharam as portas - Estado de Minas - Em foco","isPartOf":{"@id":"https:\/\/www.em.com.br\/emfoco\/#website"},"primaryImageOfPage":{"@id":"https:\/\/www.em.com.br\/emfoco\/2026\/01\/17\/o-supermercado-mais-querido-se-despede-mais-de-100-lojas-ja-fecharam-as-portas\/#primaryimage"},"image":{"@id":"https:\/\/www.em.com.br\/emfoco\/2026\/01\/17\/o-supermercado-mais-querido-se-despede-mais-de-100-lojas-ja-fecharam-as-portas\/#primaryimage"},"thumbnailUrl":"https:\/\/www.em.com.br\/emfoco\/wp-content\/uploads\/2025\/09\/unnamed-1-5.png","datePublished":"2026-01-17T13:05:00+00:00","dateModified":"2026-01-16T22:33:37+00:00","author":{"@id":"https:\/\/www.em.com.br\/emfoco\/#\/schema\/person\/60eda09c1fedf0d6891f4cef4b60b8b8"},"description":"Com mais de 100 lojas fechadas, a Colsubsidio abandona o varejo alimentar e aposta em sa\u00fade, lazer e bem-estar social.","breadcrumb":{"@id":"https:\/\/www.em.com.br\/emfoco\/2026\/01\/17\/o-supermercado-mais-querido-se-despede-mais-de-100-lojas-ja-fecharam-as-portas\/#breadcrumb"},"inLanguage":"pt-BR","potentialAction":[{"@type":"ReadAction","target":["https:\/\/www.em.com.br\/emfoco\/2026\/01\/17\/o-supermercado-mais-querido-se-despede-mais-de-100-lojas-ja-fecharam-as-portas\/"]}]},{"@type":"ImageObject","inLanguage":"pt-BR","@id":"https:\/\/www.em.com.br\/emfoco\/2026\/01\/17\/o-supermercado-mais-querido-se-despede-mais-de-100-lojas-ja-fecharam-as-portas\/#primaryimage","url":"https:\/\/www.em.com.br\/emfoco\/wp-content\/uploads\/2025\/09\/unnamed-1-5.png","contentUrl":"https:\/\/www.em.com.br\/emfoco\/wp-content\/uploads\/2025\/09\/unnamed-1-5.png","width":1280,"height":720,"caption":"Imagem ilustrativa de uma loja fechada"},{"@type":"BreadcrumbList","@id":"https:\/\/www.em.com.br\/emfoco\/2026\/01\/17\/o-supermercado-mais-querido-se-despede-mais-de-100-lojas-ja-fecharam-as-portas\/#breadcrumb","itemListElement":[{"@type":"ListItem","position":1,"name":"In\u00edcio","item":"https:\/\/www.em.com.br\/emfoco\/"},{"@type":"ListItem","position":2,"name":"O supermercado mais querido se despede: mais de 100 lojas j\u00e1 fecharam as portas"}]},{"@type":"WebSite","@id":"https:\/\/www.em.com.br\/emfoco\/#website","url":"https:\/\/www.em.com.br\/emfoco\/","name":"Estado de Minas - Em foco","description":"Acompanhe as \u00faltimas not\u00edcias e fique bem informado sobre tudo o que acontece em Minas Gerais, Brasil e no mundo.","potentialAction":[{"@type":"SearchAction","target":{"@type":"EntryPoint","urlTemplate":"https:\/\/www.em.com.br\/emfoco\/?s={search_term_string}"},"query-input":{"@type":"PropertyValueSpecification","valueRequired":true,"valueName":"search_term_string"}}],"inLanguage":"pt-BR"},{"@type":"Person","@id":"https:\/\/www.em.com.br\/emfoco\/#\/schema\/person\/60eda09c1fedf0d6891f4cef4b60b8b8","name":"Andre\u0301 Rangel\u00a0","image":{"@type":"ImageObject","inLanguage":"pt-BR","@id":"https:\/\/www.em.com.br\/emfoco\/#\/schema\/person\/image\/","url":"https:\/\/secure.gravatar.com\/avatar\/6234dc814c77c8ef6d8bba622c787efc?s=96&d=mm&r=g","contentUrl":"https:\/\/secure.gravatar.com\/avatar\/6234dc814c77c8ef6d8bba622c787efc?s=96&d=mm&r=g","caption":"Andre\u0301 Rangel\u00a0"},"url":"https:\/\/www.em.com.br\/emfoco\/author\/luizmyth\/"}]}},"_links":{"self":[{"href":"https:\/\/www.em.com.br\/emfoco\/wp-json\/wp\/v2\/posts\/155975","targetHints":{"allow":["GET"]}}],"collection":[{"href":"https:\/\/www.em.com.br\/emfoco\/wp-json\/wp\/v2\/posts"}],"about":[{"href":"https:\/\/www.em.com.br\/emfoco\/wp-json\/wp\/v2\/types\/post"}],"author":[{"embeddable":true,"href":"https:\/\/www.em.com.br\/emfoco\/wp-json\/wp\/v2\/users\/11"}],"replies":[{"embeddable":true,"href":"https:\/\/www.em.com.br\/emfoco\/wp-json\/wp\/v2\/comments?post=155975"}],"version-history":[{"count":4,"href":"https:\/\/www.em.com.br\/emfoco\/wp-json\/wp\/v2\/posts\/155975\/revisions"}],"predecessor-version":[{"id":155984,"href":"https:\/\/www.em.com.br\/emfoco\/wp-json\/wp\/v2\/posts\/155975\/revisions\/155984"}],"wp:featuredmedia":[{"embeddable":true,"href":"https:\/\/www.em.com.br\/emfoco\/wp-json\/wp\/v2\/media\/105492"}],"wp:attachment":[{"href":"https:\/\/www.em.com.br\/emfoco\/wp-json\/wp\/v2\/media?parent=155975"}],"wp:term":[{"taxonomy":"category","embeddable":true,"href":"https:\/\/www.em.com.br\/emfoco\/wp-json\/wp\/v2\/categories?post=155975"},{"taxonomy":"post_tag","embeddable":true,"href":"https:\/\/www.em.com.br\/emfoco\/wp-json\/wp\/v2\/tags?post=155975"}],"curies":[{"name":"wp","href":"https:\/\/api.w.org\/{rel}","templated":true}]}}