{"id":155973,"date":"2026-01-16T10:05:00","date_gmt":"2026-01-16T13:05:00","guid":{"rendered":"https:\/\/www.em.com.br\/emfoco\/?p=155973"},"modified":"2026-01-15T19:51:13","modified_gmt":"2026-01-15T22:51:13","slug":"uma-das-redes-de-supermercados-mais-tradicionais-do-pais-esta-se-despedindo-todas-as-suas-filiais-estao-fechando-as-portas","status":"publish","type":"post","link":"https:\/\/www.em.com.br\/emfoco\/2026\/01\/16\/uma-das-redes-de-supermercados-mais-tradicionais-do-pais-esta-se-despedindo-todas-as-suas-filiais-estao-fechando-as-portas\/","title":{"rendered":"Uma das redes de supermercados mais tradicionais do pa\u00eds est\u00e1 se despedindo: todas as suas filiais est\u00e3o fechando as portas"},"content":{"rendered":"\n<p>O an\u00fancio do encerramento das opera\u00e7\u00f5es das\u00a0<strong>Tiendas Spid na Col\u00f4mbia<\/strong>\u00a0marca um novo cap\u00edtulo no varejo do pa\u00eds, em um momento de intensa concorr\u00eancia entre supermercados e lojas de conveni\u00eancia. A decis\u00e3o do grupo multinacional <strong>Cencosud <\/strong>redesenha parte do mapa varejista colombiano, refor\u00e7a o foco do conglomerado em marcas j\u00e1 consolidadas e levanta quest\u00f5es sobre modelos de neg\u00f3cio, formatos de loja e o futuro da conveni\u00eancia urbana.<\/p>\n\n\n\n<h2 class=\"wp-block-heading\">O que representa o fechamento das Tiendas Spid na Col\u00f4mbia<\/h2>\n\n\n\n<p>O fechamento das\u00a0<strong><a href=\"https:\/\/spidchile.cl\/\" target=\"_blank\" rel=\"noreferrer noopener\">Tiendas Spid<\/a> na Col\u00f4mbia<\/strong>\u00a0significa a sa\u00edda de um formato voltado para compras r\u00e1pidas e de baixo t\u00edquete, focado em bairros e zonas de grande circula\u00e7\u00e3o. Spid combinava loja f\u00edsica de proximidade com forte \u00eanfase em pedidos por aplicativo e entregas em menos de 30 minutos.<\/p>\n\n\n\n<p>Esse tipo de opera\u00e7\u00e3o exige investimentos intensivos em log\u00edstica, tecnologia e equipe, pressionando margens j\u00e1 apertadas. Em um cen\u00e1rio dominado por redes como&nbsp;<strong>D1<\/strong>,&nbsp;<strong>Ara<\/strong>&nbsp;e&nbsp;<strong>Oxxo<\/strong>, com custos muito ajustados, o espa\u00e7o para um modelo ainda em consolida\u00e7\u00e3o torna-se limitado.<\/p>\n\n\n\n<figure class=\"wp-block-image\"><img decoding=\"async\" src=\"https:\/\/www.em.com.br\/emfoco\/wp-content\/uploads\/2025\/06\/supermercado-fechado_1751121985200-1024x576.jpg\" alt=\"\"\/><figcaption class=\"wp-element-caption\">Check out supermercado fechado &#8211; Cr\u00e9ditos: depositphotos.com \/ 4eX<\/figcaption><\/figure>\n\n\n\n<h2 class=\"wp-block-heading\">Por que a Cencosud encerrou definitivamente as Tiendas Spid<\/h2>\n\n\n\n<p>A principal raz\u00e3o anunciada para o fim das&nbsp;<strong>Tiendas Spid<\/strong>&nbsp;\u00e9 a reorienta\u00e7\u00e3o do \u201cmodelo operacional\u201d da Cencosud na Col\u00f4mbia. Em vez de testar v\u00e1rios formatos menores, o grupo decidiu concentrar esfor\u00e7os em tr\u00eas bandeiras principais:&nbsp;<strong>Jumbo<\/strong>&nbsp;(hipermercados),&nbsp;<strong>Easy<\/strong>&nbsp;(melhoramento do lar) e&nbsp;<strong>Metro<\/strong>&nbsp;(supermercados tradicionais).<\/p>\n\n\n\n<p>Segundo a companhia, o encerramento de Spid faz parte de uma \u201cevolu\u00e7\u00e3o\u201d estrat\u00e9gica, com reorganiza\u00e7\u00e3o de recursos e foco em marcas l\u00edderes. Mais de 90% dos colaboradores ligados \u00e0 bandeira foram realocados internamente, reduzindo o impacto social imediato e refor\u00e7ando a inten\u00e7\u00e3o de continuidade no pa\u00eds.<\/p>\n\n\n\n<h2 class=\"wp-block-heading\">Como foi a trajet\u00f3ria das Tiendas Spid no mercado colombiano<\/h2>\n\n\n\n<p>As&nbsp;<strong>Tiendas Spid<\/strong>&nbsp;chegaram \u00e0 Col\u00f4mbia em 2021, em meio ao avan\u00e7o do e-commerce alimentar, das entregas r\u00e1pidas e de novos h\u00e1bitos de consumo acelerados pela pandemia. A proposta era atuar com unidades de bairro em regi\u00f5es movimentadas de cidades como Bogot\u00e1, oferecendo sortimento enxuto e foco em necessidades di\u00e1rias.<\/p>\n\n\n\n<p>Muitas unidades Spid ocupavam pontos que antes eram&nbsp;<em>Metro Express<\/em>, reaproveitando endere\u00e7os e adaptando-os a um modelo ainda mais \u00e1gil. Para entender melhor essa proposta de valor, vale destacar alguns pilares que sustentaram o conceito de opera\u00e7\u00e3o da marca:<\/p>\n\n\n\n<ul class=\"wp-block-list\">\n<li>Compras de reposi\u00e7\u00e3o r\u00e1pida, com foco em itens frescos, lanches e produtos de uso imediato;<\/li>\n\n\n\n<li>Servi\u00e7o de\u00a0<strong>delivery em poucos minutos<\/strong>, via aplicativos pr\u00f3prios ou parceiros log\u00edsticos;<\/li>\n\n\n\n<li>Opera\u00e7\u00e3o urbana compacta, com \u00e1rea de vendas reduzida e estoque otimizado para giro acelerado;<\/li>\n\n\n\n<li>Comunica\u00e7\u00e3o visual moderna, voltada para consumidores habituados a solu\u00e7\u00f5es digitais e omnicanal.<\/li>\n<\/ul>\n\n\n\n<figure class=\"wp-block-image\"><img decoding=\"async\" src=\"https:\/\/www.em.com.br\/emfoco\/wp-content\/uploads\/2025\/03\/mercado_1741272628181-1024x576.jpg\" alt=\"\"\/><figcaption class=\"wp-element-caption\">Carrinho vazio &#8211; Cr\u00e9ditos: depositphotos.com \/ xxxPATRIK<\/figcaption><\/figure>\n\n\n\n<h2 class=\"wp-block-heading\">Qual o impacto do encerramento das Tiendas Spid para o consumidor colombiano<\/h2>\n\n\n\n<p>Para o consumidor, a sa\u00edda das&nbsp;<strong>Tiendas Spid na Col\u00f4mbia<\/strong>&nbsp;reduz a oferta de servi\u00e7os de conveni\u00eancia em determinados bairros e zonas urbanas. Clientes que dependiam de compras pequenas com entrega r\u00e1pida passam a recorrer mais a aplicativos de outras redes, minimercados independentes ou lojas f\u00edsicas de concorrentes estabelecidos.<\/p>\n\n\n\n<p>Ao mesmo tempo, o refor\u00e7o de Jumbo, Easy e Metro tende a concentrar investimentos em sortimento, pre\u00e7os e servi\u00e7os nessas bandeiras. No m\u00e9dio prazo, isso pode significar mais remodela\u00e7\u00f5es de lojas, expans\u00e3o do e-commerce alimentar e competi\u00e7\u00e3o mais intensa com grandes redes como \u00c9xito e Ol\u00edmpica em diferentes formatos de varejo.<\/p>\n\n\n\n<h2 class=\"wp-block-heading\">O que o futuro do varejo colombiano revela ap\u00f3s o fim da Spid<\/h2>\n\n\n\n<p>O <a href=\"https:\/\/www.em.com.br\/emfoco\/2026\/01\/15\/fim-de-uma-era-gigante-da-moda-confirma-o-encerramento-de-mais-de-130-lojas-e-choca-o-varejo-global\/\" target=\"_blank\" rel=\"noreferrer noopener\">encerramento <\/a>das Tiendas Spid na Col\u00f4mbia n\u00e3o \u00e9 apenas o fim de uma marca, mas um sinal claro de que o varejo vive um ajuste de rota profundo, em que pre\u00e7o, conveni\u00eancia e experi\u00eancia de compra s\u00e3o disputados diariamente. Em um ambiente em r\u00e1pida transforma\u00e7\u00e3o, grupos varejistas tendem a abandonar formatos experimentais e apostar no que \u00e9 mais s\u00f3lido, escal\u00e1vel e alinhado ao novo comportamento do consumidor urbano.<\/p>\n\n\n\n<p>Se voc\u00ea atua ou pretende atuar no varejo, este \u00e9 o momento de reagir: analise seu modelo de neg\u00f3cio, questione seus custos, revise sua proposta de valor e adapte-se agora \u00e0s novas exig\u00eancias do mercado colombiano. Quem demorar a se mover pode perder relev\u00e2ncia em poucos anos \u2014 ou em poucos meses.<\/p>\n","protected":false},"excerpt":{"rendered":"<p>O an\u00fancio do encerramento das opera\u00e7\u00f5es das\u00a0Tiendas Spid na Col\u00f4mbia\u00a0marca um novo cap\u00edtulo no varejo do pa\u00eds, em um momento de intensa concorr\u00eancia entre supermercados e lojas de conveni\u00eancia. A decis\u00e3o do grupo multinacional Cencosud redesenha parte do mapa varejista colombiano, refor\u00e7a o foco do conglomerado em marcas j\u00e1 consolidadas e levanta quest\u00f5es sobre modelos [&hellip;]<\/p>\n","protected":false},"author":11,"featured_media":144663,"comment_status":"open","ping_status":"open","sticky":false,"template":"","format":"standard","meta":{"jnews-multi-image_gallery":[],"jnews_single_post":{"format":"standard"},"jnews_primary_category":[],"jnews_social_meta":[],"jnews_override_counter":[],"footnotes":""},"categories":[28,1],"tags":[10179,22774,8605,16556],"class_list":["post-155973","post","type-post","status-publish","format-standard","has-post-thumbnail","hentry","category-economia","category-noticias","tag-fechamento","tag-fechamento-dos-supermercados","tag-supermercados","tag-varejista"],"yoast_head":"<!-- This site is optimized with the Yoast SEO plugin v23.8 - https:\/\/yoast.com\/wordpress\/plugins\/seo\/ -->\n<title>Uma das redes de supermercados mais tradicionais do pa\u00eds est\u00e1 se despedindo: todas as suas filiais est\u00e3o fechando as portas - Estado de Minas - Em foco<\/title>\n<meta name=\"description\" content=\"O fechamento das Tiendas Spid na Col\u00f4mbia marca uma mudan\u00e7a estrat\u00e9gica da Cencosud e redesenha o varejo de conveni\u00eancia.\" \/>\n<meta name=\"robots\" content=\"index, follow, max-snippet:-1, max-image-preview:large, max-video-preview:-1\" \/>\n<link rel=\"canonical\" href=\"https:\/\/www.em.com.br\/emfoco\/2026\/01\/16\/uma-das-redes-de-supermercados-mais-tradicionais-do-pais-esta-se-despedindo-todas-as-suas-filiais-estao-fechando-as-portas\/\" \/>\n<meta property=\"og:locale\" content=\"pt_BR\" \/>\n<meta property=\"og:type\" content=\"article\" \/>\n<meta property=\"og:title\" content=\"Uma das redes de supermercados mais tradicionais do pa\u00eds est\u00e1 se despedindo: todas as suas filiais est\u00e3o fechando as portas - Estado de Minas - Em foco\" \/>\n<meta property=\"og:description\" content=\"O fechamento das Tiendas Spid na Col\u00f4mbia marca uma mudan\u00e7a estrat\u00e9gica da Cencosud e redesenha o varejo de conveni\u00eancia.\" \/>\n<meta property=\"og:url\" content=\"https:\/\/www.em.com.br\/emfoco\/2026\/01\/16\/uma-das-redes-de-supermercados-mais-tradicionais-do-pais-esta-se-despedindo-todas-as-suas-filiais-estao-fechando-as-portas\/\" \/>\n<meta property=\"og:site_name\" content=\"Estado de Minas - Em foco\" \/>\n<meta property=\"article:published_time\" content=\"2026-01-16T13:05:00+00:00\" \/>\n<meta property=\"article:modified_time\" content=\"2026-01-15T22:51:13+00:00\" \/>\n<meta property=\"og:image\" content=\"https:\/\/www.em.com.br\/emfoco\/wp-content\/uploads\/2025\/12\/ChatGPT-Image-22-de-dez.-de-2025-18_51_38-1.png\" \/>\n\t<meta property=\"og:image:width\" content=\"1280\" \/>\n\t<meta property=\"og:image:height\" content=\"720\" \/>\n\t<meta property=\"og:image:type\" content=\"image\/png\" \/>\n<meta name=\"author\" content=\"Andre\u0301 Rangel\u00a0\" \/>\n<meta name=\"twitter:card\" content=\"summary_large_image\" \/>\n<meta name=\"twitter:label1\" content=\"Escrito por\" \/>\n\t<meta name=\"twitter:data1\" content=\"Andre\u0301 Rangel\u00a0\" \/>\n\t<meta name=\"twitter:label2\" content=\"Est. tempo de leitura\" \/>\n\t<meta name=\"twitter:data2\" content=\"5 minutos\" \/>\n<!-- \/ Yoast SEO plugin. -->","yoast_head_json":{"title":"Uma das redes de supermercados mais tradicionais do pa\u00eds est\u00e1 se despedindo: todas as suas filiais est\u00e3o fechando as portas - Estado de Minas - Em foco","description":"O fechamento das Tiendas Spid na Col\u00f4mbia marca uma mudan\u00e7a estrat\u00e9gica da Cencosud e redesenha o varejo de conveni\u00eancia.","robots":{"index":"index","follow":"follow","max-snippet":"max-snippet:-1","max-image-preview":"max-image-preview:large","max-video-preview":"max-video-preview:-1"},"canonical":"https:\/\/www.em.com.br\/emfoco\/2026\/01\/16\/uma-das-redes-de-supermercados-mais-tradicionais-do-pais-esta-se-despedindo-todas-as-suas-filiais-estao-fechando-as-portas\/","og_locale":"pt_BR","og_type":"article","og_title":"Uma das redes de supermercados mais tradicionais do pa\u00eds est\u00e1 se despedindo: todas as suas filiais est\u00e3o fechando as portas - Estado de Minas - Em foco","og_description":"O fechamento das Tiendas Spid na Col\u00f4mbia marca uma mudan\u00e7a estrat\u00e9gica da Cencosud e redesenha o varejo de conveni\u00eancia.","og_url":"https:\/\/www.em.com.br\/emfoco\/2026\/01\/16\/uma-das-redes-de-supermercados-mais-tradicionais-do-pais-esta-se-despedindo-todas-as-suas-filiais-estao-fechando-as-portas\/","og_site_name":"Estado de Minas - Em foco","article_published_time":"2026-01-16T13:05:00+00:00","article_modified_time":"2026-01-15T22:51:13+00:00","og_image":[{"width":1280,"height":720,"url":"https:\/\/www.em.com.br\/emfoco\/wp-content\/uploads\/2025\/12\/ChatGPT-Image-22-de-dez.-de-2025-18_51_38-1.png","type":"image\/png"}],"author":"Andre\u0301 Rangel\u00a0","twitter_card":"summary_large_image","twitter_misc":{"Escrito por":"Andre\u0301 Rangel\u00a0","Est. tempo de leitura":"5 minutos"},"schema":{"@context":"https:\/\/schema.org","@graph":[{"@type":"WebPage","@id":"https:\/\/www.em.com.br\/emfoco\/2026\/01\/16\/uma-das-redes-de-supermercados-mais-tradicionais-do-pais-esta-se-despedindo-todas-as-suas-filiais-estao-fechando-as-portas\/","url":"https:\/\/www.em.com.br\/emfoco\/2026\/01\/16\/uma-das-redes-de-supermercados-mais-tradicionais-do-pais-esta-se-despedindo-todas-as-suas-filiais-estao-fechando-as-portas\/","name":"Uma das redes de supermercados mais tradicionais do pa\u00eds est\u00e1 se despedindo: todas as suas filiais est\u00e3o fechando as portas - Estado de Minas - Em foco","isPartOf":{"@id":"https:\/\/www.em.com.br\/emfoco\/#website"},"primaryImageOfPage":{"@id":"https:\/\/www.em.com.br\/emfoco\/2026\/01\/16\/uma-das-redes-de-supermercados-mais-tradicionais-do-pais-esta-se-despedindo-todas-as-suas-filiais-estao-fechando-as-portas\/#primaryimage"},"image":{"@id":"https:\/\/www.em.com.br\/emfoco\/2026\/01\/16\/uma-das-redes-de-supermercados-mais-tradicionais-do-pais-esta-se-despedindo-todas-as-suas-filiais-estao-fechando-as-portas\/#primaryimage"},"thumbnailUrl":"https:\/\/www.em.com.br\/emfoco\/wp-content\/uploads\/2025\/12\/ChatGPT-Image-22-de-dez.-de-2025-18_51_38-1.png","datePublished":"2026-01-16T13:05:00+00:00","dateModified":"2026-01-15T22:51:13+00:00","author":{"@id":"https:\/\/www.em.com.br\/emfoco\/#\/schema\/person\/60eda09c1fedf0d6891f4cef4b60b8b8"},"description":"O fechamento das Tiendas Spid na Col\u00f4mbia marca uma mudan\u00e7a estrat\u00e9gica da Cencosud e redesenha o varejo de conveni\u00eancia.","breadcrumb":{"@id":"https:\/\/www.em.com.br\/emfoco\/2026\/01\/16\/uma-das-redes-de-supermercados-mais-tradicionais-do-pais-esta-se-despedindo-todas-as-suas-filiais-estao-fechando-as-portas\/#breadcrumb"},"inLanguage":"pt-BR","potentialAction":[{"@type":"ReadAction","target":["https:\/\/www.em.com.br\/emfoco\/2026\/01\/16\/uma-das-redes-de-supermercados-mais-tradicionais-do-pais-esta-se-despedindo-todas-as-suas-filiais-estao-fechando-as-portas\/"]}]},{"@type":"ImageObject","inLanguage":"pt-BR","@id":"https:\/\/www.em.com.br\/emfoco\/2026\/01\/16\/uma-das-redes-de-supermercados-mais-tradicionais-do-pais-esta-se-despedindo-todas-as-suas-filiais-estao-fechando-as-portas\/#primaryimage","url":"https:\/\/www.em.com.br\/emfoco\/wp-content\/uploads\/2025\/12\/ChatGPT-Image-22-de-dez.-de-2025-18_51_38-1.png","contentUrl":"https:\/\/www.em.com.br\/emfoco\/wp-content\/uploads\/2025\/12\/ChatGPT-Image-22-de-dez.-de-2025-18_51_38-1.png","width":1280,"height":720,"caption":"Fechamento de supermercados preocupa consumidores"},{"@type":"BreadcrumbList","@id":"https:\/\/www.em.com.br\/emfoco\/2026\/01\/16\/uma-das-redes-de-supermercados-mais-tradicionais-do-pais-esta-se-despedindo-todas-as-suas-filiais-estao-fechando-as-portas\/#breadcrumb","itemListElement":[{"@type":"ListItem","position":1,"name":"In\u00edcio","item":"https:\/\/www.em.com.br\/emfoco\/"},{"@type":"ListItem","position":2,"name":"Uma das redes de supermercados mais tradicionais do pa\u00eds est\u00e1 se despedindo: todas as suas filiais est\u00e3o fechando as portas"}]},{"@type":"WebSite","@id":"https:\/\/www.em.com.br\/emfoco\/#website","url":"https:\/\/www.em.com.br\/emfoco\/","name":"Estado de Minas - Em foco","description":"Acompanhe as \u00faltimas not\u00edcias e fique bem informado sobre tudo o que acontece em Minas Gerais, Brasil e no mundo.","potentialAction":[{"@type":"SearchAction","target":{"@type":"EntryPoint","urlTemplate":"https:\/\/www.em.com.br\/emfoco\/?s={search_term_string}"},"query-input":{"@type":"PropertyValueSpecification","valueRequired":true,"valueName":"search_term_string"}}],"inLanguage":"pt-BR"},{"@type":"Person","@id":"https:\/\/www.em.com.br\/emfoco\/#\/schema\/person\/60eda09c1fedf0d6891f4cef4b60b8b8","name":"Andre\u0301 Rangel\u00a0","image":{"@type":"ImageObject","inLanguage":"pt-BR","@id":"https:\/\/www.em.com.br\/emfoco\/#\/schema\/person\/image\/","url":"https:\/\/secure.gravatar.com\/avatar\/6234dc814c77c8ef6d8bba622c787efc?s=96&d=mm&r=g","contentUrl":"https:\/\/secure.gravatar.com\/avatar\/6234dc814c77c8ef6d8bba622c787efc?s=96&d=mm&r=g","caption":"Andre\u0301 Rangel\u00a0"},"url":"https:\/\/www.em.com.br\/emfoco\/author\/luizmyth\/"}]}},"_links":{"self":[{"href":"https:\/\/www.em.com.br\/emfoco\/wp-json\/wp\/v2\/posts\/155973","targetHints":{"allow":["GET"]}}],"collection":[{"href":"https:\/\/www.em.com.br\/emfoco\/wp-json\/wp\/v2\/posts"}],"about":[{"href":"https:\/\/www.em.com.br\/emfoco\/wp-json\/wp\/v2\/types\/post"}],"author":[{"embeddable":true,"href":"https:\/\/www.em.com.br\/emfoco\/wp-json\/wp\/v2\/users\/11"}],"replies":[{"embeddable":true,"href":"https:\/\/www.em.com.br\/emfoco\/wp-json\/wp\/v2\/comments?post=155973"}],"version-history":[{"count":1,"href":"https:\/\/www.em.com.br\/emfoco\/wp-json\/wp\/v2\/posts\/155973\/revisions"}],"predecessor-version":[{"id":155983,"href":"https:\/\/www.em.com.br\/emfoco\/wp-json\/wp\/v2\/posts\/155973\/revisions\/155983"}],"wp:featuredmedia":[{"embeddable":true,"href":"https:\/\/www.em.com.br\/emfoco\/wp-json\/wp\/v2\/media\/144663"}],"wp:attachment":[{"href":"https:\/\/www.em.com.br\/emfoco\/wp-json\/wp\/v2\/media?parent=155973"}],"wp:term":[{"taxonomy":"category","embeddable":true,"href":"https:\/\/www.em.com.br\/emfoco\/wp-json\/wp\/v2\/categories?post=155973"},{"taxonomy":"post_tag","embeddable":true,"href":"https:\/\/www.em.com.br\/emfoco\/wp-json\/wp\/v2\/tags?post=155973"}],"curies":[{"name":"wp","href":"https:\/\/api.w.org\/{rel}","templated":true}]}}