{"id":155950,"date":"2026-01-16T08:05:00","date_gmt":"2026-01-16T11:05:00","guid":{"rendered":"https:\/\/www.em.com.br\/emfoco\/?p=155950"},"modified":"2026-01-15T18:34:01","modified_gmt":"2026-01-15T21:34:01","slug":"ferias-reduzem-o-risco-de-infarto-veja-o-que-dizem-medicos","status":"publish","type":"post","link":"https:\/\/www.em.com.br\/emfoco\/2026\/01\/16\/ferias-reduzem-o-risco-de-infarto-veja-o-que-dizem-medicos\/","title":{"rendered":"F\u00e9rias reduzem o risco de infarto? Veja o que dizem m\u00e9dicos"},"content":{"rendered":"\n<p>Durante o ano, muitos aguardam ansiosamente pelo per\u00edodo de <strong>F\u00e9rias<\/strong>. Esta pausa nas atividades cotidianas \u00e9 vista como uma oportunidade valiosa para descansar, relaxar e rejuvenescer. No entanto, surge a quest\u00e3o: ser\u00e1 que as f\u00e9rias realmente t\u00eam um impacto positivo na redu\u00e7\u00e3o do risco de infarto? Diversos especialistas argumentam que a chave para essa resposta est\u00e1 na rela\u00e7\u00e3o entre estresse e sa\u00fade card\u00edaca.<\/p>\n\n\n\n<p>O estresse \u00e9 amplamente reconhecido como um fator de risco significativo para doen\u00e7as cardiovasculares. Quando uma pessoa est\u00e1 constantemente exposta a ambientes e situa\u00e7\u00f5es estressantes, os n\u00edveis de horm\u00f4nios como o cortisol e a adrenalina aumentam. Condi\u00e7\u00f5es como press\u00e3o arterial elevada, aumento da frequ\u00eancia card\u00edaca e inflama\u00e7\u00e3o das art\u00e9rias s\u00e3o comuns entre aqueles que est\u00e3o sob estresse cr\u00f4nico, resultando em uma carga significativa sobre o sistema cardiovascular.<\/p>\n\n\n\n<h2 class=\"wp-block-heading\">Como as f\u00e9rias podem beneficiar a sa\u00fade do cora\u00e7\u00e3o?<\/h2>\n\n\n\n<p>A busca pelo al\u00edvio do estresse durante as f\u00e9rias pode trazer diversos benef\u00edcios para o cora\u00e7\u00e3o. Ao se afastar de press\u00f5es cotidianas e dedicar tempo ao descanso genu\u00edno, o corpo pode entrar em um estado de recupera\u00e7\u00e3o. Isso muitas vezes leva \u00e0 melhora na qualidade do sono e \u00e0 desacelera\u00e7\u00e3o do ritmo mental, fatores que contribuem para diminuir o risco cardiovascular.<\/p>\n\n\n<div class=\"wp-block-image\">\n<figure class=\"aligncenter size-large\"><img loading=\"lazy\" decoding=\"async\" width=\"1024\" height=\"576\" src=\"https:\/\/www.em.com.br\/emfoco\/wp-content\/uploads\/2025\/08\/infarto-em-jovem_1754338479268-1024x576.jpg\" alt=\"\" class=\"wp-image-86410\" srcset=\"https:\/\/www.em.com.br\/emfoco\/wp-content\/uploads\/2025\/08\/infarto-em-jovem_1754338479268-1024x576.jpg 1024w, https:\/\/www.em.com.br\/emfoco\/wp-content\/uploads\/2025\/08\/infarto-em-jovem_1754338479268-300x169.jpg 300w, https:\/\/www.em.com.br\/emfoco\/wp-content\/uploads\/2025\/08\/infarto-em-jovem_1754338479268-768x432.jpg 768w, https:\/\/www.em.com.br\/emfoco\/wp-content\/uploads\/2025\/08\/infarto-em-jovem_1754338479268-750x422.jpg 750w, https:\/\/www.em.com.br\/emfoco\/wp-content\/uploads\/2025\/08\/infarto-em-jovem_1754338479268-1140x641.jpg 1140w, https:\/\/www.em.com.br\/emfoco\/wp-content\/uploads\/2025\/08\/infarto-em-jovem_1754338479268.jpg 1280w\" sizes=\"auto, (max-width: 1024px) 100vw, 1024px\" \/><figcaption class=\"wp-element-caption\">Infarto em jovens &#8211; Cr\u00e9ditos: depositphotos.com \/ VitalikRadko<\/figcaption><\/figure><\/div>\n\n\n<p>Ainda assim, \u00e9 importante reconhecer que as f\u00e9rias por si s\u00f3 n\u00e3o eliminam outros riscos associados \u00e0 sa\u00fade do cora\u00e7\u00e3o. Fatores como hipertens\u00e3o, n\u00edveis elevados de colesterol, sedentarismo, tabagismo e uma dieta inadequada continuam a influenciar a sa\u00fade card\u00edaca, mesmo durante as pausas para descanso.<\/p>\n\n\n\n<h2 class=\"wp-block-heading\">Que h\u00e1bitos durante as f\u00e9rias podem influenciar a sa\u00fade do cora\u00e7\u00e3o?<\/h2>\n\n\n\n<p>Os comportamentos adotados durante as f\u00e9rias t\u00eam um papel crucial em determinar seus efeitos sobre o bem-estar cardiovascular. \u00c9 comum que as f\u00e9rias sejam associadas a uma vida desregrada, incluindo o consumo excessivo de \u00e1lcool, a falta de uma dieta equilibrada e a altera\u00e7\u00e3o dos hor\u00e1rios de sono. No entanto, fazer escolhas conscientes pode promover um impacto positivo.<\/p>\n\n\n\n<ul class=\"wp-block-list\">\n<li>Praticar atividades f\u00edsicas moderadas, como caminhadas, para manter o corpo ativo.<\/li>\n\n\n\n<li>Focar em refei\u00e7\u00f5es leves e equilibradas para uma melhor nutri\u00e7\u00e3o.<\/li>\n\n\n\n<li>Garantir uma boa hidrata\u00e7\u00e3o di\u00e1ria.<\/li>\n\n\n\n<li>Respeitar o ciclo natural de sono para melhor recupera\u00e7\u00e3o f\u00edsica e mental.<\/li>\n<\/ul>\n\n\n\n<p>Essas pr\u00e1ticas ajudam a preservar o equil\u00edbrio cardiovascular, mesmo em um ambiente de descanso.<\/p>\n\n\n\n<h2 class=\"wp-block-heading\">Quando as f\u00e9rias podem ser prejudiciais ao bem-estar?<\/h2>\n\n\n\n<p>Nem todas as f\u00e9rias podem ser sin\u00f4nimos de descanso e relaxamento genu\u00ednos. Situa\u00e7\u00f5es como viagens mal planejadas, deslocamentos prolongados e mudan\u00e7as clim\u00e1ticas extremas podem provocar estresse adicional. Para indiv\u00edduos j\u00e1 diagnosticados com alguma doen\u00e7a card\u00edaca, essas situa\u00e7\u00f5es podem at\u00e9 mesmo representar um risco \u00e0 sa\u00fade.<\/p>\n\n\n\n<p>As altera\u00e7\u00f5es bruscas de rotina, comuns nas f\u00e9rias, tamb\u00e9m podem impactar o organismo e predispor eventos cardiovasculares, como infartos. \u00c9 vital permanecer atento a sintomas como dor tor\u00e1cica, falta de ar, palpita\u00e7\u00f5es, vertigem e fadiga extrema, buscando assist\u00eancia m\u00e9dica sempre que necess\u00e1rio, a fim de evitar complica\u00e7\u00f5es maiores.<\/p>\n\n\n\n<h2 class=\"wp-block-heading\">\u00c9 suficiente contar apenas com as f\u00e9rias para manter a sa\u00fade cardiovascular?<\/h2>\n\n\n\n<p>As f\u00e9rias, sem d\u00favida, oferecem uma oportunidade valiosa para reduzir o estresse e afetar positivamente a sa\u00fade do cora\u00e7\u00e3o. Por\u00e9m, \u00e9 fundamental que o cuidado com o cora\u00e7\u00e3o n\u00e3o se limite a per\u00edodos de descanso. A manuten\u00e7\u00e3o de h\u00e1bitos saud\u00e1veis ao longo do tempo, e n\u00e3o apenas em momentos de pausa, \u00e9 crucial para promover uma sa\u00fade cardiovascular de qualidade.<\/p>\n\n\n\n<p>Portanto, al\u00e9m de ver as f\u00e9rias como um merecido descanso, deve-se integr\u00e1-las a um estilo de vida saud\u00e1vel e cont\u00ednuo. Valorizar o repouso como parte de uma rotina de cuidados di\u00e1rios ajuda a minimizar riscos e a garantir um cora\u00e7\u00e3o forte e saud\u00e1vel ao longo dos anos.<\/p>\n\n\n<a href=\"https:\/\/www.instagram.com\/dra.annaluisabf\/\" target=\"_blank\" style=\"text-decoration: none; color: inherit;\">\n  <span style=\"display:inline-block; border:1px solid #ccc; border-radius:10px; padding:15px; max-width:550px; font-family:sans-serif; box-shadow:0 2px 5px rgba(0,0,0,0.1);\">\n    <span style=\"margin:0 0 15px 0; font-weight:bold; color:#2c3e50; text-align: center;\">Entre em contato:<\/span>\n\n    <span style=\"display:flex; align-items:center;\">\n      <img decoding=\"async\" src=\"https:\/\/www.correiobraziliense.com.br\/cbradar\/wp-content\/uploads\/2025\/08\/dra_anna_luisa.jpeg\" alt=\"Dra Anna Lu\u00edsa\" style=\"border-radius:50%; width:80px; height:80px; margin-right:15px;\">\n      <span style=\"flex:1;\">\n        <h3 style=\"margin:0 0 5px 0;\">Dra. Anna Lu\u00edsa Barbosa Fernandes<\/h3>\n        <p style=\"margin:0 0 10px 0;\">CRM-GO 33.271<\/p>\n        <span style=\"display:flex; gap:10px;\">\n          <img decoding=\"async\" src=\"https:\/\/cdn-icons-png.flaticon.com\/24\/1384\/1384063.png\" alt=\"Instagram\">\n        <\/span>\n      <\/span>\n    <\/span>\n  <\/span>\n<\/a>","protected":false},"excerpt":{"rendered":"<p>Durante o ano, muitos aguardam ansiosamente pelo per\u00edodo de F\u00e9rias. Esta pausa nas atividades cotidianas \u00e9 vista como uma oportunidade valiosa para descansar, relaxar e rejuvenescer. No entanto, surge a quest\u00e3o: ser\u00e1 que as f\u00e9rias realmente t\u00eam um impacto positivo na redu\u00e7\u00e3o do risco de infarto? Diversos especialistas argumentam que a chave para essa resposta [&hellip;]<\/p>\n","protected":false},"author":25,"featured_media":86409,"comment_status":"open","ping_status":"open","sticky":false,"template":"","format":"standard","meta":{"jnews-multi-image_gallery":[],"jnews_single_post":{"format":"standard"},"jnews_primary_category":[],"jnews_social_meta":[],"jnews_override_counter":[],"footnotes":""},"categories":[9053],"tags":[711,9639,327,415],"class_list":["post-155950","post","type-post","status-publish","format-standard","has-post-thumbnail","hentry","category-saude","tag-bem-estar","tag-infarto","tag-qualidade-de-vida","tag-saude"],"yoast_head":"<!-- This site is optimized with the Yoast SEO plugin v23.8 - https:\/\/yoast.com\/wordpress\/plugins\/seo\/ -->\n<title>F\u00e9rias reduzem o risco de infarto? Veja o que dizem m\u00e9dicos - Estado de Minas - Em foco<\/title>\n<meta name=\"description\" content=\"F\u00e9rias aliviam o estresse e melhoram o sono, fatores importantes para a sa\u00fade cardiovascular. Veja os cuidados necess\u00e1rios.\" \/>\n<meta name=\"robots\" content=\"index, follow, max-snippet:-1, max-image-preview:large, max-video-preview:-1\" \/>\n<link rel=\"canonical\" href=\"https:\/\/www.em.com.br\/emfoco\/2026\/01\/16\/ferias-reduzem-o-risco-de-infarto-veja-o-que-dizem-medicos\/\" \/>\n<meta property=\"og:locale\" content=\"pt_BR\" \/>\n<meta property=\"og:type\" content=\"article\" \/>\n<meta property=\"og:title\" content=\"F\u00e9rias reduzem o risco de infarto? Veja o que dizem m\u00e9dicos - Estado de Minas - Em foco\" \/>\n<meta property=\"og:description\" content=\"F\u00e9rias aliviam o estresse e melhoram o sono, fatores importantes para a sa\u00fade cardiovascular. Veja os cuidados necess\u00e1rios.\" \/>\n<meta property=\"og:url\" content=\"https:\/\/www.em.com.br\/emfoco\/2026\/01\/16\/ferias-reduzem-o-risco-de-infarto-veja-o-que-dizem-medicos\/\" \/>\n<meta property=\"og:site_name\" content=\"Estado de Minas - Em foco\" \/>\n<meta property=\"article:published_time\" content=\"2026-01-16T11:05:00+00:00\" \/>\n<meta property=\"article:modified_time\" content=\"2026-01-15T21:34:01+00:00\" \/>\n<meta property=\"og:image\" content=\"https:\/\/www.em.com.br\/emfoco\/wp-content\/uploads\/2025\/08\/infarto-em-jovem_1754338432839.jpg\" \/>\n\t<meta property=\"og:image:width\" content=\"1280\" \/>\n\t<meta property=\"og:image:height\" content=\"720\" \/>\n\t<meta property=\"og:image:type\" content=\"image\/jpeg\" \/>\n<meta name=\"author\" content=\"Guilherme Lopes\" \/>\n<meta name=\"twitter:card\" content=\"summary_large_image\" \/>\n<meta name=\"twitter:label1\" content=\"Escrito por\" \/>\n\t<meta name=\"twitter:data1\" content=\"Guilherme Lopes\" \/>\n\t<meta name=\"twitter:label2\" content=\"Est. tempo de leitura\" \/>\n\t<meta name=\"twitter:data2\" content=\"5 minutos\" \/>\n<!-- \/ Yoast SEO plugin. -->","yoast_head_json":{"title":"F\u00e9rias reduzem o risco de infarto? Veja o que dizem m\u00e9dicos - Estado de Minas - Em foco","description":"F\u00e9rias aliviam o estresse e melhoram o sono, fatores importantes para a sa\u00fade cardiovascular. Veja os cuidados necess\u00e1rios.","robots":{"index":"index","follow":"follow","max-snippet":"max-snippet:-1","max-image-preview":"max-image-preview:large","max-video-preview":"max-video-preview:-1"},"canonical":"https:\/\/www.em.com.br\/emfoco\/2026\/01\/16\/ferias-reduzem-o-risco-de-infarto-veja-o-que-dizem-medicos\/","og_locale":"pt_BR","og_type":"article","og_title":"F\u00e9rias reduzem o risco de infarto? Veja o que dizem m\u00e9dicos - Estado de Minas - Em foco","og_description":"F\u00e9rias aliviam o estresse e melhoram o sono, fatores importantes para a sa\u00fade cardiovascular. Veja os cuidados necess\u00e1rios.","og_url":"https:\/\/www.em.com.br\/emfoco\/2026\/01\/16\/ferias-reduzem-o-risco-de-infarto-veja-o-que-dizem-medicos\/","og_site_name":"Estado de Minas - Em foco","article_published_time":"2026-01-16T11:05:00+00:00","article_modified_time":"2026-01-15T21:34:01+00:00","og_image":[{"width":1280,"height":720,"url":"https:\/\/www.em.com.br\/emfoco\/wp-content\/uploads\/2025\/08\/infarto-em-jovem_1754338432839.jpg","type":"image\/jpeg"}],"author":"Guilherme Lopes","twitter_card":"summary_large_image","twitter_misc":{"Escrito por":"Guilherme Lopes","Est. tempo de leitura":"5 minutos"},"schema":{"@context":"https:\/\/schema.org","@graph":[{"@type":"WebPage","@id":"https:\/\/www.em.com.br\/emfoco\/2026\/01\/16\/ferias-reduzem-o-risco-de-infarto-veja-o-que-dizem-medicos\/","url":"https:\/\/www.em.com.br\/emfoco\/2026\/01\/16\/ferias-reduzem-o-risco-de-infarto-veja-o-que-dizem-medicos\/","name":"F\u00e9rias reduzem o risco de infarto? Veja o que dizem m\u00e9dicos - Estado de Minas - Em foco","isPartOf":{"@id":"https:\/\/www.em.com.br\/emfoco\/#website"},"primaryImageOfPage":{"@id":"https:\/\/www.em.com.br\/emfoco\/2026\/01\/16\/ferias-reduzem-o-risco-de-infarto-veja-o-que-dizem-medicos\/#primaryimage"},"image":{"@id":"https:\/\/www.em.com.br\/emfoco\/2026\/01\/16\/ferias-reduzem-o-risco-de-infarto-veja-o-que-dizem-medicos\/#primaryimage"},"thumbnailUrl":"https:\/\/www.em.com.br\/emfoco\/wp-content\/uploads\/2025\/08\/infarto-em-jovem_1754338432839.jpg","datePublished":"2026-01-16T11:05:00+00:00","dateModified":"2026-01-15T21:34:01+00:00","author":{"@id":"https:\/\/www.em.com.br\/emfoco\/#\/schema\/person\/f6eade2e287023da170a1b2b329f68e5"},"description":"F\u00e9rias aliviam o estresse e melhoram o sono, fatores importantes para a sa\u00fade cardiovascular. Veja os cuidados necess\u00e1rios.","breadcrumb":{"@id":"https:\/\/www.em.com.br\/emfoco\/2026\/01\/16\/ferias-reduzem-o-risco-de-infarto-veja-o-que-dizem-medicos\/#breadcrumb"},"inLanguage":"pt-BR","potentialAction":[{"@type":"ReadAction","target":["https:\/\/www.em.com.br\/emfoco\/2026\/01\/16\/ferias-reduzem-o-risco-de-infarto-veja-o-que-dizem-medicos\/"]}]},{"@type":"ImageObject","inLanguage":"pt-BR","@id":"https:\/\/www.em.com.br\/emfoco\/2026\/01\/16\/ferias-reduzem-o-risco-de-infarto-veja-o-que-dizem-medicos\/#primaryimage","url":"https:\/\/www.em.com.br\/emfoco\/wp-content\/uploads\/2025\/08\/infarto-em-jovem_1754338432839.jpg","contentUrl":"https:\/\/www.em.com.br\/emfoco\/wp-content\/uploads\/2025\/08\/infarto-em-jovem_1754338432839.jpg","width":1280,"height":720,"caption":"Infarto em jovens - Cr\u00e9ditos: depositphotos.com \/ VitalikRadko"},{"@type":"BreadcrumbList","@id":"https:\/\/www.em.com.br\/emfoco\/2026\/01\/16\/ferias-reduzem-o-risco-de-infarto-veja-o-que-dizem-medicos\/#breadcrumb","itemListElement":[{"@type":"ListItem","position":1,"name":"In\u00edcio","item":"https:\/\/www.em.com.br\/emfoco\/"},{"@type":"ListItem","position":2,"name":"F\u00e9rias reduzem o risco de infarto? Veja o que dizem m\u00e9dicos"}]},{"@type":"WebSite","@id":"https:\/\/www.em.com.br\/emfoco\/#website","url":"https:\/\/www.em.com.br\/emfoco\/","name":"Estado de Minas - Em foco","description":"Acompanhe as \u00faltimas not\u00edcias e fique bem informado sobre tudo o que acontece em Minas Gerais, Brasil e no mundo.","potentialAction":[{"@type":"SearchAction","target":{"@type":"EntryPoint","urlTemplate":"https:\/\/www.em.com.br\/emfoco\/?s={search_term_string}"},"query-input":{"@type":"PropertyValueSpecification","valueRequired":true,"valueName":"search_term_string"}}],"inLanguage":"pt-BR"},{"@type":"Person","@id":"https:\/\/www.em.com.br\/emfoco\/#\/schema\/person\/f6eade2e287023da170a1b2b329f68e5","name":"Guilherme Lopes","image":{"@type":"ImageObject","inLanguage":"pt-BR","@id":"https:\/\/www.em.com.br\/emfoco\/#\/schema\/person\/image\/","url":"https:\/\/secure.gravatar.com\/avatar\/df9adfb835d344bc0af109d41756253f?s=96&d=mm&r=g","contentUrl":"https:\/\/secure.gravatar.com\/avatar\/df9adfb835d344bc0af109d41756253f?s=96&d=mm&r=g","caption":"Guilherme Lopes"},"url":"https:\/\/www.em.com.br\/emfoco\/author\/guilherme_saude\/"}]}},"_links":{"self":[{"href":"https:\/\/www.em.com.br\/emfoco\/wp-json\/wp\/v2\/posts\/155950","targetHints":{"allow":["GET"]}}],"collection":[{"href":"https:\/\/www.em.com.br\/emfoco\/wp-json\/wp\/v2\/posts"}],"about":[{"href":"https:\/\/www.em.com.br\/emfoco\/wp-json\/wp\/v2\/types\/post"}],"author":[{"embeddable":true,"href":"https:\/\/www.em.com.br\/emfoco\/wp-json\/wp\/v2\/users\/25"}],"replies":[{"embeddable":true,"href":"https:\/\/www.em.com.br\/emfoco\/wp-json\/wp\/v2\/comments?post=155950"}],"version-history":[{"count":1,"href":"https:\/\/www.em.com.br\/emfoco\/wp-json\/wp\/v2\/posts\/155950\/revisions"}],"predecessor-version":[{"id":155960,"href":"https:\/\/www.em.com.br\/emfoco\/wp-json\/wp\/v2\/posts\/155950\/revisions\/155960"}],"wp:featuredmedia":[{"embeddable":true,"href":"https:\/\/www.em.com.br\/emfoco\/wp-json\/wp\/v2\/media\/86409"}],"wp:attachment":[{"href":"https:\/\/www.em.com.br\/emfoco\/wp-json\/wp\/v2\/media?parent=155950"}],"wp:term":[{"taxonomy":"category","embeddable":true,"href":"https:\/\/www.em.com.br\/emfoco\/wp-json\/wp\/v2\/categories?post=155950"},{"taxonomy":"post_tag","embeddable":true,"href":"https:\/\/www.em.com.br\/emfoco\/wp-json\/wp\/v2\/tags?post=155950"}],"curies":[{"name":"wp","href":"https:\/\/api.w.org\/{rel}","templated":true}]}}