{"id":155904,"date":"2026-01-16T09:55:10","date_gmt":"2026-01-16T12:55:10","guid":{"rendered":"https:\/\/www.em.com.br\/emfoco\/?p=155904"},"modified":"2026-01-15T18:32:04","modified_gmt":"2026-01-15T21:32:04","slug":"como-plantar-marmelo-em-casa-e-ter-frutos-perfeitos-para-doces-e-geleias","status":"publish","type":"post","link":"https:\/\/www.em.com.br\/emfoco\/2026\/01\/16\/como-plantar-marmelo-em-casa-e-ter-frutos-perfeitos-para-doces-e-geleias\/","title":{"rendered":"Como plantar marmelo em casa e ter frutos perfeitos para doces e geleias"},"content":{"rendered":"\n<h2 class=\"wp-block-heading\">O marmelo exige sol e clima temperado. Plante mudas enxertadas em covas adubadas de 40cm. Regue sem encharcar e fa\u00e7a podas de limpeza. A produ\u00e7\u00e3o come\u00e7a entre o 3\u00ba e 4\u00ba ano, rendendo frutos perfeitos para doces<\/h2>\n\n\n\n<p><b>Imagine colher seus pr\u00f3prios marmelos<\/b> no quintal, sentir o <b>perfume da fruta madura<\/b> e ainda transformar tudo em geleias caseiras para a fam\u00edlia. O cultivo do marmelo tem conquistado espa\u00e7o em pomares dom\u00e9sticos e comerciais justamente por ser uma fruta r\u00fastica, arom\u00e1tica e muito vers\u00e1til na cozinha.&nbsp;<\/p>\n\n\n\n<h2 class=\"wp-block-heading\">Como plantar marmelo passo a passo em casa ou no s\u00edtio<\/h2>\n\n\n\n<p>Para entender <b>como plantar marmelo<\/b> na pr\u00e1tica, vale seguir uma sequ\u00eancia b\u00e1sica que vai da escolha da muda ao plantio definitivo. Em geral, recomenda-se o uso de <b>mudas enxertadas<\/b>, compradas de viveiros confi\u00e1veis, pois costumam produzir mais cedo e com frutos mais uniformes, ideais para doces e geleias.<\/p>\n\n\n<div class=\"wp-block-image\">\n<figure class=\"aligncenter size-large\"><img loading=\"lazy\" decoding=\"async\" width=\"1024\" height=\"576\" src=\"https:\/\/www.em.com.br\/emfoco\/wp-content\/uploads\/2026\/01\/Gemini_Generated_Image_9gvssv9gvssv9gvs-1-1024x576.png\" alt=\"\" class=\"wp-image-155954\" srcset=\"https:\/\/www.em.com.br\/emfoco\/wp-content\/uploads\/2026\/01\/Gemini_Generated_Image_9gvssv9gvssv9gvs-1-1024x576.png 1024w, https:\/\/www.em.com.br\/emfoco\/wp-content\/uploads\/2026\/01\/Gemini_Generated_Image_9gvssv9gvssv9gvs-1-300x169.png 300w, https:\/\/www.em.com.br\/emfoco\/wp-content\/uploads\/2026\/01\/Gemini_Generated_Image_9gvssv9gvssv9gvs-1-768x432.png 768w, https:\/\/www.em.com.br\/emfoco\/wp-content\/uploads\/2026\/01\/Gemini_Generated_Image_9gvssv9gvssv9gvs-1-750x422.png 750w, https:\/\/www.em.com.br\/emfoco\/wp-content\/uploads\/2026\/01\/Gemini_Generated_Image_9gvssv9gvssv9gvs-1-1140x641.png 1140w, https:\/\/www.em.com.br\/emfoco\/wp-content\/uploads\/2026\/01\/Gemini_Generated_Image_9gvssv9gvssv9gvs-1.png 1280w\" sizes=\"auto, (max-width: 1024px) 100vw, 1024px\" \/><figcaption class=\"wp-element-caption\">Para entender como plantar marmelo na pr\u00e1tica, vale seguir uma sequ\u00eancia b\u00e1sica<\/figcaption><\/figure><\/div>\n\n\n<p>Leia tamb\u00e9m: <a href=\"https:\/\/www.em.com.br\/emfoco\/2026\/01\/13\/anturio-a-flor-que-nao-morre-facil-veja-como-plantar-essa-flor-resistente\/\" target=\"_blank\" rel=\"noopener\">Ant\u00fario, a flor que n\u00e3o morre f\u00e1cil: veja como plantar essa flor resistente em casa<\/a><\/p>\n\n\n\n<h2 class=\"wp-block-heading\">Qual \u00e9 o melhor clima e local para cultivar marmelo<\/h2>\n\n\n\n<p>A escolha do lugar certo \u00e9 uma das chaves para ter sucesso ao <b>plantar marmelo em casa<\/b> ou no s\u00edtio. A planta precisa de boa luminosidade, com <b>sol direto por v\u00e1rias horas<\/b> do dia; locais muito sombreados costumam reduzir a flora\u00e7\u00e3o e a quantidade de frutos.<\/p>\n\n\n\n<p>O marmelo gosta de clima subtropical a temperado, com um inverno mais marcado e ver\u00f5es n\u00e3o t\u00e3o secos. Em regi\u00f5es muito quentes, costuma-se optar por \u00e1reas mais altas ou com boa circula\u00e7\u00e3o de ar, geralmente entre <b>600 e 1.200 metros de altitude<\/b>, o que ajuda a reduzir o estresse da planta e favorece a frutifica\u00e7\u00e3o. Quando poss\u00edvel, \u00e9 interessante escolher locais com <b>boa prote\u00e7\u00e3o contra ventos frios<\/b>, como pr\u00f3ximos a cercas vivas ou constru\u00e7\u00f5es.<\/p>\n\n\n\n<h2 class=\"wp-block-heading\">Quais cuidados manter depois de plantar o marmelo<\/h2>\n\n\n\n<p>Depois que a muda est\u00e1 no lugar, o segredo \u00e9 manter alguns cuidados constantes para que ela cres\u00e7a forte e produza bem. A irriga\u00e7\u00e3o \u00e9 fundamental nos primeiros anos: o ideal \u00e9 manter o <b>solo levemente \u00famido<\/b>, ajustando a frequ\u00eancia das regas conforme o clima, sem deixar encharcar. Em per\u00edodos de estiagem prolongada, vale a pena refor\u00e7ar a irriga\u00e7\u00e3o para evitar queda de flores e <b>frutos jovens<\/b>.<\/p>\n\n\n\n<figure class=\"wp-block-embed is-type-rich is-provider-pinterest wp-block-embed-pinterest\"><div class=\"wp-block-embed__wrapper\">\n<iframe loading=\"lazy\" title=\" \" src=\"https:\/\/assets.pinterest.com\/ext\/embed.html?id=33636328457656691&#038;src=oembed\" height=\"699\" width=\"450\" frameborder=\"0\" scrolling=\"no\" ><\/iframe>\n<\/div><\/figure>\n\n\n\n<p>A aduba\u00e7\u00e3o de manuten\u00e7\u00e3o pode ser feita anualmente, no fim do inverno ou in\u00edcio da primavera, com foco em <b>nutrientes b\u00e1sicos<\/b> e mat\u00e9ria org\u00e2nica. A poda de forma\u00e7\u00e3o nos primeiros anos ajuda a criar uma copa equilibrada, facilitando a entrada de luz e a colheita, enquanto a <b>poda de frutifica\u00e7\u00e3o<\/b> remove galhos secos e doentes, estimulando novos ramos produtivos.<\/p>\n\n\n\n<ul class=\"wp-block-list\">\n<li>Fazer inspe\u00e7\u00f5es frequentes para identificar <b>pragas e doen\u00e7as<\/b> logo no come\u00e7o.<\/li>\n\n\n\n<li>Evitar ferimentos desnecess\u00e1rios no tronco e nos <b>galhos principais<\/b>.<\/li>\n\n\n\n<li>Retirar frutos muito deformados ou em excesso, favorecendo os que ficam e garantindo <b>melhor calibre e qualidade<\/b>.<\/li>\n<\/ul>\n\n\n\n<p>Para voc\u00ea que gosta de plantar em casa, separamos um v\u00eddeo do canal <a href=\"https:\/\/www.youtube.com\/@Dividindoconhecimentos\" target=\"_blank\" rel=\"noopener\">Dividindo conhecimentos<\/a> com dicas para fazer suas primeiras mudas de marmelo:<\/p>\n\n\n\n<figure class=\"wp-block-embed is-type-video is-provider-youtube wp-block-embed-youtube wp-embed-aspect-16-9 wp-has-aspect-ratio\"><div class=\"wp-block-embed__wrapper\">\n<div class=\"jeg_video_container jeg_video_content\"><iframe loading=\"lazy\" title=\"Como fazer mudas de marmelo\" width=\"500\" height=\"281\" src=\"https:\/\/www.youtube.com\/embed\/UgWlh1fedfI?feature=oembed\" frameborder=\"0\" allow=\"accelerometer; autoplay; clipboard-write; encrypted-media; gyroscope; picture-in-picture; web-share\" referrerpolicy=\"strict-origin-when-cross-origin\" allowfullscreen><\/iframe><\/div>\n<\/div><\/figure>\n\n\n\n<h2 class=\"wp-block-heading\">Quanto tempo o marmelo leva para come\u00e7ar a dar frutos<\/h2>\n\n\n\n<p>O tempo at\u00e9 a primeira colheita varia conforme o tipo de muda e os cuidados de cultivo. Em condi\u00e7\u00f5es comuns, <b>mudas enxertadas de marmelo<\/b> costumam come\u00e7ar a produzir entre o terceiro e o quarto ano ap\u00f3s o plantio, aumentando a produ\u00e7\u00e3o aos poucos a cada safra. Plantas oriundas de semente podem demorar mais e apresentar <b>maior varia\u00e7\u00e3o nos frutos<\/b>.<\/p>\n\n\n\n<p>Quando recebe boa luz, \u00e1gua na medida certa e <b>aduba\u00e7\u00e3o equilibrada<\/b>, o marmeleiro oferece frutos firmes, arom\u00e1ticos e perfeitos para doces tradicionais, marmeladas, geleias e compotas. Com um pouco de paci\u00eancia, o investimento em entender <b>como plantar marmelo<\/b> se transforma em colheitas saborosas por muitos anos.<\/p>\n","protected":false},"excerpt":{"rendered":"<p>O marmelo exige sol e clima temperado. Plante mudas enxertadas em covas adubadas de 40cm. Regue sem encharcar e fa\u00e7a podas de limpeza. A produ\u00e7\u00e3o come\u00e7a entre o 3\u00ba e 4\u00ba ano, rendendo frutos perfeitos para doces Imagine colher seus pr\u00f3prios marmelos no quintal, sentir o perfume da fruta madura e ainda transformar tudo em [&hellip;]<\/p>\n","protected":false},"author":9,"featured_media":155911,"comment_status":"open","ping_status":"open","sticky":false,"template":"","format":"standard","meta":{"jnews-multi-image_gallery":[],"jnews_single_post":{"format":"standard"},"jnews_primary_category":[],"jnews_social_meta":[],"jnews_override_counter":[],"footnotes":""},"categories":[8691,8819,1],"tags":[7701,1988,22766],"class_list":["post-155904","post","type-post","status-publish","format-standard","has-post-thumbnail","hentry","category-bem-estar","category-curiosidades","category-noticias","tag-como-plantar","tag-fruta","tag-marmelo"],"yoast_head":"<!-- This site is optimized with the Yoast SEO plugin v23.8 - https:\/\/yoast.com\/wordpress\/plugins\/seo\/ -->\n<title>Como plantar marmelo em casa e ter frutos perfeitos para doces e geleias - Estado de Minas - Em foco<\/title>\n<meta name=\"description\" content=\"Aprenda a plantar marmelo em clima temperado com sol, covas adubadas e podas, garantindo frutos arom\u00e1ticos e ideais para doces e geleias\" \/>\n<meta name=\"robots\" content=\"index, follow, max-snippet:-1, max-image-preview:large, max-video-preview:-1\" \/>\n<link rel=\"canonical\" href=\"https:\/\/www.em.com.br\/emfoco\/2026\/01\/16\/como-plantar-marmelo-em-casa-e-ter-frutos-perfeitos-para-doces-e-geleias\/\" \/>\n<meta property=\"og:locale\" content=\"pt_BR\" \/>\n<meta property=\"og:type\" content=\"article\" \/>\n<meta property=\"og:title\" content=\"Como plantar marmelo em casa e ter frutos perfeitos para doces e geleias - Estado de Minas - Em foco\" \/>\n<meta property=\"og:description\" content=\"Aprenda a plantar marmelo em clima temperado com sol, covas adubadas e podas, garantindo frutos arom\u00e1ticos e ideais para doces e geleias\" \/>\n<meta property=\"og:url\" content=\"https:\/\/www.em.com.br\/emfoco\/2026\/01\/16\/como-plantar-marmelo-em-casa-e-ter-frutos-perfeitos-para-doces-e-geleias\/\" \/>\n<meta property=\"og:site_name\" content=\"Estado de Minas - Em foco\" \/>\n<meta property=\"article:published_time\" content=\"2026-01-16T12:55:10+00:00\" \/>\n<meta property=\"article:modified_time\" content=\"2026-01-15T21:32:04+00:00\" \/>\n<meta property=\"og:image\" content=\"https:\/\/www.em.com.br\/emfoco\/wp-content\/uploads\/2026\/01\/marmelo_1768510867736.jpg\" \/>\n\t<meta property=\"og:image:width\" content=\"1280\" \/>\n\t<meta property=\"og:image:height\" content=\"720\" \/>\n\t<meta property=\"og:image:type\" content=\"image\/jpeg\" \/>\n<meta name=\"author\" content=\"Daniely Cardoso\" \/>\n<meta name=\"twitter:card\" content=\"summary_large_image\" \/>\n<meta name=\"twitter:label1\" content=\"Escrito por\" \/>\n\t<meta name=\"twitter:data1\" content=\"Daniely Cardoso\" \/>\n\t<meta name=\"twitter:label2\" content=\"Est. tempo de leitura\" \/>\n\t<meta name=\"twitter:data2\" content=\"4 minutos\" \/>\n<!-- \/ Yoast SEO plugin. -->","yoast_head_json":{"title":"Como plantar marmelo em casa e ter frutos perfeitos para doces e geleias - Estado de Minas - Em foco","description":"Aprenda a plantar marmelo em clima temperado com sol, covas adubadas e podas, garantindo frutos arom\u00e1ticos e ideais para doces e geleias","robots":{"index":"index","follow":"follow","max-snippet":"max-snippet:-1","max-image-preview":"max-image-preview:large","max-video-preview":"max-video-preview:-1"},"canonical":"https:\/\/www.em.com.br\/emfoco\/2026\/01\/16\/como-plantar-marmelo-em-casa-e-ter-frutos-perfeitos-para-doces-e-geleias\/","og_locale":"pt_BR","og_type":"article","og_title":"Como plantar marmelo em casa e ter frutos perfeitos para doces e geleias - Estado de Minas - Em foco","og_description":"Aprenda a plantar marmelo em clima temperado com sol, covas adubadas e podas, garantindo frutos arom\u00e1ticos e ideais para doces e geleias","og_url":"https:\/\/www.em.com.br\/emfoco\/2026\/01\/16\/como-plantar-marmelo-em-casa-e-ter-frutos-perfeitos-para-doces-e-geleias\/","og_site_name":"Estado de Minas - Em foco","article_published_time":"2026-01-16T12:55:10+00:00","article_modified_time":"2026-01-15T21:32:04+00:00","og_image":[{"width":1280,"height":720,"url":"https:\/\/www.em.com.br\/emfoco\/wp-content\/uploads\/2026\/01\/marmelo_1768510867736.jpg","type":"image\/jpeg"}],"author":"Daniely Cardoso","twitter_card":"summary_large_image","twitter_misc":{"Escrito por":"Daniely Cardoso","Est. tempo de leitura":"4 minutos"},"schema":{"@context":"https:\/\/schema.org","@graph":[{"@type":"WebPage","@id":"https:\/\/www.em.com.br\/emfoco\/2026\/01\/16\/como-plantar-marmelo-em-casa-e-ter-frutos-perfeitos-para-doces-e-geleias\/","url":"https:\/\/www.em.com.br\/emfoco\/2026\/01\/16\/como-plantar-marmelo-em-casa-e-ter-frutos-perfeitos-para-doces-e-geleias\/","name":"Como plantar marmelo em casa e ter frutos perfeitos para doces e geleias - Estado de Minas - Em foco","isPartOf":{"@id":"https:\/\/www.em.com.br\/emfoco\/#website"},"primaryImageOfPage":{"@id":"https:\/\/www.em.com.br\/emfoco\/2026\/01\/16\/como-plantar-marmelo-em-casa-e-ter-frutos-perfeitos-para-doces-e-geleias\/#primaryimage"},"image":{"@id":"https:\/\/www.em.com.br\/emfoco\/2026\/01\/16\/como-plantar-marmelo-em-casa-e-ter-frutos-perfeitos-para-doces-e-geleias\/#primaryimage"},"thumbnailUrl":"https:\/\/www.em.com.br\/emfoco\/wp-content\/uploads\/2026\/01\/marmelo_1768510867736.jpg","datePublished":"2026-01-16T12:55:10+00:00","dateModified":"2026-01-15T21:32:04+00:00","author":{"@id":"https:\/\/www.em.com.br\/emfoco\/#\/schema\/person\/0a8186d72f2c3a5c6276d90b41f271a0"},"description":"Aprenda a plantar marmelo em clima temperado com sol, covas adubadas e podas, garantindo frutos arom\u00e1ticos e ideais para doces e geleias","breadcrumb":{"@id":"https:\/\/www.em.com.br\/emfoco\/2026\/01\/16\/como-plantar-marmelo-em-casa-e-ter-frutos-perfeitos-para-doces-e-geleias\/#breadcrumb"},"inLanguage":"pt-BR","potentialAction":[{"@type":"ReadAction","target":["https:\/\/www.em.com.br\/emfoco\/2026\/01\/16\/como-plantar-marmelo-em-casa-e-ter-frutos-perfeitos-para-doces-e-geleias\/"]}]},{"@type":"ImageObject","inLanguage":"pt-BR","@id":"https:\/\/www.em.com.br\/emfoco\/2026\/01\/16\/como-plantar-marmelo-em-casa-e-ter-frutos-perfeitos-para-doces-e-geleias\/#primaryimage","url":"https:\/\/www.em.com.br\/emfoco\/wp-content\/uploads\/2026\/01\/marmelo_1768510867736.jpg","contentUrl":"https:\/\/www.em.com.br\/emfoco\/wp-content\/uploads\/2026\/01\/marmelo_1768510867736.jpg","width":1280,"height":720,"caption":"Para entender como plantar marmelo na pr\u00e1tica, vale seguir uma sequ\u00eancia b\u00e1sica que vai da escolha da muda ao plantio definitivo - Cr\u00e9ditos: depositphotos.com \/ reflex_safak"},{"@type":"BreadcrumbList","@id":"https:\/\/www.em.com.br\/emfoco\/2026\/01\/16\/como-plantar-marmelo-em-casa-e-ter-frutos-perfeitos-para-doces-e-geleias\/#breadcrumb","itemListElement":[{"@type":"ListItem","position":1,"name":"In\u00edcio","item":"https:\/\/www.em.com.br\/emfoco\/"},{"@type":"ListItem","position":2,"name":"Como plantar marmelo em casa e ter frutos perfeitos para doces e geleias"}]},{"@type":"WebSite","@id":"https:\/\/www.em.com.br\/emfoco\/#website","url":"https:\/\/www.em.com.br\/emfoco\/","name":"Estado de Minas - Em foco","description":"Acompanhe as \u00faltimas not\u00edcias e fique bem informado sobre tudo o que acontece em Minas Gerais, Brasil e no mundo.","potentialAction":[{"@type":"SearchAction","target":{"@type":"EntryPoint","urlTemplate":"https:\/\/www.em.com.br\/emfoco\/?s={search_term_string}"},"query-input":{"@type":"PropertyValueSpecification","valueRequired":true,"valueName":"search_term_string"}}],"inLanguage":"pt-BR"},{"@type":"Person","@id":"https:\/\/www.em.com.br\/emfoco\/#\/schema\/person\/0a8186d72f2c3a5c6276d90b41f271a0","name":"Daniely Cardoso","image":{"@type":"ImageObject","inLanguage":"pt-BR","@id":"https:\/\/www.em.com.br\/emfoco\/#\/schema\/person\/image\/","url":"https:\/\/secure.gravatar.com\/avatar\/4b80ddbd124d1f071b626d52d62e5dff?s=96&d=mm&r=g","contentUrl":"https:\/\/secure.gravatar.com\/avatar\/4b80ddbd124d1f071b626d52d62e5dff?s=96&d=mm&r=g","caption":"Daniely Cardoso"},"url":"https:\/\/www.em.com.br\/emfoco\/author\/danielymyth\/"}]}},"_links":{"self":[{"href":"https:\/\/www.em.com.br\/emfoco\/wp-json\/wp\/v2\/posts\/155904","targetHints":{"allow":["GET"]}}],"collection":[{"href":"https:\/\/www.em.com.br\/emfoco\/wp-json\/wp\/v2\/posts"}],"about":[{"href":"https:\/\/www.em.com.br\/emfoco\/wp-json\/wp\/v2\/types\/post"}],"author":[{"embeddable":true,"href":"https:\/\/www.em.com.br\/emfoco\/wp-json\/wp\/v2\/users\/9"}],"replies":[{"embeddable":true,"href":"https:\/\/www.em.com.br\/emfoco\/wp-json\/wp\/v2\/comments?post=155904"}],"version-history":[{"count":3,"href":"https:\/\/www.em.com.br\/emfoco\/wp-json\/wp\/v2\/posts\/155904\/revisions"}],"predecessor-version":[{"id":155955,"href":"https:\/\/www.em.com.br\/emfoco\/wp-json\/wp\/v2\/posts\/155904\/revisions\/155955"}],"wp:featuredmedia":[{"embeddable":true,"href":"https:\/\/www.em.com.br\/emfoco\/wp-json\/wp\/v2\/media\/155911"}],"wp:attachment":[{"href":"https:\/\/www.em.com.br\/emfoco\/wp-json\/wp\/v2\/media?parent=155904"}],"wp:term":[{"taxonomy":"category","embeddable":true,"href":"https:\/\/www.em.com.br\/emfoco\/wp-json\/wp\/v2\/categories?post=155904"},{"taxonomy":"post_tag","embeddable":true,"href":"https:\/\/www.em.com.br\/emfoco\/wp-json\/wp\/v2\/tags?post=155904"}],"curies":[{"name":"wp","href":"https:\/\/api.w.org\/{rel}","templated":true}]}}