{"id":155726,"date":"2026-01-16T10:45:14","date_gmt":"2026-01-16T13:45:14","guid":{"rendered":"https:\/\/www.em.com.br\/emfoco\/?p=155726"},"modified":"2026-01-15T16:37:34","modified_gmt":"2026-01-15T19:37:34","slug":"aprenda-o-jeito-certo-de-aplicar-mascaras-para-nao-deixar-a-raiz-oleosa","status":"publish","type":"post","link":"https:\/\/www.em.com.br\/emfoco\/2026\/01\/16\/aprenda-o-jeito-certo-de-aplicar-mascaras-para-nao-deixar-a-raiz-oleosa\/","title":{"rendered":"Aprenda o jeito certo de aplicar m\u00e1scaras para n\u00e3o deixar a raiz oleosa"},"content":{"rendered":"\n<h2 class=\"wp-block-heading\">Abacate e azeite nutrem fios secos, enquanto mel e iogurte d\u00e3o brilho. O ovo rep\u00f5e prote\u00ednas em cabelos quebradi\u00e7os. Aplique do meio \u00e0s pontas, deixe agir por 20 minutos e enx\u00e1gue bem para recuperar a maciez<\/h2>\n\n\n\n<p><b>Voc\u00ea j\u00e1 sentiu o cabelo \u00e1spero, sem brilho e com pontas espigadas<\/b> depois de usar muita chapinha ou qu\u00edmica? Esse tipo de dano \u00e9 bem comum e, no dia a dia, nem sempre d\u00e1 para ir ao <b>sal\u00e3o de beleza toda hora<\/b>. Nessas horas, as <b>m\u00e1scaras caseiras para o cabelo<\/b> aparecem como um cuidado simples e acess\u00edvel, feito com ingredientes que muitas vezes j\u00e1 est\u00e3o na cozinha.<\/p>\n\n\n\n<h2 class=\"wp-block-heading\">Por que as m\u00e1scaras caseiras para o cabelo funcionam na pr\u00e1tica<\/h2>\n\n\n\n<p>As <b>m\u00e1scaras caseiras<\/b> costumam misturar ingredientes naturais com a\u00e7\u00e3o hidratante, nutritiva e emoliente. Muitos deles t\u00eam <b>gorduras boas, vitaminas e prote\u00ednas<\/b>, que ajudam a deixar o fio mais macio ao toque e com apar\u00eancia de mais vida, principalmente em cabelos danificados.<\/p>\n\n\n\n<p>Quando aplicadas nos fios limpos ou levemente \u00famidos, essas misturas formam uma <b>camada protetora<\/b> que reduz o frizz e a sensa\u00e7\u00e3o de ressecamento. Em <b>cabelos danificados por calor ou qu\u00edmica<\/b>, funcionam como um cuidado extra entre uma hidrata\u00e7\u00e3o mais intensa e outra, desde que sejam bem enxaguadas para n\u00e3o deixar res\u00edduos.<\/p>\n\n\n\n<figure class=\"wp-block-embed is-type-rich is-provider-pinterest wp-block-embed-pinterest\"><div class=\"wp-block-embed__wrapper\">\n<iframe loading=\"lazy\" title=\"\ud83c\udf1f\ud83d\udca7 Transforme Seu Cabelo: M\u00e1scaras que Desmaiam e Fortalecem! \ud83d\udca7\ud83c\udf1f\" src=\"https:\/\/assets.pinterest.com\/ext\/embed.html?id=169448004725067159&#038;src=oembed\" height=\"899\" width=\"450\" frameborder=\"0\" scrolling=\"no\" ><\/iframe>\n<\/div><\/figure>\n\n\n\n<p>Leia tamb\u00e9m:&nbsp;<a href=\"https:\/\/www.em.com.br\/emfoco\/2026\/01\/15\/pontas-duplas-vao-sumir-enquanto-voce-dorme-veja-como-usar-oleo-de-coco-da-forma-certa-e-salvar-seu-cabelo-sem-gastar-muito\/\" target=\"_blank\" rel=\"noopener\">Pontas duplas v\u00e3o sumir enquanto voc\u00ea dorme! Veja como usar \u00f3leo de coco da forma certa e salvar seu cabelo sem gastar muito<\/a><\/p>\n\n\n\n<h2 class=\"wp-block-heading\">Como a m\u00e1scara de abacate e azeite de oliva oferece hidrata\u00e7\u00e3o intensa<\/h2>\n\n\n\n<p>A mistura de <b>abacate com azeite de oliva<\/b> \u00e9 uma das m\u00e1scaras caseiras para o cabelo mais populares para recuperar maciez. O <b>abacate \u00e9 rico em gorduras saud\u00e1veis e vitamina E<\/b>, que ajudam a deixar o fio mais nutrido. J\u00e1 o azeite de oliva extra virgem age como um \u00f3leo emoliente, ajudando a alinhar e dar mais brilho ao cabelo.<\/p>\n\n\n\n<p>Em geral, usa-se um <b>abacate maduro bem amassado<\/b> com algumas colheres de azeite at\u00e9 formar uma pasta cremosa. A aplica\u00e7\u00e3o \u00e9 feita do meio \u00e0s pontas, principalmente em <b>cabelos secos ou ressecados<\/b>, evitando a raiz em fios oleosos para n\u00e3o pesar o visual.<\/p>\n\n\n\n<ul class=\"wp-block-list\">\n<li><b>Amassar bem o abacate<\/b> em um recipiente limpo.<\/li>\n\n\n\n<li>Misturar o <b>azeite de oliva<\/b> at\u00e9 formar uma textura cremosa.<\/li>\n\n\n\n<li>Aplicar nos fios \u00famidos, evitando a raiz em <b>cabelos oleosos<\/b>.<\/li>\n\n\n\n<li>Cobrir com touca pl\u00e1stica e deixar agir por cerca de <b>20 a 30 minutos<\/b>.<\/li>\n\n\n\n<li>Enxaguar com <b>\u00e1gua morna<\/b> e, se desejar, usar um shampoo suave.<\/li>\n<\/ul>\n\n\n\n<figure class=\"wp-block-embed is-type-rich is-provider-pinterest wp-block-embed-pinterest\"><div class=\"wp-block-embed__wrapper\">\n<iframe loading=\"lazy\" title=\"Receita: duas colheres de a\u00e7\u00facar, duas colheres de mel, duas colheres de \u00f3leo de ricinio ou coco e m\u00e1scara de hidrata\u00e7\u00e3o da sua prefer\u00eancia. As m\u00e1scaras de hidrata\u00e7\u00e3o caseira para o cabelo ajudam a reter a umidade nos fios deixando o cabelo mais macio e hidratado, al\u00e9m de promoverem a limpeza dos poros e a elimina\u00e7\u00e3o de c\u00e9lulas mortas do couro cabeludo. ME SIGAM PARA MAIS DICAS\ud83e\udd70\" src=\"https:\/\/assets.pinterest.com\/ext\/embed.html?id=141370875799322148&#038;src=oembed\" height=\"899\" width=\"450\" frameborder=\"0\" scrolling=\"no\" ><\/iframe>\n<\/div><\/figure>\n\n\n\n<h2 class=\"wp-block-heading\">Como as m\u00e1scaras caseiras com mel e iogurte ajudam na hidrata\u00e7\u00e3o e suavidade<\/h2>\n\n\n\n<p>A combina\u00e7\u00e3o de <b>mel com iogurte natural<\/b> \u00e9 outra receita simples de m\u00e1scaras caseiras para o cabelo, muito usada por quem busca mais maciez. O <b>mel ajuda a segurar a umidade<\/b> dentro do fio, enquanto o iogurte natural sem a\u00e7\u00facar traz prote\u00ednas e \u00e1cido l\u00e1tico, que podem contribuir para fios mais alinhados e suaves.<\/p>\n\n\n\n<p>Basta misturar bem o <b>mel com o iogurte<\/b> at\u00e9 formar um creme uniforme e aplicar no comprimento, dando aten\u00e7\u00e3o especial \u00e0s <b>pontas mais secas<\/b>. Muitas pessoas usam essa m\u00e1scara uma vez por semana e alternam com uma <b>m\u00e1scara pronta de hidrata\u00e7\u00e3o profunda<\/b> para potencializar os resultados.<\/p>\n\n\n\n<p>Para voc\u00ea que quer mais dicas, separamos um v\u00eddeo do canal da <a class=\"yt-simple-endpoint style-scope yt-formatted-string\" spellcheck=\"false\" href=\"https:\/\/www.youtube.com\/@carolkyoko\" target=\"_blank\" rel=\"noopener\">Carol kyoko<\/a> com uma lista de m\u00e1scaras para cabelo:<\/p>\n\n\n\n<figure class=\"wp-block-embed is-type-video is-provider-youtube wp-block-embed-youtube wp-embed-aspect-16-9 wp-has-aspect-ratio\"><div class=\"wp-block-embed__wrapper\">\n<div class=\"jeg_video_container jeg_video_content\"><iframe loading=\"lazy\" title=\"\ud83e\udd47TOP 6 M\u00c1SCARAS DE HIDRATA\u00c7\u00c3O NACIONAIS que voc\u00ea precisa conhecer!\" width=\"500\" height=\"281\" src=\"https:\/\/www.youtube.com\/embed\/ptlLEAqCRX8?start=1&#038;feature=oembed\" frameborder=\"0\" allow=\"accelerometer; autoplay; clipboard-write; encrypted-media; gyroscope; picture-in-picture; web-share\" referrerpolicy=\"strict-origin-when-cross-origin\" allowfullscreen><\/iframe><\/div>\n<\/div><\/figure>\n\n\n\n<h2 class=\"wp-block-heading\">Como o ovo e o \u00f3leo de am\u00eandoas nutrem fios danificados<\/h2>\n\n\n\n<p>Para quem sente o <b>cabelo quebradi\u00e7o e sem for\u00e7a<\/b>, a m\u00e1scara de ovo com \u00f3leo de am\u00eandoas pode ser uma aliada. O <b>ovo \u00e9 fonte de prote\u00ednas<\/b>, associadas \u00e0 repara\u00e7\u00e3o da estrutura do fio, enquanto o \u00f3leo de am\u00eandoas tem a\u00e7\u00e3o nutritiva e emoliente, ajudando a reduzir a sensa\u00e7\u00e3o \u00e1spera nas pontas.<\/p>\n\n\n\n<p>Normalmente, bate-se um <b>ovo inteiro<\/b> e adiciona-se o \u00f3leo de am\u00eandoas at\u00e9 ficar homog\u00eaneo. A mistura \u00e9 aplicada do meio \u00e0s pontas, evitando o couro cabeludo, principalmente em <b>cabelos com tend\u00eancia \u00e0 oleosidade<\/b>, e retirada com \u00e1gua fria ou levemente fria para minimizar o cheiro.<\/p>\n\n\n\n<ul class=\"wp-block-list\">\n<li><b>Bater o ovo<\/b> em um recipiente limpo.<\/li>\n\n\n\n<li>Adicionar o <b>\u00f3leo de am\u00eandoas<\/b> e misturar bem.<\/li>\n\n\n\n<li>Aplicar somente no comprimento e nas <b>pontas do cabelo<\/b>.<\/li>\n\n\n\n<li>Deixar agir por cerca de <b>15 a 20 minutos<\/b>.<\/li>\n\n\n\n<li>Retirar com <b>\u00e1gua fria<\/b> e, se desejar, lavar com shampoo delicado.<\/li>\n<\/ul>\n","protected":false},"excerpt":{"rendered":"<p>Abacate e azeite nutrem fios secos, enquanto mel e iogurte d\u00e3o brilho. O ovo rep\u00f5e prote\u00ednas em cabelos quebradi\u00e7os. Aplique do meio \u00e0s pontas, deixe agir por 20 minutos e enx\u00e1gue bem para recuperar a maciez Voc\u00ea j\u00e1 sentiu o cabelo \u00e1spero, sem brilho e com pontas espigadas depois de usar muita chapinha ou qu\u00edmica? [&hellip;]<\/p>\n","protected":false},"author":9,"featured_media":155815,"comment_status":"open","ping_status":"open","sticky":false,"template":"","format":"standard","meta":{"jnews-multi-image_gallery":[],"jnews_single_post":{"format":"standard"},"jnews_primary_category":[],"jnews_social_meta":[],"jnews_override_counter":[],"footnotes":""},"categories":[8691,8819,1],"tags":[22121,8409,4905],"class_list":["post-155726","post","type-post","status-publish","format-standard","has-post-thumbnail","hentry","category-bem-estar","category-curiosidades","category-noticias","tag-auto-cuidado","tag-brilho","tag-cabelo"],"yoast_head":"<!-- This site is optimized with the Yoast SEO plugin v23.8 - https:\/\/yoast.com\/wordpress\/plugins\/seo\/ -->\n<title>Aprenda o jeito certo de aplicar m\u00e1scaras para n\u00e3o deixar a raiz oleosa - Estado de Minas - Em foco<\/title>\n<meta name=\"description\" content=\"Cabelo seco? Recupere o brilho com m\u00e1scaras caseiras de abacate e mel. Veja receitas f\u00e1ceis para hidratar em casa\" \/>\n<meta name=\"robots\" content=\"index, follow, max-snippet:-1, max-image-preview:large, max-video-preview:-1\" \/>\n<link rel=\"canonical\" href=\"https:\/\/www.em.com.br\/emfoco\/2026\/01\/16\/aprenda-o-jeito-certo-de-aplicar-mascaras-para-nao-deixar-a-raiz-oleosa\/\" \/>\n<meta property=\"og:locale\" content=\"pt_BR\" \/>\n<meta property=\"og:type\" content=\"article\" \/>\n<meta property=\"og:title\" content=\"Aprenda o jeito certo de aplicar m\u00e1scaras para n\u00e3o deixar a raiz oleosa - Estado de Minas - Em foco\" \/>\n<meta property=\"og:description\" content=\"Cabelo seco? Recupere o brilho com m\u00e1scaras caseiras de abacate e mel. Veja receitas f\u00e1ceis para hidratar em casa\" \/>\n<meta property=\"og:url\" content=\"https:\/\/www.em.com.br\/emfoco\/2026\/01\/16\/aprenda-o-jeito-certo-de-aplicar-mascaras-para-nao-deixar-a-raiz-oleosa\/\" \/>\n<meta property=\"og:site_name\" content=\"Estado de Minas - Em foco\" \/>\n<meta property=\"article:published_time\" content=\"2026-01-16T13:45:14+00:00\" \/>\n<meta property=\"article:modified_time\" content=\"2026-01-15T19:37:34+00:00\" \/>\n<meta property=\"og:image\" content=\"https:\/\/www.em.com.br\/emfoco\/wp-content\/uploads\/2026\/01\/mascara-cabelo_1768505610231.jpg\" \/>\n\t<meta property=\"og:image:width\" content=\"1280\" \/>\n\t<meta property=\"og:image:height\" content=\"720\" \/>\n\t<meta property=\"og:image:type\" content=\"image\/jpeg\" \/>\n<meta name=\"author\" content=\"Daniely Cardoso\" \/>\n<meta name=\"twitter:card\" content=\"summary_large_image\" \/>\n<meta name=\"twitter:label1\" content=\"Escrito por\" \/>\n\t<meta name=\"twitter:data1\" content=\"Daniely Cardoso\" \/>\n\t<meta name=\"twitter:label2\" content=\"Est. tempo de leitura\" \/>\n\t<meta name=\"twitter:data2\" content=\"5 minutos\" \/>\n<!-- \/ Yoast SEO plugin. -->","yoast_head_json":{"title":"Aprenda o jeito certo de aplicar m\u00e1scaras para n\u00e3o deixar a raiz oleosa - Estado de Minas - Em foco","description":"Cabelo seco? Recupere o brilho com m\u00e1scaras caseiras de abacate e mel. Veja receitas f\u00e1ceis para hidratar em casa","robots":{"index":"index","follow":"follow","max-snippet":"max-snippet:-1","max-image-preview":"max-image-preview:large","max-video-preview":"max-video-preview:-1"},"canonical":"https:\/\/www.em.com.br\/emfoco\/2026\/01\/16\/aprenda-o-jeito-certo-de-aplicar-mascaras-para-nao-deixar-a-raiz-oleosa\/","og_locale":"pt_BR","og_type":"article","og_title":"Aprenda o jeito certo de aplicar m\u00e1scaras para n\u00e3o deixar a raiz oleosa - Estado de Minas - Em foco","og_description":"Cabelo seco? Recupere o brilho com m\u00e1scaras caseiras de abacate e mel. Veja receitas f\u00e1ceis para hidratar em casa","og_url":"https:\/\/www.em.com.br\/emfoco\/2026\/01\/16\/aprenda-o-jeito-certo-de-aplicar-mascaras-para-nao-deixar-a-raiz-oleosa\/","og_site_name":"Estado de Minas - Em foco","article_published_time":"2026-01-16T13:45:14+00:00","article_modified_time":"2026-01-15T19:37:34+00:00","og_image":[{"width":1280,"height":720,"url":"https:\/\/www.em.com.br\/emfoco\/wp-content\/uploads\/2026\/01\/mascara-cabelo_1768505610231.jpg","type":"image\/jpeg"}],"author":"Daniely Cardoso","twitter_card":"summary_large_image","twitter_misc":{"Escrito por":"Daniely Cardoso","Est. tempo de leitura":"5 minutos"},"schema":{"@context":"https:\/\/schema.org","@graph":[{"@type":"WebPage","@id":"https:\/\/www.em.com.br\/emfoco\/2026\/01\/16\/aprenda-o-jeito-certo-de-aplicar-mascaras-para-nao-deixar-a-raiz-oleosa\/","url":"https:\/\/www.em.com.br\/emfoco\/2026\/01\/16\/aprenda-o-jeito-certo-de-aplicar-mascaras-para-nao-deixar-a-raiz-oleosa\/","name":"Aprenda o jeito certo de aplicar m\u00e1scaras para n\u00e3o deixar a raiz oleosa - Estado de Minas - Em foco","isPartOf":{"@id":"https:\/\/www.em.com.br\/emfoco\/#website"},"primaryImageOfPage":{"@id":"https:\/\/www.em.com.br\/emfoco\/2026\/01\/16\/aprenda-o-jeito-certo-de-aplicar-mascaras-para-nao-deixar-a-raiz-oleosa\/#primaryimage"},"image":{"@id":"https:\/\/www.em.com.br\/emfoco\/2026\/01\/16\/aprenda-o-jeito-certo-de-aplicar-mascaras-para-nao-deixar-a-raiz-oleosa\/#primaryimage"},"thumbnailUrl":"https:\/\/www.em.com.br\/emfoco\/wp-content\/uploads\/2026\/01\/mascara-cabelo_1768505610231.jpg","datePublished":"2026-01-16T13:45:14+00:00","dateModified":"2026-01-15T19:37:34+00:00","author":{"@id":"https:\/\/www.em.com.br\/emfoco\/#\/schema\/person\/0a8186d72f2c3a5c6276d90b41f271a0"},"description":"Cabelo seco? Recupere o brilho com m\u00e1scaras caseiras de abacate e mel. Veja receitas f\u00e1ceis para hidratar em casa","breadcrumb":{"@id":"https:\/\/www.em.com.br\/emfoco\/2026\/01\/16\/aprenda-o-jeito-certo-de-aplicar-mascaras-para-nao-deixar-a-raiz-oleosa\/#breadcrumb"},"inLanguage":"pt-BR","potentialAction":[{"@type":"ReadAction","target":["https:\/\/www.em.com.br\/emfoco\/2026\/01\/16\/aprenda-o-jeito-certo-de-aplicar-mascaras-para-nao-deixar-a-raiz-oleosa\/"]}]},{"@type":"ImageObject","inLanguage":"pt-BR","@id":"https:\/\/www.em.com.br\/emfoco\/2026\/01\/16\/aprenda-o-jeito-certo-de-aplicar-mascaras-para-nao-deixar-a-raiz-oleosa\/#primaryimage","url":"https:\/\/www.em.com.br\/emfoco\/wp-content\/uploads\/2026\/01\/mascara-cabelo_1768505610231.jpg","contentUrl":"https:\/\/www.em.com.br\/emfoco\/wp-content\/uploads\/2026\/01\/mascara-cabelo_1768505610231.jpg","width":1280,"height":720,"caption":"As m\u00e1scaras caseiras costumam misturar ingredientes naturais com a\u00e7\u00e3o hidratante, nutritiva e emoliente - Cr\u00e9ditos: depositphotos.com \/ IgorVetushko"},{"@type":"BreadcrumbList","@id":"https:\/\/www.em.com.br\/emfoco\/2026\/01\/16\/aprenda-o-jeito-certo-de-aplicar-mascaras-para-nao-deixar-a-raiz-oleosa\/#breadcrumb","itemListElement":[{"@type":"ListItem","position":1,"name":"In\u00edcio","item":"https:\/\/www.em.com.br\/emfoco\/"},{"@type":"ListItem","position":2,"name":"Aprenda o jeito certo de aplicar m\u00e1scaras para n\u00e3o deixar a raiz oleosa"}]},{"@type":"WebSite","@id":"https:\/\/www.em.com.br\/emfoco\/#website","url":"https:\/\/www.em.com.br\/emfoco\/","name":"Estado de Minas - Em foco","description":"Acompanhe as \u00faltimas not\u00edcias e fique bem informado sobre tudo o que acontece em Minas Gerais, Brasil e no mundo.","potentialAction":[{"@type":"SearchAction","target":{"@type":"EntryPoint","urlTemplate":"https:\/\/www.em.com.br\/emfoco\/?s={search_term_string}"},"query-input":{"@type":"PropertyValueSpecification","valueRequired":true,"valueName":"search_term_string"}}],"inLanguage":"pt-BR"},{"@type":"Person","@id":"https:\/\/www.em.com.br\/emfoco\/#\/schema\/person\/0a8186d72f2c3a5c6276d90b41f271a0","name":"Daniely Cardoso","image":{"@type":"ImageObject","inLanguage":"pt-BR","@id":"https:\/\/www.em.com.br\/emfoco\/#\/schema\/person\/image\/","url":"https:\/\/secure.gravatar.com\/avatar\/4b80ddbd124d1f071b626d52d62e5dff?s=96&d=mm&r=g","contentUrl":"https:\/\/secure.gravatar.com\/avatar\/4b80ddbd124d1f071b626d52d62e5dff?s=96&d=mm&r=g","caption":"Daniely Cardoso"},"url":"https:\/\/www.em.com.br\/emfoco\/author\/danielymyth\/"}]}},"_links":{"self":[{"href":"https:\/\/www.em.com.br\/emfoco\/wp-json\/wp\/v2\/posts\/155726","targetHints":{"allow":["GET"]}}],"collection":[{"href":"https:\/\/www.em.com.br\/emfoco\/wp-json\/wp\/v2\/posts"}],"about":[{"href":"https:\/\/www.em.com.br\/emfoco\/wp-json\/wp\/v2\/types\/post"}],"author":[{"embeddable":true,"href":"https:\/\/www.em.com.br\/emfoco\/wp-json\/wp\/v2\/users\/9"}],"replies":[{"embeddable":true,"href":"https:\/\/www.em.com.br\/emfoco\/wp-json\/wp\/v2\/comments?post=155726"}],"version-history":[{"count":2,"href":"https:\/\/www.em.com.br\/emfoco\/wp-json\/wp\/v2\/posts\/155726\/revisions"}],"predecessor-version":[{"id":155817,"href":"https:\/\/www.em.com.br\/emfoco\/wp-json\/wp\/v2\/posts\/155726\/revisions\/155817"}],"wp:featuredmedia":[{"embeddable":true,"href":"https:\/\/www.em.com.br\/emfoco\/wp-json\/wp\/v2\/media\/155815"}],"wp:attachment":[{"href":"https:\/\/www.em.com.br\/emfoco\/wp-json\/wp\/v2\/media?parent=155726"}],"wp:term":[{"taxonomy":"category","embeddable":true,"href":"https:\/\/www.em.com.br\/emfoco\/wp-json\/wp\/v2\/categories?post=155726"},{"taxonomy":"post_tag","embeddable":true,"href":"https:\/\/www.em.com.br\/emfoco\/wp-json\/wp\/v2\/tags?post=155726"}],"curies":[{"name":"wp","href":"https:\/\/api.w.org\/{rel}","templated":true}]}}