{"id":155706,"date":"2026-01-17T17:25:00","date_gmt":"2026-01-17T20:25:00","guid":{"rendered":"https:\/\/www.em.com.br\/emfoco\/?p=155706"},"modified":"2026-01-15T15:53:58","modified_gmt":"2026-01-15T18:53:58","slug":"isso-e-o-que-acontece-no-seu-corpo-quando-voce-come-chia","status":"publish","type":"post","link":"https:\/\/www.em.com.br\/emfoco\/2026\/01\/17\/isso-e-o-que-acontece-no-seu-corpo-quando-voce-come-chia\/","title":{"rendered":"Isso \u00e9 o que acontece no seu corpo quando voc\u00ea come CHIA"},"content":{"rendered":"\n<p>Entre os ingredientes que passaram a fazer parte da rotina de quem busca uma alimenta\u00e7\u00e3o mais equilibrada, as sementes de chia chamam aten\u00e7\u00e3o pelo contraste entre tamanho reduzido e grande oferta de nutrientes. Em uma colher pequena, concentram fibras, gorduras insaturadas e minerais que podem complementar o card\u00e1pio di\u00e1rio, aparecendo em caf\u00e9s da manh\u00e3, lanches e at\u00e9 em receitas salgadas, o que facilita a ades\u00e3o sem alterar muito o sabor das prepara\u00e7\u00f5es.<\/p>\n\n\n\n<h2 class=\"wp-block-heading\">O que s\u00e3o as sementes de chia e qual seu papel na alimenta\u00e7\u00e3o<\/h2>\n\n\n\n<p>No v\u00eddeo do canal @<a href=\"https:\/\/www.youtube.com\/@mourglia\" target=\"_blank\" rel=\"noreferrer noopener\">Leonardo Mourglia<\/a>, s\u00e3o explicados os principais benef\u00edcios das sementes de chia, formas corretas de consumo e cuidados importantes para inclu\u00ed-las na alimenta\u00e7\u00e3o di\u00e1ria.<\/p>\n\n\n\n<iframe loading=\"lazy\" width=\"1013\" height=\"570\" src=\"https:\/\/www.youtube.com\/embed\/DmRZDexTqoo\" title=\"Benef\u00edcios e riscos da chia: Isso \u00e9 o que acontece no seu corpo quando voc\u00ea come chia.\" frameborder=\"0\" allow=\"accelerometer; autoplay; clipboard-write; encrypted-media; gyroscope; picture-in-picture; web-share\" referrerpolicy=\"strict-origin-when-cross-origin\" allowfullscreen><\/iframe>\n\n\n\n<p>A chia \u00e9 o gr\u00e3o de uma planta de clima quente, com sementes pequenas, arredondadas e geralmente escuras ou esbranqui\u00e7adas. Do ponto de vista nutricional, destaca-se pela oferta elevada de fibras alimentares, por\u00e7\u00e3o moderada de prote\u00ednas vegetais e presen\u00e7a de gorduras poli-insaturadas, em especial o \u00f4mega-3 de origem vegetal.<\/p>\n\n\n\n<p>Em pequenas quantidades, tamb\u00e9m fornece c\u00e1lcio, magn\u00e9sio, f\u00f3sforo, zinco e outros micronutrientes relevantes para o metabolismo. Essa combina\u00e7\u00e3o faz com que as sementes de chia sejam classificadas como alimento de alta densidade nutricional, \u00fatil em planos para manuten\u00e7\u00e3o de peso, sa\u00fade cardiovascular e cuidado com ossos e m\u00fasculos.<\/p>\n\n\n\n<h2 class=\"wp-block-heading\">Quais s\u00e3o os principais benef\u00edcios das sementes de chia<\/h2>\n\n\n\n<p>Ao discutir os benef\u00edcios das sementes de chia, o primeiro ponto geralmente mencionado \u00e9 a influ\u00eancia na digest\u00e3o. A alta concentra\u00e7\u00e3o de fibras ajuda a aumentar o volume do bolo fecal e pode favorecer o ritmo do intestino quando associada \u00e0 ingest\u00e3o adequada de \u00e1gua, especialmente em rotinas com baixo consumo de frutas, verduras e legumes.<\/p>\n\n\n\n<p>Outro efeito frequentemente associado ao uso regular da chia \u00e9 o aux\u00edlio na sensa\u00e7\u00e3o de saciedade, j\u00e1 que as sementes absorvem l\u00edquido e aumentam de tamanho. Al\u00e9m disso, o \u00f4mega-3 vegetal, antioxidantes e minerais presentes no gr\u00e3o s\u00e3o estudados em temas como equil\u00edbrio do colesterol, prote\u00e7\u00e3o dos vasos sangu\u00edneos e suporte \u00e0 estrutura \u00f3ssea e \u00e0 contra\u00e7\u00e3o muscular.<\/p>\n\n\n\n<p>Leia mais: <a href=\"https:\/\/www.em.com.br\/saude\/2026\/01\/7333407-o-que-significa-nao-sentir-sede-e-por-que-esse-sinal-do-corpo-nao-deve-ser-ignorado.html\" target=\"_blank\" rel=\"noreferrer noopener\">O que significa n\u00e3o sentir sede e por que esse sinal do corpo n\u00e3o deve ser ignorado<\/a><\/p>\n\n\n\n<h2 class=\"wp-block-heading\">Como consumir sementes de chia no dia a dia<\/h2>\n\n\n\n<p>Ao buscar informa\u00e7\u00f5es sobre como consumir sementes de chia, \u00e9 comum encontrar recomenda\u00e7\u00f5es que priorizam o uso do alimento hidratado. Quando ficam submersas em \u00e1gua, leite ou bebidas vegetais por alguns minutos, as sementes formam uma pel\u00edcula gelatinosa, tornando-se mais macias, f\u00e1ceis de mastigar e, em geral, melhor toleradas pelo sistema digestivo.<\/p>\n\n\n\n<p>No cotidiano, as sementes podem ser inclu\u00eddas em diferentes prepara\u00e7\u00f5es, de forma pr\u00e1tica e variada, para aumentar o teor de fibras e gorduras ben\u00e9ficas das refei\u00e7\u00f5es. Abaixo est\u00e3o alguns exemplos de usos frequentes da chia em receitas doces e salgadas:<\/p>\n\n\n\n<ul class=\"wp-block-list\">\n<li>mistura com frutas picadas, iogurtes ou mingaus quentes;<\/li>\n\n\n\n<li>adi\u00e7\u00e3o a vitaminas e smoothies, j\u00e1 hidratadas ou batidas junto ao l\u00edquido;<\/li>\n\n\n\n<li>uso em pudins frios, combinando com bebida vegetal e frutas;<\/li>\n\n\n\n<li>incorpora\u00e7\u00e3o em massas de p\u00e3es, bolos, panquecas e biscoitos;<\/li>\n\n\n\n<li>polvilho moderado sobre saladas, sopas ou cremes.<\/li>\n<\/ul>\n\n\n\n<p>De modo geral, por\u00e7\u00f5es entre 1 e 2 colheres de sopa ao dia costumam ser adotadas em orienta\u00e7\u00f5es populacionais. A introdu\u00e7\u00e3o gradual e o ajuste conforme idade, estado de sa\u00fade e n\u00edvel de atividade f\u00edsica ajudam o organismo a se adaptar ao aumento de fibras, reduzindo a chance de desconfortos.<\/p>\n\n\n\n<h2 class=\"wp-block-heading\">Quais erros s\u00e3o comuns no uso da semente de chia<\/h2>\n\n\n<div class=\"wp-block-image\">\n<figure class=\"aligncenter size-large\"><img loading=\"lazy\" decoding=\"async\" width=\"1024\" height=\"576\" src=\"https:\/\/www.em.com.br\/emfoco\/wp-content\/uploads\/2026\/01\/chia_1768485617171-1024x576.jpg\" alt=\"Todo mundo est\u00e1 colocando chia na dieta, mas poucos usam certo!\" class=\"wp-image-155521\" srcset=\"https:\/\/www.em.com.br\/emfoco\/wp-content\/uploads\/2026\/01\/chia_1768485617171-1024x576.jpg 1024w, https:\/\/www.em.com.br\/emfoco\/wp-content\/uploads\/2026\/01\/chia_1768485617171-300x169.jpg 300w, https:\/\/www.em.com.br\/emfoco\/wp-content\/uploads\/2026\/01\/chia_1768485617171-768x432.jpg 768w, https:\/\/www.em.com.br\/emfoco\/wp-content\/uploads\/2026\/01\/chia_1768485617171-750x422.jpg 750w, https:\/\/www.em.com.br\/emfoco\/wp-content\/uploads\/2026\/01\/chia_1768485617171-1140x641.jpg 1140w, https:\/\/www.em.com.br\/emfoco\/wp-content\/uploads\/2026\/01\/chia_1768485617171.jpg 1280w\" sizes=\"auto, (max-width: 1024px) 100vw, 1024px\" \/><figcaption class=\"wp-element-caption\">Por que a chia virou h\u00e1bito em dietas equilibradas &#8211; Cr\u00e9ditos: depositphotos.com \/ AntonMatyukha<\/figcaption><\/figure><\/div>\n\n\n<p>Embora a semente de chia seja considerada um alimento seguro para a maioria das pessoas, o uso inadequado pode gerar problemas. Um dos erros mais frequentes \u00e9 ingerir grandes quantidades de sementes secas, sem hidrata\u00e7\u00e3o pr\u00e9via e sem aumento correspondente da ingest\u00e3o de \u00e1gua, o que pode causar estufamento, gases e sensa\u00e7\u00e3o de peso abdominal.<\/p>\n\n\n\n<p>Outro equ\u00edvoco recorrente \u00e9 tratar a chia como solu\u00e7\u00e3o isolada para perda de peso ou controle de doen\u00e7as cr\u00f4nicas, substituindo refei\u00e7\u00f5es equilibradas ou o acompanhamento profissional. Para reduzir riscos e aproveitar melhor o alimento, recomenda-se adotar cuidados simples, como:<\/p>\n\n\n\n<ol class=\"wp-block-list\">\n<li>Evitar aumentos bruscos na quantidade di\u00e1ria de sementes;<\/li>\n\n\n\n<li>Garantir ingest\u00e3o adequada de \u00e1gua durante o dia;<\/li>\n\n\n\n<li>N\u00e3o utilizar a chia como substituta exclusiva de grupos alimentares inteiros;<\/li>\n\n\n\n<li>Observar a resposta do corpo e reduzir a por\u00e7\u00e3o em caso de desconforto.<\/li>\n<\/ol>\n\n\n\n<p>Leia mais: <a href=\"https:\/\/www.em.com.br\/saude\/2026\/01\/7332129-tremor-involuntario-nas-palpebras-qual-a-relacao-com-o-estresse.html\" target=\"_blank\" rel=\"noreferrer noopener\">Tremor involunt\u00e1rio nas p\u00e1lpebras: qual a rela\u00e7\u00e3o com o estresse?<\/a><\/p>\n\n\n\n<h2 class=\"wp-block-heading\">Quem deve ter mais aten\u00e7\u00e3o ao consumir chia<\/h2>\n\n\n\n<p>Existem grupos para os quais o consumo de sementes de chia exige cuidado adicional, como pessoas com hist\u00f3rico de alergia a sementes, doen\u00e7as intestinais em fase ativa ou estreitamentos no trato gastrointestinal. Nesses casos, pode ser necess\u00e1ria avalia\u00e7\u00e3o individual antes de inserir o alimento em quantidades maiores, com poss\u00edvel redu\u00e7\u00e3o de por\u00e7\u00f5es ou suspens\u00e3o tempor\u00e1ria.<\/p>\n\n\n\n<p>Indiv\u00edduos em uso cont\u00ednuo de medicamentos anticoagulantes ou que interferem na coagula\u00e7\u00e3o tamb\u00e9m podem exigir acompanhamento, j\u00e1 que a chia \u00e9 fonte de gorduras do tipo \u00f4mega-3. De forma geral, quando usada em por\u00e7\u00f5es moderadas e combinada a alimentos in natura e h\u00e1bitos saud\u00e1veis, a chia tende a contribuir para um padr\u00e3o alimentar mais equilibrado e alinhado \u00e0s recomenda\u00e7\u00f5es de promo\u00e7\u00e3o da sa\u00fade.<\/p>\n","protected":false},"excerpt":{"rendered":"<p>Entre os ingredientes que passaram a fazer parte da rotina de quem busca uma alimenta\u00e7\u00e3o mais equilibrada, as sementes de chia chamam aten\u00e7\u00e3o pelo contraste entre tamanho reduzido e grande oferta de nutrientes. Em uma colher pequena, concentram fibras, gorduras insaturadas e minerais que podem complementar o card\u00e1pio di\u00e1rio, aparecendo em caf\u00e9s da manh\u00e3, lanches [&hellip;]<\/p>\n","protected":false},"author":20,"featured_media":155520,"comment_status":"open","ping_status":"open","sticky":false,"template":"","format":"standard","meta":{"jnews-multi-image_gallery":[],"jnews_single_post":{"format":"standard"},"jnews_primary_category":[],"jnews_social_meta":[],"jnews_override_counter":[],"footnotes":""},"categories":[8819,1],"tags":[2904,3967,5181,6773],"class_list":["post-155706","post","type-post","status-publish","format-standard","has-post-thumbnail","hentry","category-curiosidades","category-noticias","tag-alimentacao","tag-chia","tag-fibras","tag-superalimento"],"yoast_head":"<!-- This site is optimized with the Yoast SEO plugin v23.8 - https:\/\/yoast.com\/wordpress\/plugins\/seo\/ -->\n<title>Isso \u00e9 o que acontece no seu corpo quando voc\u00ea come CHIA - Estado de Minas - Em foco<\/title>\n<meta name=\"description\" content=\"Pequenas, populares e cheias de fama, as sementes de chia escondem efeitos que muita gente s\u00f3 percebe depois de usar por um tempo.\" \/>\n<meta name=\"robots\" content=\"index, follow, max-snippet:-1, max-image-preview:large, max-video-preview:-1\" \/>\n<link rel=\"canonical\" href=\"https:\/\/www.em.com.br\/emfoco\/2026\/01\/17\/isso-e-o-que-acontece-no-seu-corpo-quando-voce-come-chia\/\" \/>\n<meta property=\"og:locale\" content=\"pt_BR\" \/>\n<meta property=\"og:type\" content=\"article\" \/>\n<meta property=\"og:title\" content=\"Isso \u00e9 o que acontece no seu corpo quando voc\u00ea come CHIA - Estado de Minas - Em foco\" \/>\n<meta property=\"og:description\" content=\"Pequenas, populares e cheias de fama, as sementes de chia escondem efeitos que muita gente s\u00f3 percebe depois de usar por um tempo.\" \/>\n<meta property=\"og:url\" content=\"https:\/\/www.em.com.br\/emfoco\/2026\/01\/17\/isso-e-o-que-acontece-no-seu-corpo-quando-voce-come-chia\/\" \/>\n<meta property=\"og:site_name\" content=\"Estado de Minas - Em foco\" \/>\n<meta property=\"article:published_time\" content=\"2026-01-17T20:25:00+00:00\" \/>\n<meta property=\"article:modified_time\" content=\"2026-01-15T18:53:58+00:00\" \/>\n<meta property=\"og:image\" content=\"https:\/\/www.em.com.br\/emfoco\/wp-content\/uploads\/2026\/01\/chia_1768485634558.jpg\" \/>\n\t<meta property=\"og:image:width\" content=\"1280\" \/>\n\t<meta property=\"og:image:height\" content=\"720\" \/>\n\t<meta property=\"og:image:type\" content=\"image\/jpeg\" \/>\n<meta name=\"author\" content=\"Ingrid Diniz\" \/>\n<meta name=\"twitter:card\" content=\"summary_large_image\" \/>\n<meta name=\"twitter:label1\" content=\"Escrito por\" \/>\n\t<meta name=\"twitter:data1\" content=\"Ingrid Diniz\" \/>\n\t<meta name=\"twitter:label2\" content=\"Est. tempo de leitura\" \/>\n\t<meta name=\"twitter:data2\" content=\"6 minutos\" \/>\n<!-- \/ Yoast SEO plugin. -->","yoast_head_json":{"title":"Isso \u00e9 o que acontece no seu corpo quando voc\u00ea come CHIA - Estado de Minas - Em foco","description":"Pequenas, populares e cheias de fama, as sementes de chia escondem efeitos que muita gente s\u00f3 percebe depois de usar por um tempo.","robots":{"index":"index","follow":"follow","max-snippet":"max-snippet:-1","max-image-preview":"max-image-preview:large","max-video-preview":"max-video-preview:-1"},"canonical":"https:\/\/www.em.com.br\/emfoco\/2026\/01\/17\/isso-e-o-que-acontece-no-seu-corpo-quando-voce-come-chia\/","og_locale":"pt_BR","og_type":"article","og_title":"Isso \u00e9 o que acontece no seu corpo quando voc\u00ea come CHIA - Estado de Minas - Em foco","og_description":"Pequenas, populares e cheias de fama, as sementes de chia escondem efeitos que muita gente s\u00f3 percebe depois de usar por um tempo.","og_url":"https:\/\/www.em.com.br\/emfoco\/2026\/01\/17\/isso-e-o-que-acontece-no-seu-corpo-quando-voce-come-chia\/","og_site_name":"Estado de Minas - Em foco","article_published_time":"2026-01-17T20:25:00+00:00","article_modified_time":"2026-01-15T18:53:58+00:00","og_image":[{"width":1280,"height":720,"url":"https:\/\/www.em.com.br\/emfoco\/wp-content\/uploads\/2026\/01\/chia_1768485634558.jpg","type":"image\/jpeg"}],"author":"Ingrid Diniz","twitter_card":"summary_large_image","twitter_misc":{"Escrito por":"Ingrid Diniz","Est. tempo de leitura":"6 minutos"},"schema":{"@context":"https:\/\/schema.org","@graph":[{"@type":"WebPage","@id":"https:\/\/www.em.com.br\/emfoco\/2026\/01\/17\/isso-e-o-que-acontece-no-seu-corpo-quando-voce-come-chia\/","url":"https:\/\/www.em.com.br\/emfoco\/2026\/01\/17\/isso-e-o-que-acontece-no-seu-corpo-quando-voce-come-chia\/","name":"Isso \u00e9 o que acontece no seu corpo quando voc\u00ea come CHIA - Estado de Minas - Em foco","isPartOf":{"@id":"https:\/\/www.em.com.br\/emfoco\/#website"},"primaryImageOfPage":{"@id":"https:\/\/www.em.com.br\/emfoco\/2026\/01\/17\/isso-e-o-que-acontece-no-seu-corpo-quando-voce-come-chia\/#primaryimage"},"image":{"@id":"https:\/\/www.em.com.br\/emfoco\/2026\/01\/17\/isso-e-o-que-acontece-no-seu-corpo-quando-voce-come-chia\/#primaryimage"},"thumbnailUrl":"https:\/\/www.em.com.br\/emfoco\/wp-content\/uploads\/2026\/01\/chia_1768485634558.jpg","datePublished":"2026-01-17T20:25:00+00:00","dateModified":"2026-01-15T18:53:58+00:00","author":{"@id":"https:\/\/www.em.com.br\/emfoco\/#\/schema\/person\/649e610b4eb8fff87ff394e54fe17b2b"},"description":"Pequenas, populares e cheias de fama, as sementes de chia escondem efeitos que muita gente s\u00f3 percebe depois de usar por um tempo.","breadcrumb":{"@id":"https:\/\/www.em.com.br\/emfoco\/2026\/01\/17\/isso-e-o-que-acontece-no-seu-corpo-quando-voce-come-chia\/#breadcrumb"},"inLanguage":"pt-BR","potentialAction":[{"@type":"ReadAction","target":["https:\/\/www.em.com.br\/emfoco\/2026\/01\/17\/isso-e-o-que-acontece-no-seu-corpo-quando-voce-come-chia\/"]}]},{"@type":"ImageObject","inLanguage":"pt-BR","@id":"https:\/\/www.em.com.br\/emfoco\/2026\/01\/17\/isso-e-o-que-acontece-no-seu-corpo-quando-voce-come-chia\/#primaryimage","url":"https:\/\/www.em.com.br\/emfoco\/wp-content\/uploads\/2026\/01\/chia_1768485634558.jpg","contentUrl":"https:\/\/www.em.com.br\/emfoco\/wp-content\/uploads\/2026\/01\/chia_1768485634558.jpg","width":1280,"height":720,"caption":"Por que a chia virou h\u00e1bito em dietas equilibradas - Cr\u00e9ditos: depositphotos.com \/ LieselF"},{"@type":"BreadcrumbList","@id":"https:\/\/www.em.com.br\/emfoco\/2026\/01\/17\/isso-e-o-que-acontece-no-seu-corpo-quando-voce-come-chia\/#breadcrumb","itemListElement":[{"@type":"ListItem","position":1,"name":"In\u00edcio","item":"https:\/\/www.em.com.br\/emfoco\/"},{"@type":"ListItem","position":2,"name":"Isso \u00e9 o que acontece no seu corpo quando voc\u00ea come CHIA"}]},{"@type":"WebSite","@id":"https:\/\/www.em.com.br\/emfoco\/#website","url":"https:\/\/www.em.com.br\/emfoco\/","name":"Estado de Minas - Em foco","description":"Acompanhe as \u00faltimas not\u00edcias e fique bem informado sobre tudo o que acontece em Minas Gerais, Brasil e no mundo.","potentialAction":[{"@type":"SearchAction","target":{"@type":"EntryPoint","urlTemplate":"https:\/\/www.em.com.br\/emfoco\/?s={search_term_string}"},"query-input":{"@type":"PropertyValueSpecification","valueRequired":true,"valueName":"search_term_string"}}],"inLanguage":"pt-BR"},{"@type":"Person","@id":"https:\/\/www.em.com.br\/emfoco\/#\/schema\/person\/649e610b4eb8fff87ff394e54fe17b2b","name":"Ingrid Diniz","image":{"@type":"ImageObject","inLanguage":"pt-BR","@id":"https:\/\/www.em.com.br\/emfoco\/#\/schema\/person\/image\/","url":"https:\/\/secure.gravatar.com\/avatar\/a3baa1449ec5c39b4c42babc9d4f3951?s=96&d=mm&r=g","contentUrl":"https:\/\/secure.gravatar.com\/avatar\/a3baa1449ec5c39b4c42babc9d4f3951?s=96&d=mm&r=g","caption":"Ingrid Diniz"},"sameAs":["https:\/\/www.em.com.br\/"],"url":"https:\/\/www.em.com.br\/emfoco\/author\/ingridmyth\/"}]}},"_links":{"self":[{"href":"https:\/\/www.em.com.br\/emfoco\/wp-json\/wp\/v2\/posts\/155706","targetHints":{"allow":["GET"]}}],"collection":[{"href":"https:\/\/www.em.com.br\/emfoco\/wp-json\/wp\/v2\/posts"}],"about":[{"href":"https:\/\/www.em.com.br\/emfoco\/wp-json\/wp\/v2\/types\/post"}],"author":[{"embeddable":true,"href":"https:\/\/www.em.com.br\/emfoco\/wp-json\/wp\/v2\/users\/20"}],"replies":[{"embeddable":true,"href":"https:\/\/www.em.com.br\/emfoco\/wp-json\/wp\/v2\/comments?post=155706"}],"version-history":[{"count":1,"href":"https:\/\/www.em.com.br\/emfoco\/wp-json\/wp\/v2\/posts\/155706\/revisions"}],"predecessor-version":[{"id":155732,"href":"https:\/\/www.em.com.br\/emfoco\/wp-json\/wp\/v2\/posts\/155706\/revisions\/155732"}],"wp:featuredmedia":[{"embeddable":true,"href":"https:\/\/www.em.com.br\/emfoco\/wp-json\/wp\/v2\/media\/155520"}],"wp:attachment":[{"href":"https:\/\/www.em.com.br\/emfoco\/wp-json\/wp\/v2\/media?parent=155706"}],"wp:term":[{"taxonomy":"category","embeddable":true,"href":"https:\/\/www.em.com.br\/emfoco\/wp-json\/wp\/v2\/categories?post=155706"},{"taxonomy":"post_tag","embeddable":true,"href":"https:\/\/www.em.com.br\/emfoco\/wp-json\/wp\/v2\/tags?post=155706"}],"curies":[{"name":"wp","href":"https:\/\/api.w.org\/{rel}","templated":true}]}}