{"id":155689,"date":"2026-01-17T20:15:00","date_gmt":"2026-01-17T23:15:00","guid":{"rendered":"https:\/\/www.em.com.br\/emfoco\/?p=155689"},"modified":"2026-01-16T19:41:09","modified_gmt":"2026-01-16T22:41:09","slug":"se-a-sua-sala-de-estar-parece-pequena-e-sem-graca-voce-deve-colocar-em-pratica-este-truque-de-decoracao-que-lhe-permitira-ganhar-estilo","status":"publish","type":"post","link":"https:\/\/www.em.com.br\/emfoco\/2026\/01\/17\/se-a-sua-sala-de-estar-parece-pequena-e-sem-graca-voce-deve-colocar-em-pratica-este-truque-de-decoracao-que-lhe-permitira-ganhar-estilo\/","title":{"rendered":"Se a sua sala de estar parece pequena e sem gra\u00e7a, voc\u00ea deve colocar em pr\u00e1tica este truque de decora\u00e7\u00e3o, que lhe permitir\u00e1 ganhar estilo"},"content":{"rendered":"\n<p>Em muitos apartamentos atuais, a sala pequena \u00e9 uma realidade comum, mas especialistas em&nbsp;<strong>decora\u00e7\u00e3o de interiores<\/strong>&nbsp;garantem que alguns ajustes simples j\u00e1 conseguem transformar completamente a percep\u00e7\u00e3o do ambiente, fazendo o espa\u00e7o parecer mais amplo, funcional e sofisticado, sem reforma ou grandes gastos.<\/p>\n\n\n\n<h2 class=\"wp-block-heading\">Como a cortina pode ampliar visualmente a sala<\/h2>\n\n\n\n<p>A chamada \u201cpalavra-chave\u201d deste tema \u00e9\u00a0<strong>decora\u00e7\u00e3o de interiores<\/strong>, pois \u00e9 esse campo que oferece t\u00e9cnicas para aumentar visualmente uma sala pequena sem mexer na estrutura do im\u00f3vel. Um dos truques mais usados por decoradores \u00e9 instalar a barra da cortina o mais pr\u00f3xima poss\u00edvel do teto, e n\u00e3o apenas acima do batente da janela.<\/p>\n\n\n\n<p>Quando a cortina vai do alto at\u00e9 pr\u00f3ximo ao piso, cria-se um eixo vertical cont\u00ednuo que alonga as paredes e faz a janela parecer maior. Em salas compactas, esse detalhe reduz a impress\u00e3o de \u201ccaixa baixa\u201d e traz leveza visual, enquanto cortinas presas logo acima da janela refor\u00e7am a sensa\u00e7\u00e3o de ambiente achatado e menor.<\/p>\n\n\n\n<figure class=\"wp-block-image\"><img decoding=\"async\" src=\"https:\/\/www.em.com.br\/emfoco\/wp-content\/uploads\/2025\/12\/Gemini_Generated_Image_gm0uymgm0uymgm0u-1-1024x576.png\" alt=\"\"\/><figcaption class=\"wp-element-caption\">Ampliar a sala de estar sem reforma<\/figcaption><\/figure>\n\n\n\n<h2 class=\"wp-block-heading\">Como escolher o tecido ideal para cortinas na decora\u00e7\u00e3o de interiores<\/h2>\n\n\n\n<p>Em projetos de<a href=\"https:\/\/br.pinterest.com\/projetoscriativosblog\/sala-pequena\/\" target=\"_blank\" rel=\"noreferrer noopener\">\u00a0<em>decora\u00e7\u00e3o de salas pequenas<\/em><\/a>, a escolha do tecido \u00e9 decisiva para o resultado final. Cortinas de tons claros, com textura leve e boa entrada de luz, mant\u00eam o ambiente iluminado e evitam que a janela pare\u00e7a um bloco pesado na parede.<\/p>\n\n\n\n<p>J\u00e1 tecidos muito espessos ou escuros tendem a pesar visualmente, especialmente em espa\u00e7os reduzidos. Em alguns casos, a combina\u00e7\u00e3o de um tecido leve (como voil) com um blackout discreto garante privacidade, controle de luz e um visual mais sofisticado sem sobrecarregar o ambiente.<\/p>\n\n\n\n<h2 class=\"wp-block-heading\">Como posicionar cortinas na sala de forma elegante e funcional<\/h2>\n\n\n\n<p>Decoradores costumam seguir algumas diretrizes simples ao definir a cortina ideal para a sala. O foco \u00e9 equilibrar privacidade, entrada de luz e sensa\u00e7\u00e3o de amplitude, com solu\u00e7\u00f5es f\u00e1ceis de aplicar no dia a dia.<\/p>\n\n\n\n<p>Essas orienta\u00e7\u00f5es ajudam a aproveitar melhor o v\u00e3o de luz, valorizar o p\u00e9-direito e integrar a cortina \u00e0&nbsp;<strong>decora\u00e7\u00e3o da sala<\/strong>&nbsp;de maneira discreta e harm\u00f4nica:<\/p>\n\n\n\n<ul class=\"wp-block-list\">\n<li><strong>Altura da barra:<\/strong>\u00a0instalar o suporte o mais pr\u00f3ximo poss\u00edvel do teto ou da sanca, criando o efeito de parede mais alta.<\/li>\n\n\n\n<li><strong>Largura da cortina:<\/strong>\u00a0deixar a cortina ultrapassar alguns cent\u00edmetros a lateral da janela, para que, quando aberta, n\u00e3o bloqueie o v\u00e3o de luz.<\/li>\n\n\n\n<li><strong>Comprimento do tecido:<\/strong>\u00a0optar por cortinas que cheguem at\u00e9 o piso ou que fiquem a poucos mil\u00edmetros dele, evitando modelos curtos na sala.<\/li>\n\n\n\n<li><strong>Cores e estampas:<\/strong>\u00a0priorizar tons neutros ou claros, com estampas discretas, para n\u00e3o dividir demais o campo visual.<\/li>\n\n\n\n<li><strong>Tipo de var\u00e3o ou trilho:<\/strong>\u00a0escolher estruturas discretas, que complementem a\u00a0<strong>decora\u00e7\u00e3o da sala<\/strong>\u00a0sem roubar toda a aten\u00e7\u00e3o.<\/li>\n<\/ul>\n\n\n\n<figure class=\"wp-block-image size-large\"><img loading=\"lazy\" decoding=\"async\" width=\"1024\" height=\"576\" src=\"https:\/\/www.em.com.br\/emfoco\/wp-content\/uploads\/2026\/01\/Gemini_Generated_Image_4k9hql4k9hql4k9h-1-1024x576.png\" alt=\"O erro comum na cortina que deixa a sala menor\" class=\"wp-image-155717\" srcset=\"https:\/\/www.em.com.br\/emfoco\/wp-content\/uploads\/2026\/01\/Gemini_Generated_Image_4k9hql4k9hql4k9h-1-1024x576.png 1024w, https:\/\/www.em.com.br\/emfoco\/wp-content\/uploads\/2026\/01\/Gemini_Generated_Image_4k9hql4k9hql4k9h-1-300x169.png 300w, https:\/\/www.em.com.br\/emfoco\/wp-content\/uploads\/2026\/01\/Gemini_Generated_Image_4k9hql4k9hql4k9h-1-768x432.png 768w, https:\/\/www.em.com.br\/emfoco\/wp-content\/uploads\/2026\/01\/Gemini_Generated_Image_4k9hql4k9hql4k9h-1-750x422.png 750w, https:\/\/www.em.com.br\/emfoco\/wp-content\/uploads\/2026\/01\/Gemini_Generated_Image_4k9hql4k9hql4k9h-1-1140x641.png 1140w, https:\/\/www.em.com.br\/emfoco\/wp-content\/uploads\/2026\/01\/Gemini_Generated_Image_4k9hql4k9hql4k9h-1.png 1280w\" sizes=\"auto, (max-width: 1024px) 100vw, 1024px\" \/><figcaption class=\"wp-element-caption\">O erro comum na cortina que deixa a sala menor<\/figcaption><\/figure>\n\n\n\n<h2 class=\"wp-block-heading\">Como ilumina\u00e7\u00e3o e m\u00f3veis influenciam a sensa\u00e7\u00e3o de espa\u00e7o<\/h2>\n\n\n\n<p>Al\u00e9m das <a href=\"https:\/\/www.em.com.br\/emfoco\/2026\/01\/06\/adeus-cortinas-pesadas-nova-tendencia-para-2026-oferece-leveza-e-elegancia\/\" target=\"_blank\" rel=\"noreferrer noopener\">cortinas<\/a>, a forma como a luz \u00e9 trabalhada na sala impacta diretamente a percep\u00e7\u00e3o de tamanho. Salas de estar costumam se beneficiar de l\u00e2mpadas neutras ou levemente amareladas, que deixam as cores mais naturais e valorizam texturas de tecidos, tapetes e revestimentos.<\/p>\n\n\n\n<p>Outra recomenda\u00e7\u00e3o frequente na&nbsp;<strong>decora\u00e7\u00e3o de salas pequenas<\/strong>&nbsp;\u00e9 evitar depender apenas de um ponto de luz central. A combina\u00e7\u00e3o de ilumina\u00e7\u00e3o de teto com lumin\u00e1rias de piso, de mesa ou arandelas cria camadas de luz, reduz sombras fortes e amplia a sensa\u00e7\u00e3o de profundidade.<\/p>\n\n\n\n<h2 class=\"wp-block-heading\">Como finalizar a decora\u00e7\u00e3o da sala pequena com impacto imediato<\/h2>\n\n\n\n<p>Em rela\u00e7\u00e3o ao mobili\u00e1rio, nem sempre encostar tudo na parede gera mais espa\u00e7o. Manter \u00e1reas de circula\u00e7\u00e3o livres, escolher pe\u00e7as proporcionais \u00e0 metragem e usar mesas de centro leves ou com tampo de vidro ajuda a n\u00e3o bloquear o campo visual. Espelhos bem posicionados, tapetes que acompanham o tamanho do sof\u00e1 e paredes claras completam a estrat\u00e9gia para uma sala mais ampla e acolhedora.<\/p>\n\n\n\n<p>Agora \u00e9 o momento de agir: observe sua sala hoje, ajuste a altura das cortinas, reorganize a luz e reposicione ao menos um m\u00f3vel para testar o efeito imediatamente. N\u00e3o adie essa transforma\u00e7\u00e3o; pequenas mudan\u00e7as feitas ainda esta semana podem mudar a forma como voc\u00ea vive e sente seu espa\u00e7o todos os dias.<\/p>\n","protected":false},"excerpt":{"rendered":"<p>Em muitos apartamentos atuais, a sala pequena \u00e9 uma realidade comum, mas especialistas em&nbsp;decora\u00e7\u00e3o de interiores&nbsp;garantem que alguns ajustes simples j\u00e1 conseguem transformar completamente a percep\u00e7\u00e3o do ambiente, fazendo o espa\u00e7o parecer mais amplo, funcional e sofisticado, sem reforma ou grandes gastos. Como a cortina pode ampliar visualmente a sala A chamada \u201cpalavra-chave\u201d deste tema [&hellip;]<\/p>\n","protected":false},"author":11,"featured_media":155718,"comment_status":"open","ping_status":"open","sticky":false,"template":"","format":"standard","meta":{"jnews-multi-image_gallery":[],"jnews_single_post":{"format":"standard"},"jnews_primary_category":[],"jnews_social_meta":[],"jnews_override_counter":[],"footnotes":""},"categories":[8819,1],"tags":[13131,4687,22653,6489],"class_list":["post-155689","post","type-post","status-publish","format-standard","has-post-thumbnail","hentry","category-curiosidades","category-noticias","tag-cortina","tag-decoracao","tag-decoracao-de-interiores","tag-sala"],"yoast_head":"<!-- This site is optimized with the Yoast SEO plugin v23.8 - https:\/\/yoast.com\/wordpress\/plugins\/seo\/ -->\n<title>Se a sua sala de estar parece pequena e sem gra\u00e7a, voc\u00ea deve colocar em pr\u00e1tica este truque de decora\u00e7\u00e3o, que lhe permitir\u00e1 ganhar estilo - Estado de Minas - Em foco<\/title>\n<meta name=\"description\" content=\"Na decora\u00e7\u00e3o de interiores, a cortina certa faz a sala pequena parecer maior. Veja como ajustar altura tecido e ilumina\u00e7\u00e3o sem gastar muito.\" \/>\n<meta name=\"robots\" content=\"index, follow, max-snippet:-1, max-image-preview:large, max-video-preview:-1\" \/>\n<link rel=\"canonical\" href=\"https:\/\/www.em.com.br\/emfoco\/2026\/01\/17\/se-a-sua-sala-de-estar-parece-pequena-e-sem-graca-voce-deve-colocar-em-pratica-este-truque-de-decoracao-que-lhe-permitira-ganhar-estilo\/\" \/>\n<meta property=\"og:locale\" content=\"pt_BR\" \/>\n<meta property=\"og:type\" content=\"article\" \/>\n<meta property=\"og:title\" content=\"Se a sua sala de estar parece pequena e sem gra\u00e7a, voc\u00ea deve colocar em pr\u00e1tica este truque de decora\u00e7\u00e3o, que lhe permitir\u00e1 ganhar estilo - Estado de Minas - Em foco\" \/>\n<meta property=\"og:description\" content=\"Na decora\u00e7\u00e3o de interiores, a cortina certa faz a sala pequena parecer maior. Veja como ajustar altura tecido e ilumina\u00e7\u00e3o sem gastar muito.\" \/>\n<meta property=\"og:url\" content=\"https:\/\/www.em.com.br\/emfoco\/2026\/01\/17\/se-a-sua-sala-de-estar-parece-pequena-e-sem-graca-voce-deve-colocar-em-pratica-este-truque-de-decoracao-que-lhe-permitira-ganhar-estilo\/\" \/>\n<meta property=\"og:site_name\" content=\"Estado de Minas - Em foco\" \/>\n<meta property=\"article:published_time\" content=\"2026-01-17T23:15:00+00:00\" \/>\n<meta property=\"article:modified_time\" content=\"2026-01-16T22:41:09+00:00\" \/>\n<meta property=\"og:image\" content=\"https:\/\/www.em.com.br\/emfoco\/wp-content\/uploads\/2026\/01\/Gemini_Generated_Image_hjnqm7hjnqm7hjnq-1.png\" \/>\n\t<meta property=\"og:image:width\" content=\"1280\" \/>\n\t<meta property=\"og:image:height\" content=\"720\" \/>\n\t<meta property=\"og:image:type\" content=\"image\/png\" \/>\n<meta name=\"author\" content=\"Andre\u0301 Rangel\u00a0\" \/>\n<meta name=\"twitter:card\" content=\"summary_large_image\" \/>\n<meta name=\"twitter:label1\" content=\"Escrito por\" \/>\n\t<meta name=\"twitter:data1\" content=\"Andre\u0301 Rangel\u00a0\" \/>\n\t<meta name=\"twitter:label2\" content=\"Est. tempo de leitura\" \/>\n\t<meta name=\"twitter:data2\" content=\"5 minutos\" \/>\n<!-- \/ Yoast SEO plugin. -->","yoast_head_json":{"title":"Se a sua sala de estar parece pequena e sem gra\u00e7a, voc\u00ea deve colocar em pr\u00e1tica este truque de decora\u00e7\u00e3o, que lhe permitir\u00e1 ganhar estilo - Estado de Minas - Em foco","description":"Na decora\u00e7\u00e3o de interiores, a cortina certa faz a sala pequena parecer maior. Veja como ajustar altura tecido e ilumina\u00e7\u00e3o sem gastar muito.","robots":{"index":"index","follow":"follow","max-snippet":"max-snippet:-1","max-image-preview":"max-image-preview:large","max-video-preview":"max-video-preview:-1"},"canonical":"https:\/\/www.em.com.br\/emfoco\/2026\/01\/17\/se-a-sua-sala-de-estar-parece-pequena-e-sem-graca-voce-deve-colocar-em-pratica-este-truque-de-decoracao-que-lhe-permitira-ganhar-estilo\/","og_locale":"pt_BR","og_type":"article","og_title":"Se a sua sala de estar parece pequena e sem gra\u00e7a, voc\u00ea deve colocar em pr\u00e1tica este truque de decora\u00e7\u00e3o, que lhe permitir\u00e1 ganhar estilo - Estado de Minas - Em foco","og_description":"Na decora\u00e7\u00e3o de interiores, a cortina certa faz a sala pequena parecer maior. Veja como ajustar altura tecido e ilumina\u00e7\u00e3o sem gastar muito.","og_url":"https:\/\/www.em.com.br\/emfoco\/2026\/01\/17\/se-a-sua-sala-de-estar-parece-pequena-e-sem-graca-voce-deve-colocar-em-pratica-este-truque-de-decoracao-que-lhe-permitira-ganhar-estilo\/","og_site_name":"Estado de Minas - Em foco","article_published_time":"2026-01-17T23:15:00+00:00","article_modified_time":"2026-01-16T22:41:09+00:00","og_image":[{"width":1280,"height":720,"url":"https:\/\/www.em.com.br\/emfoco\/wp-content\/uploads\/2026\/01\/Gemini_Generated_Image_hjnqm7hjnqm7hjnq-1.png","type":"image\/png"}],"author":"Andre\u0301 Rangel\u00a0","twitter_card":"summary_large_image","twitter_misc":{"Escrito por":"Andre\u0301 Rangel\u00a0","Est. tempo de leitura":"5 minutos"},"schema":{"@context":"https:\/\/schema.org","@graph":[{"@type":"WebPage","@id":"https:\/\/www.em.com.br\/emfoco\/2026\/01\/17\/se-a-sua-sala-de-estar-parece-pequena-e-sem-graca-voce-deve-colocar-em-pratica-este-truque-de-decoracao-que-lhe-permitira-ganhar-estilo\/","url":"https:\/\/www.em.com.br\/emfoco\/2026\/01\/17\/se-a-sua-sala-de-estar-parece-pequena-e-sem-graca-voce-deve-colocar-em-pratica-este-truque-de-decoracao-que-lhe-permitira-ganhar-estilo\/","name":"Se a sua sala de estar parece pequena e sem gra\u00e7a, voc\u00ea deve colocar em pr\u00e1tica este truque de decora\u00e7\u00e3o, que lhe permitir\u00e1 ganhar estilo - Estado de Minas - Em foco","isPartOf":{"@id":"https:\/\/www.em.com.br\/emfoco\/#website"},"primaryImageOfPage":{"@id":"https:\/\/www.em.com.br\/emfoco\/2026\/01\/17\/se-a-sua-sala-de-estar-parece-pequena-e-sem-graca-voce-deve-colocar-em-pratica-este-truque-de-decoracao-que-lhe-permitira-ganhar-estilo\/#primaryimage"},"image":{"@id":"https:\/\/www.em.com.br\/emfoco\/2026\/01\/17\/se-a-sua-sala-de-estar-parece-pequena-e-sem-graca-voce-deve-colocar-em-pratica-este-truque-de-decoracao-que-lhe-permitira-ganhar-estilo\/#primaryimage"},"thumbnailUrl":"https:\/\/www.em.com.br\/emfoco\/wp-content\/uploads\/2026\/01\/Gemini_Generated_Image_hjnqm7hjnqm7hjnq-1.png","datePublished":"2026-01-17T23:15:00+00:00","dateModified":"2026-01-16T22:41:09+00:00","author":{"@id":"https:\/\/www.em.com.br\/emfoco\/#\/schema\/person\/60eda09c1fedf0d6891f4cef4b60b8b8"},"description":"Na decora\u00e7\u00e3o de interiores, a cortina certa faz a sala pequena parecer maior. Veja como ajustar altura tecido e ilumina\u00e7\u00e3o sem gastar muito.","breadcrumb":{"@id":"https:\/\/www.em.com.br\/emfoco\/2026\/01\/17\/se-a-sua-sala-de-estar-parece-pequena-e-sem-graca-voce-deve-colocar-em-pratica-este-truque-de-decoracao-que-lhe-permitira-ganhar-estilo\/#breadcrumb"},"inLanguage":"pt-BR","potentialAction":[{"@type":"ReadAction","target":["https:\/\/www.em.com.br\/emfoco\/2026\/01\/17\/se-a-sua-sala-de-estar-parece-pequena-e-sem-graca-voce-deve-colocar-em-pratica-este-truque-de-decoracao-que-lhe-permitira-ganhar-estilo\/"]}]},{"@type":"ImageObject","inLanguage":"pt-BR","@id":"https:\/\/www.em.com.br\/emfoco\/2026\/01\/17\/se-a-sua-sala-de-estar-parece-pequena-e-sem-graca-voce-deve-colocar-em-pratica-este-truque-de-decoracao-que-lhe-permitira-ganhar-estilo\/#primaryimage","url":"https:\/\/www.em.com.br\/emfoco\/wp-content\/uploads\/2026\/01\/Gemini_Generated_Image_hjnqm7hjnqm7hjnq-1.png","contentUrl":"https:\/\/www.em.com.br\/emfoco\/wp-content\/uploads\/2026\/01\/Gemini_Generated_Image_hjnqm7hjnqm7hjnq-1.png","width":1280,"height":720,"caption":"O erro comum na cortina que deixa a sala menor"},{"@type":"BreadcrumbList","@id":"https:\/\/www.em.com.br\/emfoco\/2026\/01\/17\/se-a-sua-sala-de-estar-parece-pequena-e-sem-graca-voce-deve-colocar-em-pratica-este-truque-de-decoracao-que-lhe-permitira-ganhar-estilo\/#breadcrumb","itemListElement":[{"@type":"ListItem","position":1,"name":"In\u00edcio","item":"https:\/\/www.em.com.br\/emfoco\/"},{"@type":"ListItem","position":2,"name":"Se a sua sala de estar parece pequena e sem gra\u00e7a, voc\u00ea deve colocar em pr\u00e1tica este truque de decora\u00e7\u00e3o, que lhe permitir\u00e1 ganhar estilo"}]},{"@type":"WebSite","@id":"https:\/\/www.em.com.br\/emfoco\/#website","url":"https:\/\/www.em.com.br\/emfoco\/","name":"Estado de Minas - Em foco","description":"Acompanhe as \u00faltimas not\u00edcias e fique bem informado sobre tudo o que acontece em Minas Gerais, Brasil e no mundo.","potentialAction":[{"@type":"SearchAction","target":{"@type":"EntryPoint","urlTemplate":"https:\/\/www.em.com.br\/emfoco\/?s={search_term_string}"},"query-input":{"@type":"PropertyValueSpecification","valueRequired":true,"valueName":"search_term_string"}}],"inLanguage":"pt-BR"},{"@type":"Person","@id":"https:\/\/www.em.com.br\/emfoco\/#\/schema\/person\/60eda09c1fedf0d6891f4cef4b60b8b8","name":"Andre\u0301 Rangel\u00a0","image":{"@type":"ImageObject","inLanguage":"pt-BR","@id":"https:\/\/www.em.com.br\/emfoco\/#\/schema\/person\/image\/","url":"https:\/\/secure.gravatar.com\/avatar\/6234dc814c77c8ef6d8bba622c787efc?s=96&d=mm&r=g","contentUrl":"https:\/\/secure.gravatar.com\/avatar\/6234dc814c77c8ef6d8bba622c787efc?s=96&d=mm&r=g","caption":"Andre\u0301 Rangel\u00a0"},"url":"https:\/\/www.em.com.br\/emfoco\/author\/luizmyth\/"}]}},"_links":{"self":[{"href":"https:\/\/www.em.com.br\/emfoco\/wp-json\/wp\/v2\/posts\/155689","targetHints":{"allow":["GET"]}}],"collection":[{"href":"https:\/\/www.em.com.br\/emfoco\/wp-json\/wp\/v2\/posts"}],"about":[{"href":"https:\/\/www.em.com.br\/emfoco\/wp-json\/wp\/v2\/types\/post"}],"author":[{"embeddable":true,"href":"https:\/\/www.em.com.br\/emfoco\/wp-json\/wp\/v2\/users\/11"}],"replies":[{"embeddable":true,"href":"https:\/\/www.em.com.br\/emfoco\/wp-json\/wp\/v2\/comments?post=155689"}],"version-history":[{"count":3,"href":"https:\/\/www.em.com.br\/emfoco\/wp-json\/wp\/v2\/posts\/155689\/revisions"}],"predecessor-version":[{"id":155754,"href":"https:\/\/www.em.com.br\/emfoco\/wp-json\/wp\/v2\/posts\/155689\/revisions\/155754"}],"wp:featuredmedia":[{"embeddable":true,"href":"https:\/\/www.em.com.br\/emfoco\/wp-json\/wp\/v2\/media\/155718"}],"wp:attachment":[{"href":"https:\/\/www.em.com.br\/emfoco\/wp-json\/wp\/v2\/media?parent=155689"}],"wp:term":[{"taxonomy":"category","embeddable":true,"href":"https:\/\/www.em.com.br\/emfoco\/wp-json\/wp\/v2\/categories?post=155689"},{"taxonomy":"post_tag","embeddable":true,"href":"https:\/\/www.em.com.br\/emfoco\/wp-json\/wp\/v2\/tags?post=155689"}],"curies":[{"name":"wp","href":"https:\/\/api.w.org\/{rel}","templated":true}]}}