{"id":155655,"date":"2026-01-16T18:05:00","date_gmt":"2026-01-16T21:05:00","guid":{"rendered":"https:\/\/www.em.com.br\/emfoco\/?p=155655"},"modified":"2026-01-15T17:55:58","modified_gmt":"2026-01-15T20:55:58","slug":"esse-paraiso-no-ceara-tem-paredoes-de-areia-colorida-e-uma-lua-desenhada-na-pedra-que-encanta-todo-mundo","status":"publish","type":"post","link":"https:\/\/www.em.com.br\/emfoco\/2026\/01\/16\/esse-paraiso-no-ceara-tem-paredoes-de-areia-colorida-e-uma-lua-desenhada-na-pedra-que-encanta-todo-mundo\/","title":{"rendered":"Esse para\u00edso no Cear\u00e1 tem pared\u00f5es de areia colorida e uma lua desenhada na pedra que encanta todo mundo"},"content":{"rendered":"\n<p><strong>Canoa Quebrada<\/strong>, a m\u00edstica vila de pescadores do litoral leste do <strong>Cear\u00e1<\/strong>, atrai viajantes pela energia vibrante da rua <strong>Broadway<\/strong>. Este para\u00edso situado no munic\u00edpio de <strong>Aracati<\/strong> fica a 163 km de <strong>Fortaleza<\/strong> e preserva um cen\u00e1rio de dunas gigantescas moldadas pelo vento.<\/p>\n\n\n\n<h2 class=\"wp-block-heading\">Qual hist\u00f3ria envolve o s\u00edmbolo esculpido na areia?<\/h2>\n\n\n\n<p>A <strong>Lua com a Estrela<\/strong> foi esculpida em 1977 pelo artista <strong>Raimundo Carlos Limaverde<\/strong>, conhecido como <strong>Kako<\/strong>, nas fal\u00e9sias da regi\u00e3o. A inspira\u00e7\u00e3o surgiu do trabalho artesanal de <strong>Chico Elizi\u00e1rio<\/strong>, que j\u00e1 entalhava o s\u00edmbolo em cascos de tartaruga muito antes da vila se tornar famosa.<\/p>\n\n\n\n<p>Este marco visual cravado nas areias avermelhadas tornou-se a identidade oficial do destino, representando o misticismo que encantou cineastas e viajantes europeus. O registro hist\u00f3rico de <strong>Canoa Quebrada<\/strong> aponta que a simplicidade do povoado e as fal\u00e9sias de 30 metros foram essenciais para consolidar este reduto de liberdade.<\/p>\n\n\n<div class=\"wp-block-image\">\n<figure class=\"aligncenter size-large\"><img loading=\"lazy\" decoding=\"async\" width=\"1024\" height=\"576\" src=\"https:\/\/www.em.com.br\/emfoco\/wp-content\/uploads\/2025\/12\/Canoa-Quebrada_1761437437480-1024x576.jpg\" alt=\"\" class=\"wp-image-141593\" srcset=\"https:\/\/www.em.com.br\/emfoco\/wp-content\/uploads\/2025\/12\/Canoa-Quebrada_1761437437480-1024x576.jpg 1024w, https:\/\/www.em.com.br\/emfoco\/wp-content\/uploads\/2025\/12\/Canoa-Quebrada_1761437437480-300x169.jpg 300w, https:\/\/www.em.com.br\/emfoco\/wp-content\/uploads\/2025\/12\/Canoa-Quebrada_1761437437480-768x432.jpg 768w, https:\/\/www.em.com.br\/emfoco\/wp-content\/uploads\/2025\/12\/Canoa-Quebrada_1761437437480-750x422.jpg 750w, https:\/\/www.em.com.br\/emfoco\/wp-content\/uploads\/2025\/12\/Canoa-Quebrada_1761437437480-1140x641.jpg 1140w, https:\/\/www.em.com.br\/emfoco\/wp-content\/uploads\/2025\/12\/Canoa-Quebrada_1761437437480.jpg 1280w\" sizes=\"auto, (max-width: 1024px) 100vw, 1024px\" \/><figcaption class=\"wp-element-caption\">Canoa Quebrada combina paisagens \u00fanicas, p\u00f4r do sol inesquec\u00edvel e clima acolhedor \/\/ Cr\u00e9ditos: depositphotos.com \/ phaelnogueira<\/figcaption><\/figure><\/div>\n\n\n<h2 class=\"wp-block-heading\">Quais experi\u00eancias s\u00e3o obrigat\u00f3rias em Canoa Quebrada?<\/h2>\n\n\n\n<p>O passeio de buggy pelas dunas e o voo de parapente sobre o mar azul s\u00e3o as marcas registradas do litoral de <strong>Aracati<\/strong>. As atividades permitem a contempla\u00e7\u00e3o de um ecossistema preservado, onde as \u00e1guas mornas do <strong>Oceano Atl\u00e2ntico<\/strong> encontram as forma\u00e7\u00f5es geol\u00f3gicas coloridas da costa cearense.<\/p>\n\n\n\n<p>A vila oferece uma infraestrutura que atende desde o aventureiro solit\u00e1rio at\u00e9 fam\u00edlias que buscam o conforto das barracas de praia sofisticadas.<\/p>\n\n\n\n<ul class=\"wp-block-list has-medium-font-size\">\n<li><strong>Voo de Parapente<\/strong>: A decolagem ocorre do alto das fal\u00e9sias, proporcionando uma vis\u00e3o panor\u00e2mica inesquec\u00edvel de toda a orla.<\/li>\n\n\n\n<li><strong>Passeio de Buggy<\/strong>: O trajeto percorre as dunas m\u00f3veis e visita a <strong>Lagoa do Mato<\/strong>, finalizando na cl\u00e1ssica <strong>Duna do P\u00f4r do Sol<\/strong>.<\/li>\n\n\n\n<li><strong>Rua Broadway<\/strong>: O cal\u00e7ad\u00e3o central pulsa durante a noite com m\u00fasica ao vivo, gastronomia diversificada e lojas de artesanato.<\/li>\n\n\n\n<li><strong>Praia do Estev\u00e3o<\/strong>: Um ref\u00fagio tranquilo para caminhadas ao amanhecer, onde \u00e9 poss\u00edvel observar o movimento das jangadas tradicionais.<\/li>\n\n\n\n<li><strong>Esportes \u00e0 vela<\/strong>: Os ventos constantes fazem da regi\u00e3o um dos melhores pontos do <strong>Brasil<\/strong> para a pr\u00e1tica de kitesurf.<\/li>\n<\/ul>\n\n\n\n<h2 class=\"wp-block-heading\">Quais sabores representam o litoral cearense?<\/h2>\n\n\n\n<p>A gastronomia local celebra a frescura do mar com destaque para a lagosta grelhada e a peixada cearense servida com pir\u00e3o. Os estabelecimentos da <strong>Broadway<\/strong> misturam temperos internacionais trazidos por imigrantes com os ingredientes t\u00edpicos do sert\u00e3o que encontra o oceano.<\/p>\n\n\n\n<p>A comunidade de <strong>Canoa Quebrada<\/strong>, composta por aproximadamente quatro mil habitantes, mant\u00e9m vivas receitas como o arroz de marisco fresco. A experi\u00eancia se completa com as famosas tapiocas recheadas e o suco de caju, fruto abundante nas terras do <strong>Cear\u00e1<\/strong> durante todo o ano.<\/p>\n\n\n<div class=\"wp-block-image\">\n<figure class=\"aligncenter size-large\"><img loading=\"lazy\" decoding=\"async\" width=\"1024\" height=\"576\" src=\"https:\/\/www.em.com.br\/emfoco\/wp-content\/uploads\/2025\/12\/Canoa-Quebrada_1761437457348-1024x576.jpg\" alt=\"\" class=\"wp-image-141594\" srcset=\"https:\/\/www.em.com.br\/emfoco\/wp-content\/uploads\/2025\/12\/Canoa-Quebrada_1761437457348-1024x576.jpg 1024w, https:\/\/www.em.com.br\/emfoco\/wp-content\/uploads\/2025\/12\/Canoa-Quebrada_1761437457348-300x169.jpg 300w, https:\/\/www.em.com.br\/emfoco\/wp-content\/uploads\/2025\/12\/Canoa-Quebrada_1761437457348-768x432.jpg 768w, https:\/\/www.em.com.br\/emfoco\/wp-content\/uploads\/2025\/12\/Canoa-Quebrada_1761437457348-750x422.jpg 750w, https:\/\/www.em.com.br\/emfoco\/wp-content\/uploads\/2025\/12\/Canoa-Quebrada_1761437457348-1140x641.jpg 1140w, https:\/\/www.em.com.br\/emfoco\/wp-content\/uploads\/2025\/12\/Canoa-Quebrada_1761437457348.jpg 1280w\" sizes=\"auto, (max-width: 1024px) 100vw, 1024px\" \/><figcaption class=\"wp-element-caption\">No litoral do Cear\u00e1, Canoa Quebrada \u00e9 destino ideal para relaxar e se encantar com a natureza \/\/ Cr\u00e9ditos: depositphotos.com \/ RudiErnst<\/figcaption><\/figure><\/div>\n\n\n<h2 class=\"wp-block-heading\">Qual o per\u00edodo ideal para garantir dias ensolarados?<\/h2>\n\n\n\n<p>O melhor per\u00edodo para aproveitar o sol firme ocorre entre julho e dezembro, quando os ventos al\u00edsios sopram com intensidade e as chuvas cessam. Este intervalo \u00e9 o preferido por velejadores profissionais que buscam as condi\u00e7\u00f5es perfeitas para o velejo nas praias de <strong>Aracati<\/strong>.<\/p>\n\n\n\n<p>As varia\u00e7\u00f5es clim\u00e1ticas s\u00e3o monitoradas pelo portal <strong><a href=\"https:\/\/www.climatempo.com.br\/previsao-do-tempo\/litoral\/877\/canoaquebrada-ce\" target=\"_blank\" rel=\"noreferrer noopener\">Climatempo<\/a><\/strong>, que indica temperaturas est\u00e1veis e elevadas, caracter\u00edsticas marcantes do clima tropical litor\u00e2neo.<\/p>\n\n\n\n<figure class=\"wp-block-table\"><table class=\"has-fixed-layout\"><tbody><tr><th>Esta\u00e7\u00e3o\/Meses<\/th><th>M\u00e9dia T\u00e9rmica<\/th><th>O que esperar<\/th><\/tr><tr><td>Ver\u00e3o (Jan a Mar)<\/td><td>27\u00b0C a 31\u00b0C<\/td><td>Sol forte com aumento da umidade e ocorr\u00eancia de chuvas r\u00e1pidas.<\/td><\/tr><tr><td>Outono (Abr a Jun)<\/td><td>25\u00b0C a 29\u00b0C<\/td><td>\u00c9poca de chuvas no estado, ideal para encontrar a vila mais silenciosa.<\/td><\/tr><tr><td>Inverno\/Primavera (Jul a Dez)<\/td><td>26\u00b0C a 30\u00b0C<\/td><td>Ventos potentes, c\u00e9u azul limpo e visibilidade m\u00e1xima nas dunas.<\/td><\/tr><\/tbody><\/table><\/figure>\n\n\n\n<h2 class=\"wp-block-heading\">Como planejar o deslocamento at\u00e9 a vila de Aracati?<\/h2>\n\n\n\n<p>O deslocamento a partir de <strong>Fortaleza<\/strong> leva cerca de 2h30 atrav\u00e9s da rodovia <strong>CE-040<\/strong>, que possui boa sinaliza\u00e7\u00e3o e pista duplicada em diversos trechos. Outra alternativa \u00e9 utilizar o <strong>Aeroporto de Aracati<\/strong> (ARX), que recebe voos regionais e facilita o acesso direto para o litoral leste.<\/p>\n\n\n\n<p>Existem linhas de \u00f4nibus di\u00e1rias saindo do <strong>Terminal Rodovi\u00e1rio Engenheiro Jo\u00e3o Thom\u00e9<\/strong>, al\u00e9m de servi\u00e7os de transfer privativo. Para os viajantes que optam pelo aluguel de ve\u00edculo, o trajeto permite paradas estrat\u00e9gicas em outras praias famosas, como as dunas de <strong>Beberibe<\/strong>.<\/p>\n\n\n\n<p>Quem busca sol e aventura no litoral cearense, vai curtir esse v\u00eddeo especialmente selecionado do canal <strong>Vamos Fugir Blog<\/strong>, que conta com mais de 230 mil inscritos, onde o casal <strong>L\u00edgia e Ulisses<\/strong> mostra detalhadamente o que fazer em <strong>Canoa Quebrada<\/strong>, com dicas de pre\u00e7os, o famoso <strong>passeio de buggy<\/strong> pelas dunas e o agito da <strong>Broadway<\/strong>:<\/p>\n\n\n\n<figure class=\"wp-block-embed is-type-video is-provider-youtube wp-block-embed-youtube wp-embed-aspect-16-9 wp-has-aspect-ratio\"><div class=\"wp-block-embed__wrapper\">\n<div class=\"jeg_video_container jeg_video_content\"><iframe loading=\"lazy\" title=\"O que fazer em Canoa Quebrada - CE (ROTEIRO COMPLETO, MELHORES PASSEIOS, PRE\u00c7OS)\" width=\"500\" height=\"281\" src=\"https:\/\/www.youtube.com\/embed\/qIAXCWTPFho?feature=oembed\" frameborder=\"0\" allow=\"accelerometer; autoplay; clipboard-write; encrypted-media; gyroscope; picture-in-picture; web-share\" referrerpolicy=\"strict-origin-when-cross-origin\" allowfullscreen><\/iframe><\/div>\n<\/div><\/figure>\n\n\n\n<p><strong>Leia tamb\u00e9m: <a href=\"https:\/\/www.em.com.br\/emfoco\/2026\/01\/15\/a-capital-mundial-do-voo-livre-no-leste-mineiro-atrai-quem-busca-aventura-e-um-por-do-sol-inesquecivel-no-pico\/\" target=\"_blank\" rel=\"noreferrer noopener\">A capital mundial do voo livre no leste mineiro atrai quem busca aventura e um p\u00f4r do sol inesquec\u00edvel no pico<\/a><\/strong><\/p>\n\n\n\n<h2 class=\"wp-block-heading\">Viva a energia m\u00edstica do litoral cearense<\/h2>\n\n\n\n<p>Visitar este destino \u00e9 mergulhar em um estilo de vida onde o tempo passa devagar sob o reflexo do sol nas fal\u00e9sias avermelhadas. A vila consegue manter o charme r\u00fastico mesmo com o crescimento do turismo, oferecendo hospitalidade genu\u00edna em um cen\u00e1rio natural deslumbrante.<\/p>\n\n\n\n<ul class=\"wp-block-list has-medium-font-size\">\n<li>Agende o passeio de buggy para o fim da tarde para assistir ao p\u00f4r do sol do alto das dunas.<\/li>\n\n\n\n<li>Explore as piscinas naturais que se formam na mar\u00e9 baixa para um banho de mar relaxante.<\/li>\n\n\n\n<li>Reserve uma noite para jantar na <strong>Broadway<\/strong> e sentir a mistura cosmopolita que define a vila.<\/li>\n<\/ul>\n\n\n\n<p>Voc\u00ea precisa conhecer este para\u00edso cearense que equilibra perfeitamente o misticismo hist\u00f3rico com a energia vibrante do mar.<\/p>\n","protected":false},"excerpt":{"rendered":"<p>Canoa Quebrada, a m\u00edstica vila de pescadores do litoral leste do Cear\u00e1, atrai viajantes pela energia vibrante da rua Broadway. Este para\u00edso situado no munic\u00edpio de Aracati fica a 163 km de Fortaleza e preserva um cen\u00e1rio de dunas gigantescas moldadas pelo vento. Qual hist\u00f3ria envolve o s\u00edmbolo esculpido na areia? A Lua com a [&hellip;]<\/p>\n","protected":false},"author":6,"featured_media":141590,"comment_status":"open","ping_status":"open","sticky":false,"template":"","format":"standard","meta":{"jnews-multi-image_gallery":[],"jnews_single_post":{"format":"standard"},"jnews_primary_category":[],"jnews_social_meta":[],"jnews_override_counter":[],"footnotes":""},"categories":[26],"tags":[18477,3260,183],"class_list":["post-155655","post","type-post","status-publish","format-standard","has-post-thumbnail","hentry","category-cidades","tag-canoa-quebrada","tag-ceara","tag-cidades"],"yoast_head":"<!-- This site is optimized with the Yoast SEO plugin v23.8 - https:\/\/yoast.com\/wordpress\/plugins\/seo\/ -->\n<title>Esse para\u00edso no Cear\u00e1 tem pared\u00f5es de areia colorida e uma lua desenhada na pedra que encanta todo mundo - Estado de Minas - Em foco<\/title>\n<meta name=\"description\" content=\"Saiba por que este para\u00edso no Cear\u00e1 \u00e9 famoso por seus pared\u00f5es de areia colorida e pela ic\u00f4nica lua desenhada na pedra que encanta a todos.\" \/>\n<meta name=\"robots\" content=\"index, follow, max-snippet:-1, max-image-preview:large, max-video-preview:-1\" \/>\n<link rel=\"canonical\" href=\"https:\/\/www.em.com.br\/emfoco\/2026\/01\/16\/esse-paraiso-no-ceara-tem-paredoes-de-areia-colorida-e-uma-lua-desenhada-na-pedra-que-encanta-todo-mundo\/\" \/>\n<meta property=\"og:locale\" content=\"pt_BR\" \/>\n<meta property=\"og:type\" content=\"article\" \/>\n<meta property=\"og:title\" content=\"Esse para\u00edso no Cear\u00e1 tem pared\u00f5es de areia colorida e uma lua desenhada na pedra que encanta todo mundo - Estado de Minas - Em foco\" \/>\n<meta property=\"og:description\" content=\"Saiba por que este para\u00edso no Cear\u00e1 \u00e9 famoso por seus pared\u00f5es de areia colorida e pela ic\u00f4nica lua desenhada na pedra que encanta a todos.\" \/>\n<meta property=\"og:url\" content=\"https:\/\/www.em.com.br\/emfoco\/2026\/01\/16\/esse-paraiso-no-ceara-tem-paredoes-de-areia-colorida-e-uma-lua-desenhada-na-pedra-que-encanta-todo-mundo\/\" \/>\n<meta property=\"og:site_name\" content=\"Estado de Minas - Em foco\" \/>\n<meta property=\"article:published_time\" content=\"2026-01-16T21:05:00+00:00\" \/>\n<meta property=\"article:modified_time\" content=\"2026-01-15T20:55:58+00:00\" \/>\n<meta property=\"og:image\" content=\"https:\/\/www.em.com.br\/emfoco\/wp-content\/uploads\/2025\/12\/Canoa-Quebrada_1761382076778.jpg\" \/>\n\t<meta property=\"og:image:width\" content=\"1280\" \/>\n\t<meta property=\"og:image:height\" content=\"720\" \/>\n\t<meta property=\"og:image:type\" content=\"image\/jpeg\" \/>\n<meta name=\"author\" content=\"Vitor Bruno\" \/>\n<meta name=\"twitter:card\" content=\"summary_large_image\" \/>\n<meta name=\"twitter:label1\" content=\"Escrito por\" \/>\n\t<meta name=\"twitter:data1\" content=\"Vitor Bruno\" \/>\n\t<meta name=\"twitter:label2\" content=\"Est. tempo de leitura\" \/>\n\t<meta name=\"twitter:data2\" content=\"6 minutos\" \/>\n<!-- \/ Yoast SEO plugin. -->","yoast_head_json":{"title":"Esse para\u00edso no Cear\u00e1 tem pared\u00f5es de areia colorida e uma lua desenhada na pedra que encanta todo mundo - Estado de Minas - Em foco","description":"Saiba por que este para\u00edso no Cear\u00e1 \u00e9 famoso por seus pared\u00f5es de areia colorida e pela ic\u00f4nica lua desenhada na pedra que encanta a todos.","robots":{"index":"index","follow":"follow","max-snippet":"max-snippet:-1","max-image-preview":"max-image-preview:large","max-video-preview":"max-video-preview:-1"},"canonical":"https:\/\/www.em.com.br\/emfoco\/2026\/01\/16\/esse-paraiso-no-ceara-tem-paredoes-de-areia-colorida-e-uma-lua-desenhada-na-pedra-que-encanta-todo-mundo\/","og_locale":"pt_BR","og_type":"article","og_title":"Esse para\u00edso no Cear\u00e1 tem pared\u00f5es de areia colorida e uma lua desenhada na pedra que encanta todo mundo - Estado de Minas - Em foco","og_description":"Saiba por que este para\u00edso no Cear\u00e1 \u00e9 famoso por seus pared\u00f5es de areia colorida e pela ic\u00f4nica lua desenhada na pedra que encanta a todos.","og_url":"https:\/\/www.em.com.br\/emfoco\/2026\/01\/16\/esse-paraiso-no-ceara-tem-paredoes-de-areia-colorida-e-uma-lua-desenhada-na-pedra-que-encanta-todo-mundo\/","og_site_name":"Estado de Minas - Em foco","article_published_time":"2026-01-16T21:05:00+00:00","article_modified_time":"2026-01-15T20:55:58+00:00","og_image":[{"width":1280,"height":720,"url":"https:\/\/www.em.com.br\/emfoco\/wp-content\/uploads\/2025\/12\/Canoa-Quebrada_1761382076778.jpg","type":"image\/jpeg"}],"author":"Vitor Bruno","twitter_card":"summary_large_image","twitter_misc":{"Escrito por":"Vitor Bruno","Est. tempo de leitura":"6 minutos"},"schema":{"@context":"https:\/\/schema.org","@graph":[{"@type":"WebPage","@id":"https:\/\/www.em.com.br\/emfoco\/2026\/01\/16\/esse-paraiso-no-ceara-tem-paredoes-de-areia-colorida-e-uma-lua-desenhada-na-pedra-que-encanta-todo-mundo\/","url":"https:\/\/www.em.com.br\/emfoco\/2026\/01\/16\/esse-paraiso-no-ceara-tem-paredoes-de-areia-colorida-e-uma-lua-desenhada-na-pedra-que-encanta-todo-mundo\/","name":"Esse para\u00edso no Cear\u00e1 tem pared\u00f5es de areia colorida e uma lua desenhada na pedra que encanta todo mundo - Estado de Minas - Em foco","isPartOf":{"@id":"https:\/\/www.em.com.br\/emfoco\/#website"},"primaryImageOfPage":{"@id":"https:\/\/www.em.com.br\/emfoco\/2026\/01\/16\/esse-paraiso-no-ceara-tem-paredoes-de-areia-colorida-e-uma-lua-desenhada-na-pedra-que-encanta-todo-mundo\/#primaryimage"},"image":{"@id":"https:\/\/www.em.com.br\/emfoco\/2026\/01\/16\/esse-paraiso-no-ceara-tem-paredoes-de-areia-colorida-e-uma-lua-desenhada-na-pedra-que-encanta-todo-mundo\/#primaryimage"},"thumbnailUrl":"https:\/\/www.em.com.br\/emfoco\/wp-content\/uploads\/2025\/12\/Canoa-Quebrada_1761382076778.jpg","datePublished":"2026-01-16T21:05:00+00:00","dateModified":"2026-01-15T20:55:58+00:00","author":{"@id":"https:\/\/www.em.com.br\/emfoco\/#\/schema\/person\/364ac1852fafd00f1be20f0b8b237569"},"description":"Saiba por que este para\u00edso no Cear\u00e1 \u00e9 famoso por seus pared\u00f5es de areia colorida e pela ic\u00f4nica lua desenhada na pedra que encanta a todos.","breadcrumb":{"@id":"https:\/\/www.em.com.br\/emfoco\/2026\/01\/16\/esse-paraiso-no-ceara-tem-paredoes-de-areia-colorida-e-uma-lua-desenhada-na-pedra-que-encanta-todo-mundo\/#breadcrumb"},"inLanguage":"pt-BR","potentialAction":[{"@type":"ReadAction","target":["https:\/\/www.em.com.br\/emfoco\/2026\/01\/16\/esse-paraiso-no-ceara-tem-paredoes-de-areia-colorida-e-uma-lua-desenhada-na-pedra-que-encanta-todo-mundo\/"]}]},{"@type":"ImageObject","inLanguage":"pt-BR","@id":"https:\/\/www.em.com.br\/emfoco\/2026\/01\/16\/esse-paraiso-no-ceara-tem-paredoes-de-areia-colorida-e-uma-lua-desenhada-na-pedra-que-encanta-todo-mundo\/#primaryimage","url":"https:\/\/www.em.com.br\/emfoco\/wp-content\/uploads\/2025\/12\/Canoa-Quebrada_1761382076778.jpg","contentUrl":"https:\/\/www.em.com.br\/emfoco\/wp-content\/uploads\/2025\/12\/Canoa-Quebrada_1761382076778.jpg","width":1280,"height":720,"caption":"Canoa Quebrada encanta com fal\u00e9sias vermelhas e ventos ideais para o kitesurf no Cear\u00e1 \/\/ Cr\u00e9ditos: depositphotos.com \/ phaelnogueira"},{"@type":"BreadcrumbList","@id":"https:\/\/www.em.com.br\/emfoco\/2026\/01\/16\/esse-paraiso-no-ceara-tem-paredoes-de-areia-colorida-e-uma-lua-desenhada-na-pedra-que-encanta-todo-mundo\/#breadcrumb","itemListElement":[{"@type":"ListItem","position":1,"name":"In\u00edcio","item":"https:\/\/www.em.com.br\/emfoco\/"},{"@type":"ListItem","position":2,"name":"Esse para\u00edso no Cear\u00e1 tem pared\u00f5es de areia colorida e uma lua desenhada na pedra que encanta todo mundo"}]},{"@type":"WebSite","@id":"https:\/\/www.em.com.br\/emfoco\/#website","url":"https:\/\/www.em.com.br\/emfoco\/","name":"Estado de Minas - Em foco","description":"Acompanhe as \u00faltimas not\u00edcias e fique bem informado sobre tudo o que acontece em Minas Gerais, Brasil e no mundo.","potentialAction":[{"@type":"SearchAction","target":{"@type":"EntryPoint","urlTemplate":"https:\/\/www.em.com.br\/emfoco\/?s={search_term_string}"},"query-input":{"@type":"PropertyValueSpecification","valueRequired":true,"valueName":"search_term_string"}}],"inLanguage":"pt-BR"},{"@type":"Person","@id":"https:\/\/www.em.com.br\/emfoco\/#\/schema\/person\/364ac1852fafd00f1be20f0b8b237569","name":"Vitor Bruno","image":{"@type":"ImageObject","inLanguage":"pt-BR","@id":"https:\/\/www.em.com.br\/emfoco\/#\/schema\/person\/image\/","url":"https:\/\/secure.gravatar.com\/avatar\/b719e5cdede09f942064960883b5524d?s=96&d=mm&r=g","contentUrl":"https:\/\/secure.gravatar.com\/avatar\/b719e5cdede09f942064960883b5524d?s=96&d=mm&r=g","caption":"Vitor Bruno"},"sameAs":["https:\/\/www.em.com.br\/emfoco\/"],"url":"https:\/\/www.em.com.br\/emfoco\/author\/vitormyth\/"}]}},"_links":{"self":[{"href":"https:\/\/www.em.com.br\/emfoco\/wp-json\/wp\/v2\/posts\/155655","targetHints":{"allow":["GET"]}}],"collection":[{"href":"https:\/\/www.em.com.br\/emfoco\/wp-json\/wp\/v2\/posts"}],"about":[{"href":"https:\/\/www.em.com.br\/emfoco\/wp-json\/wp\/v2\/types\/post"}],"author":[{"embeddable":true,"href":"https:\/\/www.em.com.br\/emfoco\/wp-json\/wp\/v2\/users\/6"}],"replies":[{"embeddable":true,"href":"https:\/\/www.em.com.br\/emfoco\/wp-json\/wp\/v2\/comments?post=155655"}],"version-history":[{"count":4,"href":"https:\/\/www.em.com.br\/emfoco\/wp-json\/wp\/v2\/posts\/155655\/revisions"}],"predecessor-version":[{"id":155900,"href":"https:\/\/www.em.com.br\/emfoco\/wp-json\/wp\/v2\/posts\/155655\/revisions\/155900"}],"wp:featuredmedia":[{"embeddable":true,"href":"https:\/\/www.em.com.br\/emfoco\/wp-json\/wp\/v2\/media\/141590"}],"wp:attachment":[{"href":"https:\/\/www.em.com.br\/emfoco\/wp-json\/wp\/v2\/media?parent=155655"}],"wp:term":[{"taxonomy":"category","embeddable":true,"href":"https:\/\/www.em.com.br\/emfoco\/wp-json\/wp\/v2\/categories?post=155655"},{"taxonomy":"post_tag","embeddable":true,"href":"https:\/\/www.em.com.br\/emfoco\/wp-json\/wp\/v2\/tags?post=155655"}],"curies":[{"name":"wp","href":"https:\/\/api.w.org\/{rel}","templated":true}]}}