{"id":155651,"date":"2026-01-18T14:45:00","date_gmt":"2026-01-18T17:45:00","guid":{"rendered":"https:\/\/www.em.com.br\/emfoco\/?p=155651"},"modified":"2026-01-16T19:50:03","modified_gmt":"2026-01-16T22:50:03","slug":"usando-rolhas-de-plastico-e-um-pouco-de-linha-crie-lindos-prendedores-de-cortina","status":"publish","type":"post","link":"https:\/\/www.em.com.br\/emfoco\/2026\/01\/18\/usando-rolhas-de-plastico-e-um-pouco-de-linha-crie-lindos-prendedores-de-cortina\/","title":{"rendered":"Usando rolhas de pl\u00e1stico e um pouco de linha, crie lindos prendedores de cortina"},"content":{"rendered":"\n<p>Guardar rolhas de pl\u00e1stico ap\u00f3s uma festa ou um jantar \u00e9 algo comum em muitas casas, e hoje esse h\u00e1bito pode se transformar em um acess\u00f3rio decorativo moderno, funcional e sustent\u00e1vel: o&nbsp;<strong>prendedor de cortinas<\/strong>&nbsp;artesanal, que al\u00e9m de personalizar o ambiente, ajuda a controlar luz e ventila\u00e7\u00e3o com muito estilo.<\/p>\n\n\n\n<h2 class=\"wp-block-heading\">O que s\u00e3o prendedores de cortina feitos com rolhas de pl\u00e1stico?<\/h2>\n\n\n\n<p>Os&nbsp;<strong>prendedores de cortinas com rolhas de pl\u00e1stico<\/strong>&nbsp;s\u00e3o acess\u00f3rios usados para segurar a cortina lateralmente, formando um feixe de tecido elegante. Eles aproveitam um material que iria para o lixo, transformando-o em pe\u00e7a decorativa simples, \u00fatil e econ\u00f4mica.<\/p>\n\n\n\n<p>O processo de cria\u00e7\u00e3o \u00e9 organizado em etapas b\u00e1sicas de corte, aquecimento, furo e montagem das rolhas em um fio, fita ou cord\u00e3o resistente. N\u00e3o \u00e9 preciso ter experi\u00eancia avan\u00e7ada em artesanato, apenas aten\u00e7\u00e3o ao manuseio de ferramentas cortantes e objetos aquecidos, especialmente se houver crian\u00e7as por perto.<\/p>\n\n\n\n<p>Essa ideia genial de reciclagem ganhou for\u00e7a no TikTok, compartilhada pela usu\u00e1ria <strong><a href=\"https:\/\/www.tiktok.com\/@vir_brambilla\" target=\"_blank\" rel=\"noreferrer noopener\">Virginia Brambilla<\/a><\/strong>, que faz sucesso na rede com suas cria\u00e7\u00f5es. Veja a inspira\u00e7\u00e3o original aqui:<\/p>\n\n\n\n<figure class=\"wp-block-embed is-type-video is-provider-tiktok wp-block-embed-tiktok\"><div class=\"wp-block-embed__wrapper\">\n<blockquote class=\"tiktok-embed\" cite=\"https:\/\/www.tiktok.com\/@vir_brambilla\/video\/7544076234297265464\" data-video-id=\"7544076234297265464\" data-embed-from=\"oembed\" style=\"max-width:605px; min-width:325px;\"> <section> <a target=\"_blank\" title=\"@vir_brambilla\" href=\"https:\/\/www.tiktok.com\/@vir_brambilla?refer=embed\">@vir_brambilla<\/a> <p><a title=\"virginiabrambilla\" target=\"_blank\" href=\"https:\/\/www.tiktok.com\/tag\/virginiabrambilla?refer=embed\">#virginiabrambilla<\/a> <a title=\"ideasconcorchos\" target=\"_blank\" href=\"https:\/\/www.tiktok.com\/tag\/ideasconcorchos?refer=embed\">#ideasconcorchos<\/a> <a title=\"tutorial\" target=\"_blank\" href=\"https:\/\/www.tiktok.com\/tag\/tutorial?refer=embed\">#tutorial<\/a> <a title=\"decoracion\" target=\"_blank\" href=\"https:\/\/www.tiktok.com\/tag\/decoracion?refer=embed\">#decoracion<\/a> <a title=\"manualidadesfaciles\" target=\"_blank\" href=\"https:\/\/www.tiktok.com\/tag\/manualidadesfaciles?refer=embed\">#manualidadesfaciles<\/a> <\/p> <a target=\"_blank\" title=\"\u266c sonido original - Virginia Brambilla\" href=\"https:\/\/www.tiktok.com\/music\/sonido-original-7544081399179905797?refer=embed\">\u266c sonido original &#8211; Virginia Brambilla<\/a> <\/section> <\/blockquote> <script async src=\"https:\/\/www.tiktok.com\/embed.js\"><\/script>\n<\/div><\/figure>\n\n\n\n<h2 class=\"wp-block-heading\">Quais materiais s\u00e3o necess\u00e1rios para fazer o prendedor artesanal?<\/h2>\n\n\n\n<p>Para que o&nbsp;<strong>prendedor de cortinas artesanal<\/strong>&nbsp;fique firme e com boa apar\u00eancia, a escolha dos materiais \u00e9 essencial. A maioria dos itens \u00e9 simples, encontrada em casa, papelarias ou armarinhos, permitindo um projeto acess\u00edvel e de baixo custo.<\/p>\n\n\n\n<p>A lista abaixo apresenta os materiais b\u00e1sicos, al\u00e9m de op\u00e7\u00f5es para personalizar e refor\u00e7ar o prendedor conforme o peso da <a href=\"https:\/\/www.em.com.br\/emfoco\/2026\/01\/06\/adeus-cortinas-pesadas-nova-tendencia-para-2026-oferece-leveza-e-elegancia\/\" target=\"_blank\" rel=\"noreferrer noopener\">cortina <\/a>e o estilo do ambiente:<\/p>\n\n\n\n<ul class=\"wp-block-list\">\n<li><strong>Rolhas de pl\u00e1stico<\/strong>\u00a0(de prefer\u00eancia sint\u00e9ticas, mais resistentes ao aquecimento);<\/li>\n\n\n\n<li><strong>Cord\u00e3o, fio encerado, fita de cetim ou barbante<\/strong>, conforme o estilo desejado;<\/li>\n\n\n\n<li><strong>Faca, estilete, serrinha ou c\u00fater<\/strong>\u00a0para fatiar as rolhas em rodelas;<\/li>\n\n\n\n<li><strong>Panela com \u00e1gua<\/strong>\u00a0para aquecer e amolecer os peda\u00e7os de rolha;<\/li>\n\n\n\n<li><strong>Rolo de cozinha<\/strong>\u00a0ou garrafa lisa para achatar as rodelas;<\/li>\n\n\n\n<li><strong>Objeto pontiagudo met\u00e1lico<\/strong>\u00a0(agulha grossa, pun\u00e7\u00e3o ou prego pequeno) para furar as l\u00e2minas;<\/li>\n\n\n\n<li><strong>Clipes de papel<\/strong>\u00a0para improvisar um passa-fio ou agulha grande;<\/li>\n\n\n\n<li><strong>Contas ou mi\u00e7angas<\/strong>\u00a0(opcionais) para detalhes decorativos;<\/li>\n\n\n\n<li><strong>Tinta acr\u00edlica e pincel<\/strong>\u00a0(opcionais) para pintar e personalizar as rolhas.<\/li>\n<\/ul>\n\n\n\n<h2 class=\"wp-block-heading\">Como preparar as rolhas pl\u00e1sticas para transformar em pe\u00e7as decorativas?<\/h2>\n\n\n\n<p>O preparo das rolhas come\u00e7a com o corte em rodelas finas, de aproximadamente 5 mm de espessura, garantindo um formato uniforme para o prendedor. Em seguida, essas rodelas s\u00e3o aquecidas em \u00e1gua quente at\u00e9 ficarem levemente male\u00e1veis, sem derreter.<\/p>\n\n\n\n<p>Assim que estiverem amolecidas, as rodelas s\u00e3o colocadas sobre uma superf\u00edcie lisa e pressionadas com um rolo de cozinha ou garrafa, formando pequenas plaquinhas achatadas. Ap\u00f3s o resfriamento, cada plaquinha \u00e9 furada no centro com um objeto met\u00e1lico aquecido, o que facilita a passagem do fio ou cord\u00e3o sem rachar o material.<\/p>\n\n\n\n<figure class=\"wp-block-image size-large\"><img loading=\"lazy\" decoding=\"async\" width=\"1024\" height=\"576\" src=\"https:\/\/www.em.com.br\/emfoco\/wp-content\/uploads\/2026\/01\/Gemini_Generated_Image_y1efe2y1efe2y1ef-1-1024x576.png\" alt=\"O que fazer com rolhas de pl\u00e1stico antes de jogar fora\" class=\"wp-image-155675\" srcset=\"https:\/\/www.em.com.br\/emfoco\/wp-content\/uploads\/2026\/01\/Gemini_Generated_Image_y1efe2y1efe2y1ef-1-1024x576.png 1024w, https:\/\/www.em.com.br\/emfoco\/wp-content\/uploads\/2026\/01\/Gemini_Generated_Image_y1efe2y1efe2y1ef-1-300x169.png 300w, https:\/\/www.em.com.br\/emfoco\/wp-content\/uploads\/2026\/01\/Gemini_Generated_Image_y1efe2y1efe2y1ef-1-768x432.png 768w, https:\/\/www.em.com.br\/emfoco\/wp-content\/uploads\/2026\/01\/Gemini_Generated_Image_y1efe2y1efe2y1ef-1-750x422.png 750w, https:\/\/www.em.com.br\/emfoco\/wp-content\/uploads\/2026\/01\/Gemini_Generated_Image_y1efe2y1efe2y1ef-1-1140x641.png 1140w, https:\/\/www.em.com.br\/emfoco\/wp-content\/uploads\/2026\/01\/Gemini_Generated_Image_y1efe2y1efe2y1ef-1.png 1280w\" sizes=\"auto, (max-width: 1024px) 100vw, 1024px\" \/><figcaption class=\"wp-element-caption\">O que fazer com rolhas de pl\u00e1stico antes de jogar fora<\/figcaption><\/figure>\n\n\n\n<h2 class=\"wp-block-heading\">Como montar e personalizar o prendedor de cortinas com rolhas recicladas?<\/h2>\n\n\n\n<p>Com as l\u00e2minas j\u00e1 furadas e frias, inicia-se a montagem do&nbsp;<strong>prendedor de cortinas com rolhas recicladas<\/strong>, enfiando as pe\u00e7as em um cord\u00e3o, fita ou barbante. Um clipe de papel desdobrado pode funcionar como passa-fio, agilizando o processo e mantendo a sequ\u00eancia de plaquinhas e mi\u00e7angas.<\/p>\n\n\n\n<p>Para evitar que as plaquinhas escapem, \u00e9 comum dar n\u00f3s refor\u00e7ados nas extremidades ou usar uma l\u00e2mina maior como \u201ctrava\u201d. A personaliza\u00e7\u00e3o pode incluir tintas acr\u00edlicas em cores variadas, desenhos simples, padr\u00f5es geom\u00e9tricos ou apenas a combina\u00e7\u00e3o entre cord\u00f5es, contas e o tom original do pl\u00e1stico, criando pares coordenados para janelas e portas.<\/p>\n\n\n\n<h2 class=\"wp-block-heading\">Por que investir nesse artesanato sustent\u00e1vel agora mesmo?<\/h2>\n\n\n\n<p>Al\u00e9m de ser um projeto criativo e econ\u00f4mico, o prendedor de cortinas com rolhas de pl\u00e1stico ajuda a reduzir res\u00edduos, personaliza o ambiente e pode at\u00e9 se tornar uma fonte de renda extra. Com poucos materiais e algum tempo livre, voc\u00ea transforma um descarte comum em um acess\u00f3rio elegante, funcional e cheio de personalidade.<\/p>\n\n\n\n<p>N\u00e3o deixe suas rolhas paradas na gaveta ou indo direto para o lixo: re\u00fana o material hoje, separe os itens b\u00e1sicos e comece j\u00e1 seu primeiro par de prendedores de cortina. Quanto antes voc\u00ea testar essa ideia, mais r\u00e1pido ver\u00e1 sua casa ganhar um toque \u00fanico, sustent\u00e1vel e totalmente feito por voc\u00ea.<\/p>\n","protected":false},"excerpt":{"rendered":"<p>Guardar rolhas de pl\u00e1stico ap\u00f3s uma festa ou um jantar \u00e9 algo comum em muitas casas, e hoje esse h\u00e1bito pode se transformar em um acess\u00f3rio decorativo moderno, funcional e sustent\u00e1vel: o&nbsp;prendedor de cortinas&nbsp;artesanal, que al\u00e9m de personalizar o ambiente, ajuda a controlar luz e ventila\u00e7\u00e3o com muito estilo. O que s\u00e3o prendedores de cortina [&hellip;]<\/p>\n","protected":false},"author":11,"featured_media":155681,"comment_status":"open","ping_status":"open","sticky":false,"template":"","format":"standard","meta":{"jnews-multi-image_gallery":[],"jnews_single_post":{"format":"standard"},"jnews_primary_category":[],"jnews_social_meta":[],"jnews_override_counter":[],"footnotes":""},"categories":[8819,1],"tags":[4687,22755,16473,22756],"class_list":["post-155651","post","type-post","status-publish","format-standard","has-post-thumbnail","hentry","category-curiosidades","category-noticias","tag-decoracao","tag-prendedor-de-cortinas","tag-rolhas","tag-rolhas-de-plastico"],"yoast_head":"<!-- This site is optimized with the Yoast SEO plugin v23.8 - https:\/\/yoast.com\/wordpress\/plugins\/seo\/ -->\n<title>Usando rolhas de pl\u00e1stico e um pouco de linha, crie lindos prendedores de cortina - Estado de Minas - Em foco<\/title>\n<meta name=\"description\" content=\"O prendedor de cortinas feito com rolhas de pl\u00e1stico \u00e9 sustent\u00e1vel, barato e f\u00e1cil de fazer. Veja o passo a passo e personalize sua casa.\" \/>\n<meta name=\"robots\" content=\"index, follow, max-snippet:-1, max-image-preview:large, max-video-preview:-1\" \/>\n<link rel=\"canonical\" href=\"https:\/\/www.em.com.br\/emfoco\/2026\/01\/18\/usando-rolhas-de-plastico-e-um-pouco-de-linha-crie-lindos-prendedores-de-cortina\/\" \/>\n<meta property=\"og:locale\" content=\"pt_BR\" \/>\n<meta property=\"og:type\" content=\"article\" \/>\n<meta property=\"og:title\" content=\"Usando rolhas de pl\u00e1stico e um pouco de linha, crie lindos prendedores de cortina - Estado de Minas - Em foco\" \/>\n<meta property=\"og:description\" content=\"O prendedor de cortinas feito com rolhas de pl\u00e1stico \u00e9 sustent\u00e1vel, barato e f\u00e1cil de fazer. Veja o passo a passo e personalize sua casa.\" \/>\n<meta property=\"og:url\" content=\"https:\/\/www.em.com.br\/emfoco\/2026\/01\/18\/usando-rolhas-de-plastico-e-um-pouco-de-linha-crie-lindos-prendedores-de-cortina\/\" \/>\n<meta property=\"og:site_name\" content=\"Estado de Minas - Em foco\" \/>\n<meta property=\"article:published_time\" content=\"2026-01-18T17:45:00+00:00\" \/>\n<meta property=\"article:modified_time\" content=\"2026-01-16T22:50:03+00:00\" \/>\n<meta property=\"og:image\" content=\"https:\/\/www.em.com.br\/emfoco\/wp-content\/uploads\/2026\/01\/Gemini_Generated_Image_y11qj6y11qj6y11q-1.jpg\" \/>\n\t<meta property=\"og:image:width\" content=\"1280\" \/>\n\t<meta property=\"og:image:height\" content=\"720\" \/>\n\t<meta property=\"og:image:type\" content=\"image\/jpeg\" \/>\n<meta name=\"author\" content=\"Andre\u0301 Rangel\u00a0\" \/>\n<meta name=\"twitter:card\" content=\"summary_large_image\" \/>\n<meta name=\"twitter:label1\" content=\"Escrito por\" \/>\n\t<meta name=\"twitter:data1\" content=\"Andre\u0301 Rangel\u00a0\" \/>\n\t<meta name=\"twitter:label2\" content=\"Est. tempo de leitura\" \/>\n\t<meta name=\"twitter:data2\" content=\"5 minutos\" \/>\n<!-- \/ Yoast SEO plugin. -->","yoast_head_json":{"title":"Usando rolhas de pl\u00e1stico e um pouco de linha, crie lindos prendedores de cortina - Estado de Minas - Em foco","description":"O prendedor de cortinas feito com rolhas de pl\u00e1stico \u00e9 sustent\u00e1vel, barato e f\u00e1cil de fazer. Veja o passo a passo e personalize sua casa.","robots":{"index":"index","follow":"follow","max-snippet":"max-snippet:-1","max-image-preview":"max-image-preview:large","max-video-preview":"max-video-preview:-1"},"canonical":"https:\/\/www.em.com.br\/emfoco\/2026\/01\/18\/usando-rolhas-de-plastico-e-um-pouco-de-linha-crie-lindos-prendedores-de-cortina\/","og_locale":"pt_BR","og_type":"article","og_title":"Usando rolhas de pl\u00e1stico e um pouco de linha, crie lindos prendedores de cortina - Estado de Minas - Em foco","og_description":"O prendedor de cortinas feito com rolhas de pl\u00e1stico \u00e9 sustent\u00e1vel, barato e f\u00e1cil de fazer. Veja o passo a passo e personalize sua casa.","og_url":"https:\/\/www.em.com.br\/emfoco\/2026\/01\/18\/usando-rolhas-de-plastico-e-um-pouco-de-linha-crie-lindos-prendedores-de-cortina\/","og_site_name":"Estado de Minas - Em foco","article_published_time":"2026-01-18T17:45:00+00:00","article_modified_time":"2026-01-16T22:50:03+00:00","og_image":[{"width":1280,"height":720,"url":"https:\/\/www.em.com.br\/emfoco\/wp-content\/uploads\/2026\/01\/Gemini_Generated_Image_y11qj6y11qj6y11q-1.jpg","type":"image\/jpeg"}],"author":"Andre\u0301 Rangel\u00a0","twitter_card":"summary_large_image","twitter_misc":{"Escrito por":"Andre\u0301 Rangel\u00a0","Est. tempo de leitura":"5 minutos"},"schema":{"@context":"https:\/\/schema.org","@graph":[{"@type":"WebPage","@id":"https:\/\/www.em.com.br\/emfoco\/2026\/01\/18\/usando-rolhas-de-plastico-e-um-pouco-de-linha-crie-lindos-prendedores-de-cortina\/","url":"https:\/\/www.em.com.br\/emfoco\/2026\/01\/18\/usando-rolhas-de-plastico-e-um-pouco-de-linha-crie-lindos-prendedores-de-cortina\/","name":"Usando rolhas de pl\u00e1stico e um pouco de linha, crie lindos prendedores de cortina - Estado de Minas - Em foco","isPartOf":{"@id":"https:\/\/www.em.com.br\/emfoco\/#website"},"primaryImageOfPage":{"@id":"https:\/\/www.em.com.br\/emfoco\/2026\/01\/18\/usando-rolhas-de-plastico-e-um-pouco-de-linha-crie-lindos-prendedores-de-cortina\/#primaryimage"},"image":{"@id":"https:\/\/www.em.com.br\/emfoco\/2026\/01\/18\/usando-rolhas-de-plastico-e-um-pouco-de-linha-crie-lindos-prendedores-de-cortina\/#primaryimage"},"thumbnailUrl":"https:\/\/www.em.com.br\/emfoco\/wp-content\/uploads\/2026\/01\/Gemini_Generated_Image_y11qj6y11qj6y11q-1.jpg","datePublished":"2026-01-18T17:45:00+00:00","dateModified":"2026-01-16T22:50:03+00:00","author":{"@id":"https:\/\/www.em.com.br\/emfoco\/#\/schema\/person\/60eda09c1fedf0d6891f4cef4b60b8b8"},"description":"O prendedor de cortinas feito com rolhas de pl\u00e1stico \u00e9 sustent\u00e1vel, barato e f\u00e1cil de fazer. Veja o passo a passo e personalize sua casa.","breadcrumb":{"@id":"https:\/\/www.em.com.br\/emfoco\/2026\/01\/18\/usando-rolhas-de-plastico-e-um-pouco-de-linha-crie-lindos-prendedores-de-cortina\/#breadcrumb"},"inLanguage":"pt-BR","potentialAction":[{"@type":"ReadAction","target":["https:\/\/www.em.com.br\/emfoco\/2026\/01\/18\/usando-rolhas-de-plastico-e-um-pouco-de-linha-crie-lindos-prendedores-de-cortina\/"]}]},{"@type":"ImageObject","inLanguage":"pt-BR","@id":"https:\/\/www.em.com.br\/emfoco\/2026\/01\/18\/usando-rolhas-de-plastico-e-um-pouco-de-linha-crie-lindos-prendedores-de-cortina\/#primaryimage","url":"https:\/\/www.em.com.br\/emfoco\/wp-content\/uploads\/2026\/01\/Gemini_Generated_Image_y11qj6y11qj6y11q-1.jpg","contentUrl":"https:\/\/www.em.com.br\/emfoco\/wp-content\/uploads\/2026\/01\/Gemini_Generated_Image_y11qj6y11qj6y11q-1.jpg","width":1280,"height":720,"caption":"O que fazer com rolhas de pl\u00e1stico antes de jogar fora"},{"@type":"BreadcrumbList","@id":"https:\/\/www.em.com.br\/emfoco\/2026\/01\/18\/usando-rolhas-de-plastico-e-um-pouco-de-linha-crie-lindos-prendedores-de-cortina\/#breadcrumb","itemListElement":[{"@type":"ListItem","position":1,"name":"In\u00edcio","item":"https:\/\/www.em.com.br\/emfoco\/"},{"@type":"ListItem","position":2,"name":"Usando rolhas de pl\u00e1stico e um pouco de linha, crie lindos prendedores de cortina"}]},{"@type":"WebSite","@id":"https:\/\/www.em.com.br\/emfoco\/#website","url":"https:\/\/www.em.com.br\/emfoco\/","name":"Estado de Minas - Em foco","description":"Acompanhe as \u00faltimas not\u00edcias e fique bem informado sobre tudo o que acontece em Minas Gerais, Brasil e no mundo.","potentialAction":[{"@type":"SearchAction","target":{"@type":"EntryPoint","urlTemplate":"https:\/\/www.em.com.br\/emfoco\/?s={search_term_string}"},"query-input":{"@type":"PropertyValueSpecification","valueRequired":true,"valueName":"search_term_string"}}],"inLanguage":"pt-BR"},{"@type":"Person","@id":"https:\/\/www.em.com.br\/emfoco\/#\/schema\/person\/60eda09c1fedf0d6891f4cef4b60b8b8","name":"Andre\u0301 Rangel\u00a0","image":{"@type":"ImageObject","inLanguage":"pt-BR","@id":"https:\/\/www.em.com.br\/emfoco\/#\/schema\/person\/image\/","url":"https:\/\/secure.gravatar.com\/avatar\/6234dc814c77c8ef6d8bba622c787efc?s=96&d=mm&r=g","contentUrl":"https:\/\/secure.gravatar.com\/avatar\/6234dc814c77c8ef6d8bba622c787efc?s=96&d=mm&r=g","caption":"Andre\u0301 Rangel\u00a0"},"url":"https:\/\/www.em.com.br\/emfoco\/author\/luizmyth\/"}]}},"_links":{"self":[{"href":"https:\/\/www.em.com.br\/emfoco\/wp-json\/wp\/v2\/posts\/155651","targetHints":{"allow":["GET"]}}],"collection":[{"href":"https:\/\/www.em.com.br\/emfoco\/wp-json\/wp\/v2\/posts"}],"about":[{"href":"https:\/\/www.em.com.br\/emfoco\/wp-json\/wp\/v2\/types\/post"}],"author":[{"embeddable":true,"href":"https:\/\/www.em.com.br\/emfoco\/wp-json\/wp\/v2\/users\/11"}],"replies":[{"embeddable":true,"href":"https:\/\/www.em.com.br\/emfoco\/wp-json\/wp\/v2\/comments?post=155651"}],"version-history":[{"count":4,"href":"https:\/\/www.em.com.br\/emfoco\/wp-json\/wp\/v2\/posts\/155651\/revisions"}],"predecessor-version":[{"id":155682,"href":"https:\/\/www.em.com.br\/emfoco\/wp-json\/wp\/v2\/posts\/155651\/revisions\/155682"}],"wp:featuredmedia":[{"embeddable":true,"href":"https:\/\/www.em.com.br\/emfoco\/wp-json\/wp\/v2\/media\/155681"}],"wp:attachment":[{"href":"https:\/\/www.em.com.br\/emfoco\/wp-json\/wp\/v2\/media?parent=155651"}],"wp:term":[{"taxonomy":"category","embeddable":true,"href":"https:\/\/www.em.com.br\/emfoco\/wp-json\/wp\/v2\/categories?post=155651"},{"taxonomy":"post_tag","embeddable":true,"href":"https:\/\/www.em.com.br\/emfoco\/wp-json\/wp\/v2\/tags?post=155651"}],"curies":[{"name":"wp","href":"https:\/\/api.w.org\/{rel}","templated":true}]}}