{"id":155552,"date":"2026-01-16T21:55:00","date_gmt":"2026-01-17T00:55:00","guid":{"rendered":"https:\/\/www.em.com.br\/emfoco\/?p=155552"},"modified":"2026-01-15T12:31:24","modified_gmt":"2026-01-15T15:31:24","slug":"a-verdade-desconfortavel-por-tras-da-casa-sempre-baguncada","status":"publish","type":"post","link":"https:\/\/www.em.com.br\/emfoco\/2026\/01\/16\/a-verdade-desconfortavel-por-tras-da-casa-sempre-baguncada\/","title":{"rendered":"A verdade desconfort\u00e1vel por tr\u00e1s da casa sempre bagun\u00e7ada"},"content":{"rendered":"\n<p>A casa desorganizada costuma ser associada \u00e0 falta de tempo ou ao excesso de atividades, mas, na pr\u00e1tica, a origem da bagun\u00e7a est\u00e1, na maioria, nos h\u00e1bitos di\u00e1rios. Pequenas atitudes repetidas, como largar objetos em qualquer lugar ou adiar tarefas simples, se somam e acabam comprometendo a ordem dos ambientes. Quando esses comportamentos passam a ser observados com mais aten\u00e7\u00e3o, o cen\u00e1rio dom\u00e9stico come\u00e7a a fazer mais sentido, especialmente em rotinas cheias como as de 2025, em que a busca por uma <strong>casa organizada<\/strong> ganhou destaque em reportagens, redes sociais e conversas familiares, mas ainda convive com o desafio de transformar teoria em pr\u00e1tica.<\/p>\n\n\n\n<h2 class=\"wp-block-heading\">Casa organizada e h\u00e1bitos di\u00e1rios<\/h2>\n\n\n\n<p>A ideia de <strong>organiza\u00e7\u00e3o dom\u00e9stica<\/strong> costuma ser associada a grandes faxinas, m\u00f3veis novos ou sistemas sofisticados de guarda, mas o que realmente sustenta um lar em ordem s\u00e3o a\u00e7\u00f5es pequenas e consistentes. Deixar roupas sobre cadeiras, acumular pap\u00e9is em mesas ou manter compras em sacolas parece inofensivo em um primeiro momento, por\u00e9m, somado dia ap\u00f3s dia, gera sensa\u00e7\u00e3o de caos visual e mental.<\/p>\n\n\n\n<p>Especialistas em organiza\u00e7\u00e3o apontam que o primeiro passo \u00e9 reconhecer que a desordem n\u00e3o \u00e9 resultado exclusivo de outras pessoas da casa, como filhos ou parceiros. No v\u00eddeo do canal @<a href=\"https:\/\/www.youtube.com\/@menoseagora\" target=\"_blank\" rel=\"noreferrer noopener\">Menos \u00e9 Agora \u00ae<\/a>, o conte\u00fado aprofunda como h\u00e1bitos cotidianos aparentemente simples sustentam a organiza\u00e7\u00e3o da casa, mostrando por que a mudan\u00e7a de comportamento \u00e9 mais eficaz do que grandes faxinas espor\u00e1dicas.<\/p>\n\n\n\n<iframe loading=\"lazy\" width=\"1013\" height=\"570\" src=\"https:\/\/www.youtube.com\/embed\/Bb2giYWWC28\" title=\"5 comportamentos que bagun\u00e7am a sua casa.\" frameborder=\"0\" allow=\"accelerometer; autoplay; clipboard-write; encrypted-media; gyroscope; picture-in-picture; web-share\" referrerpolicy=\"strict-origin-when-cross-origin\" allowfullscreen><\/iframe>\n\n\n\n<h2 class=\"wp-block-heading\">Desapego e organiza\u00e7\u00e3o da casa<\/h2>\n\n\n\n<p>Um dos fatores mais citados quando se fala em <strong>casa organizada<\/strong> \u00e9 o excesso de coisas, que dificulta tanto a arruma\u00e7\u00e3o quanto a manuten\u00e7\u00e3o da ordem no dia a dia. Quanto maior for o volume de pertences, mais desafiador se torna encontrar espa\u00e7o adequado para tudo, o que favorece pilhas, amontoados, gavetas sempre cheias e a sensa\u00e7\u00e3o constante de que \u201cfalta espa\u00e7o\u201d.<\/p>\n\n\n\n<p>Adotar o desapego como pr\u00e1tica regular tende a facilitar o processo e pode ser feito em ciclos curtos, sem depender de grandes \u201cfaxinas anuais\u201d. Para tornar essa revis\u00e3o mais objetiva, muitas pessoas passaram a classificar os itens em categorias claras, o que ajuda nas decis\u00f5es sobre o que fica e o que vai embora.<\/p>\n\n\n\n<ul class=\"wp-block-list\">\n<li><strong>Doadores<\/strong>: pe\u00e7as em bom estado que podem ser encaminhadas a familiares, amigos ou institui\u00e7\u00f5es;<\/li>\n\n\n\n<li><strong>Reciclados<\/strong>: embalagens, pap\u00e9is e materiais que n\u00e3o t\u00eam mais uso direto, mas podem ser destinados \u00e0 reciclagem;<\/li>\n\n\n\n<li><strong>Descartados<\/strong>: objetos sem utilidade, quebrados ou invi\u00e1veis de consertar;<\/li>\n\n\n\n<li><strong>Realocados<\/strong>: itens importantes que apenas estavam em locais inadequados.<\/li>\n<\/ul>\n\n\n\n<p>Leia mais: <a href=\"https:\/\/www.em.com.br\/saude\/2026\/01\/7332040-enjoo-de-movimento-tambem-pode-afetar-caes-e-gatos-durante-viagens.html\" target=\"_blank\" rel=\"noreferrer noopener\">Enjoo de movimento tamb\u00e9m pode afetar c\u00e3es e gatos durante viagens<\/a><\/p>\n\n\n\n<h2 class=\"wp-block-heading\">H\u00e1bitos que atrapalham uma casa organizada<\/h2>\n\n\n<div class=\"wp-block-image\">\n<figure class=\"aligncenter size-large\"><img loading=\"lazy\" decoding=\"async\" width=\"1024\" height=\"576\" src=\"https:\/\/www.em.com.br\/emfoco\/wp-content\/uploads\/2026\/01\/bagunca_1768490946383-1024x576.jpg\" alt=\"\" class=\"wp-image-155616\" srcset=\"https:\/\/www.em.com.br\/emfoco\/wp-content\/uploads\/2026\/01\/bagunca_1768490946383-1024x576.jpg 1024w, https:\/\/www.em.com.br\/emfoco\/wp-content\/uploads\/2026\/01\/bagunca_1768490946383-300x169.jpg 300w, https:\/\/www.em.com.br\/emfoco\/wp-content\/uploads\/2026\/01\/bagunca_1768490946383-768x432.jpg 768w, https:\/\/www.em.com.br\/emfoco\/wp-content\/uploads\/2026\/01\/bagunca_1768490946383-750x422.jpg 750w, https:\/\/www.em.com.br\/emfoco\/wp-content\/uploads\/2026\/01\/bagunca_1768490946383-1140x641.jpg 1140w, https:\/\/www.em.com.br\/emfoco\/wp-content\/uploads\/2026\/01\/bagunca_1768490946383.jpg 1280w\" sizes=\"auto, (max-width: 1024px) 100vw, 1024px\" \/><figcaption class=\"wp-element-caption\">Os h\u00e1bitos invis\u00edveis que sabotam sua casa &#8211; Cr\u00e9ditos: depositphotos.com \/ textandphoto<\/figcaption><\/figure><\/div>\n\n\n<p>Al\u00e9m do ac\u00famulo de objetos, alguns comportamentos do dia a dia se destacam como vil\u00f5es da organiza\u00e7\u00e3o da casa. Um deles \u00e9 a <strong>procrastina\u00e7\u00e3o de tarefas simples<\/strong>, como guardar lou\u00e7a, devolver livros \u00e0 estante ou dobrar roupas, que quando adiadas se acumulam e transformam minutos de cuidado em horas de esfor\u00e7o concentrado.<\/p>\n\n\n\n<p>Outro ponto sens\u00edvel \u00e9 a chamada \u201c<strong>zona de transi\u00e7\u00e3o<\/strong>\u201d, geralmente pr\u00f3xima \u00e0 porta de entrada, onde se concentram sapatos, bolsas, mochilas, chaves e correspond\u00eancias. Quando esse espa\u00e7o n\u00e3o \u00e9 planejado com recursos simples, como porta-chaves, banco com sapateira, ganchos ou uma bandeja para miudezas, o ac\u00famulo se espalha pela sala, corredores e quartos, transformando superf\u00edcies planas em pontos fixos de bagun\u00e7a.<\/p>\n\n\n\n<p>Leia mais: <a href=\"https:\/\/www.em.com.br\/saude\/2026\/01\/7332787-transtornos-mentais-sao-problemas-estruturais-e-crescentes-no-brasil.html\" target=\"_blank\" rel=\"noreferrer noopener\">Transtornos mentais s\u00e3o problemas estruturais e crescentes no Brasil<\/a><\/p>\n\n\n\n<h2 class=\"wp-block-heading\">Como tornar a rotina de organiza\u00e7\u00e3o mais pr\u00e1tica<\/h2>\n\n\n\n<p>A manuten\u00e7\u00e3o de uma <strong>casa organizada<\/strong> se torna mais leve quando a arruma\u00e7\u00e3o \u00e9 distribu\u00edda ao longo da semana, em vez de concentrada em um \u00fanico dia exaustivo. Pequenas a\u00e7\u00f5es di\u00e1rias, encaixadas em intervalos curtos, evitam ac\u00famulos e criam um fluxo constante de cuidado com o espa\u00e7o, alinhado ao ritmo real da rotina.<\/p>\n\n\n\n<p>Algumas estrat\u00e9gias simples podem ser adotadas por qualquer pessoa, adaptando o n\u00edvel de detalhe ao tamanho da casa e ao n\u00famero de moradores. A lista a seguir re\u00fane pr\u00e1ticas que ajudam a manter a ordem sem depender de grandes mutir\u00f5es, focando em ajustes consistentes e f\u00e1ceis de repetir.<\/p>\n\n\n\n<ol class=\"wp-block-list\">\n<li><strong>Definir minutos di\u00e1rios de restaura\u00e7\u00e3o<\/strong>: separar de 10 a 15 minutos por dia para guardar itens fora do lugar em um c\u00f4modo espec\u00edfico.<\/li>\n\n\n\n<li><strong>Criar rotinas de chegada e sa\u00edda<\/strong>: ao entrar em casa, direcionar imediatamente chaves, bolsa e sapatos para seus locais pr\u00e9-definidos.<\/li>\n\n\n\n<li><strong>Esvaziar sacolas assim que chegam<\/strong>: tirar compras, presentes ou correspond\u00eancias das embalagens, guardar cada item e descartar ou reutilizar as sacolas na hora.<\/li>\n\n\n\n<li><strong>Estabelecer \u201ccasas\u201d para os objetos<\/strong>: atribuir um local fixo para cada categoria, como documentos, itens de limpeza, produtos de higiene e eletr\u00f4nicos.<\/li>\n\n\n\n<li><strong>Revisar superf\u00edcies com frequ\u00eancia<\/strong>: antes de dormir, checar rapidamente mesas e bancadas e remover o que n\u00e3o pertence ali.<\/li>\n<\/ol>\n","protected":false},"excerpt":{"rendered":"<p>A casa desorganizada costuma ser associada \u00e0 falta de tempo ou ao excesso de atividades, mas, na pr\u00e1tica, a origem da bagun\u00e7a est\u00e1, na maioria, nos h\u00e1bitos di\u00e1rios. Pequenas atitudes repetidas, como largar objetos em qualquer lugar ou adiar tarefas simples, se somam e acabam comprometendo a ordem dos ambientes. Quando esses comportamentos passam a [&hellip;]<\/p>\n","protected":false},"author":20,"featured_media":155617,"comment_status":"open","ping_status":"open","sticky":false,"template":"","format":"standard","meta":{"jnews-multi-image_gallery":[],"jnews_single_post":{"format":"standard"},"jnews_primary_category":[],"jnews_social_meta":[],"jnews_override_counter":[],"footnotes":""},"categories":[8819,1],"tags":[9352,16070,9040],"class_list":["post-155552","post","type-post","status-publish","format-standard","has-post-thumbnail","hentry","category-curiosidades","category-noticias","tag-bagunca","tag-casa-organizada","tag-habitos"],"yoast_head":"<!-- This site is optimized with the Yoast SEO plugin v23.8 - https:\/\/yoast.com\/wordpress\/plugins\/seo\/ -->\n<title>A verdade desconfort\u00e1vel por tr\u00e1s da casa sempre bagun\u00e7ada - Estado de Minas - Em foco<\/title>\n<meta name=\"description\" content=\"A bagun\u00e7a n\u00e3o surge do nada. Pequenas atitudes di\u00e1rias criam o caos sem voc\u00ea perceber, e quase todo mundo repete esses erros em casa.\" \/>\n<meta name=\"robots\" content=\"index, follow, max-snippet:-1, max-image-preview:large, max-video-preview:-1\" \/>\n<link rel=\"canonical\" href=\"https:\/\/www.em.com.br\/emfoco\/2026\/01\/16\/a-verdade-desconfortavel-por-tras-da-casa-sempre-baguncada\/\" \/>\n<meta property=\"og:locale\" content=\"pt_BR\" \/>\n<meta property=\"og:type\" content=\"article\" \/>\n<meta property=\"og:title\" content=\"A verdade desconfort\u00e1vel por tr\u00e1s da casa sempre bagun\u00e7ada - Estado de Minas - Em foco\" \/>\n<meta property=\"og:description\" content=\"A bagun\u00e7a n\u00e3o surge do nada. Pequenas atitudes di\u00e1rias criam o caos sem voc\u00ea perceber, e quase todo mundo repete esses erros em casa.\" \/>\n<meta property=\"og:url\" content=\"https:\/\/www.em.com.br\/emfoco\/2026\/01\/16\/a-verdade-desconfortavel-por-tras-da-casa-sempre-baguncada\/\" \/>\n<meta property=\"og:site_name\" content=\"Estado de Minas - Em foco\" \/>\n<meta property=\"article:published_time\" content=\"2026-01-17T00:55:00+00:00\" \/>\n<meta property=\"article:modified_time\" content=\"2026-01-15T15:31:24+00:00\" \/>\n<meta property=\"og:image\" content=\"https:\/\/www.em.com.br\/emfoco\/wp-content\/uploads\/2026\/01\/bagunca_1768490885490.jpg\" \/>\n\t<meta property=\"og:image:width\" content=\"1280\" \/>\n\t<meta property=\"og:image:height\" content=\"720\" \/>\n\t<meta property=\"og:image:type\" content=\"image\/jpeg\" \/>\n<meta name=\"author\" content=\"Ingrid Diniz\" \/>\n<meta name=\"twitter:card\" content=\"summary_large_image\" \/>\n<meta name=\"twitter:label1\" content=\"Escrito por\" \/>\n\t<meta name=\"twitter:data1\" content=\"Ingrid Diniz\" \/>\n\t<meta name=\"twitter:label2\" content=\"Est. tempo de leitura\" \/>\n\t<meta name=\"twitter:data2\" content=\"5 minutos\" \/>\n<!-- \/ Yoast SEO plugin. -->","yoast_head_json":{"title":"A verdade desconfort\u00e1vel por tr\u00e1s da casa sempre bagun\u00e7ada - Estado de Minas - Em foco","description":"A bagun\u00e7a n\u00e3o surge do nada. Pequenas atitudes di\u00e1rias criam o caos sem voc\u00ea perceber, e quase todo mundo repete esses erros em casa.","robots":{"index":"index","follow":"follow","max-snippet":"max-snippet:-1","max-image-preview":"max-image-preview:large","max-video-preview":"max-video-preview:-1"},"canonical":"https:\/\/www.em.com.br\/emfoco\/2026\/01\/16\/a-verdade-desconfortavel-por-tras-da-casa-sempre-baguncada\/","og_locale":"pt_BR","og_type":"article","og_title":"A verdade desconfort\u00e1vel por tr\u00e1s da casa sempre bagun\u00e7ada - Estado de Minas - Em foco","og_description":"A bagun\u00e7a n\u00e3o surge do nada. Pequenas atitudes di\u00e1rias criam o caos sem voc\u00ea perceber, e quase todo mundo repete esses erros em casa.","og_url":"https:\/\/www.em.com.br\/emfoco\/2026\/01\/16\/a-verdade-desconfortavel-por-tras-da-casa-sempre-baguncada\/","og_site_name":"Estado de Minas - Em foco","article_published_time":"2026-01-17T00:55:00+00:00","article_modified_time":"2026-01-15T15:31:24+00:00","og_image":[{"width":1280,"height":720,"url":"https:\/\/www.em.com.br\/emfoco\/wp-content\/uploads\/2026\/01\/bagunca_1768490885490.jpg","type":"image\/jpeg"}],"author":"Ingrid Diniz","twitter_card":"summary_large_image","twitter_misc":{"Escrito por":"Ingrid Diniz","Est. tempo de leitura":"5 minutos"},"schema":{"@context":"https:\/\/schema.org","@graph":[{"@type":"WebPage","@id":"https:\/\/www.em.com.br\/emfoco\/2026\/01\/16\/a-verdade-desconfortavel-por-tras-da-casa-sempre-baguncada\/","url":"https:\/\/www.em.com.br\/emfoco\/2026\/01\/16\/a-verdade-desconfortavel-por-tras-da-casa-sempre-baguncada\/","name":"A verdade desconfort\u00e1vel por tr\u00e1s da casa sempre bagun\u00e7ada - Estado de Minas - Em foco","isPartOf":{"@id":"https:\/\/www.em.com.br\/emfoco\/#website"},"primaryImageOfPage":{"@id":"https:\/\/www.em.com.br\/emfoco\/2026\/01\/16\/a-verdade-desconfortavel-por-tras-da-casa-sempre-baguncada\/#primaryimage"},"image":{"@id":"https:\/\/www.em.com.br\/emfoco\/2026\/01\/16\/a-verdade-desconfortavel-por-tras-da-casa-sempre-baguncada\/#primaryimage"},"thumbnailUrl":"https:\/\/www.em.com.br\/emfoco\/wp-content\/uploads\/2026\/01\/bagunca_1768490885490.jpg","datePublished":"2026-01-17T00:55:00+00:00","dateModified":"2026-01-15T15:31:24+00:00","author":{"@id":"https:\/\/www.em.com.br\/emfoco\/#\/schema\/person\/649e610b4eb8fff87ff394e54fe17b2b"},"description":"A bagun\u00e7a n\u00e3o surge do nada. Pequenas atitudes di\u00e1rias criam o caos sem voc\u00ea perceber, e quase todo mundo repete esses erros em casa.","breadcrumb":{"@id":"https:\/\/www.em.com.br\/emfoco\/2026\/01\/16\/a-verdade-desconfortavel-por-tras-da-casa-sempre-baguncada\/#breadcrumb"},"inLanguage":"pt-BR","potentialAction":[{"@type":"ReadAction","target":["https:\/\/www.em.com.br\/emfoco\/2026\/01\/16\/a-verdade-desconfortavel-por-tras-da-casa-sempre-baguncada\/"]}]},{"@type":"ImageObject","inLanguage":"pt-BR","@id":"https:\/\/www.em.com.br\/emfoco\/2026\/01\/16\/a-verdade-desconfortavel-por-tras-da-casa-sempre-baguncada\/#primaryimage","url":"https:\/\/www.em.com.br\/emfoco\/wp-content\/uploads\/2026\/01\/bagunca_1768490885490.jpg","contentUrl":"https:\/\/www.em.com.br\/emfoco\/wp-content\/uploads\/2026\/01\/bagunca_1768490885490.jpg","width":1280,"height":720,"caption":"Os h\u00e1bitos invis\u00edveis que sabotam sua casa - Cr\u00e9ditos: depositphotos.com \/ AndrewLozovyi"},{"@type":"BreadcrumbList","@id":"https:\/\/www.em.com.br\/emfoco\/2026\/01\/16\/a-verdade-desconfortavel-por-tras-da-casa-sempre-baguncada\/#breadcrumb","itemListElement":[{"@type":"ListItem","position":1,"name":"In\u00edcio","item":"https:\/\/www.em.com.br\/emfoco\/"},{"@type":"ListItem","position":2,"name":"A verdade desconfort\u00e1vel por tr\u00e1s da casa sempre bagun\u00e7ada"}]},{"@type":"WebSite","@id":"https:\/\/www.em.com.br\/emfoco\/#website","url":"https:\/\/www.em.com.br\/emfoco\/","name":"Estado de Minas - Em foco","description":"Acompanhe as \u00faltimas not\u00edcias e fique bem informado sobre tudo o que acontece em Minas Gerais, Brasil e no mundo.","potentialAction":[{"@type":"SearchAction","target":{"@type":"EntryPoint","urlTemplate":"https:\/\/www.em.com.br\/emfoco\/?s={search_term_string}"},"query-input":{"@type":"PropertyValueSpecification","valueRequired":true,"valueName":"search_term_string"}}],"inLanguage":"pt-BR"},{"@type":"Person","@id":"https:\/\/www.em.com.br\/emfoco\/#\/schema\/person\/649e610b4eb8fff87ff394e54fe17b2b","name":"Ingrid Diniz","image":{"@type":"ImageObject","inLanguage":"pt-BR","@id":"https:\/\/www.em.com.br\/emfoco\/#\/schema\/person\/image\/","url":"https:\/\/secure.gravatar.com\/avatar\/a3baa1449ec5c39b4c42babc9d4f3951?s=96&d=mm&r=g","contentUrl":"https:\/\/secure.gravatar.com\/avatar\/a3baa1449ec5c39b4c42babc9d4f3951?s=96&d=mm&r=g","caption":"Ingrid Diniz"},"sameAs":["https:\/\/www.em.com.br\/"],"url":"https:\/\/www.em.com.br\/emfoco\/author\/ingridmyth\/"}]}},"_links":{"self":[{"href":"https:\/\/www.em.com.br\/emfoco\/wp-json\/wp\/v2\/posts\/155552","targetHints":{"allow":["GET"]}}],"collection":[{"href":"https:\/\/www.em.com.br\/emfoco\/wp-json\/wp\/v2\/posts"}],"about":[{"href":"https:\/\/www.em.com.br\/emfoco\/wp-json\/wp\/v2\/types\/post"}],"author":[{"embeddable":true,"href":"https:\/\/www.em.com.br\/emfoco\/wp-json\/wp\/v2\/users\/20"}],"replies":[{"embeddable":true,"href":"https:\/\/www.em.com.br\/emfoco\/wp-json\/wp\/v2\/comments?post=155552"}],"version-history":[{"count":1,"href":"https:\/\/www.em.com.br\/emfoco\/wp-json\/wp\/v2\/posts\/155552\/revisions"}],"predecessor-version":[{"id":155618,"href":"https:\/\/www.em.com.br\/emfoco\/wp-json\/wp\/v2\/posts\/155552\/revisions\/155618"}],"wp:featuredmedia":[{"embeddable":true,"href":"https:\/\/www.em.com.br\/emfoco\/wp-json\/wp\/v2\/media\/155617"}],"wp:attachment":[{"href":"https:\/\/www.em.com.br\/emfoco\/wp-json\/wp\/v2\/media?parent=155552"}],"wp:term":[{"taxonomy":"category","embeddable":true,"href":"https:\/\/www.em.com.br\/emfoco\/wp-json\/wp\/v2\/categories?post=155552"},{"taxonomy":"post_tag","embeddable":true,"href":"https:\/\/www.em.com.br\/emfoco\/wp-json\/wp\/v2\/tags?post=155552"}],"curies":[{"name":"wp","href":"https:\/\/api.w.org\/{rel}","templated":true}]}}