{"id":155548,"date":"2026-01-16T16:25:00","date_gmt":"2026-01-16T19:25:00","guid":{"rendered":"https:\/\/www.em.com.br\/emfoco\/?p=155548"},"modified":"2026-01-15T11:53:00","modified_gmt":"2026-01-15T14:53:00","slug":"voce-pode-estar-vivendo-sob-estresse-cronico-sem-perceber-veja-esses-7-sinais-que-o-corpo-da-e-voce-ignora","status":"publish","type":"post","link":"https:\/\/www.em.com.br\/emfoco\/2026\/01\/16\/voce-pode-estar-vivendo-sob-estresse-cronico-sem-perceber-veja-esses-7-sinais-que-o-corpo-da-e-voce-ignora\/","title":{"rendered":"Voc\u00ea pode estar vivendo sob estresse cr\u00f4nico sem perceber, veja esses 7 sinais que o corpo d\u00e1 e voc\u00ea ignora"},"content":{"rendered":"\n<p>O ritmo acelerado da vida moderna tem feito muitas pessoas normalizarem o cansa\u00e7o constante, as noites mal dormidas e a irrita\u00e7\u00e3o di\u00e1ria como se fossem apenas parte da rotina, quando, na verdade, esses sinais muitas vezes apontam para um quadro de <strong>estresse cr\u00f4nico<\/strong>, em que o organismo passa a funcionar quase sempre em estado de alerta, afetando a sa\u00fade f\u00edsica, emocional e at\u00e9 os relacionamentos e a qualidade de vida a longo prazo.<\/p>\n\n\n\n<h2 class=\"wp-block-heading\">O que \u00e9 estresse cr\u00f4nico e por que essa condi\u00e7\u00e3o preocupa<\/h2>\n\n\n\n<p>O <strong>estresse cr\u00f4nico<\/strong> \u00e9 a manuten\u00e7\u00e3o prolongada da resposta de alerta do organismo, com libera\u00e7\u00e3o cont\u00ednua de horm\u00f4nios como adrenalina e cortisol. Esse mecanismo, \u00fatil em situa\u00e7\u00f5es pontuais de perigo, torna-se prejudicial quando fica ativado quase o tempo todo, mesmo em atividades comuns do dia a dia. No v\u00eddeo do canal @<a href=\"https:\/\/www.youtube.com\/@tuasaude\" target=\"_blank\" rel=\"noreferrer noopener\">Tua Sa\u00fade<\/a>, s\u00e3o abordados os principais sinais do estresse cr\u00f4nico, sua rela\u00e7\u00e3o com sono, rotina e sa\u00fade emocional, al\u00e9m de orienta\u00e7\u00f5es pr\u00e1ticas para reduzir a sobrecarga di\u00e1ria.<\/p>\n\n\n\n<iframe loading=\"lazy\" width=\"1013\" height=\"570\" src=\"https:\/\/www.youtube.com\/embed\/Jlt3qfWuAYM\" title=\"Sintomas de ESTRESSE: 7 Sinais que o Corpo D\u00e1 e Voc\u00ea Ignora\" frameborder=\"0\" allow=\"accelerometer; autoplay; clipboard-write; encrypted-media; gyroscope; picture-in-picture; web-share\" referrerpolicy=\"strict-origin-when-cross-origin\" allowfullscreen><\/iframe>\n\n\n\n<p>Nesse cen\u00e1rio, o corpo passa a operar como se estivesse sempre diante de um perigo iminente, com frequ\u00eancia card\u00edaca elevada, m\u00fasculos tensionados e mente em hipervigil\u00e2ncia. Com o passar do tempo, essa sobrecarga tende a impactar sistema imunol\u00f3gico, sono, apetite e equil\u00edbrio emocional, favorecendo o surgimento de outros problemas de sa\u00fade.<\/p>\n\n\n\n<h2 class=\"wp-block-heading\">Quais s\u00e3o os principais sintomas do estresse cr\u00f4nico<\/h2>\n\n\n\n<p>Os <strong>sintomas do estresse cr\u00f4nico<\/strong> podem aparecer em diferentes \u00e1reas do corpo e da mente, geralmente de forma discreta no in\u00edcio. Entre os sinais f\u00edsicos mais comuns est\u00e3o dores de cabe\u00e7a frequentes, tens\u00e3o na nuca e nos ombros, palpita\u00e7\u00f5es, altera\u00e7\u00f5es intestinais e sensa\u00e7\u00e3o de cansa\u00e7o mesmo ap\u00f3s per\u00edodos de descanso.<\/p>\n\n\n\n<p>No campo emocional, o estresse prolongado costuma se manifestar por irritabilidade constante, impaci\u00eancia, dificuldade de concentra\u00e7\u00e3o e sensa\u00e7\u00e3o de sobrecarga. Tarefas simples dificultam-se, surgem esquecimentos, perda de interesse em lazer e tend\u00eancia ao isolamento social, o que pode prejudicar relacionamentos pessoais e profissionais.<\/p>\n\n\n\n<ul class=\"wp-block-list\">\n<li><strong>Sintomas f\u00edsicos:<\/strong> dores de cabe\u00e7a, tens\u00e3o muscular, cansa\u00e7o excessivo, altera\u00e7\u00f5es intestinais, batimentos acelerados.<\/li>\n\n\n\n<li><strong>Sintomas emocionais:<\/strong> irrita\u00e7\u00e3o frequente, ansiedade, des\u00e2nimo, dificuldade de foco.<\/li>\n\n\n\n<li><strong>Sinais comportamentais:<\/strong> isolamento, adiamento de tarefas, aumento de consumo de cafe\u00edna, \u00e1lcool ou cigarro.<\/li>\n<\/ul>\n\n\n\n<p>\u00c9 importante lembrar que sintomas semelhantes tamb\u00e9m podem estar ligados a outras condi\u00e7\u00f5es, como altera\u00e7\u00f5es hormonais, problemas de tireoide, defici\u00eancias de vitaminas ou transtornos de sa\u00fade mental. Por isso, a avalia\u00e7\u00e3o profissional \u00e9 considerada um passo fundamental para defini\u00e7\u00e3o do diagn\u00f3stico e do tratamento adequados.<\/p>\n\n\n\n<p>Leia mais: <a href=\"https:\/\/www.em.com.br\/saude\/2026\/01\/7328564-por-que-a-luz-do-sol-melhora-o-humor-e-faz-tanta-diferenca-para-a-saude-mental.html\" target=\"_blank\" rel=\"noreferrer noopener\">Por que a luz do sol melhora o humor e faz tanta diferen\u00e7a para a sa\u00fade mental<\/a><\/p>\n\n\n\n<h2 class=\"wp-block-heading\">Qual \u00e9 a rela\u00e7\u00e3o entre sono e estresse cr\u00f4nico<\/h2>\n\n\n\n<p>O <strong>sono de qualidade<\/strong> \u00e9 um dos principais reguladores do equil\u00edbrio f\u00edsico e emocional, pois durante a noite ocorrem repara\u00e7\u00e3o muscular, consolida\u00e7\u00e3o da mem\u00f3ria e regula\u00e7\u00e3o hormonal. Quando a pessoa dorme pouco ou de forma fragmentada, o corpo permanece em estado de cansa\u00e7o, favorecendo o aumento do cortisol e mantendo o ciclo do estresse ativo.<\/p>\n\n\n\n<p>Rotinas irregulares, hor\u00e1rios muito vari\u00e1veis para dormir e acordar e uso prolongado de telas antes de deitar prejudicam o adormecer e a profundidade do sono. A luz de celulares, tablets e computadores interfere na produ\u00e7\u00e3o de melatonina, e muitas pessoas acabam recorrendo a rem\u00e9dios para dormir sem ajustar a rotina, o que mant\u00e9m o problema de fundo.<\/p>\n\n\n\n<ol class=\"wp-block-list\">\n<li>Definir um hor\u00e1rio aproximado para ir para a cama e acordar, inclusive aos fins de semana.<\/li>\n\n\n\n<li>Reduzir o uso de telas pelo menos 1 hora antes de dormir.<\/li>\n\n\n\n<li>Priorizar atividades relaxantes, como leitura leve ou \u00e1udios tranquilos.<\/li>\n\n\n\n<li>Evitar refei\u00e7\u00f5es muito pesadas e abundantes de cafe\u00edna \u00e0 noite.<\/li>\n<\/ol>\n\n\n\n<h2 class=\"wp-block-heading\">Quais estrat\u00e9gias pr\u00e1ticas ajudam a aliviar o estresse di\u00e1rio<\/h2>\n\n\n<div class=\"wp-block-image\">\n<figure class=\"aligncenter size-large\"><img loading=\"lazy\" decoding=\"async\" width=\"1024\" height=\"576\" src=\"https:\/\/www.em.com.br\/emfoco\/wp-content\/uploads\/2026\/01\/respiracao-consciente_1768488732807-1024x576.jpg\" alt=\"\" class=\"wp-image-155575\" srcset=\"https:\/\/www.em.com.br\/emfoco\/wp-content\/uploads\/2026\/01\/respiracao-consciente_1768488732807-1024x576.jpg 1024w, https:\/\/www.em.com.br\/emfoco\/wp-content\/uploads\/2026\/01\/respiracao-consciente_1768488732807-300x169.jpg 300w, https:\/\/www.em.com.br\/emfoco\/wp-content\/uploads\/2026\/01\/respiracao-consciente_1768488732807-768x432.jpg 768w, https:\/\/www.em.com.br\/emfoco\/wp-content\/uploads\/2026\/01\/respiracao-consciente_1768488732807-750x422.jpg 750w, https:\/\/www.em.com.br\/emfoco\/wp-content\/uploads\/2026\/01\/respiracao-consciente_1768488732807-1140x641.jpg 1140w, https:\/\/www.em.com.br\/emfoco\/wp-content\/uploads\/2026\/01\/respiracao-consciente_1768488732807.jpg 1280w\" sizes=\"auto, (max-width: 1024px) 100vw, 1024px\" \/><figcaption class=\"wp-element-caption\">Quando o cansa\u00e7o deixa de ser normal &#8211; Cr\u00e9ditos: depositphotos.com \/ ZigicDrazen<\/figcaption><\/figure><\/div>\n\n\n<p>O enfrentamento do <strong>estresse di\u00e1rio<\/strong> costuma envolver mudan\u00e7as graduais na rotina, com pequenas a\u00e7\u00f5es repetidas com consist\u00eancia. A pr\u00e1tica de atividade f\u00edsica regular, mesmo leve ou moderada, como caminhar, pedalar ou alongar, auxilia na libera\u00e7\u00e3o de subst\u00e2ncias ligadas ao bem-estar e no equil\u00edbrio dos horm\u00f4nios do estresse.<\/p>\n\n\n\n<p>A respira\u00e7\u00e3o consciente \u00e9 um recurso simples que pode ser usado em qualquer lugar, ajudando a reduzir a frequ\u00eancia card\u00edaca e a sinalizar ao c\u00e9rebro que n\u00e3o h\u00e1 perigo imediato. Aliada a isso, uma alimenta\u00e7\u00e3o variada, rica em frutas, verduras, prote\u00ednas e alimentos com triptofano, colabora para o bom funcionamento do sistema nervoso e para maior estabilidade emocional.<\/p>\n\n\n\n<p>Leia mais: <a href=\"https:\/\/www.em.com.br\/saude\/2026\/01\/7333407-o-que-significa-nao-sentir-sede-e-por-que-esse-sinal-do-corpo-nao-deve-ser-ignorado.html\" target=\"_blank\" rel=\"noreferrer noopener\">O que significa n\u00e3o sentir sede e por que esse sinal do corpo n\u00e3o deve ser ignorado<\/a><\/p>\n\n\n\n<h2 class=\"wp-block-heading\">Quando buscar ajuda profissional para lidar com o estresse<\/h2>\n\n\n\n<p>A <strong>busca de apoio profissional<\/strong> \u00e9 recomendada quando os sintomas de estresse cr\u00f4nico come\u00e7am a afetar desempenho no trabalho, nos estudos, nos relacionamentos ou na sa\u00fade geral. Psic\u00f3logos, psiquiatras e outros profissionais podem auxiliar na identifica\u00e7\u00e3o das causas, na diferencia\u00e7\u00e3o em rela\u00e7\u00e3o a outros transtornos e na defini\u00e7\u00e3o de estrat\u00e9gias terap\u00eauticas adequadas.<\/p>\n\n\n\n<p>Em 2025, observa-se maior oferta de atendimentos presenciais e online, o que facilita o acesso a acompanhamento especializado e interdisciplinar. A avalia\u00e7\u00e3o cl\u00ednica tamb\u00e9m \u00e9 importante para investigar doen\u00e7as associadas, como depress\u00e3o, transtornos de ansiedade ou altera\u00e7\u00f5es hormonais, ajudando a reconhecer limites do pr\u00f3prio corpo e a respeitar sinais que ele emite para preservar a qualidade de vida.<\/p>\n","protected":false},"excerpt":{"rendered":"<p>O ritmo acelerado da vida moderna tem feito muitas pessoas normalizarem o cansa\u00e7o constante, as noites mal dormidas e a irrita\u00e7\u00e3o di\u00e1ria como se fossem apenas parte da rotina, quando, na verdade, esses sinais muitas vezes apontam para um quadro de estresse cr\u00f4nico, em que o organismo passa a funcionar quase sempre em estado de [&hellip;]<\/p>\n","protected":false},"author":20,"featured_media":152393,"comment_status":"open","ping_status":"open","sticky":false,"template":"","format":"standard","meta":{"jnews-multi-image_gallery":[],"jnews_single_post":{"format":"standard"},"jnews_primary_category":[],"jnews_social_meta":[],"jnews_override_counter":[],"footnotes":""},"categories":[8819,1],"tags":[6131,22075,22725],"class_list":["post-155548","post","type-post","status-publish","format-standard","has-post-thumbnail","hentry","category-curiosidades","category-noticias","tag-cansaco","tag-estresse-cronico","tag-rotina-exaustiva"],"yoast_head":"<!-- This site is optimized with the Yoast SEO plugin v23.8 - https:\/\/yoast.com\/wordpress\/plugins\/seo\/ -->\n<title>Voc\u00ea pode estar vivendo sob estresse cr\u00f4nico sem perceber, veja esses 7 sinais que o corpo d\u00e1 e voc\u00ea ignora - Estado de Minas - Em foco<\/title>\n<meta name=\"description\" content=\"Cansa\u00e7o constante, irrita\u00e7\u00e3o e noites ruins podem n\u00e3o ser s\u00f3 rotina. Entenda o que o estresse cr\u00f4nico faz com o corpo.\" \/>\n<meta name=\"robots\" content=\"index, follow, max-snippet:-1, max-image-preview:large, max-video-preview:-1\" \/>\n<link rel=\"canonical\" href=\"https:\/\/www.em.com.br\/emfoco\/2026\/01\/16\/voce-pode-estar-vivendo-sob-estresse-cronico-sem-perceber-veja-esses-7-sinais-que-o-corpo-da-e-voce-ignora\/\" \/>\n<meta property=\"og:locale\" content=\"pt_BR\" \/>\n<meta property=\"og:type\" content=\"article\" \/>\n<meta property=\"og:title\" content=\"Voc\u00ea pode estar vivendo sob estresse cr\u00f4nico sem perceber, veja esses 7 sinais que o corpo d\u00e1 e voc\u00ea ignora - Estado de Minas - Em foco\" \/>\n<meta property=\"og:description\" content=\"Cansa\u00e7o constante, irrita\u00e7\u00e3o e noites ruins podem n\u00e3o ser s\u00f3 rotina. Entenda o que o estresse cr\u00f4nico faz com o corpo.\" \/>\n<meta property=\"og:url\" content=\"https:\/\/www.em.com.br\/emfoco\/2026\/01\/16\/voce-pode-estar-vivendo-sob-estresse-cronico-sem-perceber-veja-esses-7-sinais-que-o-corpo-da-e-voce-ignora\/\" \/>\n<meta property=\"og:site_name\" content=\"Estado de Minas - Em foco\" \/>\n<meta property=\"article:published_time\" content=\"2026-01-16T19:25:00+00:00\" \/>\n<meta property=\"article:modified_time\" content=\"2026-01-15T14:53:00+00:00\" \/>\n<meta property=\"og:image\" content=\"https:\/\/www.em.com.br\/emfoco\/wp-content\/uploads\/2026\/01\/cansaco_1767890755683.jpg\" \/>\n\t<meta property=\"og:image:width\" content=\"1280\" \/>\n\t<meta property=\"og:image:height\" content=\"720\" \/>\n\t<meta property=\"og:image:type\" content=\"image\/jpeg\" \/>\n<meta name=\"author\" content=\"Ingrid Diniz\" \/>\n<meta name=\"twitter:card\" content=\"summary_large_image\" \/>\n<meta name=\"twitter:label1\" content=\"Escrito por\" \/>\n\t<meta name=\"twitter:data1\" content=\"Ingrid Diniz\" \/>\n\t<meta name=\"twitter:label2\" content=\"Est. tempo de leitura\" \/>\n\t<meta name=\"twitter:data2\" content=\"6 minutos\" \/>\n<!-- \/ Yoast SEO plugin. -->","yoast_head_json":{"title":"Voc\u00ea pode estar vivendo sob estresse cr\u00f4nico sem perceber, veja esses 7 sinais que o corpo d\u00e1 e voc\u00ea ignora - Estado de Minas - Em foco","description":"Cansa\u00e7o constante, irrita\u00e7\u00e3o e noites ruins podem n\u00e3o ser s\u00f3 rotina. Entenda o que o estresse cr\u00f4nico faz com o corpo.","robots":{"index":"index","follow":"follow","max-snippet":"max-snippet:-1","max-image-preview":"max-image-preview:large","max-video-preview":"max-video-preview:-1"},"canonical":"https:\/\/www.em.com.br\/emfoco\/2026\/01\/16\/voce-pode-estar-vivendo-sob-estresse-cronico-sem-perceber-veja-esses-7-sinais-que-o-corpo-da-e-voce-ignora\/","og_locale":"pt_BR","og_type":"article","og_title":"Voc\u00ea pode estar vivendo sob estresse cr\u00f4nico sem perceber, veja esses 7 sinais que o corpo d\u00e1 e voc\u00ea ignora - Estado de Minas - Em foco","og_description":"Cansa\u00e7o constante, irrita\u00e7\u00e3o e noites ruins podem n\u00e3o ser s\u00f3 rotina. Entenda o que o estresse cr\u00f4nico faz com o corpo.","og_url":"https:\/\/www.em.com.br\/emfoco\/2026\/01\/16\/voce-pode-estar-vivendo-sob-estresse-cronico-sem-perceber-veja-esses-7-sinais-que-o-corpo-da-e-voce-ignora\/","og_site_name":"Estado de Minas - Em foco","article_published_time":"2026-01-16T19:25:00+00:00","article_modified_time":"2026-01-15T14:53:00+00:00","og_image":[{"width":1280,"height":720,"url":"https:\/\/www.em.com.br\/emfoco\/wp-content\/uploads\/2026\/01\/cansaco_1767890755683.jpg","type":"image\/jpeg"}],"author":"Ingrid Diniz","twitter_card":"summary_large_image","twitter_misc":{"Escrito por":"Ingrid Diniz","Est. tempo de leitura":"6 minutos"},"schema":{"@context":"https:\/\/schema.org","@graph":[{"@type":"WebPage","@id":"https:\/\/www.em.com.br\/emfoco\/2026\/01\/16\/voce-pode-estar-vivendo-sob-estresse-cronico-sem-perceber-veja-esses-7-sinais-que-o-corpo-da-e-voce-ignora\/","url":"https:\/\/www.em.com.br\/emfoco\/2026\/01\/16\/voce-pode-estar-vivendo-sob-estresse-cronico-sem-perceber-veja-esses-7-sinais-que-o-corpo-da-e-voce-ignora\/","name":"Voc\u00ea pode estar vivendo sob estresse cr\u00f4nico sem perceber, veja esses 7 sinais que o corpo d\u00e1 e voc\u00ea ignora - Estado de Minas - Em foco","isPartOf":{"@id":"https:\/\/www.em.com.br\/emfoco\/#website"},"primaryImageOfPage":{"@id":"https:\/\/www.em.com.br\/emfoco\/2026\/01\/16\/voce-pode-estar-vivendo-sob-estresse-cronico-sem-perceber-veja-esses-7-sinais-que-o-corpo-da-e-voce-ignora\/#primaryimage"},"image":{"@id":"https:\/\/www.em.com.br\/emfoco\/2026\/01\/16\/voce-pode-estar-vivendo-sob-estresse-cronico-sem-perceber-veja-esses-7-sinais-que-o-corpo-da-e-voce-ignora\/#primaryimage"},"thumbnailUrl":"https:\/\/www.em.com.br\/emfoco\/wp-content\/uploads\/2026\/01\/cansaco_1767890755683.jpg","datePublished":"2026-01-16T19:25:00+00:00","dateModified":"2026-01-15T14:53:00+00:00","author":{"@id":"https:\/\/www.em.com.br\/emfoco\/#\/schema\/person\/649e610b4eb8fff87ff394e54fe17b2b"},"description":"Cansa\u00e7o constante, irrita\u00e7\u00e3o e noites ruins podem n\u00e3o ser s\u00f3 rotina. Entenda o que o estresse cr\u00f4nico faz com o corpo.","breadcrumb":{"@id":"https:\/\/www.em.com.br\/emfoco\/2026\/01\/16\/voce-pode-estar-vivendo-sob-estresse-cronico-sem-perceber-veja-esses-7-sinais-que-o-corpo-da-e-voce-ignora\/#breadcrumb"},"inLanguage":"pt-BR","potentialAction":[{"@type":"ReadAction","target":["https:\/\/www.em.com.br\/emfoco\/2026\/01\/16\/voce-pode-estar-vivendo-sob-estresse-cronico-sem-perceber-veja-esses-7-sinais-que-o-corpo-da-e-voce-ignora\/"]}]},{"@type":"ImageObject","inLanguage":"pt-BR","@id":"https:\/\/www.em.com.br\/emfoco\/2026\/01\/16\/voce-pode-estar-vivendo-sob-estresse-cronico-sem-perceber-veja-esses-7-sinais-que-o-corpo-da-e-voce-ignora\/#primaryimage","url":"https:\/\/www.em.com.br\/emfoco\/wp-content\/uploads\/2026\/01\/cansaco_1767890755683.jpg","contentUrl":"https:\/\/www.em.com.br\/emfoco\/wp-content\/uploads\/2026\/01\/cansaco_1767890755683.jpg","width":1280,"height":720,"caption":"Vitamina B12 baixa pode explicar seu cansa\u00e7o - Cr\u00e9ditos: depositphotos.com \/ HayDmitriy"},{"@type":"BreadcrumbList","@id":"https:\/\/www.em.com.br\/emfoco\/2026\/01\/16\/voce-pode-estar-vivendo-sob-estresse-cronico-sem-perceber-veja-esses-7-sinais-que-o-corpo-da-e-voce-ignora\/#breadcrumb","itemListElement":[{"@type":"ListItem","position":1,"name":"In\u00edcio","item":"https:\/\/www.em.com.br\/emfoco\/"},{"@type":"ListItem","position":2,"name":"Voc\u00ea pode estar vivendo sob estresse cr\u00f4nico sem perceber, veja esses 7 sinais que o corpo d\u00e1 e voc\u00ea ignora"}]},{"@type":"WebSite","@id":"https:\/\/www.em.com.br\/emfoco\/#website","url":"https:\/\/www.em.com.br\/emfoco\/","name":"Estado de Minas - Em foco","description":"Acompanhe as \u00faltimas not\u00edcias e fique bem informado sobre tudo o que acontece em Minas Gerais, Brasil e no mundo.","potentialAction":[{"@type":"SearchAction","target":{"@type":"EntryPoint","urlTemplate":"https:\/\/www.em.com.br\/emfoco\/?s={search_term_string}"},"query-input":{"@type":"PropertyValueSpecification","valueRequired":true,"valueName":"search_term_string"}}],"inLanguage":"pt-BR"},{"@type":"Person","@id":"https:\/\/www.em.com.br\/emfoco\/#\/schema\/person\/649e610b4eb8fff87ff394e54fe17b2b","name":"Ingrid Diniz","image":{"@type":"ImageObject","inLanguage":"pt-BR","@id":"https:\/\/www.em.com.br\/emfoco\/#\/schema\/person\/image\/","url":"https:\/\/secure.gravatar.com\/avatar\/a3baa1449ec5c39b4c42babc9d4f3951?s=96&d=mm&r=g","contentUrl":"https:\/\/secure.gravatar.com\/avatar\/a3baa1449ec5c39b4c42babc9d4f3951?s=96&d=mm&r=g","caption":"Ingrid Diniz"},"sameAs":["https:\/\/www.em.com.br\/"],"url":"https:\/\/www.em.com.br\/emfoco\/author\/ingridmyth\/"}]}},"_links":{"self":[{"href":"https:\/\/www.em.com.br\/emfoco\/wp-json\/wp\/v2\/posts\/155548","targetHints":{"allow":["GET"]}}],"collection":[{"href":"https:\/\/www.em.com.br\/emfoco\/wp-json\/wp\/v2\/posts"}],"about":[{"href":"https:\/\/www.em.com.br\/emfoco\/wp-json\/wp\/v2\/types\/post"}],"author":[{"embeddable":true,"href":"https:\/\/www.em.com.br\/emfoco\/wp-json\/wp\/v2\/users\/20"}],"replies":[{"embeddable":true,"href":"https:\/\/www.em.com.br\/emfoco\/wp-json\/wp\/v2\/comments?post=155548"}],"version-history":[{"count":1,"href":"https:\/\/www.em.com.br\/emfoco\/wp-json\/wp\/v2\/posts\/155548\/revisions"}],"predecessor-version":[{"id":155577,"href":"https:\/\/www.em.com.br\/emfoco\/wp-json\/wp\/v2\/posts\/155548\/revisions\/155577"}],"wp:featuredmedia":[{"embeddable":true,"href":"https:\/\/www.em.com.br\/emfoco\/wp-json\/wp\/v2\/media\/152393"}],"wp:attachment":[{"href":"https:\/\/www.em.com.br\/emfoco\/wp-json\/wp\/v2\/media?parent=155548"}],"wp:term":[{"taxonomy":"category","embeddable":true,"href":"https:\/\/www.em.com.br\/emfoco\/wp-json\/wp\/v2\/categories?post=155548"},{"taxonomy":"post_tag","embeddable":true,"href":"https:\/\/www.em.com.br\/emfoco\/wp-json\/wp\/v2\/tags?post=155548"}],"curies":[{"name":"wp","href":"https:\/\/api.w.org\/{rel}","templated":true}]}}