{"id":155541,"date":"2026-01-18T19:35:00","date_gmt":"2026-01-18T22:35:00","guid":{"rendered":"https:\/\/www.em.com.br\/emfoco\/?p=155541"},"modified":"2026-01-15T12:09:33","modified_gmt":"2026-01-15T15:09:33","slug":"shopping-e-vendido-por-us-127-milhoes-apos-30-anos-e-sera-demolido-para-dar-lugar-a-mega-distrito-urbano-com-moradia-trabalho-e-lazer","status":"publish","type":"post","link":"https:\/\/www.em.com.br\/emfoco\/2026\/01\/18\/shopping-e-vendido-por-us-127-milhoes-apos-30-anos-e-sera-demolido-para-dar-lugar-a-mega-distrito-urbano-com-moradia-trabalho-e-lazer\/","title":{"rendered":"Shopping \u00e9 vendido por US$ 127 milh\u00f5es ap\u00f3s 30 anos e ser\u00e1 demolido para dar lugar a mega distrito urbano com moradia, trabalho e lazer"},"content":{"rendered":"\n<h2 class=\"wp-block-heading\">A venda de um shopping em Buenos Aires por US$ 127 milh\u00f5es marca, em 2026, a transi\u00e7\u00e3o do varejo fechado para mega distritos urbanos, com uso misto, integra\u00e7\u00e3o residencial, trabalho, lazer e maior valoriza\u00e7\u00e3o cont\u00ednua do solo.<\/h2>\n\n\n\n<p>A venda de um shopping ic\u00f4nico de <strong>Buenos Aires<\/strong> por <strong>US$ 127 milh\u00f5es<\/strong> ap\u00f3s 30 anos de opera\u00e7\u00e3o simboliza a virada do varejo f\u00edsico em 2026, marcada pela substitui\u00e7\u00e3o de centros fechados por projetos urbanos integrados que unem moradia, trabalho, lazer e servi\u00e7os.<\/p>\n\n\n\n<h2 class=\"wp-block-heading\">Por que o fechamento desse shopping representa uma mudan\u00e7a urbana?<\/h2>\n\n\n\n<p>O encerramento das atividades marca o esgotamento do <strong>modelo tradicional de shopping center<\/strong>, baseado em grandes caixas fechadas, dependentes de carro e consumo pontual, cada vez menos alinhadas aos h\u00e1bitos urbanos contempor\u00e2neos.<\/p>\n\n\n\n<p>Ao dar lugar a um projeto de uso misto, o terreno passa a gerar <strong>valor urbano cont\u00ednuo<\/strong>, com circula\u00e7\u00e3o di\u00e1ria de moradores, trabalhadores e visitantes, transformando um polo de consumo isolado em parte viva da cidade.<\/p>\n\n\n\n<figure class=\"wp-block-image size-large\"><img loading=\"lazy\" decoding=\"async\" width=\"1024\" height=\"576\" src=\"https:\/\/www.em.com.br\/emfoco\/wp-content\/uploads\/2026\/01\/AIAI-3-29-1024x576.jpg\" alt=\"Shopping \u00e9 vendido por US$ 127 milh\u00f5es ap\u00f3s 30 anos e ser\u00e1 demolido para dar lugar a mega distrito urbano com moradia, trabalho e lazer\" class=\"wp-image-155602\" srcset=\"https:\/\/www.em.com.br\/emfoco\/wp-content\/uploads\/2026\/01\/AIAI-3-29-1024x576.jpg 1024w, https:\/\/www.em.com.br\/emfoco\/wp-content\/uploads\/2026\/01\/AIAI-3-29-300x169.jpg 300w, https:\/\/www.em.com.br\/emfoco\/wp-content\/uploads\/2026\/01\/AIAI-3-29-768x432.jpg 768w, https:\/\/www.em.com.br\/emfoco\/wp-content\/uploads\/2026\/01\/AIAI-3-29-750x422.jpg 750w, https:\/\/www.em.com.br\/emfoco\/wp-content\/uploads\/2026\/01\/AIAI-3-29-1140x641.jpg 1140w, https:\/\/www.em.com.br\/emfoco\/wp-content\/uploads\/2026\/01\/AIAI-3-29.jpg 1280w\" sizes=\"auto, (max-width: 1024px) 100vw, 1024px\" \/><figcaption class=\"wp-element-caption\">Encerramento exp\u00f5e esgotamento do shopping fechado e dependente de carros<\/figcaption><\/figure>\n\n\n\n<h2 class=\"wp-block-heading\">O que \u00e9 um mega distrito e como ele funciona?<\/h2>\n\n\n\n<p>O conceito de mega distrito prop\u00f5e a cria\u00e7\u00e3o de uma \u201cmini cidade\u201d integrada ao entorno, combinando fun\u00e7\u00f5es urbanas diversas em um mesmo espa\u00e7o, com planejamento orientado \u00e0 conviv\u00eancia e \u00e0 mobilidade. Entre os pilares desse modelo, est\u00e3o os pontos a seguir.<\/p>\n\n\n\n<ul class=\"wp-block-list\">\n<li><strong>Integra\u00e7\u00e3o residencial<\/strong>, com apartamentos e est\u00fadios pr\u00f3ximos ao trabalho.<\/li>\n\n\n\n<li><strong>\u00c1reas verdes e lazer<\/strong>, substituindo estacionamentos por espa\u00e7os p\u00fablicos.<\/li>\n\n\n\n<li><strong>Varejo de rua<\/strong>, conectado \u00e0 cal\u00e7ada e \u00e0 vida urbana.<\/li>\n<\/ul>\n\n\n\n<h2 class=\"wp-block-heading\">Por que o modelo tradicional de shopping perdeu for\u00e7a?<\/h2>\n\n\n\n<p>A expans\u00e3o do<strong><a href=\"https:\/\/www.checkcommerce.com.br\/blogs\/noticias\/porque-o-e-commerce-nao-vai-acabar-com-a-loja-fisica?srsltid=AfmBOop6uRwcmX3bDrdBS9nSPShVdI2tTKSunrduk-gAe-Nx651BOGIX\" target=\"_blank\" rel=\"noreferrer noopener\"> e-commerce reduziu a necessidade de lojas f\u00edsicas<\/a><\/strong> para compras recorrentes, enfraquecendo o papel dos shoppings como destino obrigat\u00f3rio de consumo di\u00e1rio.<\/p>\n\n\n\n<p>Somam-se a isso a busca por <strong>densidade urbana eficiente<\/strong> e a prefer\u00eancia das novas gera\u00e7\u00f5es por ambientes abertos, aut\u00eanticos e multifuncionais, tornando grandes \u00e1reas fechadas menos atraentes e financeiramente subutilizadas.<\/p>\n\n\n\n<figure class=\"wp-block-image size-large\"><img loading=\"lazy\" decoding=\"async\" width=\"1024\" height=\"576\" src=\"https:\/\/www.em.com.br\/emfoco\/wp-content\/uploads\/2026\/01\/AIAI-4-28-1024x576.jpg\" alt=\"Shopping \u00e9 vendido por US$ 127 milh\u00f5es ap\u00f3s 30 anos e ser\u00e1 demolido para dar lugar a mega distrito urbano com moradia, trabalho e lazer\" class=\"wp-image-155603\" srcset=\"https:\/\/www.em.com.br\/emfoco\/wp-content\/uploads\/2026\/01\/AIAI-4-28-1024x576.jpg 1024w, https:\/\/www.em.com.br\/emfoco\/wp-content\/uploads\/2026\/01\/AIAI-4-28-300x169.jpg 300w, https:\/\/www.em.com.br\/emfoco\/wp-content\/uploads\/2026\/01\/AIAI-4-28-768x432.jpg 768w, https:\/\/www.em.com.br\/emfoco\/wp-content\/uploads\/2026\/01\/AIAI-4-28-750x422.jpg 750w, https:\/\/www.em.com.br\/emfoco\/wp-content\/uploads\/2026\/01\/AIAI-4-28-1140x641.jpg 1140w, https:\/\/www.em.com.br\/emfoco\/wp-content\/uploads\/2026\/01\/AIAI-4-28.jpg 1280w\" sizes=\"auto, (max-width: 1024px) 100vw, 1024px\" \/><figcaption class=\"wp-element-caption\">E-commerce e prefer\u00eancias geracionais reduziram atratividade do modelo tradicional<\/figcaption><\/figure>\n\n\n\n<p><em>Leia mais: <em><strong><a href=\"https:\/\/www.em.com.br\/emfoco\/2026\/01\/15\/nova-regra-permite-contratar-mais-de-um-financiamento-imobiliario-e-libera-credito-mesmo-para-quem-ja-tem-imovel\/\" target=\"_blank\" rel=\"noreferrer noopener\">Nova regra permite contratar mais de um financiamento imobili\u00e1rio e libera cr\u00e9dito mesmo para quem j\u00e1 tem im\u00f3vel<\/a><\/strong><\/em><\/em><\/p>\n\n\n\n<h2 class=\"wp-block-heading\">Como os mega distritos impactam o mercado imobili\u00e1rio e a infraestrutura?<\/h2>\n\n\n\n<p>Projetos desse tipo redefinem o valor do solo urbano e exigem solu\u00e7\u00f5es modernas de infraestrutura para sustentar usos simult\u00e2neos e permanentes ao longo do dia. Entre os impactos mais relevantes, destacam-se os seguintes.<\/p>\n\n\n\n<ul class=\"wp-block-list\">\n<li><strong>Redes el\u00e9tricas inteligentes<\/strong>, capazes de equilibrar consumo residencial e corporativo.<\/li>\n\n\n\n<li><strong>Mobilidade sustent\u00e1vel<\/strong>, com foco em transporte p\u00fablico e ve\u00edculos el\u00e9tricos.<\/li>\n\n\n\n<li><strong>Constru\u00e7\u00e3o de baixo carbono<\/strong>, alinhada a metas ambientais urbanas.<\/li>\n<\/ul>\n\n\n\n<h2 class=\"wp-block-heading\">Por que a venda por US$ 127 milh\u00f5es sinaliza o futuro das cidades?<\/h2>\n\n\n\n<p>O valor pago demonstra que terrenos ocupados por shoppings t\u00eam <strong>potencial econ\u00f4mico muito maior<\/strong> quando convertidos em distritos vivos, produtivos e conectados \u00e0 malha urbana existente.<\/p>\n\n\n\n<p>Mais do que o fim de um centro comercial, o neg\u00f3cio representa a <strong>evolu\u00e7\u00e3o do planejamento urbano<\/strong>, no qual cidades passam a priorizar integra\u00e7\u00e3o, sustentabilidade e uso cont\u00ednuo do espa\u00e7o ao inv\u00e9s de polos isolados de consumo.<\/p>\n","protected":false},"excerpt":{"rendered":"<p>A venda de um shopping em Buenos Aires por US$ 127 milh\u00f5es marca, em 2026, a transi\u00e7\u00e3o do varejo fechado para mega distritos urbanos, com uso misto, integra\u00e7\u00e3o residencial, trabalho, lazer e maior valoriza\u00e7\u00e3o cont\u00ednua do solo. A venda de um shopping ic\u00f4nico de Buenos Aires por US$ 127 milh\u00f5es ap\u00f3s 30 anos de opera\u00e7\u00e3o [&hellip;]<\/p>\n","protected":false},"author":13,"featured_media":155601,"comment_status":"open","ping_status":"open","sticky":false,"template":"","format":"standard","meta":{"jnews-multi-image_gallery":[],"jnews_single_post":{"format":"standard"},"jnews_primary_category":[],"jnews_social_meta":[],"jnews_override_counter":[],"footnotes":""},"categories":[28],"tags":[15552,22739],"class_list":["post-155541","post","type-post","status-publish","format-standard","has-post-thumbnail","hentry","category-economia","tag-shopping","tag-venda-de-shopping"],"yoast_head":"<!-- This site is optimized with the Yoast SEO plugin v23.8 - https:\/\/yoast.com\/wordpress\/plugins\/seo\/ -->\n<title>Shopping \u00e9 vendido por US$ 127 milh\u00f5es ap\u00f3s 30 anos e ser\u00e1 demolido para dar lugar a mega distrito urbano com moradia, trabalho e lazer - Estado de Minas - Em foco<\/title>\n<meta name=\"description\" content=\"Shopping \u00e9 vendido por US$ 127 milh\u00f5es e ser\u00e1 substitu\u00eddo por mega distrito urbano com moradia, lazer, trabalho e com\u00e9rcio de rua.\" \/>\n<meta name=\"robots\" content=\"index, follow, max-snippet:-1, max-image-preview:large, max-video-preview:-1\" \/>\n<link rel=\"canonical\" href=\"https:\/\/www.em.com.br\/emfoco\/2026\/01\/18\/shopping-e-vendido-por-us-127-milhoes-apos-30-anos-e-sera-demolido-para-dar-lugar-a-mega-distrito-urbano-com-moradia-trabalho-e-lazer\/\" \/>\n<meta property=\"og:locale\" content=\"pt_BR\" \/>\n<meta property=\"og:type\" content=\"article\" \/>\n<meta property=\"og:title\" content=\"Shopping \u00e9 vendido por US$ 127 milh\u00f5es ap\u00f3s 30 anos e ser\u00e1 demolido para dar lugar a mega distrito urbano com moradia, trabalho e lazer - Estado de Minas - Em foco\" \/>\n<meta property=\"og:description\" content=\"Shopping \u00e9 vendido por US$ 127 milh\u00f5es e ser\u00e1 substitu\u00eddo por mega distrito urbano com moradia, lazer, trabalho e com\u00e9rcio de rua.\" \/>\n<meta property=\"og:url\" content=\"https:\/\/www.em.com.br\/emfoco\/2026\/01\/18\/shopping-e-vendido-por-us-127-milhoes-apos-30-anos-e-sera-demolido-para-dar-lugar-a-mega-distrito-urbano-com-moradia-trabalho-e-lazer\/\" \/>\n<meta property=\"og:site_name\" content=\"Estado de Minas - Em foco\" \/>\n<meta property=\"article:published_time\" content=\"2026-01-18T22:35:00+00:00\" \/>\n<meta property=\"article:modified_time\" content=\"2026-01-15T15:09:33+00:00\" \/>\n<meta property=\"og:image\" content=\"https:\/\/www.em.com.br\/emfoco\/wp-content\/uploads\/2026\/01\/AIAI-2-31.jpg\" \/>\n\t<meta property=\"og:image:width\" content=\"1280\" \/>\n\t<meta property=\"og:image:height\" content=\"720\" \/>\n\t<meta property=\"og:image:type\" content=\"image\/jpeg\" \/>\n<meta name=\"author\" content=\"Gabriel Martins\" \/>\n<meta name=\"twitter:card\" content=\"summary_large_image\" \/>\n<meta name=\"twitter:label1\" content=\"Escrito por\" \/>\n\t<meta name=\"twitter:data1\" content=\"Gabriel Martins\" \/>\n\t<meta name=\"twitter:label2\" content=\"Est. tempo de leitura\" \/>\n\t<meta name=\"twitter:data2\" content=\"4 minutos\" \/>\n<!-- \/ Yoast SEO plugin. -->","yoast_head_json":{"title":"Shopping \u00e9 vendido por US$ 127 milh\u00f5es ap\u00f3s 30 anos e ser\u00e1 demolido para dar lugar a mega distrito urbano com moradia, trabalho e lazer - Estado de Minas - Em foco","description":"Shopping \u00e9 vendido por US$ 127 milh\u00f5es e ser\u00e1 substitu\u00eddo por mega distrito urbano com moradia, lazer, trabalho e com\u00e9rcio de rua.","robots":{"index":"index","follow":"follow","max-snippet":"max-snippet:-1","max-image-preview":"max-image-preview:large","max-video-preview":"max-video-preview:-1"},"canonical":"https:\/\/www.em.com.br\/emfoco\/2026\/01\/18\/shopping-e-vendido-por-us-127-milhoes-apos-30-anos-e-sera-demolido-para-dar-lugar-a-mega-distrito-urbano-com-moradia-trabalho-e-lazer\/","og_locale":"pt_BR","og_type":"article","og_title":"Shopping \u00e9 vendido por US$ 127 milh\u00f5es ap\u00f3s 30 anos e ser\u00e1 demolido para dar lugar a mega distrito urbano com moradia, trabalho e lazer - Estado de Minas - Em foco","og_description":"Shopping \u00e9 vendido por US$ 127 milh\u00f5es e ser\u00e1 substitu\u00eddo por mega distrito urbano com moradia, lazer, trabalho e com\u00e9rcio de rua.","og_url":"https:\/\/www.em.com.br\/emfoco\/2026\/01\/18\/shopping-e-vendido-por-us-127-milhoes-apos-30-anos-e-sera-demolido-para-dar-lugar-a-mega-distrito-urbano-com-moradia-trabalho-e-lazer\/","og_site_name":"Estado de Minas - Em foco","article_published_time":"2026-01-18T22:35:00+00:00","article_modified_time":"2026-01-15T15:09:33+00:00","og_image":[{"width":1280,"height":720,"url":"https:\/\/www.em.com.br\/emfoco\/wp-content\/uploads\/2026\/01\/AIAI-2-31.jpg","type":"image\/jpeg"}],"author":"Gabriel Martins","twitter_card":"summary_large_image","twitter_misc":{"Escrito por":"Gabriel Martins","Est. tempo de leitura":"4 minutos"},"schema":{"@context":"https:\/\/schema.org","@graph":[{"@type":"WebPage","@id":"https:\/\/www.em.com.br\/emfoco\/2026\/01\/18\/shopping-e-vendido-por-us-127-milhoes-apos-30-anos-e-sera-demolido-para-dar-lugar-a-mega-distrito-urbano-com-moradia-trabalho-e-lazer\/","url":"https:\/\/www.em.com.br\/emfoco\/2026\/01\/18\/shopping-e-vendido-por-us-127-milhoes-apos-30-anos-e-sera-demolido-para-dar-lugar-a-mega-distrito-urbano-com-moradia-trabalho-e-lazer\/","name":"Shopping \u00e9 vendido por US$ 127 milh\u00f5es ap\u00f3s 30 anos e ser\u00e1 demolido para dar lugar a mega distrito urbano com moradia, trabalho e lazer - Estado de Minas - Em foco","isPartOf":{"@id":"https:\/\/www.em.com.br\/emfoco\/#website"},"primaryImageOfPage":{"@id":"https:\/\/www.em.com.br\/emfoco\/2026\/01\/18\/shopping-e-vendido-por-us-127-milhoes-apos-30-anos-e-sera-demolido-para-dar-lugar-a-mega-distrito-urbano-com-moradia-trabalho-e-lazer\/#primaryimage"},"image":{"@id":"https:\/\/www.em.com.br\/emfoco\/2026\/01\/18\/shopping-e-vendido-por-us-127-milhoes-apos-30-anos-e-sera-demolido-para-dar-lugar-a-mega-distrito-urbano-com-moradia-trabalho-e-lazer\/#primaryimage"},"thumbnailUrl":"https:\/\/www.em.com.br\/emfoco\/wp-content\/uploads\/2026\/01\/AIAI-2-31.jpg","datePublished":"2026-01-18T22:35:00+00:00","dateModified":"2026-01-15T15:09:33+00:00","author":{"@id":"https:\/\/www.em.com.br\/emfoco\/#\/schema\/person\/1c9ddeab18b98abeffef834667bcf08a"},"description":"Shopping \u00e9 vendido por US$ 127 milh\u00f5es e ser\u00e1 substitu\u00eddo por mega distrito urbano com moradia, lazer, trabalho e com\u00e9rcio de rua.","breadcrumb":{"@id":"https:\/\/www.em.com.br\/emfoco\/2026\/01\/18\/shopping-e-vendido-por-us-127-milhoes-apos-30-anos-e-sera-demolido-para-dar-lugar-a-mega-distrito-urbano-com-moradia-trabalho-e-lazer\/#breadcrumb"},"inLanguage":"pt-BR","potentialAction":[{"@type":"ReadAction","target":["https:\/\/www.em.com.br\/emfoco\/2026\/01\/18\/shopping-e-vendido-por-us-127-milhoes-apos-30-anos-e-sera-demolido-para-dar-lugar-a-mega-distrito-urbano-com-moradia-trabalho-e-lazer\/"]}]},{"@type":"ImageObject","inLanguage":"pt-BR","@id":"https:\/\/www.em.com.br\/emfoco\/2026\/01\/18\/shopping-e-vendido-por-us-127-milhoes-apos-30-anos-e-sera-demolido-para-dar-lugar-a-mega-distrito-urbano-com-moradia-trabalho-e-lazer\/#primaryimage","url":"https:\/\/www.em.com.br\/emfoco\/wp-content\/uploads\/2026\/01\/AIAI-2-31.jpg","contentUrl":"https:\/\/www.em.com.br\/emfoco\/wp-content\/uploads\/2026\/01\/AIAI-2-31.jpg","width":1280,"height":720,"caption":"Venda de shopping simboliza transi\u00e7\u00e3o urbana para distritos integrados multifuncionais"},{"@type":"BreadcrumbList","@id":"https:\/\/www.em.com.br\/emfoco\/2026\/01\/18\/shopping-e-vendido-por-us-127-milhoes-apos-30-anos-e-sera-demolido-para-dar-lugar-a-mega-distrito-urbano-com-moradia-trabalho-e-lazer\/#breadcrumb","itemListElement":[{"@type":"ListItem","position":1,"name":"In\u00edcio","item":"https:\/\/www.em.com.br\/emfoco\/"},{"@type":"ListItem","position":2,"name":"Shopping \u00e9 vendido por US$ 127 milh\u00f5es ap\u00f3s 30 anos e ser\u00e1 demolido para dar lugar a mega distrito urbano com moradia, trabalho e lazer"}]},{"@type":"WebSite","@id":"https:\/\/www.em.com.br\/emfoco\/#website","url":"https:\/\/www.em.com.br\/emfoco\/","name":"Estado de Minas - Em foco","description":"Acompanhe as \u00faltimas not\u00edcias e fique bem informado sobre tudo o que acontece em Minas Gerais, Brasil e no mundo.","potentialAction":[{"@type":"SearchAction","target":{"@type":"EntryPoint","urlTemplate":"https:\/\/www.em.com.br\/emfoco\/?s={search_term_string}"},"query-input":{"@type":"PropertyValueSpecification","valueRequired":true,"valueName":"search_term_string"}}],"inLanguage":"pt-BR"},{"@type":"Person","@id":"https:\/\/www.em.com.br\/emfoco\/#\/schema\/person\/1c9ddeab18b98abeffef834667bcf08a","name":"Gabriel Martins","image":{"@type":"ImageObject","inLanguage":"pt-BR","@id":"https:\/\/www.em.com.br\/emfoco\/#\/schema\/person\/image\/","url":"https:\/\/secure.gravatar.com\/avatar\/f0f1e2efdfd88f1ad2cb08c5c2731e50?s=96&d=mm&r=g","contentUrl":"https:\/\/secure.gravatar.com\/avatar\/f0f1e2efdfd88f1ad2cb08c5c2731e50?s=96&d=mm&r=g","caption":"Gabriel Martins"},"sameAs":["https:\/\/www.em.com.br\/emfoco\/"],"url":"https:\/\/www.em.com.br\/emfoco\/author\/gabrielmartinsmyth\/"}]}},"_links":{"self":[{"href":"https:\/\/www.em.com.br\/emfoco\/wp-json\/wp\/v2\/posts\/155541","targetHints":{"allow":["GET"]}}],"collection":[{"href":"https:\/\/www.em.com.br\/emfoco\/wp-json\/wp\/v2\/posts"}],"about":[{"href":"https:\/\/www.em.com.br\/emfoco\/wp-json\/wp\/v2\/types\/post"}],"author":[{"embeddable":true,"href":"https:\/\/www.em.com.br\/emfoco\/wp-json\/wp\/v2\/users\/13"}],"replies":[{"embeddable":true,"href":"https:\/\/www.em.com.br\/emfoco\/wp-json\/wp\/v2\/comments?post=155541"}],"version-history":[{"count":1,"href":"https:\/\/www.em.com.br\/emfoco\/wp-json\/wp\/v2\/posts\/155541\/revisions"}],"predecessor-version":[{"id":155604,"href":"https:\/\/www.em.com.br\/emfoco\/wp-json\/wp\/v2\/posts\/155541\/revisions\/155604"}],"wp:featuredmedia":[{"embeddable":true,"href":"https:\/\/www.em.com.br\/emfoco\/wp-json\/wp\/v2\/media\/155601"}],"wp:attachment":[{"href":"https:\/\/www.em.com.br\/emfoco\/wp-json\/wp\/v2\/media?parent=155541"}],"wp:term":[{"taxonomy":"category","embeddable":true,"href":"https:\/\/www.em.com.br\/emfoco\/wp-json\/wp\/v2\/categories?post=155541"},{"taxonomy":"post_tag","embeddable":true,"href":"https:\/\/www.em.com.br\/emfoco\/wp-json\/wp\/v2\/tags?post=155541"}],"curies":[{"name":"wp","href":"https:\/\/api.w.org\/{rel}","templated":true}]}}