{"id":155537,"date":"2026-01-18T13:35:00","date_gmt":"2026-01-18T16:35:00","guid":{"rendered":"https:\/\/www.em.com.br\/emfoco\/?p=155537"},"modified":"2026-01-15T11:57:39","modified_gmt":"2026-01-15T14:57:39","slug":"casamento-e-anulado-apos-ia-esquecer-frase-obrigatoria-discurso-bonito-mas-sem-validade-legal-surpreende-casal-e-acende-alerta-juridico","status":"publish","type":"post","link":"https:\/\/www.em.com.br\/emfoco\/2026\/01\/18\/casamento-e-anulado-apos-ia-esquecer-frase-obrigatoria-discurso-bonito-mas-sem-validade-legal-surpreende-casal-e-acende-alerta-juridico\/","title":{"rendered":"Casamento \u00e9 anulado ap\u00f3s IA esquecer frase obrigat\u00f3ria: discurso bonito, mas sem validade legal surpreende casal e acende alerta jur\u00eddico"},"content":{"rendered":"\n<h2 class=\"wp-block-heading\">Um casamento civil foi anulado ap\u00f3s discurso gerado por IA omitir frases legais obrigat\u00f3rias. A aus\u00eancia da manifesta\u00e7\u00e3o formal dos noivos e da declara\u00e7\u00e3o do celebrante levou o tribunal a considerar o ato juridicamente inexistente.<\/h2>\n\n\n\n<p>Um <strong>casamento anulado<\/strong> ap\u00f3s o uso de intelig\u00eancia artificial no discurso do celebrante acendeu um alerta jur\u00eddico. A omiss\u00e3o de uma frase obrigat\u00f3ria prevista em lei levou o tribunal a invalidar a uni\u00e3o, mostrando que tecnologia e ritos legais ainda n\u00e3o caminham no mesmo ritmo.<\/p>\n\n\n\n<h2 class=\"wp-block-heading\">O que exatamente deu errado na cerim\u00f4nia feita com IA?<\/h2>\n\n\n\n<p>O problema central do <strong><a href=\"https:\/\/blog.registrocivil.org.br\/conheca-os-casos-em-que-e-possivel-anular-o-casamento-civil\/\" target=\"_blank\" rel=\"noreferrer noopener\">casamento civil<\/a><\/strong> foi a aus\u00eancia da manifesta\u00e7\u00e3o formal de vontade exigida por lei. O texto gerado pela intelig\u00eancia artificial priorizou emo\u00e7\u00e3o e personaliza\u00e7\u00e3o, mas ignorou a pergunta direta aos noivos sobre o desejo livre de se casar.<\/p>\n\n\n\n<p>Al\u00e9m disso, o discurso n\u00e3o trouxe a declara\u00e7\u00e3o final da autoridade celebrante, feita <strong>em nome da lei<\/strong>. Sem essas palavras, consideradas essenciais pelo ordenamento jur\u00eddico, o ato foi tratado como juridicamente inexistente, mesmo com testemunhas e registro.<\/p>\n\n\n\n<figure class=\"wp-block-image size-large\"><img loading=\"lazy\" decoding=\"async\" width=\"1024\" height=\"576\" src=\"https:\/\/www.em.com.br\/emfoco\/wp-content\/uploads\/2026\/01\/AIAI-8-15-1024x576.jpg\" alt=\"Casamento \u00e9 anulado ap\u00f3s IA esquecer frase obrigat\u00f3ria: discurso bonito, mas sem validade legal surpreende casal e acende alerta jur\u00eddico\" class=\"wp-image-155582\" srcset=\"https:\/\/www.em.com.br\/emfoco\/wp-content\/uploads\/2026\/01\/AIAI-8-15-1024x576.jpg 1024w, https:\/\/www.em.com.br\/emfoco\/wp-content\/uploads\/2026\/01\/AIAI-8-15-300x169.jpg 300w, https:\/\/www.em.com.br\/emfoco\/wp-content\/uploads\/2026\/01\/AIAI-8-15-768x432.jpg 768w, https:\/\/www.em.com.br\/emfoco\/wp-content\/uploads\/2026\/01\/AIAI-8-15-750x422.jpg 750w, https:\/\/www.em.com.br\/emfoco\/wp-content\/uploads\/2026\/01\/AIAI-8-15-1140x641.jpg 1140w, https:\/\/www.em.com.br\/emfoco\/wp-content\/uploads\/2026\/01\/AIAI-8-15.jpg 1280w\" sizes=\"auto, (max-width: 1024px) 100vw, 1024px\" \/><figcaption class=\"wp-element-caption\">Omiss\u00e3o de manifesta\u00e7\u00e3o formal de vontade tornou o casamento juridicamente inexistente<\/figcaption><\/figure>\n\n\n\n<h2 class=\"wp-block-heading\">Por que a lei exige frases espec\u00edficas no casamento civil?<\/h2>\n\n\n\n<p>No Direito brasileiro, o casamento \u00e9 um <strong>ato solene<\/strong>, o que significa que sua validade depende do cumprimento rigoroso de ritos formais. Esses elementos n\u00e3o s\u00e3o simb\u00f3licos, mas instrumentos de seguran\u00e7a jur\u00eddica definidos no C\u00f3digo Civil.<\/p>\n\n\n\n<ul class=\"wp-block-list\">\n<li>Manifesta\u00e7\u00e3o de vontade: o celebrante deve ouvir de cada noivo a confirma\u00e7\u00e3o clara e verbal.<\/li>\n\n\n\n<li>Declara\u00e7\u00e3o legal: a autoridade precisa afirmar, em nome da lei, que o casal est\u00e1 casado.<\/li>\n\n\n\n<li>Validade do ato: a aus\u00eancia dessas f\u00f3rmulas pode gerar nulidade absoluta.<\/li>\n<\/ul>\n\n\n\n<p><em>Leia mais: <em><strong><a href=\"https:\/\/www.em.com.br\/emfoco\/2026\/01\/15\/nova-regra-permite-contratar-mais-de-um-financiamento-imobiliario-e-libera-credito-mesmo-para-quem-ja-tem-imovel\/\" target=\"_blank\" rel=\"noreferrer noopener\">Nova regra permite contratar mais de um financiamento imobili\u00e1rio e libera cr\u00e9dito mesmo para quem j\u00e1 tem im\u00f3vel<\/a><\/strong><\/em><\/em><\/p>\n\n\n\n<h2 class=\"wp-block-heading\">Como a intelig\u00eancia artificial falha em atos jur\u00eddicos solenes?<\/h2>\n\n\n\n<p>Modelos de <strong>intelig\u00eancia artificial generativa<\/strong> s\u00e3o treinados para fluidez, criatividade e impacto emocional. Em discursos, isso funciona bem, mas em documentos oficiais pode levar \u00e0 exclus\u00e3o de termos t\u00e9cnicos vistos como repetitivos ou pouco naturais.<\/p>\n\n\n\n<p>Esse fen\u00f4meno \u00e9 conhecido como <strong>alucina\u00e7\u00e3o por omiss\u00e3o<\/strong>. A IA entrega o que parece mais bonito ou adequado ao contexto cultural, mas n\u00e3o compreende consequ\u00eancias legais, ignorando exig\u00eancias formais que garantem validade perante o Estado.<\/p>\n\n\n\n<figure class=\"wp-block-image size-large\"><img loading=\"lazy\" decoding=\"async\" width=\"1024\" height=\"576\" src=\"https:\/\/www.em.com.br\/emfoco\/wp-content\/uploads\/2026\/01\/AIAI-9-13-1024x576.jpg\" alt=\"Casamento \u00e9 anulado ap\u00f3s IA esquecer frase obrigat\u00f3ria: discurso bonito, mas sem validade legal surpreende casal e acende alerta jur\u00eddico\" class=\"wp-image-155584\" srcset=\"https:\/\/www.em.com.br\/emfoco\/wp-content\/uploads\/2026\/01\/AIAI-9-13-1024x576.jpg 1024w, https:\/\/www.em.com.br\/emfoco\/wp-content\/uploads\/2026\/01\/AIAI-9-13-300x169.jpg 300w, https:\/\/www.em.com.br\/emfoco\/wp-content\/uploads\/2026\/01\/AIAI-9-13-768x432.jpg 768w, https:\/\/www.em.com.br\/emfoco\/wp-content\/uploads\/2026\/01\/AIAI-9-13-750x422.jpg 750w, https:\/\/www.em.com.br\/emfoco\/wp-content\/uploads\/2026\/01\/AIAI-9-13-1140x641.jpg 1140w, https:\/\/www.em.com.br\/emfoco\/wp-content\/uploads\/2026\/01\/AIAI-9-13.jpg 1280w\" sizes=\"auto, (max-width: 1024px) 100vw, 1024px\" \/><figcaption class=\"wp-element-caption\">Intelig\u00eancia artificial prioriza fluidez e ignora exig\u00eancias legais obrigat\u00f3rias<\/figcaption><\/figure>\n\n\n\n<h2 class=\"wp-block-heading\">Como evitar erros jur\u00eddicos ao usar IA em 2026?<\/h2>\n\n\n\n<p>O caso do <strong>casamento anulado por IA<\/strong> deixa li\u00e7\u00f5es pr\u00e1ticas para profissionais do Direito e autoridades. A tecnologia pode auxiliar, mas n\u00e3o deve substituir o controle humano em atos com efeitos legais, como mostram os pontos a seguir.<\/p>\n\n\n\n<ul class=\"wp-block-list\">\n<li>Prompt restritivo: exigir explicitamente a inclus\u00e3o de artigos e f\u00f3rmulas legais obrigat\u00f3rias.<\/li>\n\n\n\n<li>Revis\u00e3o humana: todo ato jur\u00eddico deve ser conferido por profissional qualificado.<\/li>\n\n\n\n<li>Checklist legal: manter roteiro impresso com termos exigidos pela legisla\u00e7\u00e3o.<\/li>\n<\/ul>\n\n\n\n<p>O epis\u00f3dio refor\u00e7a que a automa\u00e7\u00e3o pode embelezar discursos, mas apenas o cumprimento rigoroso da <strong>lei civil<\/strong> garante efeitos jur\u00eddicos. No Direito, uma frase esquecida pode anular um ato inteiro e mudar vidas.<\/p>\n","protected":false},"excerpt":{"rendered":"<p>Um casamento civil foi anulado ap\u00f3s discurso gerado por IA omitir frases legais obrigat\u00f3rias. A aus\u00eancia da manifesta\u00e7\u00e3o formal dos noivos e da declara\u00e7\u00e3o do celebrante levou o tribunal a considerar o ato juridicamente inexistente. Um casamento anulado ap\u00f3s o uso de intelig\u00eancia artificial no discurso do celebrante acendeu um alerta jur\u00eddico. A omiss\u00e3o de [&hellip;]<\/p>\n","protected":false},"author":13,"featured_media":155581,"comment_status":"open","ping_status":"open","sticky":false,"template":"","format":"standard","meta":{"jnews-multi-image_gallery":[],"jnews_single_post":{"format":"standard"},"jnews_primary_category":[],"jnews_social_meta":[],"jnews_override_counter":[],"footnotes":""},"categories":[8819],"tags":[22732,22731,1249],"class_list":["post-155537","post","type-post","status-publish","format-standard","has-post-thumbnail","hentry","category-curiosidades","tag-alucinacao-por-omissao","tag-casamento-anulado","tag-inteligencia-artificial"],"yoast_head":"<!-- This site is optimized with the Yoast SEO plugin v23.8 - https:\/\/yoast.com\/wordpress\/plugins\/seo\/ -->\n<title>Casamento \u00e9 anulado ap\u00f3s IA esquecer frase obrigat\u00f3ria: discurso bonito, mas sem validade legal surpreende casal e acende alerta jur\u00eddico - Estado de Minas - Em foco<\/title>\n<meta name=\"description\" content=\"Casamento \u00e9 anulado ap\u00f3s intelig\u00eancia artificial esquecer frase obrigat\u00f3ria em discurso; erro mostra limite da IA no Direito.\" \/>\n<meta name=\"robots\" content=\"index, follow, max-snippet:-1, max-image-preview:large, max-video-preview:-1\" \/>\n<link rel=\"canonical\" href=\"https:\/\/www.em.com.br\/emfoco\/2026\/01\/18\/casamento-e-anulado-apos-ia-esquecer-frase-obrigatoria-discurso-bonito-mas-sem-validade-legal-surpreende-casal-e-acende-alerta-juridico\/\" \/>\n<meta property=\"og:locale\" content=\"pt_BR\" \/>\n<meta property=\"og:type\" content=\"article\" \/>\n<meta property=\"og:title\" content=\"Casamento \u00e9 anulado ap\u00f3s IA esquecer frase obrigat\u00f3ria: discurso bonito, mas sem validade legal surpreende casal e acende alerta jur\u00eddico - Estado de Minas - Em foco\" \/>\n<meta property=\"og:description\" content=\"Casamento \u00e9 anulado ap\u00f3s intelig\u00eancia artificial esquecer frase obrigat\u00f3ria em discurso; erro mostra limite da IA no Direito.\" \/>\n<meta property=\"og:url\" content=\"https:\/\/www.em.com.br\/emfoco\/2026\/01\/18\/casamento-e-anulado-apos-ia-esquecer-frase-obrigatoria-discurso-bonito-mas-sem-validade-legal-surpreende-casal-e-acende-alerta-juridico\/\" \/>\n<meta property=\"og:site_name\" content=\"Estado de Minas - Em foco\" \/>\n<meta property=\"article:published_time\" content=\"2026-01-18T16:35:00+00:00\" \/>\n<meta property=\"article:modified_time\" content=\"2026-01-15T14:57:39+00:00\" \/>\n<meta property=\"og:image\" content=\"https:\/\/www.em.com.br\/emfoco\/wp-content\/uploads\/2026\/01\/AIAI-7-19.jpg\" \/>\n\t<meta property=\"og:image:width\" content=\"1280\" \/>\n\t<meta property=\"og:image:height\" content=\"720\" \/>\n\t<meta property=\"og:image:type\" content=\"image\/jpeg\" \/>\n<meta name=\"author\" content=\"Gabriel Martins\" \/>\n<meta name=\"twitter:card\" content=\"summary_large_image\" \/>\n<meta name=\"twitter:label1\" content=\"Escrito por\" \/>\n\t<meta name=\"twitter:data1\" content=\"Gabriel Martins\" \/>\n\t<meta name=\"twitter:label2\" content=\"Est. tempo de leitura\" \/>\n\t<meta name=\"twitter:data2\" content=\"4 minutos\" \/>\n<!-- \/ Yoast SEO plugin. -->","yoast_head_json":{"title":"Casamento \u00e9 anulado ap\u00f3s IA esquecer frase obrigat\u00f3ria: discurso bonito, mas sem validade legal surpreende casal e acende alerta jur\u00eddico - Estado de Minas - Em foco","description":"Casamento \u00e9 anulado ap\u00f3s intelig\u00eancia artificial esquecer frase obrigat\u00f3ria em discurso; erro mostra limite da IA no Direito.","robots":{"index":"index","follow":"follow","max-snippet":"max-snippet:-1","max-image-preview":"max-image-preview:large","max-video-preview":"max-video-preview:-1"},"canonical":"https:\/\/www.em.com.br\/emfoco\/2026\/01\/18\/casamento-e-anulado-apos-ia-esquecer-frase-obrigatoria-discurso-bonito-mas-sem-validade-legal-surpreende-casal-e-acende-alerta-juridico\/","og_locale":"pt_BR","og_type":"article","og_title":"Casamento \u00e9 anulado ap\u00f3s IA esquecer frase obrigat\u00f3ria: discurso bonito, mas sem validade legal surpreende casal e acende alerta jur\u00eddico - Estado de Minas - Em foco","og_description":"Casamento \u00e9 anulado ap\u00f3s intelig\u00eancia artificial esquecer frase obrigat\u00f3ria em discurso; erro mostra limite da IA no Direito.","og_url":"https:\/\/www.em.com.br\/emfoco\/2026\/01\/18\/casamento-e-anulado-apos-ia-esquecer-frase-obrigatoria-discurso-bonito-mas-sem-validade-legal-surpreende-casal-e-acende-alerta-juridico\/","og_site_name":"Estado de Minas - Em foco","article_published_time":"2026-01-18T16:35:00+00:00","article_modified_time":"2026-01-15T14:57:39+00:00","og_image":[{"width":1280,"height":720,"url":"https:\/\/www.em.com.br\/emfoco\/wp-content\/uploads\/2026\/01\/AIAI-7-19.jpg","type":"image\/jpeg"}],"author":"Gabriel Martins","twitter_card":"summary_large_image","twitter_misc":{"Escrito por":"Gabriel Martins","Est. tempo de leitura":"4 minutos"},"schema":{"@context":"https:\/\/schema.org","@graph":[{"@type":"WebPage","@id":"https:\/\/www.em.com.br\/emfoco\/2026\/01\/18\/casamento-e-anulado-apos-ia-esquecer-frase-obrigatoria-discurso-bonito-mas-sem-validade-legal-surpreende-casal-e-acende-alerta-juridico\/","url":"https:\/\/www.em.com.br\/emfoco\/2026\/01\/18\/casamento-e-anulado-apos-ia-esquecer-frase-obrigatoria-discurso-bonito-mas-sem-validade-legal-surpreende-casal-e-acende-alerta-juridico\/","name":"Casamento \u00e9 anulado ap\u00f3s IA esquecer frase obrigat\u00f3ria: discurso bonito, mas sem validade legal surpreende casal e acende alerta jur\u00eddico - Estado de Minas - Em foco","isPartOf":{"@id":"https:\/\/www.em.com.br\/emfoco\/#website"},"primaryImageOfPage":{"@id":"https:\/\/www.em.com.br\/emfoco\/2026\/01\/18\/casamento-e-anulado-apos-ia-esquecer-frase-obrigatoria-discurso-bonito-mas-sem-validade-legal-surpreende-casal-e-acende-alerta-juridico\/#primaryimage"},"image":{"@id":"https:\/\/www.em.com.br\/emfoco\/2026\/01\/18\/casamento-e-anulado-apos-ia-esquecer-frase-obrigatoria-discurso-bonito-mas-sem-validade-legal-surpreende-casal-e-acende-alerta-juridico\/#primaryimage"},"thumbnailUrl":"https:\/\/www.em.com.br\/emfoco\/wp-content\/uploads\/2026\/01\/AIAI-7-19.jpg","datePublished":"2026-01-18T16:35:00+00:00","dateModified":"2026-01-15T14:57:39+00:00","author":{"@id":"https:\/\/www.em.com.br\/emfoco\/#\/schema\/person\/1c9ddeab18b98abeffef834667bcf08a"},"description":"Casamento \u00e9 anulado ap\u00f3s intelig\u00eancia artificial esquecer frase obrigat\u00f3ria em discurso; erro mostra limite da IA no Direito.","breadcrumb":{"@id":"https:\/\/www.em.com.br\/emfoco\/2026\/01\/18\/casamento-e-anulado-apos-ia-esquecer-frase-obrigatoria-discurso-bonito-mas-sem-validade-legal-surpreende-casal-e-acende-alerta-juridico\/#breadcrumb"},"inLanguage":"pt-BR","potentialAction":[{"@type":"ReadAction","target":["https:\/\/www.em.com.br\/emfoco\/2026\/01\/18\/casamento-e-anulado-apos-ia-esquecer-frase-obrigatoria-discurso-bonito-mas-sem-validade-legal-surpreende-casal-e-acende-alerta-juridico\/"]}]},{"@type":"ImageObject","inLanguage":"pt-BR","@id":"https:\/\/www.em.com.br\/emfoco\/2026\/01\/18\/casamento-e-anulado-apos-ia-esquecer-frase-obrigatoria-discurso-bonito-mas-sem-validade-legal-surpreende-casal-e-acende-alerta-juridico\/#primaryimage","url":"https:\/\/www.em.com.br\/emfoco\/wp-content\/uploads\/2026\/01\/AIAI-7-19.jpg","contentUrl":"https:\/\/www.em.com.br\/emfoco\/wp-content\/uploads\/2026\/01\/AIAI-7-19.jpg","width":1280,"height":720,"caption":"Uso de intelig\u00eancia artificial em cerim\u00f4nia causou anula\u00e7\u00e3o judicial do casamento civil"},{"@type":"BreadcrumbList","@id":"https:\/\/www.em.com.br\/emfoco\/2026\/01\/18\/casamento-e-anulado-apos-ia-esquecer-frase-obrigatoria-discurso-bonito-mas-sem-validade-legal-surpreende-casal-e-acende-alerta-juridico\/#breadcrumb","itemListElement":[{"@type":"ListItem","position":1,"name":"In\u00edcio","item":"https:\/\/www.em.com.br\/emfoco\/"},{"@type":"ListItem","position":2,"name":"Casamento \u00e9 anulado ap\u00f3s IA esquecer frase obrigat\u00f3ria: discurso bonito, mas sem validade legal surpreende casal e acende alerta jur\u00eddico"}]},{"@type":"WebSite","@id":"https:\/\/www.em.com.br\/emfoco\/#website","url":"https:\/\/www.em.com.br\/emfoco\/","name":"Estado de Minas - Em foco","description":"Acompanhe as \u00faltimas not\u00edcias e fique bem informado sobre tudo o que acontece em Minas Gerais, Brasil e no mundo.","potentialAction":[{"@type":"SearchAction","target":{"@type":"EntryPoint","urlTemplate":"https:\/\/www.em.com.br\/emfoco\/?s={search_term_string}"},"query-input":{"@type":"PropertyValueSpecification","valueRequired":true,"valueName":"search_term_string"}}],"inLanguage":"pt-BR"},{"@type":"Person","@id":"https:\/\/www.em.com.br\/emfoco\/#\/schema\/person\/1c9ddeab18b98abeffef834667bcf08a","name":"Gabriel Martins","image":{"@type":"ImageObject","inLanguage":"pt-BR","@id":"https:\/\/www.em.com.br\/emfoco\/#\/schema\/person\/image\/","url":"https:\/\/secure.gravatar.com\/avatar\/f0f1e2efdfd88f1ad2cb08c5c2731e50?s=96&d=mm&r=g","contentUrl":"https:\/\/secure.gravatar.com\/avatar\/f0f1e2efdfd88f1ad2cb08c5c2731e50?s=96&d=mm&r=g","caption":"Gabriel Martins"},"sameAs":["https:\/\/www.em.com.br\/emfoco\/"],"url":"https:\/\/www.em.com.br\/emfoco\/author\/gabrielmartinsmyth\/"}]}},"_links":{"self":[{"href":"https:\/\/www.em.com.br\/emfoco\/wp-json\/wp\/v2\/posts\/155537","targetHints":{"allow":["GET"]}}],"collection":[{"href":"https:\/\/www.em.com.br\/emfoco\/wp-json\/wp\/v2\/posts"}],"about":[{"href":"https:\/\/www.em.com.br\/emfoco\/wp-json\/wp\/v2\/types\/post"}],"author":[{"embeddable":true,"href":"https:\/\/www.em.com.br\/emfoco\/wp-json\/wp\/v2\/users\/13"}],"replies":[{"embeddable":true,"href":"https:\/\/www.em.com.br\/emfoco\/wp-json\/wp\/v2\/comments?post=155537"}],"version-history":[{"count":1,"href":"https:\/\/www.em.com.br\/emfoco\/wp-json\/wp\/v2\/posts\/155537\/revisions"}],"predecessor-version":[{"id":155585,"href":"https:\/\/www.em.com.br\/emfoco\/wp-json\/wp\/v2\/posts\/155537\/revisions\/155585"}],"wp:featuredmedia":[{"embeddable":true,"href":"https:\/\/www.em.com.br\/emfoco\/wp-json\/wp\/v2\/media\/155581"}],"wp:attachment":[{"href":"https:\/\/www.em.com.br\/emfoco\/wp-json\/wp\/v2\/media?parent=155537"}],"wp:term":[{"taxonomy":"category","embeddable":true,"href":"https:\/\/www.em.com.br\/emfoco\/wp-json\/wp\/v2\/categories?post=155537"},{"taxonomy":"post_tag","embeddable":true,"href":"https:\/\/www.em.com.br\/emfoco\/wp-json\/wp\/v2\/tags?post=155537"}],"curies":[{"name":"wp","href":"https:\/\/api.w.org\/{rel}","templated":true}]}}