{"id":155535,"date":"2026-01-17T06:05:00","date_gmt":"2026-01-17T09:05:00","guid":{"rendered":"https:\/\/www.em.com.br\/emfoco\/?p=155535"},"modified":"2026-01-16T19:31:34","modified_gmt":"2026-01-16T22:31:34","slug":"esse-paraiso-escondido-em-minas-gerais-esta-comecando-a-chamar-atencao","status":"publish","type":"post","link":"https:\/\/www.em.com.br\/emfoco\/2026\/01\/17\/esse-paraiso-escondido-em-minas-gerais-esta-comecando-a-chamar-atencao\/","title":{"rendered":"Esse para\u00edso escondido em Minas Gerais est\u00e1 come\u00e7ando a chamar aten\u00e7\u00e3o"},"content":{"rendered":"\n<p>Em um cantinho ainda pouco falado do sul de <strong>Minas Gerais<\/strong>, <strong>Lumin\u00e1rias <\/strong>re\u00fane serras, cachoeiras, comida de ro\u00e7a e personagens cheios de hist\u00f3ria em um clima de cidade pequena, com paisagens de tirar o f\u00f4lego e jeitinho de para\u00edso desconhecido em Minas Gerais, perfeito para quem busca descanso, natureza e experi\u00eancias aut\u00eanticas longe dos roteiros mais \u00f3bvios.<\/p>\n\n\n\n<h2 class=\"wp-block-heading\">Onde fica Lumin\u00e1rias e como \u00e9 o clima de cidade pequena cercada de natureza<\/h2>\n\n\n\n<p>Lumin\u00e1rias est\u00e1 no sul de <a href=\"https:\/\/www.em.com.br\/emfoco\/2026\/01\/07\/por-que-minas-gerais-e-apontada-como-dona-da-melhor-culinaria-do-brasil-comida-caseira-virou-patrimonio-cultural\/\" target=\"_blank\" rel=\"noreferrer noopener\">Minas Gerais<\/a>, a cerca de 285 quil\u00f4metros de Belo Horizonte, em uma regi\u00e3o marcada por morros, vales e \u00e1reas rurais ativas. Com pouco mais de 5.500 habitantes, mant\u00e9m ruas tranquilas, com\u00e9rcio enxuto e um ritmo desacelerado que contrasta com os grandes centros urbanos.<\/p>\n\n\n\n<p>Mesmo sem grande estrutura tur\u00edstica, a cidade vem ganhando espa\u00e7o entre quem gosta de destinos menos \u00f3bvios. Em vez de hot\u00e9is gigantes, aparecem propriedades familiares, trilhas que come\u00e7am em porteiras de fazenda e cachoeiras cercadas por vegeta\u00e7\u00e3o nativa, refor\u00e7ando a ideia de um verdadeiro para\u00edso desconhecido em Minas Gerais.<\/p>\n\n\n\n<figure class=\"wp-block-image size-large\"><img loading=\"lazy\" decoding=\"async\" width=\"1024\" height=\"576\" src=\"https:\/\/www.em.com.br\/emfoco\/wp-content\/uploads\/2026\/01\/ChatGPT-Image-15-de-jan.-de-2026-11_14_10-1-1024x576.png\" alt=\"O destino mineiro que foge dos roteiros tradicionais\" class=\"wp-image-155546\" srcset=\"https:\/\/www.em.com.br\/emfoco\/wp-content\/uploads\/2026\/01\/ChatGPT-Image-15-de-jan.-de-2026-11_14_10-1-1024x576.png 1024w, https:\/\/www.em.com.br\/emfoco\/wp-content\/uploads\/2026\/01\/ChatGPT-Image-15-de-jan.-de-2026-11_14_10-1-300x169.png 300w, https:\/\/www.em.com.br\/emfoco\/wp-content\/uploads\/2026\/01\/ChatGPT-Image-15-de-jan.-de-2026-11_14_10-1-768x432.png 768w, https:\/\/www.em.com.br\/emfoco\/wp-content\/uploads\/2026\/01\/ChatGPT-Image-15-de-jan.-de-2026-11_14_10-1-750x422.png 750w, https:\/\/www.em.com.br\/emfoco\/wp-content\/uploads\/2026\/01\/ChatGPT-Image-15-de-jan.-de-2026-11_14_10-1-1140x641.png 1140w, https:\/\/www.em.com.br\/emfoco\/wp-content\/uploads\/2026\/01\/ChatGPT-Image-15-de-jan.-de-2026-11_14_10-1.png 1280w\" sizes=\"auto, (max-width: 1024px) 100vw, 1024px\" \/><figcaption class=\"wp-element-caption\">O destino mineiro que foge dos roteiros tradicionais<\/figcaption><\/figure>\n\n\n\n<h2 class=\"wp-block-heading\">Por que Lumin\u00e1rias \u00e9 considerada um para\u00edso desconhecido em Minas Gerais<\/h2>\n\n\n\n<p>O munic\u00edpio concentra picos, serras, rios e quedas d\u2019\u00e1gua em um s\u00f3 territ\u00f3rio, criando um cen\u00e1rio ideal para caminhar, pedalar, fotografar ou simplesmente contemplar a paisagem. O Pico do Cruzeiro, na Serra do Mand\u00e9m, \u00e9 um mirante natural com vista ampla, clima mais fresco e sensa\u00e7\u00e3o de isolamento, mesmo perto da \u00e1rea urbana.<\/p>\n\n\n\n<p>Em apenas um fim de semana, \u00e9 poss\u00edvel encaixar trilhas leves, banhos de rio, paradas para fotos em pontos altos e momentos de sil\u00eancio em meio \u00e0 natureza. Como o turismo ainda \u00e9 inicial, o visitante encontra pouca lota\u00e7\u00e3o e mais autenticidade, com contato direto com a rotina rural e o dia a dia do campo.<\/p>\n\n\n\n<p>Selecionamos o v\u00eddeo do <strong><a href=\"https:\/\/www.youtube.com\/@BoaSorteViajante\" target=\"_blank\" rel=\"noreferrer noopener\">Boa Sorte Viajante &#8211; Matheus Boa Sorte<\/a><\/strong> que faz sucesso com seus v\u00eddeos e mostra a cidade de Lumin\u00e1rias:<\/p>\n\n\n\n<figure class=\"wp-block-embed is-type-video is-provider-youtube wp-block-embed-youtube wp-embed-aspect-16-9 wp-has-aspect-ratio\"><div class=\"wp-block-embed__wrapper\">\n<div class=\"jeg_video_container jeg_video_content\"><iframe loading=\"lazy\" title=\"Para\u00edso desconhecido em Minas Gerais!\" width=\"500\" height=\"281\" src=\"https:\/\/www.youtube.com\/embed\/L_x9nRXt_aY?feature=oembed\" frameborder=\"0\" allow=\"accelerometer; autoplay; clipboard-write; encrypted-media; gyroscope; picture-in-picture; web-share\" referrerpolicy=\"strict-origin-when-cross-origin\" allowfullscreen><\/iframe><\/div>\n<\/div><\/figure>\n\n\n\n<h2 class=\"wp-block-heading\">Quais experi\u00eancias de aventura se destacam em Lumin\u00e1rias<\/h2>\n\n\n\n<p>Para quem busca um toque de adrenalina, h\u00e1 roteiros espec\u00edficos para explorar a zona rural de forma diferente. O passeio de quadriciclo por estradas de terra, guiado por condutores locais, costuma passar pela Serra Grande, cruzar propriedades e conectar v\u00e1rias cachoeiras em poucas horas de percurso.<\/p>\n\n\n\n<p>As trilhas at\u00e9 quedas d\u2019\u00e1gua escondidas completam o clima de aventura, com caminhos curtos, por\u00e9m cheios de pedras, sombras e trechos junto a ribeir\u00f5es. A Cachoeira das Esmeraldas, acessada a partir do Pesqueiro do Lu, fica em um po\u00e7o de \u00e1gua fria e transparente, com reflexos em tons esverdeados que justificam o nome do lugar.<\/p>\n\n\n\n<h2 class=\"wp-block-heading\">Quais cachoeiras revelam o charme natural de Lumin\u00e1rias<\/h2>\n\n\n\n<p>As cachoeiras formam um pequeno circuito de paisagens variadas, com acessos que v\u00e3o do simples ao mais exigente. Algumas ficam pr\u00f3ximas da estrada e recebem mais visitantes; outras pedem guia local, ajudando a manter os ambientes preservados e garantindo seguran\u00e7a a quem n\u00e3o conhece a regi\u00e3o.<\/p>\n\n\n\n<p>Ao montar o roteiro, algumas quedas d\u2019\u00e1gua costumam aparecer com frequ\u00eancia nas indica\u00e7\u00f5es dos moradores e guias locais:<\/p>\n\n\n\n<ul class=\"wp-block-list\">\n<li><strong>Cachoeira do Lobo:<\/strong>\u00a0de acesso mais dif\u00edcil, \u00e9 recomendada com guia, especialmente para quem n\u00e3o domina os caminhos rurais.<\/li>\n\n\n\n<li><strong>Cachoeira da Pedra Furada:<\/strong>\u00a0famosa pela \u00e1gua que atravessa um orif\u00edcio na rocha, com piscina natural e receptivo mediante taxa ambiental.<\/li>\n\n\n\n<li><strong>Cachoeira do Mand\u00e9m:<\/strong>\u00a0trilha curta e f\u00e1cil, com grande po\u00e7o de \u00e1guas frias e ambiente ideal para contempla\u00e7\u00e3o e descanso.<\/li>\n<\/ul>\n\n\n\n<figure class=\"wp-block-image size-large\"><img loading=\"lazy\" decoding=\"async\" width=\"1024\" height=\"576\" src=\"https:\/\/www.em.com.br\/emfoco\/wp-content\/uploads\/2026\/01\/Gemini_Generated_Image_4yjo3h4yjo3h4yjo-1-1024x576.png\" alt=\"Esse cantinho de Minas est\u00e1 encantando quem busca sossego\" class=\"wp-image-155547\" srcset=\"https:\/\/www.em.com.br\/emfoco\/wp-content\/uploads\/2026\/01\/Gemini_Generated_Image_4yjo3h4yjo3h4yjo-1-1024x576.png 1024w, https:\/\/www.em.com.br\/emfoco\/wp-content\/uploads\/2026\/01\/Gemini_Generated_Image_4yjo3h4yjo3h4yjo-1-300x169.png 300w, https:\/\/www.em.com.br\/emfoco\/wp-content\/uploads\/2026\/01\/Gemini_Generated_Image_4yjo3h4yjo3h4yjo-1-768x432.png 768w, https:\/\/www.em.com.br\/emfoco\/wp-content\/uploads\/2026\/01\/Gemini_Generated_Image_4yjo3h4yjo3h4yjo-1-750x422.png 750w, https:\/\/www.em.com.br\/emfoco\/wp-content\/uploads\/2026\/01\/Gemini_Generated_Image_4yjo3h4yjo3h4yjo-1-1140x641.png 1140w, https:\/\/www.em.com.br\/emfoco\/wp-content\/uploads\/2026\/01\/Gemini_Generated_Image_4yjo3h4yjo3h4yjo-1.png 1280w\" sizes=\"auto, (max-width: 1024px) 100vw, 1024px\" \/><figcaption class=\"wp-element-caption\">Esse cantinho de Minas est\u00e1 encantando quem busca sossego<\/figcaption><\/figure>\n\n\n\n<h2 class=\"wp-block-heading\">Como a cultura local e a culin\u00e1ria mineira completam a viagem<\/h2>\n\n\n\n<p>A cozinha t\u00edpica se destaca em espa\u00e7os como o Pesqueiro do Lu, com til\u00e1pia criada no local, arroz, feij\u00e3o, batata frita, saladas e carne de lata, em refei\u00e7\u00f5es fartas e caseiras. No Recanto P\u00e9 da Serra, o macadame, de origem tropeira, mistura arroz, feij\u00e3o, carne de lata, legumes e temperos do pr\u00f3prio s\u00edtio, muitos org\u00e2nicos.<\/p>\n\n\n\n<p>Na parte cultural, o trabalho do artes\u00e3o Sebasti\u00e3o Augusto, que produz balaios, cestos e utens\u00edlios em madeira e bambu, simboliza a sabedoria do interior. Se voc\u00ea busca um destino aut\u00eantico, com natureza preservada, boa prosa e sabores de verdade, n\u00e3o deixe Lumin\u00e1rias para depois: programe sua viagem agora, antes que esse para\u00edso desconhecido em Minas Gerais entre de vez no roteiro de massa e perca um pouco da sua ess\u00eancia.<\/p>\n","protected":false},"excerpt":{"rendered":"<p>Em um cantinho ainda pouco falado do sul de Minas Gerais, Lumin\u00e1rias re\u00fane serras, cachoeiras, comida de ro\u00e7a e personagens cheios de hist\u00f3ria em um clima de cidade pequena, com paisagens de tirar o f\u00f4lego e jeitinho de para\u00edso desconhecido em Minas Gerais, perfeito para quem busca descanso, natureza e experi\u00eancias aut\u00eanticas longe dos roteiros [&hellip;]<\/p>\n","protected":false},"author":11,"featured_media":155556,"comment_status":"open","ping_status":"open","sticky":false,"template":"","format":"standard","meta":{"jnews-multi-image_gallery":[],"jnews_single_post":{"format":"standard"},"jnews_primary_category":[],"jnews_social_meta":[],"jnews_override_counter":[],"footnotes":""},"categories":[26,1],"tags":[11179,314,13468,207,16138],"class_list":["post-155535","post","type-post","status-publish","format-standard","has-post-thumbnail","hentry","category-cidades","category-noticias","tag-cidade-2","tag-destino","tag-luminarias","tag-minas-gerais","tag-paraiso-2"],"yoast_head":"<!-- This site is optimized with the Yoast SEO plugin v23.8 - https:\/\/yoast.com\/wordpress\/plugins\/seo\/ -->\n<title>Esse para\u00edso escondido em Minas Gerais est\u00e1 come\u00e7ando a chamar aten\u00e7\u00e3o - Estado de Minas - Em foco<\/title>\n<meta name=\"description\" content=\"Quem busca tranquilidade e paisagens naturais encontra em Lumin\u00e1rias um ref\u00fagio aut\u00eantico em Minas Gerais longe dos roteiros lotados.\" \/>\n<meta name=\"robots\" content=\"index, follow, max-snippet:-1, max-image-preview:large, max-video-preview:-1\" \/>\n<link rel=\"canonical\" href=\"https:\/\/www.em.com.br\/emfoco\/2026\/01\/17\/esse-paraiso-escondido-em-minas-gerais-esta-comecando-a-chamar-atencao\/\" \/>\n<meta property=\"og:locale\" content=\"pt_BR\" \/>\n<meta property=\"og:type\" content=\"article\" \/>\n<meta property=\"og:title\" content=\"Esse para\u00edso escondido em Minas Gerais est\u00e1 come\u00e7ando a chamar aten\u00e7\u00e3o - Estado de Minas - Em foco\" \/>\n<meta property=\"og:description\" content=\"Quem busca tranquilidade e paisagens naturais encontra em Lumin\u00e1rias um ref\u00fagio aut\u00eantico em Minas Gerais longe dos roteiros lotados.\" \/>\n<meta property=\"og:url\" content=\"https:\/\/www.em.com.br\/emfoco\/2026\/01\/17\/esse-paraiso-escondido-em-minas-gerais-esta-comecando-a-chamar-atencao\/\" \/>\n<meta property=\"og:site_name\" content=\"Estado de Minas - Em foco\" \/>\n<meta property=\"article:published_time\" content=\"2026-01-17T09:05:00+00:00\" \/>\n<meta property=\"article:modified_time\" content=\"2026-01-16T22:31:34+00:00\" \/>\n<meta property=\"og:image\" content=\"https:\/\/www.em.com.br\/emfoco\/wp-content\/uploads\/2026\/01\/Gemini_Generated_Image_phqz3kphqz3kphqz-1.jpg\" \/>\n\t<meta property=\"og:image:width\" content=\"1280\" \/>\n\t<meta property=\"og:image:height\" content=\"720\" \/>\n\t<meta property=\"og:image:type\" content=\"image\/jpeg\" \/>\n<meta name=\"author\" content=\"Andre\u0301 Rangel\u00a0\" \/>\n<meta name=\"twitter:card\" content=\"summary_large_image\" \/>\n<meta name=\"twitter:label1\" content=\"Escrito por\" \/>\n\t<meta name=\"twitter:data1\" content=\"Andre\u0301 Rangel\u00a0\" \/>\n\t<meta name=\"twitter:label2\" content=\"Est. tempo de leitura\" \/>\n\t<meta name=\"twitter:data2\" content=\"5 minutos\" \/>\n<!-- \/ Yoast SEO plugin. -->","yoast_head_json":{"title":"Esse para\u00edso escondido em Minas Gerais est\u00e1 come\u00e7ando a chamar aten\u00e7\u00e3o - Estado de Minas - Em foco","description":"Quem busca tranquilidade e paisagens naturais encontra em Lumin\u00e1rias um ref\u00fagio aut\u00eantico em Minas Gerais longe dos roteiros lotados.","robots":{"index":"index","follow":"follow","max-snippet":"max-snippet:-1","max-image-preview":"max-image-preview:large","max-video-preview":"max-video-preview:-1"},"canonical":"https:\/\/www.em.com.br\/emfoco\/2026\/01\/17\/esse-paraiso-escondido-em-minas-gerais-esta-comecando-a-chamar-atencao\/","og_locale":"pt_BR","og_type":"article","og_title":"Esse para\u00edso escondido em Minas Gerais est\u00e1 come\u00e7ando a chamar aten\u00e7\u00e3o - Estado de Minas - Em foco","og_description":"Quem busca tranquilidade e paisagens naturais encontra em Lumin\u00e1rias um ref\u00fagio aut\u00eantico em Minas Gerais longe dos roteiros lotados.","og_url":"https:\/\/www.em.com.br\/emfoco\/2026\/01\/17\/esse-paraiso-escondido-em-minas-gerais-esta-comecando-a-chamar-atencao\/","og_site_name":"Estado de Minas - Em foco","article_published_time":"2026-01-17T09:05:00+00:00","article_modified_time":"2026-01-16T22:31:34+00:00","og_image":[{"width":1280,"height":720,"url":"https:\/\/www.em.com.br\/emfoco\/wp-content\/uploads\/2026\/01\/Gemini_Generated_Image_phqz3kphqz3kphqz-1.jpg","type":"image\/jpeg"}],"author":"Andre\u0301 Rangel\u00a0","twitter_card":"summary_large_image","twitter_misc":{"Escrito por":"Andre\u0301 Rangel\u00a0","Est. tempo de leitura":"5 minutos"},"schema":{"@context":"https:\/\/schema.org","@graph":[{"@type":"WebPage","@id":"https:\/\/www.em.com.br\/emfoco\/2026\/01\/17\/esse-paraiso-escondido-em-minas-gerais-esta-comecando-a-chamar-atencao\/","url":"https:\/\/www.em.com.br\/emfoco\/2026\/01\/17\/esse-paraiso-escondido-em-minas-gerais-esta-comecando-a-chamar-atencao\/","name":"Esse para\u00edso escondido em Minas Gerais est\u00e1 come\u00e7ando a chamar aten\u00e7\u00e3o - Estado de Minas - Em foco","isPartOf":{"@id":"https:\/\/www.em.com.br\/emfoco\/#website"},"primaryImageOfPage":{"@id":"https:\/\/www.em.com.br\/emfoco\/2026\/01\/17\/esse-paraiso-escondido-em-minas-gerais-esta-comecando-a-chamar-atencao\/#primaryimage"},"image":{"@id":"https:\/\/www.em.com.br\/emfoco\/2026\/01\/17\/esse-paraiso-escondido-em-minas-gerais-esta-comecando-a-chamar-atencao\/#primaryimage"},"thumbnailUrl":"https:\/\/www.em.com.br\/emfoco\/wp-content\/uploads\/2026\/01\/Gemini_Generated_Image_phqz3kphqz3kphqz-1.jpg","datePublished":"2026-01-17T09:05:00+00:00","dateModified":"2026-01-16T22:31:34+00:00","author":{"@id":"https:\/\/www.em.com.br\/emfoco\/#\/schema\/person\/60eda09c1fedf0d6891f4cef4b60b8b8"},"description":"Quem busca tranquilidade e paisagens naturais encontra em Lumin\u00e1rias um ref\u00fagio aut\u00eantico em Minas Gerais longe dos roteiros lotados.","breadcrumb":{"@id":"https:\/\/www.em.com.br\/emfoco\/2026\/01\/17\/esse-paraiso-escondido-em-minas-gerais-esta-comecando-a-chamar-atencao\/#breadcrumb"},"inLanguage":"pt-BR","potentialAction":[{"@type":"ReadAction","target":["https:\/\/www.em.com.br\/emfoco\/2026\/01\/17\/esse-paraiso-escondido-em-minas-gerais-esta-comecando-a-chamar-atencao\/"]}]},{"@type":"ImageObject","inLanguage":"pt-BR","@id":"https:\/\/www.em.com.br\/emfoco\/2026\/01\/17\/esse-paraiso-escondido-em-minas-gerais-esta-comecando-a-chamar-atencao\/#primaryimage","url":"https:\/\/www.em.com.br\/emfoco\/wp-content\/uploads\/2026\/01\/Gemini_Generated_Image_phqz3kphqz3kphqz-1.jpg","contentUrl":"https:\/\/www.em.com.br\/emfoco\/wp-content\/uploads\/2026\/01\/Gemini_Generated_Image_phqz3kphqz3kphqz-1.jpg","width":1280,"height":720,"caption":"Esse cantinho de Minas est\u00e1 encantando quem busca sossego"},{"@type":"BreadcrumbList","@id":"https:\/\/www.em.com.br\/emfoco\/2026\/01\/17\/esse-paraiso-escondido-em-minas-gerais-esta-comecando-a-chamar-atencao\/#breadcrumb","itemListElement":[{"@type":"ListItem","position":1,"name":"In\u00edcio","item":"https:\/\/www.em.com.br\/emfoco\/"},{"@type":"ListItem","position":2,"name":"Esse para\u00edso escondido em Minas Gerais est\u00e1 come\u00e7ando a chamar aten\u00e7\u00e3o"}]},{"@type":"WebSite","@id":"https:\/\/www.em.com.br\/emfoco\/#website","url":"https:\/\/www.em.com.br\/emfoco\/","name":"Estado de Minas - Em foco","description":"Acompanhe as \u00faltimas not\u00edcias e fique bem informado sobre tudo o que acontece em Minas Gerais, Brasil e no mundo.","potentialAction":[{"@type":"SearchAction","target":{"@type":"EntryPoint","urlTemplate":"https:\/\/www.em.com.br\/emfoco\/?s={search_term_string}"},"query-input":{"@type":"PropertyValueSpecification","valueRequired":true,"valueName":"search_term_string"}}],"inLanguage":"pt-BR"},{"@type":"Person","@id":"https:\/\/www.em.com.br\/emfoco\/#\/schema\/person\/60eda09c1fedf0d6891f4cef4b60b8b8","name":"Andre\u0301 Rangel\u00a0","image":{"@type":"ImageObject","inLanguage":"pt-BR","@id":"https:\/\/www.em.com.br\/emfoco\/#\/schema\/person\/image\/","url":"https:\/\/secure.gravatar.com\/avatar\/6234dc814c77c8ef6d8bba622c787efc?s=96&d=mm&r=g","contentUrl":"https:\/\/secure.gravatar.com\/avatar\/6234dc814c77c8ef6d8bba622c787efc?s=96&d=mm&r=g","caption":"Andre\u0301 Rangel\u00a0"},"url":"https:\/\/www.em.com.br\/emfoco\/author\/luizmyth\/"}]}},"_links":{"self":[{"href":"https:\/\/www.em.com.br\/emfoco\/wp-json\/wp\/v2\/posts\/155535","targetHints":{"allow":["GET"]}}],"collection":[{"href":"https:\/\/www.em.com.br\/emfoco\/wp-json\/wp\/v2\/posts"}],"about":[{"href":"https:\/\/www.em.com.br\/emfoco\/wp-json\/wp\/v2\/types\/post"}],"author":[{"embeddable":true,"href":"https:\/\/www.em.com.br\/emfoco\/wp-json\/wp\/v2\/users\/11"}],"replies":[{"embeddable":true,"href":"https:\/\/www.em.com.br\/emfoco\/wp-json\/wp\/v2\/comments?post=155535"}],"version-history":[{"count":3,"href":"https:\/\/www.em.com.br\/emfoco\/wp-json\/wp\/v2\/posts\/155535\/revisions"}],"predecessor-version":[{"id":155567,"href":"https:\/\/www.em.com.br\/emfoco\/wp-json\/wp\/v2\/posts\/155535\/revisions\/155567"}],"wp:featuredmedia":[{"embeddable":true,"href":"https:\/\/www.em.com.br\/emfoco\/wp-json\/wp\/v2\/media\/155556"}],"wp:attachment":[{"href":"https:\/\/www.em.com.br\/emfoco\/wp-json\/wp\/v2\/media?parent=155535"}],"wp:term":[{"taxonomy":"category","embeddable":true,"href":"https:\/\/www.em.com.br\/emfoco\/wp-json\/wp\/v2\/categories?post=155535"},{"taxonomy":"post_tag","embeddable":true,"href":"https:\/\/www.em.com.br\/emfoco\/wp-json\/wp\/v2\/tags?post=155535"}],"curies":[{"name":"wp","href":"https:\/\/api.w.org\/{rel}","templated":true}]}}