{"id":155534,"date":"2026-01-18T13:05:00","date_gmt":"2026-01-18T16:05:00","guid":{"rendered":"https:\/\/www.em.com.br\/emfoco\/?p=155534"},"modified":"2026-01-15T11:53:54","modified_gmt":"2026-01-15T14:53:54","slug":"comparativo-revela-quando-a-air-fryer-gasta-mais-do-que-o-forno-e-como-usar-os-dois-aparelhos-sem-explodir-a-conta-de-luz-ou-gas","status":"publish","type":"post","link":"https:\/\/www.em.com.br\/emfoco\/2026\/01\/18\/comparativo-revela-quando-a-air-fryer-gasta-mais-do-que-o-forno-e-como-usar-os-dois-aparelhos-sem-explodir-a-conta-de-luz-ou-gas\/","title":{"rendered":"Comparativo revela quando a air fryer gasta mais do que o forno e como usar os dois aparelhos sem explodir a conta de luz ou g\u00e1s"},"content":{"rendered":"\n<h2 class=\"wp-block-heading\">Em 2026, a escolha entre air fryer e forno impacta o gasto dom\u00e9stico. A air fryer economiza em por\u00e7\u00f5es pequenas e uso frequente, enquanto o forno compensa em grandes volumes, especialmente a g\u00e1s, ao diluir o custo do aquecimento.<\/h2>\n\n\n\n<p>Com o custo da energia el\u00e9trica e do g\u00e1s em alta em 2026, escolher entre <strong>air fryer<\/strong> e <strong>forno<\/strong> deixou de ser apenas prefer\u00eancia culin\u00e1ria e passou a impactar diretamente o or\u00e7amento dom\u00e9stico, exigindo aten\u00e7\u00e3o ao consumo real de cada aparelho.<\/p>\n\n\n\n<h2 class=\"wp-block-heading\">Como cada aparelho funciona e por que isso afeta o gasto?<\/h2>\n\n\n\n<p>A <strong>air fryer<\/strong> aquece alimentos por meio de circula\u00e7\u00e3o intensa de ar quente em um espa\u00e7o reduzido, concentrando calor e reduzindo desperd\u00edcio energ\u00e9tico, o que acelera o preparo e diminui o tempo total ligada.<\/p>\n\n\n\n<p>J\u00e1 o <strong>forno<\/strong> aquece um compartimento muito maior e exige pr\u00e9-aquecimento prolongado, consumindo mais energia no in\u00edcio, mas podendo se tornar eficiente quando utilizado por longos per\u00edodos ou para grandes volumes.<\/p>\n\n\n\n<figure class=\"wp-block-image size-large\"><img loading=\"lazy\" decoding=\"async\" width=\"1024\" height=\"576\" src=\"https:\/\/www.em.com.br\/emfoco\/wp-content\/uploads\/2026\/01\/AIAI-6-21-1024x576.jpg\" alt=\"Comparativo revela quando a air fryer gasta mais do que o forno e como usar os dois aparelhos sem explodir a conta de luz ou g\u00e1s\" class=\"wp-image-155579\" srcset=\"https:\/\/www.em.com.br\/emfoco\/wp-content\/uploads\/2026\/01\/AIAI-6-21-1024x576.jpg 1024w, https:\/\/www.em.com.br\/emfoco\/wp-content\/uploads\/2026\/01\/AIAI-6-21-300x169.jpg 300w, https:\/\/www.em.com.br\/emfoco\/wp-content\/uploads\/2026\/01\/AIAI-6-21-768x432.jpg 768w, https:\/\/www.em.com.br\/emfoco\/wp-content\/uploads\/2026\/01\/AIAI-6-21-750x422.jpg 750w, https:\/\/www.em.com.br\/emfoco\/wp-content\/uploads\/2026\/01\/AIAI-6-21-1140x641.jpg 1140w, https:\/\/www.em.com.br\/emfoco\/wp-content\/uploads\/2026\/01\/AIAI-6-21.jpg 1280w\" sizes=\"auto, (max-width: 1024px) 100vw, 1024px\" \/><figcaption class=\"wp-element-caption\">Air fryer economiza energia ao preparar pequenas por\u00e7\u00f5es rapidamente<\/figcaption><\/figure>\n\n\n\n<h2 class=\"wp-block-heading\">Quando a air fryer realmente compensa no consumo?<\/h2>\n\n\n\n<p>A air fryer se mostra mais econ\u00f4mica em situa\u00e7\u00f5es espec\u00edficas do dia a dia, especialmente quando substituir o forno evitaria gasto excessivo de energia para pequenas quantidades de comida. Entre os cen\u00e1rios mais vantajosos, est\u00e3o os que aparecem a seguir.<\/p>\n\n\n\n<ul class=\"wp-block-list\">\n<li><strong>Por\u00e7\u00f5es pequenas<\/strong>, como refei\u00e7\u00f5es individuais ou lanches r\u00e1pidos.<\/li>\n\n\n\n<li><strong>Preparo sem pr\u00e9-aquecimento<\/strong>, reduzindo minutos ligados.<\/li>\n\n\n\n<li><strong>Uso frequente<\/strong>, evitando ligar um forno grande v\u00e1rias vezes.<\/li>\n<\/ul>\n\n\n\n<h2 class=\"wp-block-heading\">Em quais casos o forno passa a ser mais econ\u00f4mico?<\/h2>\n\n\n\n<p>O forno se destaca quando utilizado para preparar grandes quantidades de alimentos, pois o gasto inicial de aquecimento se dilui ao longo do tempo e do volume produzido na mesma fornada.<\/p>\n\n\n\n<p>Em especial, o <strong>forno a g\u00e1s<\/strong> costuma ter custo menor em preparos longos, como carnes grandes e bolos m\u00faltiplos, tornando-se mais eficiente do que repetir ciclos curtos na air fryer.<\/p>\n\n\n\n<p>Confira o v\u00eddeo compartilhado pelo canal do TikTok <strong><a href=\"https:\/\/www.tiktok.com\/@chefdoficial\" target=\"_blank\" rel=\"noreferrer noopener\"><strong>chefdoficial<\/strong><\/a><\/strong> fazendo a compara\u00e7\u00e3o na utiliza\u00e7\u00e3o entre air fryer e um forno el\u00e9trico convencional.<\/p>\n\n\n\n<blockquote class=\"tiktok-embed\" cite=\"https:\/\/www.tiktok.com\/@chefdoficial\/video\/7483981084569439493\" data-video-id=\"7483981084569439493\" style=\"max-width: 605px;min-width: 325px;\" > <section> <a target=\"_blank\" title=\"@chefdoficial\" href=\"https:\/\/www.tiktok.com\/@chefdoficial?refer=embed\">@chefdoficial<\/a> AIR FRYER vs FORNO EL\u00c9TRICO \ud83d\udd25 \u2013 Qual \u00e9 o melhor? \ud83e\udd14\u2696\ufe0f Testamos alguns alimentos em ambos os aparelhos para ver as diferen\u00e7as! Ser\u00e1 que a air fryer \u00e9 realmente mais r\u00e1pida? Ou o forno el\u00e9trico garante um sabor melhor? \ud83c\udf5f\ud83c\udf55 \ud83d\uded2 Ambos est\u00e3o dispon\u00edveis em nosso site! \ud83d\udcac Comente abaixo: Voc\u00ea prefere a praticidade da air fryer ou a versatilidade do forno el\u00e9trico? \ud83d\udc47\ud83d\udd25<a title=\"donadecasa\" target=\"_blank\" href=\"https:\/\/www.tiktok.com\/tag\/donadecasa?refer=embed\">#donadecasa<\/a> <a title=\"chefd\" target=\"_blank\" href=\"https:\/\/www.tiktok.com\/tag\/chefd?refer=embed\">#chefd<\/a> <a title=\"airfryer\" target=\"_blank\" href=\"https:\/\/www.tiktok.com\/tag\/airfryer?refer=embed\">#airfryer<\/a> <a title=\"teste\" target=\"_blank\" href=\"https:\/\/www.tiktok.com\/tag\/teste?refer=embed\">#teste<\/a> <a title=\"vs\" target=\"_blank\" href=\"https:\/\/www.tiktok.com\/tag\/vs?refer=embed\">#vs<\/a> <a target=\"_blank\" title=\"\u266c \u539f\u58f0 - CHEFD OFICIAL - LX BOX\" href=\"https:\/\/www.tiktok.com\/music\/\u539f\u58f0-CHEFD-OFICIAL-7483981095181060870?refer=embed\">\u266c \u539f\u58f0 &#8211; CHEFD OFICIAL &#8211; LX BOX<\/a> <\/section> <\/blockquote> <script async src=\"https:\/\/www.tiktok.com\/embed.js\"><\/script>\n\n\n\n<p><em>Leia mais: <strong><a href=\"https:\/\/www.em.com.br\/emfoco\/2026\/01\/15\/comunicado-geral-alerta-todos-que-tem-celular-da-motorola-hoje\/\" target=\"_blank\" rel=\"noreferrer noopener\">Comunicado geral alerta todos que t\u00eam celular da Motorola hoje<\/a><\/strong><\/em><\/p>\n\n\n\n<h2 class=\"wp-block-heading\">Qual oferece melhor resultado e economia no preparo?<\/h2>\n\n\n\n<p>Cada aparelho entrega vantagens diferentes no resultado final e isso tamb\u00e9m influencia o consumo total ao longo do m\u00eas. Para entender onde cada um se sai melhor, considere os pontos pr\u00e1ticos a seguir.<\/p>\n\n\n\n<ul class=\"wp-block-list\">\n<li><strong>Croc\u00e2ncia r\u00e1pida<\/strong> e textura de fritura favorecem a air fryer.<\/li>\n\n\n\n<li><strong>Assados uniformes<\/strong> e receitas grandes favorecem o forno.<\/li>\n\n\n\n<li><strong>Planejamento de preparo<\/strong> evita desperd\u00edcio de energia.<\/li>\n<\/ul>\n\n\n\n<h2 class=\"wp-block-heading\">O que vale mais a pena para cada tipo de rotina?<\/h2>\n\n\n\n<p>Para quem mora sozinho ou em casal, a <strong>air fryer<\/strong> costuma gerar economia real no dia a dia, gra\u00e7as ao preparo r\u00e1pido, menor tempo ligada e facilidade de limpeza.<\/p>\n\n\n\n<p>J\u00e1 em fam\u00edlias maiores, o <strong>forno<\/strong> tende a compensar mais ao preparar tudo de uma vez, reduzindo o consumo total. Em muitos lares, usar cada aparelho no momento certo \u00e9 o que garante o menor gasto mensal.<\/p>\n","protected":false},"excerpt":{"rendered":"<p>Em 2026, a escolha entre air fryer e forno impacta o gasto dom\u00e9stico. A air fryer economiza em por\u00e7\u00f5es pequenas e uso frequente, enquanto o forno compensa em grandes volumes, especialmente a g\u00e1s, ao diluir o custo do aquecimento. Com o custo da energia el\u00e9trica e do g\u00e1s em alta em 2026, escolher entre air [&hellip;]<\/p>\n","protected":false},"author":13,"featured_media":155579,"comment_status":"open","ping_status":"open","sticky":false,"template":"","format":"standard","meta":{"jnews-multi-image_gallery":[],"jnews_single_post":{"format":"standard"},"jnews_primary_category":[],"jnews_social_meta":[],"jnews_override_counter":[],"footnotes":""},"categories":[4204],"tags":[3263,11955,8506],"class_list":["post-155534","post","type-post","status-publish","format-standard","has-post-thumbnail","hentry","category-tecnologia","tag-air-fryer","tag-consumo-de-energia","tag-forno-eletrico"],"yoast_head":"<!-- This site is optimized with the Yoast SEO plugin v23.8 - https:\/\/yoast.com\/wordpress\/plugins\/seo\/ -->\n<title>Comparativo revela quando a air fryer gasta mais do que o forno e como usar os dois aparelhos sem explodir a conta de luz ou g\u00e1s - Estado de Minas - Em foco<\/title>\n<meta name=\"description\" content=\"Air fryer pode consumir mais que forno em certos usos. Veja como economizar energia na cozinha em 2026 sem abrir m\u00e3o do sabor.\" \/>\n<meta name=\"robots\" content=\"index, follow, max-snippet:-1, max-image-preview:large, max-video-preview:-1\" \/>\n<link rel=\"canonical\" href=\"https:\/\/www.em.com.br\/emfoco\/2026\/01\/18\/comparativo-revela-quando-a-air-fryer-gasta-mais-do-que-o-forno-e-como-usar-os-dois-aparelhos-sem-explodir-a-conta-de-luz-ou-gas\/\" \/>\n<meta property=\"og:locale\" content=\"pt_BR\" \/>\n<meta property=\"og:type\" content=\"article\" \/>\n<meta property=\"og:title\" content=\"Comparativo revela quando a air fryer gasta mais do que o forno e como usar os dois aparelhos sem explodir a conta de luz ou g\u00e1s - Estado de Minas - Em foco\" \/>\n<meta property=\"og:description\" content=\"Air fryer pode consumir mais que forno em certos usos. Veja como economizar energia na cozinha em 2026 sem abrir m\u00e3o do sabor.\" \/>\n<meta property=\"og:url\" content=\"https:\/\/www.em.com.br\/emfoco\/2026\/01\/18\/comparativo-revela-quando-a-air-fryer-gasta-mais-do-que-o-forno-e-como-usar-os-dois-aparelhos-sem-explodir-a-conta-de-luz-ou-gas\/\" \/>\n<meta property=\"og:site_name\" content=\"Estado de Minas - Em foco\" \/>\n<meta property=\"article:published_time\" content=\"2026-01-18T16:05:00+00:00\" \/>\n<meta property=\"article:modified_time\" content=\"2026-01-15T14:53:54+00:00\" \/>\n<meta property=\"og:image\" content=\"https:\/\/www.em.com.br\/emfoco\/wp-content\/uploads\/2026\/01\/AIAI-6-21.jpg\" \/>\n\t<meta property=\"og:image:width\" content=\"1280\" \/>\n\t<meta property=\"og:image:height\" content=\"720\" \/>\n\t<meta property=\"og:image:type\" content=\"image\/jpeg\" \/>\n<meta name=\"author\" content=\"Gabriel Martins\" \/>\n<meta name=\"twitter:card\" content=\"summary_large_image\" \/>\n<meta name=\"twitter:label1\" content=\"Escrito por\" \/>\n\t<meta name=\"twitter:data1\" content=\"Gabriel Martins\" \/>\n\t<meta name=\"twitter:label2\" content=\"Est. tempo de leitura\" \/>\n\t<meta name=\"twitter:data2\" content=\"4 minutos\" \/>\n<!-- \/ Yoast SEO plugin. -->","yoast_head_json":{"title":"Comparativo revela quando a air fryer gasta mais do que o forno e como usar os dois aparelhos sem explodir a conta de luz ou g\u00e1s - Estado de Minas - Em foco","description":"Air fryer pode consumir mais que forno em certos usos. Veja como economizar energia na cozinha em 2026 sem abrir m\u00e3o do sabor.","robots":{"index":"index","follow":"follow","max-snippet":"max-snippet:-1","max-image-preview":"max-image-preview:large","max-video-preview":"max-video-preview:-1"},"canonical":"https:\/\/www.em.com.br\/emfoco\/2026\/01\/18\/comparativo-revela-quando-a-air-fryer-gasta-mais-do-que-o-forno-e-como-usar-os-dois-aparelhos-sem-explodir-a-conta-de-luz-ou-gas\/","og_locale":"pt_BR","og_type":"article","og_title":"Comparativo revela quando a air fryer gasta mais do que o forno e como usar os dois aparelhos sem explodir a conta de luz ou g\u00e1s - Estado de Minas - Em foco","og_description":"Air fryer pode consumir mais que forno em certos usos. Veja como economizar energia na cozinha em 2026 sem abrir m\u00e3o do sabor.","og_url":"https:\/\/www.em.com.br\/emfoco\/2026\/01\/18\/comparativo-revela-quando-a-air-fryer-gasta-mais-do-que-o-forno-e-como-usar-os-dois-aparelhos-sem-explodir-a-conta-de-luz-ou-gas\/","og_site_name":"Estado de Minas - Em foco","article_published_time":"2026-01-18T16:05:00+00:00","article_modified_time":"2026-01-15T14:53:54+00:00","og_image":[{"width":1280,"height":720,"url":"https:\/\/www.em.com.br\/emfoco\/wp-content\/uploads\/2026\/01\/AIAI-6-21.jpg","type":"image\/jpeg"}],"author":"Gabriel Martins","twitter_card":"summary_large_image","twitter_misc":{"Escrito por":"Gabriel Martins","Est. tempo de leitura":"4 minutos"},"schema":{"@context":"https:\/\/schema.org","@graph":[{"@type":"WebPage","@id":"https:\/\/www.em.com.br\/emfoco\/2026\/01\/18\/comparativo-revela-quando-a-air-fryer-gasta-mais-do-que-o-forno-e-como-usar-os-dois-aparelhos-sem-explodir-a-conta-de-luz-ou-gas\/","url":"https:\/\/www.em.com.br\/emfoco\/2026\/01\/18\/comparativo-revela-quando-a-air-fryer-gasta-mais-do-que-o-forno-e-como-usar-os-dois-aparelhos-sem-explodir-a-conta-de-luz-ou-gas\/","name":"Comparativo revela quando a air fryer gasta mais do que o forno e como usar os dois aparelhos sem explodir a conta de luz ou g\u00e1s - Estado de Minas - Em foco","isPartOf":{"@id":"https:\/\/www.em.com.br\/emfoco\/#website"},"primaryImageOfPage":{"@id":"https:\/\/www.em.com.br\/emfoco\/2026\/01\/18\/comparativo-revela-quando-a-air-fryer-gasta-mais-do-que-o-forno-e-como-usar-os-dois-aparelhos-sem-explodir-a-conta-de-luz-ou-gas\/#primaryimage"},"image":{"@id":"https:\/\/www.em.com.br\/emfoco\/2026\/01\/18\/comparativo-revela-quando-a-air-fryer-gasta-mais-do-que-o-forno-e-como-usar-os-dois-aparelhos-sem-explodir-a-conta-de-luz-ou-gas\/#primaryimage"},"thumbnailUrl":"https:\/\/www.em.com.br\/emfoco\/wp-content\/uploads\/2026\/01\/AIAI-6-21.jpg","datePublished":"2026-01-18T16:05:00+00:00","dateModified":"2026-01-15T14:53:54+00:00","author":{"@id":"https:\/\/www.em.com.br\/emfoco\/#\/schema\/person\/1c9ddeab18b98abeffef834667bcf08a"},"description":"Air fryer pode consumir mais que forno em certos usos. Veja como economizar energia na cozinha em 2026 sem abrir m\u00e3o do sabor.","breadcrumb":{"@id":"https:\/\/www.em.com.br\/emfoco\/2026\/01\/18\/comparativo-revela-quando-a-air-fryer-gasta-mais-do-que-o-forno-e-como-usar-os-dois-aparelhos-sem-explodir-a-conta-de-luz-ou-gas\/#breadcrumb"},"inLanguage":"pt-BR","potentialAction":[{"@type":"ReadAction","target":["https:\/\/www.em.com.br\/emfoco\/2026\/01\/18\/comparativo-revela-quando-a-air-fryer-gasta-mais-do-que-o-forno-e-como-usar-os-dois-aparelhos-sem-explodir-a-conta-de-luz-ou-gas\/"]}]},{"@type":"ImageObject","inLanguage":"pt-BR","@id":"https:\/\/www.em.com.br\/emfoco\/2026\/01\/18\/comparativo-revela-quando-a-air-fryer-gasta-mais-do-que-o-forno-e-como-usar-os-dois-aparelhos-sem-explodir-a-conta-de-luz-ou-gas\/#primaryimage","url":"https:\/\/www.em.com.br\/emfoco\/wp-content\/uploads\/2026\/01\/AIAI-6-21.jpg","contentUrl":"https:\/\/www.em.com.br\/emfoco\/wp-content\/uploads\/2026\/01\/AIAI-6-21.jpg","width":1280,"height":720,"caption":"Air fryer economiza energia ao preparar pequenas por\u00e7\u00f5es rapidamente"},{"@type":"BreadcrumbList","@id":"https:\/\/www.em.com.br\/emfoco\/2026\/01\/18\/comparativo-revela-quando-a-air-fryer-gasta-mais-do-que-o-forno-e-como-usar-os-dois-aparelhos-sem-explodir-a-conta-de-luz-ou-gas\/#breadcrumb","itemListElement":[{"@type":"ListItem","position":1,"name":"In\u00edcio","item":"https:\/\/www.em.com.br\/emfoco\/"},{"@type":"ListItem","position":2,"name":"Comparativo revela quando a air fryer gasta mais do que o forno e como usar os dois aparelhos sem explodir a conta de luz ou g\u00e1s"}]},{"@type":"WebSite","@id":"https:\/\/www.em.com.br\/emfoco\/#website","url":"https:\/\/www.em.com.br\/emfoco\/","name":"Estado de Minas - Em foco","description":"Acompanhe as \u00faltimas not\u00edcias e fique bem informado sobre tudo o que acontece em Minas Gerais, Brasil e no mundo.","potentialAction":[{"@type":"SearchAction","target":{"@type":"EntryPoint","urlTemplate":"https:\/\/www.em.com.br\/emfoco\/?s={search_term_string}"},"query-input":{"@type":"PropertyValueSpecification","valueRequired":true,"valueName":"search_term_string"}}],"inLanguage":"pt-BR"},{"@type":"Person","@id":"https:\/\/www.em.com.br\/emfoco\/#\/schema\/person\/1c9ddeab18b98abeffef834667bcf08a","name":"Gabriel Martins","image":{"@type":"ImageObject","inLanguage":"pt-BR","@id":"https:\/\/www.em.com.br\/emfoco\/#\/schema\/person\/image\/","url":"https:\/\/secure.gravatar.com\/avatar\/f0f1e2efdfd88f1ad2cb08c5c2731e50?s=96&d=mm&r=g","contentUrl":"https:\/\/secure.gravatar.com\/avatar\/f0f1e2efdfd88f1ad2cb08c5c2731e50?s=96&d=mm&r=g","caption":"Gabriel Martins"},"sameAs":["https:\/\/www.em.com.br\/emfoco\/"],"url":"https:\/\/www.em.com.br\/emfoco\/author\/gabrielmartinsmyth\/"}]}},"_links":{"self":[{"href":"https:\/\/www.em.com.br\/emfoco\/wp-json\/wp\/v2\/posts\/155534","targetHints":{"allow":["GET"]}}],"collection":[{"href":"https:\/\/www.em.com.br\/emfoco\/wp-json\/wp\/v2\/posts"}],"about":[{"href":"https:\/\/www.em.com.br\/emfoco\/wp-json\/wp\/v2\/types\/post"}],"author":[{"embeddable":true,"href":"https:\/\/www.em.com.br\/emfoco\/wp-json\/wp\/v2\/users\/13"}],"replies":[{"embeddable":true,"href":"https:\/\/www.em.com.br\/emfoco\/wp-json\/wp\/v2\/comments?post=155534"}],"version-history":[{"count":1,"href":"https:\/\/www.em.com.br\/emfoco\/wp-json\/wp\/v2\/posts\/155534\/revisions"}],"predecessor-version":[{"id":155580,"href":"https:\/\/www.em.com.br\/emfoco\/wp-json\/wp\/v2\/posts\/155534\/revisions\/155580"}],"wp:featuredmedia":[{"embeddable":true,"href":"https:\/\/www.em.com.br\/emfoco\/wp-json\/wp\/v2\/media\/155579"}],"wp:attachment":[{"href":"https:\/\/www.em.com.br\/emfoco\/wp-json\/wp\/v2\/media?parent=155534"}],"wp:term":[{"taxonomy":"category","embeddable":true,"href":"https:\/\/www.em.com.br\/emfoco\/wp-json\/wp\/v2\/categories?post=155534"},{"taxonomy":"post_tag","embeddable":true,"href":"https:\/\/www.em.com.br\/emfoco\/wp-json\/wp\/v2\/tags?post=155534"}],"curies":[{"name":"wp","href":"https:\/\/api.w.org\/{rel}","templated":true}]}}