{"id":155478,"date":"2026-01-16T12:25:00","date_gmt":"2026-01-16T15:25:00","guid":{"rendered":"https:\/\/www.em.com.br\/emfoco\/?p=155478"},"modified":"2026-01-15T19:30:02","modified_gmt":"2026-01-15T22:30:02","slug":"todo-mundo-esta-colocando-chia-na-dieta-mas-poucos-usam-certo","status":"publish","type":"post","link":"https:\/\/www.em.com.br\/emfoco\/2026\/01\/16\/todo-mundo-esta-colocando-chia-na-dieta-mas-poucos-usam-certo\/","title":{"rendered":"Todo mundo est\u00e1 colocando chia na dieta, mas poucos usam certo"},"content":{"rendered":"\n<p>Entre os alimentos mais comentados em planos alimentares atuais, a chia aparece com frequ\u00eancia como op\u00e7\u00e3o pr\u00e1tica para refor\u00e7ar o teor de fibras, gorduras boas e prote\u00ednas da dieta. A pequena semente ganhou espa\u00e7o em caf\u00e9s da manh\u00e3, lanches r\u00e1pidos e receitas variadas, associada a temas como emagrecimento, sa\u00fade do intestino e prote\u00e7\u00e3o do cora\u00e7\u00e3o, mas ainda h\u00e1 d\u00favidas sobre o que ela realmente oferece e quais cuidados s\u00e3o necess\u00e1rios no dia a dia.<\/p>\n\n\n\n<h2 class=\"wp-block-heading\">O que \u00e9 chia e por que ela \u00e9 considerada um alimento funcional<\/h2>\n\n\n\n<p>A <strong>chia<\/strong> \u00e9 a semente de uma planta cultivada principalmente em pa\u00edses da Am\u00e9rica Latina, adaptada a climas variados e hoje presente em mercados, emp\u00f3rios e lojas de produtos naturais. Em an\u00e1lise nutricional, destaca-se pelo alto teor de fibras alimentares, pela presen\u00e7a de prote\u00edna de origem vegetal e por conter gorduras insaturadas, entre elas uma fra\u00e7\u00e3o de \u00f4mega-3. No v\u00eddeo do canal @<a href=\"https:\/\/www.youtube.com\/@tuasaude\" target=\"_blank\" rel=\"noreferrer noopener\">Tua Sa\u00fade<\/a>, s\u00e3o esclarecidos os principais benef\u00edcios da chia, formas corretas de consumo, quantidade indicada e cuidados necess\u00e1rios para inclu\u00ed-la na rotina alimentar.<\/p>\n\n\n\n<iframe loading=\"lazy\" width=\"1013\" height=\"570\" src=\"https:\/\/www.youtube.com\/embed\/q9ECpClgPks\" title=\"CHIA: para que serve e 9 benef\u00edcios comprovados\" frameborder=\"0\" allow=\"accelerometer; autoplay; clipboard-write; encrypted-media; gyroscope; picture-in-picture; web-share\" referrerpolicy=\"strict-origin-when-cross-origin\" allowfullscreen><\/iframe>\n\n\n\n<p>Tamb\u00e9m fornece minerais como c\u00e1lcio, magn\u00e9sio e f\u00f3sforo, al\u00e9m de compostos com a\u00e7\u00e3o antioxidante que ajudam a combater radicais livres. Esse conjunto de nutrientes faz com que a chia seja enquadrada na categoria de alimento funcional, isto \u00e9, um alimento que oferece componentes associados a benef\u00edcios adicionais para o organismo.<\/p>\n\n\n\n<h2 class=\"wp-block-heading\">Como a chia pode ajudar no emagrecimento<\/h2>\n\n\n\n<p>O interesse pela <strong>chia para emagrecer<\/strong> est\u00e1 ligado principalmente ao efeito das fibras em contato com l\u00edquidos. Quando hidratada em \u00e1gua, leite ou bebidas vegetais, a semente forma um gel espesso que ocupa mais espa\u00e7o no est\u00f4mago e \u00e9 digerido de forma mais lenta, prolongando a sensa\u00e7\u00e3o de saciedade.<\/p>\n\n\n\n<p>Esse mecanismo favorece o controle da fome, em especial entre uma refei\u00e7\u00e3o e outra, e ajuda a reduzir beliscos constantes ao longo do dia. Al\u00e9m disso, as fibras sol\u00faveis retardam a absor\u00e7\u00e3o dos carboidratos da refei\u00e7\u00e3o, contribuindo para uma resposta glic\u00eamica mais gradual, algo importante em casos de resist\u00eancia \u00e0 insulina e diabete tipo 2.<\/p>\n\n\n\n<p>Leia mais: <a href=\"https:\/\/www.em.com.br\/emgiro\/2026\/01\/7333056-suco-de-abobrinha-faz-bem-veja-para-que-serve-e-como-preparar.html\" target=\"_blank\" rel=\"noreferrer noopener\">Suco de abobrinha faz bem? Veja para que serve e como preparar<\/a><\/p>\n\n\n\n<h2 class=\"wp-block-heading\">Quais s\u00e3o os benef\u00edcios da chia al\u00e9m do emagrecimento<\/h2>\n\n\n\n<p>Embora exista associa\u00e7\u00e3o frequente entre chia e controle de peso, a semente participa de outros aspectos da sa\u00fade. Em rela\u00e7\u00e3o ao intestino, o alto teor de fibras contribui para dar volume ao bolo fecal e manter as fezes mais hidratadas, favorecendo a regularidade do tr\u00e2nsito intestinal em pessoas que consomem \u00e1gua em quantidade adequada.<\/p>\n\n\n\n<p>No campo cardiovascular, a <strong>chia \u00e9 boa para<\/strong> compor uma alimenta\u00e7\u00e3o voltada ao equil\u00edbrio do colesterol, principalmente quando substitui itens ricos em gorduras saturadas. A presen\u00e7a de prote\u00edna vegetal tamb\u00e9m \u00e9 interessante para quem pratica exerc\u00edcios f\u00edsicos, especialmente em padr\u00f5es alimentares com menor consumo de prote\u00edna animal, como dietas vegetarianas e veganas.<\/p>\n\n\n\n<h2 class=\"wp-block-heading\">Como usar chia no dia a dia sem exageros<\/h2>\n\n\n<div class=\"wp-block-image\">\n<figure class=\"aligncenter size-large\"><img loading=\"lazy\" decoding=\"async\" width=\"1024\" height=\"576\" src=\"https:\/\/www.em.com.br\/emfoco\/wp-content\/uploads\/2026\/01\/chia_1768485634558-1024x576.jpg\" alt=\"\" class=\"wp-image-155520\" srcset=\"https:\/\/www.em.com.br\/emfoco\/wp-content\/uploads\/2026\/01\/chia_1768485634558-1024x576.jpg 1024w, https:\/\/www.em.com.br\/emfoco\/wp-content\/uploads\/2026\/01\/chia_1768485634558-300x169.jpg 300w, https:\/\/www.em.com.br\/emfoco\/wp-content\/uploads\/2026\/01\/chia_1768485634558-768x432.jpg 768w, https:\/\/www.em.com.br\/emfoco\/wp-content\/uploads\/2026\/01\/chia_1768485634558-750x422.jpg 750w, https:\/\/www.em.com.br\/emfoco\/wp-content\/uploads\/2026\/01\/chia_1768485634558-1140x641.jpg 1140w, https:\/\/www.em.com.br\/emfoco\/wp-content\/uploads\/2026\/01\/chia_1768485634558.jpg 1280w\" sizes=\"auto, (max-width: 1024px) 100vw, 1024px\" \/><figcaption class=\"wp-element-caption\">O efeito real da chia no corpo ao longo do dia &#8211; Cr\u00e9ditos: depositphotos.com \/ LieselF<\/figcaption><\/figure><\/div>\n\n\n<p>Na rotina, o preparo mais comum \u00e9 em forma de gel, pois isso melhora a digest\u00e3o e a toler\u00e2ncia intestinal. Normalmente, recomenda-se misturar de uma a duas colheres de sopa de chia em um copo de l\u00edquido e aguardar alguns minutos at\u00e9 a forma\u00e7\u00e3o da textura espessa, que pode ser combinada com frutas, iogurte ou mingau de aveia.<\/p>\n\n\n\n<p>Para facilitar o uso pr\u00e1tico da semente e evitar exageros, algumas orienta\u00e7\u00f5es simples podem guiar o consumo di\u00e1rio de forma segura e organizada:<\/p>\n\n\n\n<ol class=\"wp-block-list\">\n<li>Medir a quantidade de chia, geralmente entre 10 g e 20 g por dia, salvo orienta\u00e7\u00e3o espec\u00edfica;<\/li>\n\n\n\n<li>Hidratar em \u00e1gua, leite ou bebida vegetal por aproximadamente 10 a 20 minutos;<\/li>\n\n\n\n<li>Incorporar o gel a refei\u00e7\u00f5es como caf\u00e9 da manh\u00e3 ou lanche da tarde;<\/li>\n\n\n\n<li>Aumentar a ingest\u00e3o de \u00e1gua ao longo do dia para favorecer a a\u00e7\u00e3o das fibras;<\/li>\n\n\n\n<li>Ajustar a por\u00e7\u00e3o segundo a toler\u00e2ncia intestinal e a recomenda\u00e7\u00e3o profissional.<\/li>\n<\/ol>\n\n\n\n<p>Al\u00e9m do gel, a chia pode ser adicionada a massa de p\u00e3es, bolos, panquecas e biscoitos, ou polvilhada sobre saladas e sopas j\u00e1 prontas. Em geral, orienta-se iniciar com pequenas quantidades para observar a adapta\u00e7\u00e3o do organismo, especialmente em pessoas que consomem pouca fibra no dia a dia.<\/p>\n\n\n\n<p>Leia mais: <a href=\"https:\/\/www.em.com.br\/saude\/2026\/01\/7332715-dieta-mediterranea-o-que-e-e-por-que-faz-bem-para-o-cerebro.html\" target=\"_blank\" rel=\"noreferrer noopener\">Dieta Mediterr\u00e2nea: o que \u00e9 e por que faz bem para o c\u00e9rebro<\/a><\/p>\n\n\n\n<h2 class=\"wp-block-heading\">Quem deve ter cuidado ao consumir chia<\/h2>\n\n\n\n<p>Apesar da boa aceita\u00e7\u00e3o na maioria da popula\u00e7\u00e3o, o uso da chia requer aten\u00e7\u00e3o em situa\u00e7\u00f5es espec\u00edficas. Pessoas com doen\u00e7as inflamat\u00f3rias intestinais, antecedentes de obstru\u00e7\u00e3o intestinal, s\u00edndrome do intestino irrit\u00e1vel ou outros problemas digestivos precisam de avalia\u00e7\u00e3o individual antes de aumentar o consumo de fibras.<\/p>\n\n\n\n<p>Indiv\u00edduos em uso de medicamentos como anticoagulantes, anti-hipertensivos e f\u00e1rmacos para controle de glicemia tamb\u00e9m devem informar o profissional de sa\u00fade sobre o uso frequente de chia. Quando consumida em quantidades moderadas, associada \u00e0 ingest\u00e3o de l\u00edquidos e em um padr\u00e3o alimentar variado, a <strong>chia<\/strong> tende a funcionar como um refor\u00e7o nutricional interessante, sem substituir orienta\u00e7\u00f5es m\u00e9dicas ou nutricionais.<\/p>\n","protected":false},"excerpt":{"rendered":"<p>Entre os alimentos mais comentados em planos alimentares atuais, a chia aparece com frequ\u00eancia como op\u00e7\u00e3o pr\u00e1tica para refor\u00e7ar o teor de fibras, gorduras boas e prote\u00ednas da dieta. A pequena semente ganhou espa\u00e7o em caf\u00e9s da manh\u00e3, lanches r\u00e1pidos e receitas variadas, associada a temas como emagrecimento, sa\u00fade do intestino e prote\u00e7\u00e3o do cora\u00e7\u00e3o, [&hellip;]<\/p>\n","protected":false},"author":20,"featured_media":155521,"comment_status":"open","ping_status":"open","sticky":false,"template":"","format":"standard","meta":{"jnews-multi-image_gallery":[],"jnews_single_post":{"format":"standard"},"jnews_primary_category":[],"jnews_social_meta":[],"jnews_override_counter":[],"footnotes":""},"categories":[8819,1],"tags":[3967,3109,6773],"class_list":["post-155478","post","type-post","status-publish","format-standard","has-post-thumbnail","hentry","category-curiosidades","category-noticias","tag-chia","tag-emagrecimento","tag-superalimento"],"yoast_head":"<!-- This site is optimized with the Yoast SEO plugin v23.8 - https:\/\/yoast.com\/wordpress\/plugins\/seo\/ -->\n<title>Todo mundo est\u00e1 colocando chia na dieta, mas poucos usam certo - Estado de Minas - Em foco<\/title>\n<meta name=\"description\" content=\"A chia virou rotina em muitas dietas, mas um detalhe no consumo di\u00e1rio faz toda a diferen\u00e7a nos resultados e quase ningu\u00e9m presta aten\u00e7\u00e3o nisso.\" \/>\n<meta name=\"robots\" content=\"index, follow, max-snippet:-1, max-image-preview:large, max-video-preview:-1\" \/>\n<link rel=\"canonical\" href=\"https:\/\/www.em.com.br\/emfoco\/2026\/01\/16\/todo-mundo-esta-colocando-chia-na-dieta-mas-poucos-usam-certo\/\" \/>\n<meta property=\"og:locale\" content=\"pt_BR\" \/>\n<meta property=\"og:type\" content=\"article\" \/>\n<meta property=\"og:title\" content=\"Todo mundo est\u00e1 colocando chia na dieta, mas poucos usam certo - Estado de Minas - Em foco\" \/>\n<meta property=\"og:description\" content=\"A chia virou rotina em muitas dietas, mas um detalhe no consumo di\u00e1rio faz toda a diferen\u00e7a nos resultados e quase ningu\u00e9m presta aten\u00e7\u00e3o nisso.\" \/>\n<meta property=\"og:url\" content=\"https:\/\/www.em.com.br\/emfoco\/2026\/01\/16\/todo-mundo-esta-colocando-chia-na-dieta-mas-poucos-usam-certo\/\" \/>\n<meta property=\"og:site_name\" content=\"Estado de Minas - Em foco\" \/>\n<meta property=\"article:published_time\" content=\"2026-01-16T15:25:00+00:00\" \/>\n<meta property=\"article:modified_time\" content=\"2026-01-15T22:30:02+00:00\" \/>\n<meta property=\"og:image\" content=\"https:\/\/www.em.com.br\/emfoco\/wp-content\/uploads\/2026\/01\/chia_1768485617171.jpg\" \/>\n\t<meta property=\"og:image:width\" content=\"1280\" \/>\n\t<meta property=\"og:image:height\" content=\"720\" \/>\n\t<meta property=\"og:image:type\" content=\"image\/jpeg\" \/>\n<meta name=\"author\" content=\"Ingrid Diniz\" \/>\n<meta name=\"twitter:card\" content=\"summary_large_image\" \/>\n<meta name=\"twitter:label1\" content=\"Escrito por\" \/>\n\t<meta name=\"twitter:data1\" content=\"Ingrid Diniz\" \/>\n\t<meta name=\"twitter:label2\" content=\"Est. tempo de leitura\" \/>\n\t<meta name=\"twitter:data2\" content=\"5 minutos\" \/>\n<!-- \/ Yoast SEO plugin. -->","yoast_head_json":{"title":"Todo mundo est\u00e1 colocando chia na dieta, mas poucos usam certo - Estado de Minas - Em foco","description":"A chia virou rotina em muitas dietas, mas um detalhe no consumo di\u00e1rio faz toda a diferen\u00e7a nos resultados e quase ningu\u00e9m presta aten\u00e7\u00e3o nisso.","robots":{"index":"index","follow":"follow","max-snippet":"max-snippet:-1","max-image-preview":"max-image-preview:large","max-video-preview":"max-video-preview:-1"},"canonical":"https:\/\/www.em.com.br\/emfoco\/2026\/01\/16\/todo-mundo-esta-colocando-chia-na-dieta-mas-poucos-usam-certo\/","og_locale":"pt_BR","og_type":"article","og_title":"Todo mundo est\u00e1 colocando chia na dieta, mas poucos usam certo - Estado de Minas - Em foco","og_description":"A chia virou rotina em muitas dietas, mas um detalhe no consumo di\u00e1rio faz toda a diferen\u00e7a nos resultados e quase ningu\u00e9m presta aten\u00e7\u00e3o nisso.","og_url":"https:\/\/www.em.com.br\/emfoco\/2026\/01\/16\/todo-mundo-esta-colocando-chia-na-dieta-mas-poucos-usam-certo\/","og_site_name":"Estado de Minas - Em foco","article_published_time":"2026-01-16T15:25:00+00:00","article_modified_time":"2026-01-15T22:30:02+00:00","og_image":[{"width":1280,"height":720,"url":"https:\/\/www.em.com.br\/emfoco\/wp-content\/uploads\/2026\/01\/chia_1768485617171.jpg","type":"image\/jpeg"}],"author":"Ingrid Diniz","twitter_card":"summary_large_image","twitter_misc":{"Escrito por":"Ingrid Diniz","Est. tempo de leitura":"5 minutos"},"schema":{"@context":"https:\/\/schema.org","@graph":[{"@type":"WebPage","@id":"https:\/\/www.em.com.br\/emfoco\/2026\/01\/16\/todo-mundo-esta-colocando-chia-na-dieta-mas-poucos-usam-certo\/","url":"https:\/\/www.em.com.br\/emfoco\/2026\/01\/16\/todo-mundo-esta-colocando-chia-na-dieta-mas-poucos-usam-certo\/","name":"Todo mundo est\u00e1 colocando chia na dieta, mas poucos usam certo - Estado de Minas - Em foco","isPartOf":{"@id":"https:\/\/www.em.com.br\/emfoco\/#website"},"primaryImageOfPage":{"@id":"https:\/\/www.em.com.br\/emfoco\/2026\/01\/16\/todo-mundo-esta-colocando-chia-na-dieta-mas-poucos-usam-certo\/#primaryimage"},"image":{"@id":"https:\/\/www.em.com.br\/emfoco\/2026\/01\/16\/todo-mundo-esta-colocando-chia-na-dieta-mas-poucos-usam-certo\/#primaryimage"},"thumbnailUrl":"https:\/\/www.em.com.br\/emfoco\/wp-content\/uploads\/2026\/01\/chia_1768485617171.jpg","datePublished":"2026-01-16T15:25:00+00:00","dateModified":"2026-01-15T22:30:02+00:00","author":{"@id":"https:\/\/www.em.com.br\/emfoco\/#\/schema\/person\/649e610b4eb8fff87ff394e54fe17b2b"},"description":"A chia virou rotina em muitas dietas, mas um detalhe no consumo di\u00e1rio faz toda a diferen\u00e7a nos resultados e quase ningu\u00e9m presta aten\u00e7\u00e3o nisso.","breadcrumb":{"@id":"https:\/\/www.em.com.br\/emfoco\/2026\/01\/16\/todo-mundo-esta-colocando-chia-na-dieta-mas-poucos-usam-certo\/#breadcrumb"},"inLanguage":"pt-BR","potentialAction":[{"@type":"ReadAction","target":["https:\/\/www.em.com.br\/emfoco\/2026\/01\/16\/todo-mundo-esta-colocando-chia-na-dieta-mas-poucos-usam-certo\/"]}]},{"@type":"ImageObject","inLanguage":"pt-BR","@id":"https:\/\/www.em.com.br\/emfoco\/2026\/01\/16\/todo-mundo-esta-colocando-chia-na-dieta-mas-poucos-usam-certo\/#primaryimage","url":"https:\/\/www.em.com.br\/emfoco\/wp-content\/uploads\/2026\/01\/chia_1768485617171.jpg","contentUrl":"https:\/\/www.em.com.br\/emfoco\/wp-content\/uploads\/2026\/01\/chia_1768485617171.jpg","width":1280,"height":720,"caption":"Sementes de chia s\u00e3o o superalimento que garante for\u00e7a e energia - Cr\u00e9ditos: depositphotos.com \/ AntonMatyukha"},{"@type":"BreadcrumbList","@id":"https:\/\/www.em.com.br\/emfoco\/2026\/01\/16\/todo-mundo-esta-colocando-chia-na-dieta-mas-poucos-usam-certo\/#breadcrumb","itemListElement":[{"@type":"ListItem","position":1,"name":"In\u00edcio","item":"https:\/\/www.em.com.br\/emfoco\/"},{"@type":"ListItem","position":2,"name":"Todo mundo est\u00e1 colocando chia na dieta, mas poucos usam certo"}]},{"@type":"WebSite","@id":"https:\/\/www.em.com.br\/emfoco\/#website","url":"https:\/\/www.em.com.br\/emfoco\/","name":"Estado de Minas - Em foco","description":"Acompanhe as \u00faltimas not\u00edcias e fique bem informado sobre tudo o que acontece em Minas Gerais, Brasil e no mundo.","potentialAction":[{"@type":"SearchAction","target":{"@type":"EntryPoint","urlTemplate":"https:\/\/www.em.com.br\/emfoco\/?s={search_term_string}"},"query-input":{"@type":"PropertyValueSpecification","valueRequired":true,"valueName":"search_term_string"}}],"inLanguage":"pt-BR"},{"@type":"Person","@id":"https:\/\/www.em.com.br\/emfoco\/#\/schema\/person\/649e610b4eb8fff87ff394e54fe17b2b","name":"Ingrid Diniz","image":{"@type":"ImageObject","inLanguage":"pt-BR","@id":"https:\/\/www.em.com.br\/emfoco\/#\/schema\/person\/image\/","url":"https:\/\/secure.gravatar.com\/avatar\/a3baa1449ec5c39b4c42babc9d4f3951?s=96&d=mm&r=g","contentUrl":"https:\/\/secure.gravatar.com\/avatar\/a3baa1449ec5c39b4c42babc9d4f3951?s=96&d=mm&r=g","caption":"Ingrid Diniz"},"sameAs":["https:\/\/www.em.com.br\/"],"url":"https:\/\/www.em.com.br\/emfoco\/author\/ingridmyth\/"}]}},"_links":{"self":[{"href":"https:\/\/www.em.com.br\/emfoco\/wp-json\/wp\/v2\/posts\/155478","targetHints":{"allow":["GET"]}}],"collection":[{"href":"https:\/\/www.em.com.br\/emfoco\/wp-json\/wp\/v2\/posts"}],"about":[{"href":"https:\/\/www.em.com.br\/emfoco\/wp-json\/wp\/v2\/types\/post"}],"author":[{"embeddable":true,"href":"https:\/\/www.em.com.br\/emfoco\/wp-json\/wp\/v2\/users\/20"}],"replies":[{"embeddable":true,"href":"https:\/\/www.em.com.br\/emfoco\/wp-json\/wp\/v2\/comments?post=155478"}],"version-history":[{"count":2,"href":"https:\/\/www.em.com.br\/emfoco\/wp-json\/wp\/v2\/posts\/155478\/revisions"}],"predecessor-version":[{"id":155993,"href":"https:\/\/www.em.com.br\/emfoco\/wp-json\/wp\/v2\/posts\/155478\/revisions\/155993"}],"wp:featuredmedia":[{"embeddable":true,"href":"https:\/\/www.em.com.br\/emfoco\/wp-json\/wp\/v2\/media\/155521"}],"wp:attachment":[{"href":"https:\/\/www.em.com.br\/emfoco\/wp-json\/wp\/v2\/media?parent=155478"}],"wp:term":[{"taxonomy":"category","embeddable":true,"href":"https:\/\/www.em.com.br\/emfoco\/wp-json\/wp\/v2\/categories?post=155478"},{"taxonomy":"post_tag","embeddable":true,"href":"https:\/\/www.em.com.br\/emfoco\/wp-json\/wp\/v2\/tags?post=155478"}],"curies":[{"name":"wp","href":"https:\/\/api.w.org\/{rel}","templated":true}]}}