{"id":155470,"date":"2026-01-18T18:45:00","date_gmt":"2026-01-18T21:45:00","guid":{"rendered":"https:\/\/www.em.com.br\/emfoco\/?p=155470"},"modified":"2026-01-15T10:55:27","modified_gmt":"2026-01-15T13:55:27","slug":"plataforma-x-impoe-nova-trava-no-grok-para-conter-deepfakes-e-proibe-edicao-de-imagens-com-rostos-reais-em-2026","status":"publish","type":"post","link":"https:\/\/www.em.com.br\/emfoco\/2026\/01\/18\/plataforma-x-impoe-nova-trava-no-grok-para-conter-deepfakes-e-proibe-edicao-de-imagens-com-rostos-reais-em-2026\/","title":{"rendered":"Plataforma X imp\u00f5e nova trava no Grok para conter Deepfakes e pro\u00edbe edi\u00e7\u00e3o de imagens com rostos reais em 2026"},"content":{"rendered":"\n<h2 class=\"wp-block-heading\">X limitou o Grok em 14\/01\/2026, restringindo edi\u00e7\u00e3o e gera\u00e7\u00e3o de imagens de pessoas reais. Medida combate deepfakes, bloqueia prompts com indiv\u00edduos identific\u00e1veis e atende press\u00e3o regulat\u00f3ria global.<\/h2>\n\n\n\n<p>A plataforma <strong>X<\/strong> anunciou em 14 de janeiro de 2026 novas restri\u00e7\u00f5es ao <strong>Grok<\/strong>, limitando a edi\u00e7\u00e3o e gera\u00e7\u00e3o de imagens de pessoas reais. A medida busca conter <strong><a href=\"https:\/\/www.tcees.tc.br\/ajuda\/deepfakes-e-a-ia-para-manipulacao-digital\/\" target=\"_blank\" rel=\"noreferrer noopener\">Deepfakes<\/a><\/strong>, manipula\u00e7\u00f5es visuais e abusos que vinham causando press\u00e3o regulat\u00f3ria global.<\/p>\n\n\n\n<h2 class=\"wp-block-heading\">Por que o X decidiu limitar o Grok na edi\u00e7\u00e3o de imagens?<\/h2>\n\n\n\n<p>A decis\u00e3o marca uma mudan\u00e7a relevante na pol\u00edtica de <strong>seguran\u00e7a da intelig\u00eancia artificial<\/strong> da plataforma, ap\u00f3s sucessivos casos de uso indevido de imagens realistas para desinforma\u00e7\u00e3o, ass\u00e9dio digital e manipula\u00e7\u00e3o de reputa\u00e7\u00f5es.<\/p>\n\n\n\n<p>Com o avan\u00e7o t\u00e9cnico da IA generativa, a distin\u00e7\u00e3o entre conte\u00fado real e sint\u00e9tico tornou-se quase imposs\u00edvel, o que levou o X a priorizar <strong>prote\u00e7\u00e3o de direitos de personalidade<\/strong> em vez de liberdade irrestrita de cria\u00e7\u00e3o visual.<\/p>\n\n\n\n<figure class=\"wp-block-image size-large\"><img loading=\"lazy\" decoding=\"async\" width=\"1024\" height=\"576\" src=\"https:\/\/www.em.com.br\/emfoco\/wp-content\/uploads\/2026\/01\/AIAI-7-18-1024x576.jpg\" alt=\"Plataforma X imp\u00f5e nova trava no Grok para conter Deepfakes e pro\u00edbe edi\u00e7\u00e3o de imagens com rostos reais em 2026\" class=\"wp-image-155512\" srcset=\"https:\/\/www.em.com.br\/emfoco\/wp-content\/uploads\/2026\/01\/AIAI-7-18-1024x576.jpg 1024w, https:\/\/www.em.com.br\/emfoco\/wp-content\/uploads\/2026\/01\/AIAI-7-18-300x169.jpg 300w, https:\/\/www.em.com.br\/emfoco\/wp-content\/uploads\/2026\/01\/AIAI-7-18-768x432.jpg 768w, https:\/\/www.em.com.br\/emfoco\/wp-content\/uploads\/2026\/01\/AIAI-7-18-750x422.jpg 750w, https:\/\/www.em.com.br\/emfoco\/wp-content\/uploads\/2026\/01\/AIAI-7-18-1140x641.jpg 1140w, https:\/\/www.em.com.br\/emfoco\/wp-content\/uploads\/2026\/01\/AIAI-7-18.jpg 1280w\" sizes=\"auto, (max-width: 1024px) 100vw, 1024px\" \/><figcaption class=\"wp-element-caption\">Decis\u00e3o prioriza direitos de personalidade diante de usos indevidos da IA<\/figcaption><\/figure>\n\n\n\n<h2 class=\"wp-block-heading\">O que muda na pr\u00e1tica para usu\u00e1rios do Grok?<\/h2>\n\n\n\n<p>As novas regras n\u00e3o se limitam a filtros simples, mas combinam an\u00e1lise sem\u00e2ntica, reconhecimento visual e pol\u00edticas preventivas para impedir abusos antes da gera\u00e7\u00e3o final da imagem. Entre as principais mudan\u00e7as aplicadas pelo sistema, est\u00e3o as seguintes.<\/p>\n\n\n\n<ul class=\"wp-block-list\">\n<li><strong>Bloqueio de prompts nominais<\/strong> envolvendo celebridades, pol\u00edticos ou pessoas identific\u00e1veis.<\/li>\n\n\n\n<li><strong>Reconhecimento facial preventivo<\/strong> para evitar semelhan\u00e7a com indiv\u00edduos reais.<\/li>\n\n\n\n<li><strong>Proibi\u00e7\u00e3o de edi\u00e7\u00e3o de fotos enviadas<\/strong> quando envolvem terceiros.<\/li>\n<\/ul>\n\n\n\n<h2 class=\"wp-block-heading\">Como funciona a tecnologia que impede Deepfakes no Grok?<\/h2>\n\n\n\n<p>O Grok utiliza modelos avan\u00e7ados de gera\u00e7\u00e3o visual, capazes de criar imagens com alto grau de realismo, o que exigiu a implementa\u00e7\u00e3o de <strong>filtros algor\u00edtmicos de conten\u00e7\u00e3o<\/strong> durante o processo de difus\u00e3o.<\/p>\n\n\n\n<p>Quando o sistema detecta converg\u00eancia para tra\u00e7os faciais reais, o processo \u00e9 automaticamente desviado ou interrompido, acionando <strong>bloqueios t\u00e9cnicos<\/strong> que impedem a finaliza\u00e7\u00e3o da imagem e sinalizam viola\u00e7\u00e3o das regras.<\/p>\n\n\n\n<figure class=\"wp-block-image size-large\"><img loading=\"lazy\" decoding=\"async\" width=\"1024\" height=\"576\" src=\"https:\/\/www.em.com.br\/emfoco\/wp-content\/uploads\/2026\/01\/AIAI-10-11-1024x576.jpg\" alt=\"Plataforma X imp\u00f5e nova trava no Grok para conter Deepfakes e pro\u00edbe edi\u00e7\u00e3o de imagens com rostos reais em 2026\" class=\"wp-image-155515\" srcset=\"https:\/\/www.em.com.br\/emfoco\/wp-content\/uploads\/2026\/01\/AIAI-10-11-1024x576.jpg 1024w, https:\/\/www.em.com.br\/emfoco\/wp-content\/uploads\/2026\/01\/AIAI-10-11-300x169.jpg 300w, https:\/\/www.em.com.br\/emfoco\/wp-content\/uploads\/2026\/01\/AIAI-10-11-768x432.jpg 768w, https:\/\/www.em.com.br\/emfoco\/wp-content\/uploads\/2026\/01\/AIAI-10-11-750x422.jpg 750w, https:\/\/www.em.com.br\/emfoco\/wp-content\/uploads\/2026\/01\/AIAI-10-11-1140x641.jpg 1140w, https:\/\/www.em.com.br\/emfoco\/wp-content\/uploads\/2026\/01\/AIAI-10-11.jpg 1280w\" sizes=\"auto, (max-width: 1024px) 100vw, 1024px\" \/><figcaption class=\"wp-element-caption\">Filtros algor\u00edtmicos interrompem gera\u00e7\u00e3o ao detectar semelhan\u00e7a com pessoas reais<\/figcaption><\/figure>\n\n\n\n<p><em>Leia mais: <em><strong><a href=\"https:\/\/www.em.com.br\/emfoco\/2026\/01\/14\/inss-confirma-devolucao-de-dinheiro-em-2026-expoe-fraudes-bilionarias-e-pode-suspender-consignado-por-180-dias\/\" target=\"_blank\" rel=\"noreferrer noopener\">INSS confirma devolu\u00e7\u00e3o de dinheiro em 2026, exp\u00f5e fraudes bilion\u00e1rias e pode suspender consignado por 180 dias<\/a><\/strong><\/em><\/em><\/p>\n\n\n\n<h2 class=\"wp-block-heading\">Qual o papel da press\u00e3o regulat\u00f3ria nas novas regras do X?<\/h2>\n\n\n\n<p>O endurecimento das normas reflete um cen\u00e1rio global mais rigoroso, no qual plataformas passaram a ser responsabilizadas por conte\u00fados sint\u00e9ticos que violem direitos individuais e processos democr\u00e1ticos. Entre os principais fatores externos que influenciaram a decis\u00e3o, est\u00e3o os pontos abaixo.<\/p>\n\n\n\n<ul class=\"wp-block-list\">\n<li><strong>Debates avan\u00e7ados sobre a Lei da IA no Brasil<\/strong>, com puni\u00e7\u00f5es para Deepfakes.<\/li>\n\n\n\n<li><strong>Aplica\u00e7\u00e3o do EU AI Act<\/strong>, que prev\u00ea multas de at\u00e9 7% do faturamento global.<\/li>\n\n\n\n<li><strong>Press\u00e3o eleitoral<\/strong> em um ano marcado por disputas pol\u00edticas sens\u00edveis.<\/li>\n<\/ul>\n\n\n\n<h2 class=\"wp-block-heading\">Como essa mudan\u00e7a impacta criadores e o futuro da IA?<\/h2>\n\n\n\n<p>Para a creator economy, a decis\u00e3o imp\u00f5e limites ao uso de IA em s\u00e1tiras e cr\u00edticas visuais, mas refor\u00e7a a necessidade de <strong>governan\u00e7a tecnol\u00f3gica<\/strong> diante do alto potencial de dano social das imagens sint\u00e9ticas.<\/p>\n\n\n\n<p>O recuo do X indica que, em 2026, a liberdade criativa sem controle deixou de ser sustent\u00e1vel, consolidando a ideia de que <strong>barreiras algor\u00edtmicas<\/strong> s\u00e3o essenciais para preservar confian\u00e7a, informa\u00e7\u00e3o e seguran\u00e7a digital.<\/p>\n","protected":false},"excerpt":{"rendered":"<p>X limitou o Grok em 14\/01\/2026, restringindo edi\u00e7\u00e3o e gera\u00e7\u00e3o de imagens de pessoas reais. Medida combate deepfakes, bloqueia prompts com indiv\u00edduos identific\u00e1veis e atende press\u00e3o regulat\u00f3ria global. A plataforma X anunciou em 14 de janeiro de 2026 novas restri\u00e7\u00f5es ao Grok, limitando a edi\u00e7\u00e3o e gera\u00e7\u00e3o de imagens de pessoas reais. A medida busca [&hellip;]<\/p>\n","protected":false},"author":13,"featured_media":155513,"comment_status":"open","ping_status":"open","sticky":false,"template":"","format":"standard","meta":{"jnews-multi-image_gallery":[],"jnews_single_post":{"format":"standard"},"jnews_primary_category":[],"jnews_social_meta":[],"jnews_override_counter":[],"footnotes":""},"categories":[28],"tags":[5259,1249,22714,4438],"class_list":["post-155470","post","type-post","status-publish","format-standard","has-post-thumbnail","hentry","category-economia","tag-grok","tag-inteligencia-artificial","tag-protecao-de-direitos","tag-x"],"yoast_head":"<!-- This site is optimized with the Yoast SEO plugin v23.8 - https:\/\/yoast.com\/wordpress\/plugins\/seo\/ -->\n<title>Plataforma X imp\u00f5e nova trava no Grok para conter Deepfakes e pro\u00edbe edi\u00e7\u00e3o de imagens com rostos reais em 2026 - Estado de Minas - Em foco<\/title>\n<meta name=\"description\" content=\"X limita o Grok e bloqueia imagens com rostos reais para conter Deepfakes, ass\u00e9dio e manipula\u00e7\u00e3o de reputa\u00e7\u00f5es em ano eleitoral.\" \/>\n<meta name=\"robots\" content=\"index, follow, max-snippet:-1, max-image-preview:large, max-video-preview:-1\" \/>\n<link rel=\"canonical\" href=\"https:\/\/www.em.com.br\/emfoco\/2026\/01\/18\/plataforma-x-impoe-nova-trava-no-grok-para-conter-deepfakes-e-proibe-edicao-de-imagens-com-rostos-reais-em-2026\/\" \/>\n<meta property=\"og:locale\" content=\"pt_BR\" \/>\n<meta property=\"og:type\" content=\"article\" \/>\n<meta property=\"og:title\" content=\"Plataforma X imp\u00f5e nova trava no Grok para conter Deepfakes e pro\u00edbe edi\u00e7\u00e3o de imagens com rostos reais em 2026 - Estado de Minas - Em foco\" \/>\n<meta property=\"og:description\" content=\"X limita o Grok e bloqueia imagens com rostos reais para conter Deepfakes, ass\u00e9dio e manipula\u00e7\u00e3o de reputa\u00e7\u00f5es em ano eleitoral.\" \/>\n<meta property=\"og:url\" content=\"https:\/\/www.em.com.br\/emfoco\/2026\/01\/18\/plataforma-x-impoe-nova-trava-no-grok-para-conter-deepfakes-e-proibe-edicao-de-imagens-com-rostos-reais-em-2026\/\" \/>\n<meta property=\"og:site_name\" content=\"Estado de Minas - Em foco\" \/>\n<meta property=\"article:published_time\" content=\"2026-01-18T21:45:00+00:00\" \/>\n<meta property=\"article:modified_time\" content=\"2026-01-15T13:55:27+00:00\" \/>\n<meta property=\"og:image\" content=\"https:\/\/www.em.com.br\/emfoco\/wp-content\/uploads\/2026\/01\/AIAI-8-14.jpg\" \/>\n\t<meta property=\"og:image:width\" content=\"1280\" \/>\n\t<meta property=\"og:image:height\" content=\"720\" \/>\n\t<meta property=\"og:image:type\" content=\"image\/jpeg\" \/>\n<meta name=\"author\" content=\"Gabriel Martins\" \/>\n<meta name=\"twitter:card\" content=\"summary_large_image\" \/>\n<meta name=\"twitter:label1\" content=\"Escrito por\" \/>\n\t<meta name=\"twitter:data1\" content=\"Gabriel Martins\" \/>\n\t<meta name=\"twitter:label2\" content=\"Est. tempo de leitura\" \/>\n\t<meta name=\"twitter:data2\" content=\"4 minutos\" \/>\n<!-- \/ Yoast SEO plugin. -->","yoast_head_json":{"title":"Plataforma X imp\u00f5e nova trava no Grok para conter Deepfakes e pro\u00edbe edi\u00e7\u00e3o de imagens com rostos reais em 2026 - Estado de Minas - Em foco","description":"X limita o Grok e bloqueia imagens com rostos reais para conter Deepfakes, ass\u00e9dio e manipula\u00e7\u00e3o de reputa\u00e7\u00f5es em ano eleitoral.","robots":{"index":"index","follow":"follow","max-snippet":"max-snippet:-1","max-image-preview":"max-image-preview:large","max-video-preview":"max-video-preview:-1"},"canonical":"https:\/\/www.em.com.br\/emfoco\/2026\/01\/18\/plataforma-x-impoe-nova-trava-no-grok-para-conter-deepfakes-e-proibe-edicao-de-imagens-com-rostos-reais-em-2026\/","og_locale":"pt_BR","og_type":"article","og_title":"Plataforma X imp\u00f5e nova trava no Grok para conter Deepfakes e pro\u00edbe edi\u00e7\u00e3o de imagens com rostos reais em 2026 - Estado de Minas - Em foco","og_description":"X limita o Grok e bloqueia imagens com rostos reais para conter Deepfakes, ass\u00e9dio e manipula\u00e7\u00e3o de reputa\u00e7\u00f5es em ano eleitoral.","og_url":"https:\/\/www.em.com.br\/emfoco\/2026\/01\/18\/plataforma-x-impoe-nova-trava-no-grok-para-conter-deepfakes-e-proibe-edicao-de-imagens-com-rostos-reais-em-2026\/","og_site_name":"Estado de Minas - Em foco","article_published_time":"2026-01-18T21:45:00+00:00","article_modified_time":"2026-01-15T13:55:27+00:00","og_image":[{"width":1280,"height":720,"url":"https:\/\/www.em.com.br\/emfoco\/wp-content\/uploads\/2026\/01\/AIAI-8-14.jpg","type":"image\/jpeg"}],"author":"Gabriel Martins","twitter_card":"summary_large_image","twitter_misc":{"Escrito por":"Gabriel Martins","Est. tempo de leitura":"4 minutos"},"schema":{"@context":"https:\/\/schema.org","@graph":[{"@type":"WebPage","@id":"https:\/\/www.em.com.br\/emfoco\/2026\/01\/18\/plataforma-x-impoe-nova-trava-no-grok-para-conter-deepfakes-e-proibe-edicao-de-imagens-com-rostos-reais-em-2026\/","url":"https:\/\/www.em.com.br\/emfoco\/2026\/01\/18\/plataforma-x-impoe-nova-trava-no-grok-para-conter-deepfakes-e-proibe-edicao-de-imagens-com-rostos-reais-em-2026\/","name":"Plataforma X imp\u00f5e nova trava no Grok para conter Deepfakes e pro\u00edbe edi\u00e7\u00e3o de imagens com rostos reais em 2026 - Estado de Minas - Em foco","isPartOf":{"@id":"https:\/\/www.em.com.br\/emfoco\/#website"},"primaryImageOfPage":{"@id":"https:\/\/www.em.com.br\/emfoco\/2026\/01\/18\/plataforma-x-impoe-nova-trava-no-grok-para-conter-deepfakes-e-proibe-edicao-de-imagens-com-rostos-reais-em-2026\/#primaryimage"},"image":{"@id":"https:\/\/www.em.com.br\/emfoco\/2026\/01\/18\/plataforma-x-impoe-nova-trava-no-grok-para-conter-deepfakes-e-proibe-edicao-de-imagens-com-rostos-reais-em-2026\/#primaryimage"},"thumbnailUrl":"https:\/\/www.em.com.br\/emfoco\/wp-content\/uploads\/2026\/01\/AIAI-8-14.jpg","datePublished":"2026-01-18T21:45:00+00:00","dateModified":"2026-01-15T13:55:27+00:00","author":{"@id":"https:\/\/www.em.com.br\/emfoco\/#\/schema\/person\/1c9ddeab18b98abeffef834667bcf08a"},"description":"X limita o Grok e bloqueia imagens com rostos reais para conter Deepfakes, ass\u00e9dio e manipula\u00e7\u00e3o de reputa\u00e7\u00f5es em ano eleitoral.","breadcrumb":{"@id":"https:\/\/www.em.com.br\/emfoco\/2026\/01\/18\/plataforma-x-impoe-nova-trava-no-grok-para-conter-deepfakes-e-proibe-edicao-de-imagens-com-rostos-reais-em-2026\/#breadcrumb"},"inLanguage":"pt-BR","potentialAction":[{"@type":"ReadAction","target":["https:\/\/www.em.com.br\/emfoco\/2026\/01\/18\/plataforma-x-impoe-nova-trava-no-grok-para-conter-deepfakes-e-proibe-edicao-de-imagens-com-rostos-reais-em-2026\/"]}]},{"@type":"ImageObject","inLanguage":"pt-BR","@id":"https:\/\/www.em.com.br\/emfoco\/2026\/01\/18\/plataforma-x-impoe-nova-trava-no-grok-para-conter-deepfakes-e-proibe-edicao-de-imagens-com-rostos-reais-em-2026\/#primaryimage","url":"https:\/\/www.em.com.br\/emfoco\/wp-content\/uploads\/2026\/01\/AIAI-8-14.jpg","contentUrl":"https:\/\/www.em.com.br\/emfoco\/wp-content\/uploads\/2026\/01\/AIAI-8-14.jpg","width":1280,"height":720,"caption":"X imp\u00f5e limites ao Grok para conter Deepfakes e abusos visuais"},{"@type":"BreadcrumbList","@id":"https:\/\/www.em.com.br\/emfoco\/2026\/01\/18\/plataforma-x-impoe-nova-trava-no-grok-para-conter-deepfakes-e-proibe-edicao-de-imagens-com-rostos-reais-em-2026\/#breadcrumb","itemListElement":[{"@type":"ListItem","position":1,"name":"In\u00edcio","item":"https:\/\/www.em.com.br\/emfoco\/"},{"@type":"ListItem","position":2,"name":"Plataforma X imp\u00f5e nova trava no Grok para conter Deepfakes e pro\u00edbe edi\u00e7\u00e3o de imagens com rostos reais em 2026"}]},{"@type":"WebSite","@id":"https:\/\/www.em.com.br\/emfoco\/#website","url":"https:\/\/www.em.com.br\/emfoco\/","name":"Estado de Minas - Em foco","description":"Acompanhe as \u00faltimas not\u00edcias e fique bem informado sobre tudo o que acontece em Minas Gerais, Brasil e no mundo.","potentialAction":[{"@type":"SearchAction","target":{"@type":"EntryPoint","urlTemplate":"https:\/\/www.em.com.br\/emfoco\/?s={search_term_string}"},"query-input":{"@type":"PropertyValueSpecification","valueRequired":true,"valueName":"search_term_string"}}],"inLanguage":"pt-BR"},{"@type":"Person","@id":"https:\/\/www.em.com.br\/emfoco\/#\/schema\/person\/1c9ddeab18b98abeffef834667bcf08a","name":"Gabriel Martins","image":{"@type":"ImageObject","inLanguage":"pt-BR","@id":"https:\/\/www.em.com.br\/emfoco\/#\/schema\/person\/image\/","url":"https:\/\/secure.gravatar.com\/avatar\/f0f1e2efdfd88f1ad2cb08c5c2731e50?s=96&d=mm&r=g","contentUrl":"https:\/\/secure.gravatar.com\/avatar\/f0f1e2efdfd88f1ad2cb08c5c2731e50?s=96&d=mm&r=g","caption":"Gabriel Martins"},"sameAs":["https:\/\/www.em.com.br\/emfoco\/"],"url":"https:\/\/www.em.com.br\/emfoco\/author\/gabrielmartinsmyth\/"}]}},"_links":{"self":[{"href":"https:\/\/www.em.com.br\/emfoco\/wp-json\/wp\/v2\/posts\/155470","targetHints":{"allow":["GET"]}}],"collection":[{"href":"https:\/\/www.em.com.br\/emfoco\/wp-json\/wp\/v2\/posts"}],"about":[{"href":"https:\/\/www.em.com.br\/emfoco\/wp-json\/wp\/v2\/types\/post"}],"author":[{"embeddable":true,"href":"https:\/\/www.em.com.br\/emfoco\/wp-json\/wp\/v2\/users\/13"}],"replies":[{"embeddable":true,"href":"https:\/\/www.em.com.br\/emfoco\/wp-json\/wp\/v2\/comments?post=155470"}],"version-history":[{"count":1,"href":"https:\/\/www.em.com.br\/emfoco\/wp-json\/wp\/v2\/posts\/155470\/revisions"}],"predecessor-version":[{"id":155516,"href":"https:\/\/www.em.com.br\/emfoco\/wp-json\/wp\/v2\/posts\/155470\/revisions\/155516"}],"wp:featuredmedia":[{"embeddable":true,"href":"https:\/\/www.em.com.br\/emfoco\/wp-json\/wp\/v2\/media\/155513"}],"wp:attachment":[{"href":"https:\/\/www.em.com.br\/emfoco\/wp-json\/wp\/v2\/media?parent=155470"}],"wp:term":[{"taxonomy":"category","embeddable":true,"href":"https:\/\/www.em.com.br\/emfoco\/wp-json\/wp\/v2\/categories?post=155470"},{"taxonomy":"post_tag","embeddable":true,"href":"https:\/\/www.em.com.br\/emfoco\/wp-json\/wp\/v2\/tags?post=155470"}],"curies":[{"name":"wp","href":"https:\/\/api.w.org\/{rel}","templated":true}]}}