{"id":155407,"date":"2026-01-15T09:15:00","date_gmt":"2026-01-15T12:15:00","guid":{"rendered":"https:\/\/www.em.com.br\/emfoco\/?p=155407"},"modified":"2026-01-15T08:39:55","modified_gmt":"2026-01-15T11:39:55","slug":"parece-simples-mas-faz-maravilhas-fortalece-o-corpo-e-alivia-as-dores-nas-costas-rapidamente","status":"publish","type":"post","link":"https:\/\/www.em.com.br\/emfoco\/2026\/01\/15\/parece-simples-mas-faz-maravilhas-fortalece-o-corpo-e-alivia-as-dores-nas-costas-rapidamente\/","title":{"rendered":"Parece simples, mas faz maravilhas! Fortalece o corpo e alivia as dores nas costas rapidamente"},"content":{"rendered":"\n<p class=\"wp-embed-aspect-16-9 wp-has-aspect-ratio\">O exerc\u00edcio de&nbsp;<strong>prancha<\/strong>, tamb\u00e9m chamado de \u201cprancha isom\u00e9trica\u201d, tornou-se presen\u00e7a constante em treinos funcionais, rotinas de academia e programas de reabilita\u00e7\u00e3o. Trata-se de um movimento est\u00e1tico, em que o corpo permanece parado, mas os m\u00fasculos trabalham intensamente para manter o alinhamento da coluna, do quadril e dos ombros. Por exigir apenas o peso corporal e um pequeno espa\u00e7o, a prancha aparece como alternativa pr\u00e1tica para quem busca fortalecer o centro do corpo e melhorar a postura no dia a dia.<\/p>\n\n\n\n<p class=\"wp-embed-aspect-16-9 wp-has-aspect-ratio\">Nos \u00faltimos anos, profissionais de educa\u00e7\u00e3o f\u00edsica e fisioterapeutas passaram a recomendar a prancha n\u00e3o s\u00f3 para atletas, mas tamb\u00e9m para pessoas com trabalho sedent\u00e1rio e queixas frequentes de dores nas costas. O exerc\u00edcio estimula a ativa\u00e7\u00e3o dos m\u00fasculos profundos do tronco, respons\u00e1veis por estabilizar a coluna em atividades simples, como caminhar, subir escadas ou permanecer sentado por longos per\u00edodos. Com pr\u00e1tica regular e t\u00e9cnica adequada, esse fortalecimento tende a impactar diretamente a qualidade de movimento e a sensa\u00e7\u00e3o de estabilidade corporal.<\/p>\n\n\n\n<h2 class=\"wp-block-heading wp-embed-aspect-16-9 wp-has-aspect-ratio\">O que \u00e9 a prancha e por que ela \u00e9 t\u00e3o usada nos treinos?<\/h2>\n\n\n\n<p class=\"wp-embed-aspect-16-9 wp-has-aspect-ratio\">A prancha \u00e9 um <a href=\"https:\/\/www.em.com.br\/emfoco\/tag\/exercicio\/\" target=\"_blank\" rel=\"noreferrer noopener\">exerc\u00edcio <\/a>de estabiliza\u00e7\u00e3o em que a pessoa sustenta o pr\u00f3prio corpo em posi\u00e7\u00e3o alinhada, apoiando-se geralmente nos antebra\u00e7os ou nas m\u00e3os e na ponta dos p\u00e9s. Durante a execu\u00e7\u00e3o, o objetivo \u00e9 manter ombros, quadris e tornozelos formando uma linha reta, sem deixar o tronco afundar nem o quadril subir em excesso. O trabalho \u00e9 predominantemente isom\u00e9trico, ou seja, a musculatura permanece contra\u00edda sem movimento vis\u00edvel das articula\u00e7\u00f5es.<\/p>\n\n\n\n<p class=\"wp-embed-aspect-16-9 wp-has-aspect-ratio\">Esse tipo de est\u00edmulo \u00e9 especialmente \u00fatil para o chamado&nbsp;<strong>core<\/strong>, conjunto de m\u00fasculos que envolve abd\u00f4men, regi\u00e3o lombar, quadris e parte dos gl\u00fateos. Um core fortalecido contribui para uma postura mais est\u00e1vel, diminui a sobrecarga em segmentos espec\u00edficos da coluna e favorece a efici\u00eancia de outros exerc\u00edcios, como agachamentos, corrida ou saltos. Al\u00e9m disso, a prancha n\u00e3o exige equipamento, pode ser adaptada a diferentes n\u00edveis de condicionamento e se encaixa em treinos r\u00e1pidos, o que ajuda na ades\u00e3o \u00e0 pr\u00e1tica.<\/p>\n\n\n\n<p class=\"wp-embed-aspect-16-9 wp-has-aspect-ratio\">No canal <strong><a href=\"https:\/\/www.youtube.com\/watch?v=q8lGZnwF0gU\" target=\"_blank\" rel=\"noreferrer noopener\">La\u00e9rcio Refundini<\/a><\/strong>, ele fala um pouco dos benef\u00edcios desse exercicio: <\/p>\n\n\n\n<figure class=\"wp-block-embed is-type-video is-provider-youtube wp-block-embed-youtube wp-embed-aspect-16-9 wp-has-aspect-ratio\"><div class=\"wp-block-embed__wrapper\">\n<div class=\"jeg_video_container jeg_video_content\"><iframe loading=\"lazy\" title=\"O Que Acontece com o Corpo se fizer Prancha TODO DIA\" width=\"500\" height=\"281\" src=\"https:\/\/www.youtube.com\/embed\/q8lGZnwF0gU?feature=oembed\" frameborder=\"0\" allow=\"accelerometer; autoplay; clipboard-write; encrypted-media; gyroscope; picture-in-picture; web-share\" referrerpolicy=\"strict-origin-when-cross-origin\" allowfullscreen><\/iframe><\/div>\n<\/div><\/figure>\n\n\n\n<h2 class=\"wp-block-heading wp-embed-aspect-16-9 wp-has-aspect-ratio\">Prancha: quais m\u00fasculos trabalham e como isso protege a coluna?<\/h2>\n\n\n\n<p class=\"wp-embed-aspect-16-9 wp-has-aspect-ratio\">Durante a prancha, diversos grupos musculares entram em a\u00e7\u00e3o de forma coordenada. Na regi\u00e3o abdominal, tanto a camada mais superficial quanto os m\u00fasculos profundos atuam para manter a coluna em posi\u00e7\u00e3o neutra. A musculatura lombar trabalha em conjunto com os abdominais para evitar que a regi\u00e3o das costas ceda ou se arqueie demais. Os gl\u00fateos e a parte anterior das coxas auxiliam na estabiliza\u00e7\u00e3o da pelve, impedindo que o quadril gire ou des\u00e7a.<\/p>\n\n\n\n<p class=\"wp-embed-aspect-16-9 wp-has-aspect-ratio\">Os ombros, bra\u00e7os e musculatura ao redor das esc\u00e1pulas tamb\u00e9m s\u00e3o recrutados, principalmente nas varia\u00e7\u00f5es em apoio nas m\u00e3os. Essa participa\u00e7\u00e3o ajuda a sustentar o peso do tronco e a evitar que o peito se aproxime do ch\u00e3o. Quando todos esses grupos atuam ao mesmo tempo, a carga que recairia apenas sobre a lombar \u00e9 distribu\u00edda por todo o tronco, o que pode reduzir a sobrecarga sobre a coluna e contribuir para a preven\u00e7\u00e3o de dores, desde que o exerc\u00edcio seja feito de forma correta.<\/p>\n\n\n\n<h2 class=\"wp-block-heading wp-embed-aspect-16-9 wp-has-aspect-ratio\">Como fazer prancha de forma correta e segura?<\/h2>\n\n\n\n<p class=\"wp-embed-aspect-16-9 wp-has-aspect-ratio\">A execu\u00e7\u00e3o adequada da prancha \u00e9 fundamental para que o exerc\u00edcio cumpra seu objetivo de fortalecer o core sem gerar desconfortos desnecess\u00e1rios. Uma forma comum de iniciar o movimento \u00e9 deitar de bru\u00e7os em uma superf\u00edcie firme, posicionar os cotovelos diretamente abaixo dos ombros e apoiar os antebra\u00e7os no ch\u00e3o. Em seguida, as pernas s\u00e3o estendidas e o corpo \u00e9 elevado, apoiando-se na ponta dos p\u00e9s. O tronco deve permanecer alinhado, com o abd\u00f4men firme, o quadril na altura do restante do corpo e o pesco\u00e7o em posi\u00e7\u00e3o neutra, olhando levemente para frente ou para baixo.<\/p>\n\n\n\n<ul class=\"wp-block-list wp-embed-aspect-16-9 wp-has-aspect-ratio\">\n<li><strong>Alinhamento:<\/strong>\u00a0manter cabe\u00e7a, ombros, quadris e calcanhares em linha reta.<\/li>\n\n\n\n<li><strong>Ativa\u00e7\u00e3o do abd\u00f4men:<\/strong>\u00a0contrair o core como se quisesse aproximar o umbigo da coluna.<\/li>\n\n\n\n<li><strong>Controle da respira\u00e7\u00e3o:<\/strong>\u00a0evitar prender o ar, inspirando e expirando de forma cont\u00ednua.<\/li>\n\n\n\n<li><strong>Dura\u00e7\u00e3o:<\/strong>\u00a0iniciar com per\u00edodos curtos, como 15 a 20 segundos, e aumentar gradualmente.<\/li>\n\n\n\n<li><strong>Foco na qualidade:<\/strong>\u00a0interromper o exerc\u00edcio se houver perda do alinhamento.<\/li>\n<\/ul>\n\n\n\n<p class=\"wp-embed-aspect-16-9 wp-has-aspect-ratio\">Para quem est\u00e1 come\u00e7ando, uma estrat\u00e9gia comum \u00e9 realizar s\u00e9ries curtas, com intervalos de descanso entre elas, em vez de buscar longas perman\u00eancias de uma vez. A orienta\u00e7\u00e3o profissional \u00e9 recomendada principalmente para pessoas com hist\u00f3rico de dores intensas na coluna, cirurgias recentes ou outras condi\u00e7\u00f5es que exijam cuidado adicional.<\/p>\n\n\n\n<figure class=\"wp-block-image size-large\"><img loading=\"lazy\" decoding=\"async\" width=\"1024\" height=\"585\" src=\"https:\/\/www.em.com.br\/emfoco\/wp-content\/uploads\/2026\/01\/freepik__35mm-film-photography-closeup-adult-in-strict-side__24198-1024x585.jpeg\" alt=\"\" class=\"wp-image-155408\" srcset=\"https:\/\/www.em.com.br\/emfoco\/wp-content\/uploads\/2026\/01\/freepik__35mm-film-photography-closeup-adult-in-strict-side__24198-1024x585.jpeg 1024w, https:\/\/www.em.com.br\/emfoco\/wp-content\/uploads\/2026\/01\/freepik__35mm-film-photography-closeup-adult-in-strict-side__24198-300x171.jpeg 300w, https:\/\/www.em.com.br\/emfoco\/wp-content\/uploads\/2026\/01\/freepik__35mm-film-photography-closeup-adult-in-strict-side__24198-768x439.jpeg 768w, https:\/\/www.em.com.br\/emfoco\/wp-content\/uploads\/2026\/01\/freepik__35mm-film-photography-closeup-adult-in-strict-side__24198-1536x878.jpeg 1536w, https:\/\/www.em.com.br\/emfoco\/wp-content\/uploads\/2026\/01\/freepik__35mm-film-photography-closeup-adult-in-strict-side__24198-2048x1170.jpeg 2048w, https:\/\/www.em.com.br\/emfoco\/wp-content\/uploads\/2026\/01\/freepik__35mm-film-photography-closeup-adult-in-strict-side__24198-750x429.jpeg 750w, https:\/\/www.em.com.br\/emfoco\/wp-content\/uploads\/2026\/01\/freepik__35mm-film-photography-closeup-adult-in-strict-side__24198-1140x651.jpeg 1140w\" sizes=\"auto, (max-width: 1024px) 100vw, 1024px\" \/><figcaption class=\"wp-element-caption\">Simples e poderoso, este exerc\u00edcio fortalece o corpo e traz al\u00edvio imediato para as costas<\/figcaption><\/figure>\n\n\n\n<h2 class=\"wp-block-heading wp-embed-aspect-16-9 wp-has-aspect-ratio\">Quais s\u00e3o as principais varia\u00e7\u00f5es da prancha para diferentes n\u00edveis?<\/h2>\n\n\n\n<p class=\"wp-embed-aspect-16-9 wp-has-aspect-ratio\">A palavra-chave \u201cprancha\u201d abrange uma s\u00e9rie de varia\u00e7\u00f5es que podem facilitar ou aumentar a dificuldade do exerc\u00edcio. Entre as op\u00e7\u00f5es mais utilizadas, algumas se destacam pela versatilidade:<\/p>\n\n\n\n<ul class=\"wp-block-list wp-embed-aspect-16-9 wp-has-aspect-ratio\">\n<li><strong>Prancha apoiada nos joelhos:<\/strong>\u00a0indicada para iniciantes ou para quem est\u00e1 em fase de reabilita\u00e7\u00e3o, reduz a carga sobre a lombar e ombros.<\/li>\n\n\n\n<li><strong>Prancha alta:<\/strong>\u00a0realizada com apoio nas m\u00e3os, semelhante \u00e0 posi\u00e7\u00e3o inicial da flex\u00e3o de bra\u00e7o, intensifica o trabalho dos ombros e dos bra\u00e7os.<\/li>\n\n\n\n<li><strong>Prancha baixa:<\/strong>\u00a0feita nos antebra\u00e7os, costuma enfatizar mais a regi\u00e3o abdominal e os m\u00fasculos estabilizadores profundos.<\/li>\n\n\n\n<li><strong>Prancha lateral:<\/strong>\u00a0o corpo fica apoiado em apenas um antebra\u00e7o e na lateral do p\u00e9, com foco maior nos m\u00fasculos obl\u00edquos e na estabilidade lateral do tronco.<\/li>\n\n\n\n<li><strong>Prancha com eleva\u00e7\u00e3o de perna ou bra\u00e7o:<\/strong>\u00a0ao retirar um ponto de apoio, a exig\u00eancia de equil\u00edbrio e controle aumenta, estimulando ainda mais o core.<\/li>\n<\/ul>\n\n\n\n<p class=\"wp-embed-aspect-16-9 wp-has-aspect-ratio\">Essas varia\u00e7\u00f5es permitem ajustar o exerc\u00edcio \u00e0s necessidades individuais, seja para tornar o movimento mais acess\u00edvel, seja para desafiar praticantes experientes. A progress\u00e3o costuma ser feita aumentando o tempo de perman\u00eancia, reduzindo os pontos de apoio ou combinando a prancha com movimentos adicionais, como toques nos ombros ou deslocamentos laterais.<\/p>\n\n\n\n<figure class=\"wp-block-image size-large\"><img loading=\"lazy\" decoding=\"async\" width=\"1024\" height=\"559\" src=\"https:\/\/www.em.com.br\/emfoco\/wp-content\/uploads\/2026\/01\/freepik__candid-i-with-natural-textures-and-highly-realisti__24199-1024x559.png\" alt=\"\" class=\"wp-image-155409\" srcset=\"https:\/\/www.em.com.br\/emfoco\/wp-content\/uploads\/2026\/01\/freepik__candid-i-with-natural-textures-and-highly-realisti__24199-1024x559.png 1024w, https:\/\/www.em.com.br\/emfoco\/wp-content\/uploads\/2026\/01\/freepik__candid-i-with-natural-textures-and-highly-realisti__24199-300x164.png 300w, https:\/\/www.em.com.br\/emfoco\/wp-content\/uploads\/2026\/01\/freepik__candid-i-with-natural-textures-and-highly-realisti__24199-768x419.png 768w, https:\/\/www.em.com.br\/emfoco\/wp-content\/uploads\/2026\/01\/freepik__candid-i-with-natural-textures-and-highly-realisti__24199-750x409.png 750w, https:\/\/www.em.com.br\/emfoco\/wp-content\/uploads\/2026\/01\/freepik__candid-i-with-natural-textures-and-highly-realisti__24199-1140x622.png 1140w, https:\/\/www.em.com.br\/emfoco\/wp-content\/uploads\/2026\/01\/freepik__candid-i-with-natural-textures-and-highly-realisti__24199.png 1408w\" sizes=\"auto, (max-width: 1024px) 100vw, 1024px\" \/><figcaption class=\"wp-element-caption\">Parece leve, mas transforma seu corpo e reduz dores nas costas com poucos minutos por dia<\/figcaption><\/figure>\n\n\n\n<h2 class=\"wp-block-heading wp-embed-aspect-16-9 wp-has-aspect-ratio\">A prancha ajuda mesmo nas dores nas costas?<\/h2>\n\n\n\n<p class=\"wp-embed-aspect-16-9 wp-has-aspect-ratio\">Em muitos programas de preven\u00e7\u00e3o e manejo de dor lombar, a prancha aparece como um dos exerc\u00edcios sugeridos para fortalecimento do tronco. A l\u00f3gica \u00e9 simples: ao melhorar a capacidade dos m\u00fasculos do core de estabilizar a coluna, a regi\u00e3o lombar tende a sofrer menos com esfor\u00e7os repetitivos ou posturas prolongadas. No entanto, a resposta pode variar de pessoa para pessoa, e a orienta\u00e7\u00e3o de um profissional habilitado costuma ser determinante para ajustar a intensidade e a frequ\u00eancia do exerc\u00edcio.<\/p>\n\n\n\n<p class=\"wp-embed-aspect-16-9 wp-has-aspect-ratio\">De modo geral, quando integrada a um plano de treino equilibrado, que inclui alongamentos, fortalecimento de outros grupos musculares e orienta\u00e7\u00f5es posturais, a prancha pode contribuir para maior sensa\u00e7\u00e3o de seguran\u00e7a nos movimentos di\u00e1rios. A simplicidade do exerc\u00edcio, aliada \u00e0 possibilidade de adapta\u00e7\u00e3o para diferentes n\u00edveis f\u00edsicos, faz com que se mantenha como op\u00e7\u00e3o recorrente tanto em academias quanto em treinos em casa em 2025.\u00a0<\/p>\n\n\n\n<p class=\"wp-embed-aspect-16-9 wp-has-aspect-ratio\"><strong>Mesmo assim, este conte\u00fado tem car\u00e1ter apenas informativo e n\u00e3o substitui consulta com m\u00e9dico, educador f\u00edsico ou fisioterapeuta. Nunca inicie, mantenha ou modifique seu programa de exerc\u00edcios, incluindo a prancha e suas varia\u00e7\u00f5es, sem acompanhamento profissional e sem considerar suas condi\u00e7\u00f5es de sa\u00fade individuais.<\/strong><\/p>\n\n\n\n<blockquote class=\"wp-block-quote is-layout-flow wp-block-quote-is-layout-flow\">\n<p><\/p>\n<\/blockquote>\n\n\n\n<p><\/p>\n","protected":false},"excerpt":{"rendered":"<p>O exerc\u00edcio de&nbsp;prancha, tamb\u00e9m chamado de \u201cprancha isom\u00e9trica\u201d, tornou-se presen\u00e7a constante em treinos funcionais, rotinas de academia e programas de reabilita\u00e7\u00e3o. Trata-se de um movimento est\u00e1tico, em que o corpo permanece parado, mas os m\u00fasculos trabalham intensamente para manter o alinhamento da coluna, do quadril e dos ombros. Por exigir apenas o peso corporal e [&hellip;]<\/p>\n","protected":false},"author":19,"featured_media":155411,"comment_status":"open","ping_status":"open","sticky":false,"template":"","format":"standard","meta":{"jnews-multi-image_gallery":[],"jnews_single_post":{"format":"standard"},"jnews_primary_category":[],"jnews_social_meta":[],"jnews_override_counter":[],"footnotes":""},"categories":[8691,9053],"tags":[22695,22694,11625],"class_list":["post-155407","post","type-post","status-publish","format-standard","has-post-thumbnail","hentry","category-bem-estar","category-saude","tag-alivia-dores-nas-costas","tag-exercicios-fortalce-corpo","tag-prancha"],"yoast_head":"<!-- This site is optimized with the Yoast SEO plugin v23.8 - https:\/\/yoast.com\/wordpress\/plugins\/seo\/ -->\n<title>Parece simples, mas faz maravilhas! Fortalece o corpo e alivia as dores nas costas rapidamente - Estado de Minas - Em foco<\/title>\n<meta name=\"description\" content=\"Fortale\u00e7a o core, melhore a postura e alivie dores nas costas com varia\u00e7\u00f5es simples, eficazes e ideais para qualquer n\u00edvel.\" \/>\n<meta name=\"robots\" content=\"index, follow, max-snippet:-1, max-image-preview:large, max-video-preview:-1\" \/>\n<link rel=\"canonical\" href=\"https:\/\/www.em.com.br\/emfoco\/2026\/01\/15\/parece-simples-mas-faz-maravilhas-fortalece-o-corpo-e-alivia-as-dores-nas-costas-rapidamente\/\" \/>\n<meta property=\"og:locale\" content=\"pt_BR\" \/>\n<meta property=\"og:type\" content=\"article\" \/>\n<meta property=\"og:title\" content=\"Parece simples, mas faz maravilhas! Fortalece o corpo e alivia as dores nas costas rapidamente - Estado de Minas - Em foco\" \/>\n<meta property=\"og:description\" content=\"Fortale\u00e7a o core, melhore a postura e alivie dores nas costas com varia\u00e7\u00f5es simples, eficazes e ideais para qualquer n\u00edvel.\" \/>\n<meta property=\"og:url\" content=\"https:\/\/www.em.com.br\/emfoco\/2026\/01\/15\/parece-simples-mas-faz-maravilhas-fortalece-o-corpo-e-alivia-as-dores-nas-costas-rapidamente\/\" \/>\n<meta property=\"og:site_name\" content=\"Estado de Minas - Em foco\" \/>\n<meta property=\"article:published_time\" content=\"2026-01-15T12:15:00+00:00\" \/>\n<meta property=\"article:modified_time\" content=\"2026-01-15T11:39:55+00:00\" \/>\n<meta property=\"og:image\" content=\"https:\/\/www.em.com.br\/emfoco\/wp-content\/uploads\/2026\/01\/freepik__35mm-film-photography-closeup-adult-woman-in-stric__24204-scaled.jpeg\" \/>\n\t<meta property=\"og:image:width\" content=\"2560\" \/>\n\t<meta property=\"og:image:height\" content=\"1463\" \/>\n\t<meta property=\"og:image:type\" content=\"image\/jpeg\" \/>\n<meta name=\"author\" content=\"Vanessa Tavares\" \/>\n<meta name=\"twitter:card\" content=\"summary_large_image\" \/>\n<meta name=\"twitter:label1\" content=\"Escrito por\" \/>\n\t<meta name=\"twitter:data1\" content=\"Vanessa Tavares\" \/>\n\t<meta name=\"twitter:label2\" content=\"Est. tempo de leitura\" \/>\n\t<meta name=\"twitter:data2\" content=\"7 minutos\" \/>\n<!-- \/ Yoast SEO plugin. -->","yoast_head_json":{"title":"Parece simples, mas faz maravilhas! Fortalece o corpo e alivia as dores nas costas rapidamente - Estado de Minas - Em foco","description":"Fortale\u00e7a o core, melhore a postura e alivie dores nas costas com varia\u00e7\u00f5es simples, eficazes e ideais para qualquer n\u00edvel.","robots":{"index":"index","follow":"follow","max-snippet":"max-snippet:-1","max-image-preview":"max-image-preview:large","max-video-preview":"max-video-preview:-1"},"canonical":"https:\/\/www.em.com.br\/emfoco\/2026\/01\/15\/parece-simples-mas-faz-maravilhas-fortalece-o-corpo-e-alivia-as-dores-nas-costas-rapidamente\/","og_locale":"pt_BR","og_type":"article","og_title":"Parece simples, mas faz maravilhas! Fortalece o corpo e alivia as dores nas costas rapidamente - Estado de Minas - Em foco","og_description":"Fortale\u00e7a o core, melhore a postura e alivie dores nas costas com varia\u00e7\u00f5es simples, eficazes e ideais para qualquer n\u00edvel.","og_url":"https:\/\/www.em.com.br\/emfoco\/2026\/01\/15\/parece-simples-mas-faz-maravilhas-fortalece-o-corpo-e-alivia-as-dores-nas-costas-rapidamente\/","og_site_name":"Estado de Minas - Em foco","article_published_time":"2026-01-15T12:15:00+00:00","article_modified_time":"2026-01-15T11:39:55+00:00","og_image":[{"width":2560,"height":1463,"url":"https:\/\/www.em.com.br\/emfoco\/wp-content\/uploads\/2026\/01\/freepik__35mm-film-photography-closeup-adult-woman-in-stric__24204-scaled.jpeg","type":"image\/jpeg"}],"author":"Vanessa Tavares","twitter_card":"summary_large_image","twitter_misc":{"Escrito por":"Vanessa Tavares","Est. tempo de leitura":"7 minutos"},"schema":{"@context":"https:\/\/schema.org","@graph":[{"@type":"WebPage","@id":"https:\/\/www.em.com.br\/emfoco\/2026\/01\/15\/parece-simples-mas-faz-maravilhas-fortalece-o-corpo-e-alivia-as-dores-nas-costas-rapidamente\/","url":"https:\/\/www.em.com.br\/emfoco\/2026\/01\/15\/parece-simples-mas-faz-maravilhas-fortalece-o-corpo-e-alivia-as-dores-nas-costas-rapidamente\/","name":"Parece simples, mas faz maravilhas! Fortalece o corpo e alivia as dores nas costas rapidamente - Estado de Minas - Em foco","isPartOf":{"@id":"https:\/\/www.em.com.br\/emfoco\/#website"},"primaryImageOfPage":{"@id":"https:\/\/www.em.com.br\/emfoco\/2026\/01\/15\/parece-simples-mas-faz-maravilhas-fortalece-o-corpo-e-alivia-as-dores-nas-costas-rapidamente\/#primaryimage"},"image":{"@id":"https:\/\/www.em.com.br\/emfoco\/2026\/01\/15\/parece-simples-mas-faz-maravilhas-fortalece-o-corpo-e-alivia-as-dores-nas-costas-rapidamente\/#primaryimage"},"thumbnailUrl":"https:\/\/www.em.com.br\/emfoco\/wp-content\/uploads\/2026\/01\/freepik__35mm-film-photography-closeup-adult-woman-in-stric__24204-scaled.jpeg","datePublished":"2026-01-15T12:15:00+00:00","dateModified":"2026-01-15T11:39:55+00:00","author":{"@id":"https:\/\/www.em.com.br\/emfoco\/#\/schema\/person\/4a7a157aac450b98edc86f15a7434f0b"},"description":"Fortale\u00e7a o core, melhore a postura e alivie dores nas costas com varia\u00e7\u00f5es simples, eficazes e ideais para qualquer n\u00edvel.","breadcrumb":{"@id":"https:\/\/www.em.com.br\/emfoco\/2026\/01\/15\/parece-simples-mas-faz-maravilhas-fortalece-o-corpo-e-alivia-as-dores-nas-costas-rapidamente\/#breadcrumb"},"inLanguage":"pt-BR","potentialAction":[{"@type":"ReadAction","target":["https:\/\/www.em.com.br\/emfoco\/2026\/01\/15\/parece-simples-mas-faz-maravilhas-fortalece-o-corpo-e-alivia-as-dores-nas-costas-rapidamente\/"]}]},{"@type":"ImageObject","inLanguage":"pt-BR","@id":"https:\/\/www.em.com.br\/emfoco\/2026\/01\/15\/parece-simples-mas-faz-maravilhas-fortalece-o-corpo-e-alivia-as-dores-nas-costas-rapidamente\/#primaryimage","url":"https:\/\/www.em.com.br\/emfoco\/wp-content\/uploads\/2026\/01\/freepik__35mm-film-photography-closeup-adult-woman-in-stric__24204-scaled.jpeg","contentUrl":"https:\/\/www.em.com.br\/emfoco\/wp-content\/uploads\/2026\/01\/freepik__35mm-film-photography-closeup-adult-woman-in-stric__24204-scaled.jpeg","width":2560,"height":1463,"caption":"Simples e poderoso, este exerc\u00edcio fortalece o corpo e traz al\u00edvio imediato para as costas"},{"@type":"BreadcrumbList","@id":"https:\/\/www.em.com.br\/emfoco\/2026\/01\/15\/parece-simples-mas-faz-maravilhas-fortalece-o-corpo-e-alivia-as-dores-nas-costas-rapidamente\/#breadcrumb","itemListElement":[{"@type":"ListItem","position":1,"name":"In\u00edcio","item":"https:\/\/www.em.com.br\/emfoco\/"},{"@type":"ListItem","position":2,"name":"Parece simples, mas faz maravilhas! Fortalece o corpo e alivia as dores nas costas rapidamente"}]},{"@type":"WebSite","@id":"https:\/\/www.em.com.br\/emfoco\/#website","url":"https:\/\/www.em.com.br\/emfoco\/","name":"Estado de Minas - Em foco","description":"Acompanhe as \u00faltimas not\u00edcias e fique bem informado sobre tudo o que acontece em Minas Gerais, Brasil e no mundo.","potentialAction":[{"@type":"SearchAction","target":{"@type":"EntryPoint","urlTemplate":"https:\/\/www.em.com.br\/emfoco\/?s={search_term_string}"},"query-input":{"@type":"PropertyValueSpecification","valueRequired":true,"valueName":"search_term_string"}}],"inLanguage":"pt-BR"},{"@type":"Person","@id":"https:\/\/www.em.com.br\/emfoco\/#\/schema\/person\/4a7a157aac450b98edc86f15a7434f0b","name":"Vanessa Tavares","image":{"@type":"ImageObject","inLanguage":"pt-BR","@id":"https:\/\/www.em.com.br\/emfoco\/#\/schema\/person\/image\/","url":"https:\/\/secure.gravatar.com\/avatar\/088c9372da58da00f00f8e508f13d635?s=96&d=mm&r=g","contentUrl":"https:\/\/secure.gravatar.com\/avatar\/088c9372da58da00f00f8e508f13d635?s=96&d=mm&r=g","caption":"Vanessa Tavares"},"sameAs":["https:\/\/www.em.com.br\/emfoco"],"url":"https:\/\/www.em.com.br\/emfoco\/author\/vanessamyth\/"}]}},"_links":{"self":[{"href":"https:\/\/www.em.com.br\/emfoco\/wp-json\/wp\/v2\/posts\/155407","targetHints":{"allow":["GET"]}}],"collection":[{"href":"https:\/\/www.em.com.br\/emfoco\/wp-json\/wp\/v2\/posts"}],"about":[{"href":"https:\/\/www.em.com.br\/emfoco\/wp-json\/wp\/v2\/types\/post"}],"author":[{"embeddable":true,"href":"https:\/\/www.em.com.br\/emfoco\/wp-json\/wp\/v2\/users\/19"}],"replies":[{"embeddable":true,"href":"https:\/\/www.em.com.br\/emfoco\/wp-json\/wp\/v2\/comments?post=155407"}],"version-history":[{"count":4,"href":"https:\/\/www.em.com.br\/emfoco\/wp-json\/wp\/v2\/posts\/155407\/revisions"}],"predecessor-version":[{"id":155422,"href":"https:\/\/www.em.com.br\/emfoco\/wp-json\/wp\/v2\/posts\/155407\/revisions\/155422"}],"wp:featuredmedia":[{"embeddable":true,"href":"https:\/\/www.em.com.br\/emfoco\/wp-json\/wp\/v2\/media\/155411"}],"wp:attachment":[{"href":"https:\/\/www.em.com.br\/emfoco\/wp-json\/wp\/v2\/media?parent=155407"}],"wp:term":[{"taxonomy":"category","embeddable":true,"href":"https:\/\/www.em.com.br\/emfoco\/wp-json\/wp\/v2\/categories?post=155407"},{"taxonomy":"post_tag","embeddable":true,"href":"https:\/\/www.em.com.br\/emfoco\/wp-json\/wp\/v2\/tags?post=155407"}],"curies":[{"name":"wp","href":"https:\/\/api.w.org\/{rel}","templated":true}]}}