{"id":155402,"date":"2026-01-15T00:38:32","date_gmt":"2026-01-15T03:38:32","guid":{"rendered":"https:\/\/www.em.com.br\/emfoco\/?p=155402"},"modified":"2026-01-15T00:38:36","modified_gmt":"2026-01-15T03:38:36","slug":"fim-de-uma-era-gigante-da-moda-confirma-o-encerramento-de-mais-de-130-lojas-e-choca-o-varejo-global","status":"publish","type":"post","link":"https:\/\/www.em.com.br\/emfoco\/2026\/01\/15\/fim-de-uma-era-gigante-da-moda-confirma-o-encerramento-de-mais-de-130-lojas-e-choca-o-varejo-global\/","title":{"rendered":"Fim de uma era? Gigante da moda confirma o encerramento de mais de 130 lojas e choca o varejo global"},"content":{"rendered":"\n<p>A dona da Zara, Pull&amp;Bear e Massimo Dutti anuncia uma reestrutura\u00e7\u00e3o hist\u00f3rica. Entenda por que o gigante espanhol est\u00e1 fechando portas e o que isso sinaliza para o futuro do consumo.<\/p>\n\n\n\n<p>O mercado global de moda recebeu um &#8220;presente de Natal&#8221; amargo e inesperado neste final de 2025. O grupo <strong>Inditex<\/strong>, a maior pot\u00eancia t\u00eaxtil do mundo e controlador de marcas onipresentes como <strong>Zara<\/strong>, Bershka e Massimo Dutti, confirmou oficialmente uma nova fase de sua reestrutura\u00e7\u00e3o estrat\u00e9gica. O plano inclui o <strong>encerramento de mais de 130 lojas f\u00edsicas<\/strong> em diversos mercados-chave, uma decis\u00e3o que, embora t\u00e9cnica, envia ondas de choque por todo o setor de varejo.<\/p>\n\n\n\n<p>Ao contr\u00e1rio do que rumores iniciais poderiam sugerir, este movimento n\u00e3o indica fal\u00eancia ou crise de liquidez. Pelo contr\u00e1rio, trata-se de uma &#8220;destrui\u00e7\u00e3o criativa&#8221;. A Inditex est\u00e1 sacrificando sua capilaridade f\u00edsica \u2014 aquelas lojas menores, de bairro ou de shoppings secund\u00e1rios \u2014 para concentrar todo o seu poder de fogo em duas frentes: as chamadas <em>flagships<\/em> (lojas gigantescas, tecnol\u00f3gicas e em pontos tur\u00edsticos) e o com\u00e9rcio eletr\u00f4nico integrado.<\/p>\n\n\n\n<figure class=\"wp-block-image size-full\"><img loading=\"lazy\" decoding=\"async\" width=\"1024\" height=\"576\" src=\"https:\/\/www.em.com.br\/emfoco\/wp-content\/uploads\/2026\/01\/image-2.png\" alt=\"\" class=\"wp-image-155403\" srcset=\"https:\/\/www.em.com.br\/emfoco\/wp-content\/uploads\/2026\/01\/image-2.png 1024w, https:\/\/www.em.com.br\/emfoco\/wp-content\/uploads\/2026\/01\/image-2-300x169.png 300w, https:\/\/www.em.com.br\/emfoco\/wp-content\/uploads\/2026\/01\/image-2-768x432.png 768w, https:\/\/www.em.com.br\/emfoco\/wp-content\/uploads\/2026\/01\/image-2-750x422.png 750w\" sizes=\"auto, (max-width: 1024px) 100vw, 1024px\" \/><\/figure>\n\n\n\n<h2 class=\"wp-block-heading\"><strong>O fim das &#8220;Lojas de Bairro&#8221; e a ascens\u00e3o do Digital<\/strong><\/h2>\n\n\n\n<p>O <strong>encerramento de lojas f\u00edsicas<\/strong> por parte da Inditex \u00e9 o cap\u00edtulo mais agressivo de um livro que o varejo vem escrevendo h\u00e1 anos. A l\u00f3gica da empresa \u00e9 matem\u00e1tica: unidades com menos de 200 ou 300 metros quadrados tornaram-se obsoletas. Elas n\u00e3o comportam o estoque necess\u00e1rio para a velocidade da moda atual e geram custos operacionais que n\u00e3o se justificam diante da margem de lucro do e-commerce.<\/p>\n\n\n\n<p>A estrat\u00e9gia de absor\u00e7\u00e3o \u00e9 clara: fechar tr\u00eas ou quatro lojas pequenas para abrir uma \u00fanica megaloja digitalizada, onde o cliente usa o provador inteligente, paga pelo aplicativo e n\u00e3o enfrenta filas. No entanto, para o consumidor acostumado \u00e0 conveni\u00eancia da loja pr\u00f3xima, a mudan\u00e7a \u00e9 dr\u00e1stica.<\/p>\n\n\n\n<h2 class=\"wp-block-heading\"><strong>Um cen\u00e1rio de &#8220;Inverno no Varejo&#8221;<\/strong><\/h2>\n\n\n\n<p>\u00c9 imposs\u00edvel analisar a decis\u00e3o da Inditex sem olhar para o contexto macroecon\u00f4mico. O ano de 2025 foi implac\u00e1vel para o varejo tradicional. O custo de ocupa\u00e7\u00e3o (aluguel de im\u00f3veis comerciais) disparou, enquanto a concorr\u00eancia com plataformas de ultra-fast fashion asi\u00e1ticas pressionou as margens de lucro.<\/p>\n\n\n\n<p>A Inditex, com seu caixa robusto, consegue fazer essa transi\u00e7\u00e3o de forma planejada. Outras empresas, por\u00e9m, n\u00e3o tiveram a mesma sorte, criando um cen\u00e1rio de &#8220;terra arrasada&#8221; nos shoppings. Recentemente, o mercado assistiu at\u00f4nito quando uma <a target=\"_blank\" rel=\"noreferrer noopener\" href=\"https:\/\/www.em.com.br\/emfoco\/2025\/09\/21\/grande-rede-de-varejo-decide-fechar-todas-as-lojas-apos-80-anos-de-historia\/\">grande rede de varejo decidiu fechar todas as lojas ap\u00f3s 80 anos de hist\u00f3ria<\/a>, sucumbindo \u00e0 incapacidade de integrar o f\u00edsico com o digital.<\/p>\n\n\n\n<p>Essa coincid\u00eancia num\u00e9rica no volume de fechamentos chama a aten\u00e7\u00e3o de analistas. N\u00e3o \u00e9 apenas a Inditex que est\u00e1 enxugando sua estrutura. No cen\u00e1rio nacional, a tend\u00eancia se repete com precis\u00e3o assustadora, visto que <a target=\"_blank\" rel=\"noreferrer noopener\" href=\"https:\/\/www.em.com.br\/emfoco\/2026\/01\/14\/a-marca-de-roupas-mais-popular-do-pais-comeca-a-fechar-mais-de-130-lojas\/\">a marca de roupas mais popular do pa\u00eds tamb\u00e9m come\u00e7ou a fechar mais de 130 lojas<\/a>, numa tentativa desesperada de estancar sangrias financeiras e copiar o modelo de efici\u00eancia europeu.<\/p>\n\n\n\n<h2 class=\"wp-block-heading\"><strong>O Impacto Imobili\u00e1rio e a Sobreviv\u00eancia<\/strong><\/h2>\n\n\n\n<p>O <strong>encerramento de lojas f\u00edsicas<\/strong> nessa escala traz um problema colateral grave: o que fazer com os espa\u00e7os vazios? Shoppings centers na Europa, e potencialmente na Am\u00e9rica Latina, preparam-se para receber de volta milhares de metros quadrados de \u00c1rea Bruta Loc\u00e1vel (ABL).<\/p>\n\n\n\n<p>Quando uma \u00e2ncora como a Zara fecha as portas em um shopping, o fluxo de pessoas cai drasticamente, prejudicando as lojas sat\u00e9lites ao redor. \u00c9 um efeito domin\u00f3. Vimos isso acontecer de forma dram\u00e1tica quando uma <a target=\"_blank\" rel=\"noreferrer noopener\" href=\"https:\/\/www.em.com.br\/emfoco\/2025\/09\/05\/rede-varejista-com-mais-de-130-lojas-anuncia-fechamento-ate-o-fim-de-setembro\/\">rede varejista com mais de 130 lojas anunciou fechamento total at\u00e9 o fim de setembro<\/a>, deixando corredores inteiros de centros comerciais \u00e0s escuras.<\/p>\n\n\n\n<h2 class=\"wp-block-heading\"><strong>O Futuro da Inditex: Menos Portas, Mais Telas<\/strong><\/h2>\n\n\n\n<p>Para a Inditex, 2026 ser\u00e1 o ano da consolida\u00e7\u00e3o do modelo h\u00edbrido. A empresa aposta que o cliente n\u00e3o se importa em perder o ponto f\u00edsico da esquina, desde que a entrega online seja r\u00e1pida e a experi\u00eancia na <em>flagship<\/em> seja impec\u00e1vel.<\/p>\n\n\n\n<p>A reestrutura\u00e7\u00e3o visa blindar a empresa contra as flutua\u00e7\u00f5es do mercado imobili\u00e1rio e focar naquilo que o grupo faz de melhor: log\u00edstica e gest\u00e3o de dados. O <strong>encerramento de lojas f\u00edsicas<\/strong> antigas permite que o capital seja realocado em tecnologia, sustentabilidade (uma demanda crescente) e na batalha contra concorrentes puramente digitais.<\/p>\n\n\n\n<p>Em resumo, a not\u00edcia do fechamento de 130 lojas pode parecer um sinal de fraqueza \u00e0 primeira vista, mas \u00e9, na verdade, uma demonstra\u00e7\u00e3o de for\u00e7a e adaptabilidade. A Inditex est\u00e1 &#8220;podando a \u00e1rvore&#8221; para que ela cres\u00e7a mais forte. Resta saber se o consumidor tradicional, aquele que gosta de passear e tocar no tecido antes de comprar, continuar\u00e1 fiel \u00e0 marca ou migrar\u00e1 para concorrentes que ainda mant\u00eam as portas abertas \u2014 enquanto elas durarem.<\/p>\n","protected":false},"excerpt":{"rendered":"<p>A dona da Zara, Pull&amp;Bear e Massimo Dutti anuncia uma reestrutura\u00e7\u00e3o hist\u00f3rica. Entenda por que o gigante espanhol est\u00e1 fechando portas e o que isso sinaliza para o futuro do consumo. O mercado global de moda recebeu um &#8220;presente de Natal&#8221; amargo e inesperado neste final de 2025. O grupo Inditex, a maior pot\u00eancia t\u00eaxtil [&hellip;]<\/p>\n","protected":false},"author":2,"featured_media":155403,"comment_status":"open","ping_status":"open","sticky":false,"template":"","format":"standard","meta":{"jnews-multi-image_gallery":[],"jnews_single_post":{"format":"standard"},"jnews_primary_category":[],"jnews_social_meta":[],"jnews_override_counter":[],"footnotes":""},"categories":[28],"tags":[10179],"class_list":["post-155402","post","type-post","status-publish","format-standard","has-post-thumbnail","hentry","category-economia","tag-fechamento"],"yoast_head":"<!-- This site is optimized with the Yoast SEO plugin v23.8 - https:\/\/yoast.com\/wordpress\/plugins\/seo\/ -->\n<title>Fim de uma era? Gigante da moda confirma o encerramento de mais de 130 lojas e choca o varejo global - Estado de Minas - Em foco<\/title>\n<meta name=\"description\" content=\"A decis\u00e3o dr\u00e1stica da Inditex marca uma virada hist\u00f3rica no mercado. Saiba quais marcas s\u00e3o afetadas e o motivo por tr\u00e1s do fim das unidades f\u00edsicas.\" \/>\n<meta name=\"robots\" content=\"index, follow, max-snippet:-1, max-image-preview:large, max-video-preview:-1\" \/>\n<link rel=\"canonical\" href=\"https:\/\/www.em.com.br\/emfoco\/2026\/01\/15\/fim-de-uma-era-gigante-da-moda-confirma-o-encerramento-de-mais-de-130-lojas-e-choca-o-varejo-global\/\" \/>\n<meta property=\"og:locale\" content=\"pt_BR\" \/>\n<meta property=\"og:type\" content=\"article\" \/>\n<meta property=\"og:title\" content=\"Fim de uma era? Gigante da moda confirma o encerramento de mais de 130 lojas e choca o varejo global - Estado de Minas - Em foco\" \/>\n<meta property=\"og:description\" content=\"A decis\u00e3o dr\u00e1stica da Inditex marca uma virada hist\u00f3rica no mercado. Saiba quais marcas s\u00e3o afetadas e o motivo por tr\u00e1s do fim das unidades f\u00edsicas.\" \/>\n<meta property=\"og:url\" content=\"https:\/\/www.em.com.br\/emfoco\/2026\/01\/15\/fim-de-uma-era-gigante-da-moda-confirma-o-encerramento-de-mais-de-130-lojas-e-choca-o-varejo-global\/\" \/>\n<meta property=\"og:site_name\" content=\"Estado de Minas - Em foco\" \/>\n<meta property=\"article:published_time\" content=\"2026-01-15T03:38:32+00:00\" \/>\n<meta property=\"article:modified_time\" content=\"2026-01-15T03:38:36+00:00\" \/>\n<meta property=\"og:image\" content=\"https:\/\/www.em.com.br\/emfoco\/wp-content\/uploads\/2026\/01\/image-2.png\" \/>\n\t<meta property=\"og:image:width\" content=\"1024\" \/>\n\t<meta property=\"og:image:height\" content=\"576\" \/>\n\t<meta property=\"og:image:type\" content=\"image\/png\" \/>\n<meta name=\"author\" content=\"Guilherme\" \/>\n<meta name=\"twitter:card\" content=\"summary_large_image\" \/>\n<meta name=\"twitter:label1\" content=\"Escrito por\" \/>\n\t<meta name=\"twitter:data1\" content=\"Guilherme\" \/>\n\t<meta name=\"twitter:label2\" content=\"Est. tempo de leitura\" \/>\n\t<meta name=\"twitter:data2\" content=\"5 minutos\" \/>\n<!-- \/ Yoast SEO plugin. -->","yoast_head_json":{"title":"Fim de uma era? Gigante da moda confirma o encerramento de mais de 130 lojas e choca o varejo global - Estado de Minas - Em foco","description":"A decis\u00e3o dr\u00e1stica da Inditex marca uma virada hist\u00f3rica no mercado. Saiba quais marcas s\u00e3o afetadas e o motivo por tr\u00e1s do fim das unidades f\u00edsicas.","robots":{"index":"index","follow":"follow","max-snippet":"max-snippet:-1","max-image-preview":"max-image-preview:large","max-video-preview":"max-video-preview:-1"},"canonical":"https:\/\/www.em.com.br\/emfoco\/2026\/01\/15\/fim-de-uma-era-gigante-da-moda-confirma-o-encerramento-de-mais-de-130-lojas-e-choca-o-varejo-global\/","og_locale":"pt_BR","og_type":"article","og_title":"Fim de uma era? Gigante da moda confirma o encerramento de mais de 130 lojas e choca o varejo global - Estado de Minas - Em foco","og_description":"A decis\u00e3o dr\u00e1stica da Inditex marca uma virada hist\u00f3rica no mercado. Saiba quais marcas s\u00e3o afetadas e o motivo por tr\u00e1s do fim das unidades f\u00edsicas.","og_url":"https:\/\/www.em.com.br\/emfoco\/2026\/01\/15\/fim-de-uma-era-gigante-da-moda-confirma-o-encerramento-de-mais-de-130-lojas-e-choca-o-varejo-global\/","og_site_name":"Estado de Minas - Em foco","article_published_time":"2026-01-15T03:38:32+00:00","article_modified_time":"2026-01-15T03:38:36+00:00","og_image":[{"width":1024,"height":576,"url":"https:\/\/www.em.com.br\/emfoco\/wp-content\/uploads\/2026\/01\/image-2.png","type":"image\/png"}],"author":"Guilherme","twitter_card":"summary_large_image","twitter_misc":{"Escrito por":"Guilherme","Est. tempo de leitura":"5 minutos"},"schema":{"@context":"https:\/\/schema.org","@graph":[{"@type":"WebPage","@id":"https:\/\/www.em.com.br\/emfoco\/2026\/01\/15\/fim-de-uma-era-gigante-da-moda-confirma-o-encerramento-de-mais-de-130-lojas-e-choca-o-varejo-global\/","url":"https:\/\/www.em.com.br\/emfoco\/2026\/01\/15\/fim-de-uma-era-gigante-da-moda-confirma-o-encerramento-de-mais-de-130-lojas-e-choca-o-varejo-global\/","name":"Fim de uma era? Gigante da moda confirma o encerramento de mais de 130 lojas e choca o varejo global - Estado de Minas - Em foco","isPartOf":{"@id":"https:\/\/www.em.com.br\/emfoco\/#website"},"primaryImageOfPage":{"@id":"https:\/\/www.em.com.br\/emfoco\/2026\/01\/15\/fim-de-uma-era-gigante-da-moda-confirma-o-encerramento-de-mais-de-130-lojas-e-choca-o-varejo-global\/#primaryimage"},"image":{"@id":"https:\/\/www.em.com.br\/emfoco\/2026\/01\/15\/fim-de-uma-era-gigante-da-moda-confirma-o-encerramento-de-mais-de-130-lojas-e-choca-o-varejo-global\/#primaryimage"},"thumbnailUrl":"https:\/\/www.em.com.br\/emfoco\/wp-content\/uploads\/2026\/01\/image-2.png","datePublished":"2026-01-15T03:38:32+00:00","dateModified":"2026-01-15T03:38:36+00:00","author":{"@id":"https:\/\/www.em.com.br\/emfoco\/#\/schema\/person\/097c4a57cc4dc96be3b74aaf7185dd84"},"description":"A decis\u00e3o dr\u00e1stica da Inditex marca uma virada hist\u00f3rica no mercado. Saiba quais marcas s\u00e3o afetadas e o motivo por tr\u00e1s do fim das unidades f\u00edsicas.","breadcrumb":{"@id":"https:\/\/www.em.com.br\/emfoco\/2026\/01\/15\/fim-de-uma-era-gigante-da-moda-confirma-o-encerramento-de-mais-de-130-lojas-e-choca-o-varejo-global\/#breadcrumb"},"inLanguage":"pt-BR","potentialAction":[{"@type":"ReadAction","target":["https:\/\/www.em.com.br\/emfoco\/2026\/01\/15\/fim-de-uma-era-gigante-da-moda-confirma-o-encerramento-de-mais-de-130-lojas-e-choca-o-varejo-global\/"]}]},{"@type":"ImageObject","inLanguage":"pt-BR","@id":"https:\/\/www.em.com.br\/emfoco\/2026\/01\/15\/fim-de-uma-era-gigante-da-moda-confirma-o-encerramento-de-mais-de-130-lojas-e-choca-o-varejo-global\/#primaryimage","url":"https:\/\/www.em.com.br\/emfoco\/wp-content\/uploads\/2026\/01\/image-2.png","contentUrl":"https:\/\/www.em.com.br\/emfoco\/wp-content\/uploads\/2026\/01\/image-2.png","width":1024,"height":576},{"@type":"BreadcrumbList","@id":"https:\/\/www.em.com.br\/emfoco\/2026\/01\/15\/fim-de-uma-era-gigante-da-moda-confirma-o-encerramento-de-mais-de-130-lojas-e-choca-o-varejo-global\/#breadcrumb","itemListElement":[{"@type":"ListItem","position":1,"name":"In\u00edcio","item":"https:\/\/www.em.com.br\/emfoco\/"},{"@type":"ListItem","position":2,"name":"Fim de uma era? Gigante da moda confirma o encerramento de mais de 130 lojas e choca o varejo global"}]},{"@type":"WebSite","@id":"https:\/\/www.em.com.br\/emfoco\/#website","url":"https:\/\/www.em.com.br\/emfoco\/","name":"Estado de Minas - Em foco","description":"Acompanhe as \u00faltimas not\u00edcias e fique bem informado sobre tudo o que acontece em Minas Gerais, Brasil e no mundo.","potentialAction":[{"@type":"SearchAction","target":{"@type":"EntryPoint","urlTemplate":"https:\/\/www.em.com.br\/emfoco\/?s={search_term_string}"},"query-input":{"@type":"PropertyValueSpecification","valueRequired":true,"valueName":"search_term_string"}}],"inLanguage":"pt-BR"},{"@type":"Person","@id":"https:\/\/www.em.com.br\/emfoco\/#\/schema\/person\/097c4a57cc4dc96be3b74aaf7185dd84","name":"Guilherme","image":{"@type":"ImageObject","inLanguage":"pt-BR","@id":"https:\/\/www.em.com.br\/emfoco\/#\/schema\/person\/image\/","url":"https:\/\/secure.gravatar.com\/avatar\/6a059d20d980bdeb1d1d6b0fa2b4633c?s=96&d=mm&r=g","contentUrl":"https:\/\/secure.gravatar.com\/avatar\/6a059d20d980bdeb1d1d6b0fa2b4633c?s=96&d=mm&r=g","caption":"Guilherme"},"url":"https:\/\/www.em.com.br\/emfoco\/author\/guilhermemyth\/"}]}},"_links":{"self":[{"href":"https:\/\/www.em.com.br\/emfoco\/wp-json\/wp\/v2\/posts\/155402","targetHints":{"allow":["GET"]}}],"collection":[{"href":"https:\/\/www.em.com.br\/emfoco\/wp-json\/wp\/v2\/posts"}],"about":[{"href":"https:\/\/www.em.com.br\/emfoco\/wp-json\/wp\/v2\/types\/post"}],"author":[{"embeddable":true,"href":"https:\/\/www.em.com.br\/emfoco\/wp-json\/wp\/v2\/users\/2"}],"replies":[{"embeddable":true,"href":"https:\/\/www.em.com.br\/emfoco\/wp-json\/wp\/v2\/comments?post=155402"}],"version-history":[{"count":1,"href":"https:\/\/www.em.com.br\/emfoco\/wp-json\/wp\/v2\/posts\/155402\/revisions"}],"predecessor-version":[{"id":155404,"href":"https:\/\/www.em.com.br\/emfoco\/wp-json\/wp\/v2\/posts\/155402\/revisions\/155404"}],"wp:featuredmedia":[{"embeddable":true,"href":"https:\/\/www.em.com.br\/emfoco\/wp-json\/wp\/v2\/media\/155403"}],"wp:attachment":[{"href":"https:\/\/www.em.com.br\/emfoco\/wp-json\/wp\/v2\/media?parent=155402"}],"wp:term":[{"taxonomy":"category","embeddable":true,"href":"https:\/\/www.em.com.br\/emfoco\/wp-json\/wp\/v2\/categories?post=155402"},{"taxonomy":"post_tag","embeddable":true,"href":"https:\/\/www.em.com.br\/emfoco\/wp-json\/wp\/v2\/tags?post=155402"}],"curies":[{"name":"wp","href":"https:\/\/api.w.org\/{rel}","templated":true}]}}