{"id":155357,"date":"2026-01-16T06:05:00","date_gmt":"2026-01-16T09:05:00","guid":{"rendered":"https:\/\/www.em.com.br\/emfoco\/?p=155357"},"modified":"2026-01-15T19:46:18","modified_gmt":"2026-01-15T22:46:18","slug":"os-15-municipios-onde-comprar-e-alugar-casa-ficou-mais-barato-em-2026","status":"publish","type":"post","link":"https:\/\/www.em.com.br\/emfoco\/2026\/01\/16\/os-15-municipios-onde-comprar-e-alugar-casa-ficou-mais-barato-em-2026\/","title":{"rendered":"Os 15 munic\u00edpios onde comprar e alugar casa ficou mais barato em 2026"},"content":{"rendered":"\n<p>O mercado imobili\u00e1rio brasileiro em 2025 registrou alta de pre\u00e7os acima da infla\u00e7\u00e3o, e em 2026 o cen\u00e1rio fica ainda mais complexo com reajustes m\u00e9dios, reforma tribut\u00e1ria e mudan\u00e7as em \u00edndices de corre\u00e7\u00e3o, exigindo aten\u00e7\u00e3o redobrada aos n\u00fameros oficiais na hora de comprar ou alugar um im\u00f3vel.<\/p>\n\n\n\n<h2 class=\"wp-block-heading\">Entenda os principais fatores que impactam o valor dos im\u00f3veis em 2026<\/h2>\n\n\n\n<p>Ao analisar <a href=\"https:\/\/www.em.com.br\/emfoco\/2025\/12\/29\/brasileiros-podem-atualizar-imoveis-e-carros-com-ir-de-4-se-aderirem-ao-novo-regime-antes-de-19-de-fevereiro\/\" target=\"_blank\" rel=\"noreferrer noopener\">im\u00f3veis<\/a>, muitos compradores e locat\u00e1rios olham apenas o pre\u00e7o final, sem considerar \u00e1rea \u00fatil, localiza\u00e7\u00e3o, impostos e rentabilidade. Com as novas regras tribut\u00e1rias, esses elementos influenciam diretamente tanto o valor de compra quanto o valor de aluguel praticado em grandes centros e cidades com metro quadrado mais barato.<\/p>\n\n\n\n<p>Al\u00e9m disso, \u00edndices de refer\u00eancia, como FipeZAP, IPCA e IGP-M, ajudam a entender a varia\u00e7\u00e3o de pre\u00e7os ao longo do tempo. Em 2026, acompanhar esses indicadores \u00e9 essencial para n\u00e3o pagar acima do valor de mercado nem subestimar o custo total envolvido na opera\u00e7\u00e3o.<\/p>\n\n\n\n<p>Com base nos dados consolidados do\u00a0<a href=\"https:\/\/www.datazap.com.br\/wp-content\/uploads\/2025\/11\/fipezap-202510-residencial-venda-.pdf\" target=\"_blank\" rel=\"noreferrer noopener\">\u00cdndice FipeZAP<\/a>\u00a0de 2025\/2026, os munic\u00edpios monitorados com os menores pre\u00e7os de venda s\u00e3o:<\/p>\n\n\n\n<table style=\"width:100%; border-collapse:collapse; font-family:Arial, sans-serif; font-size:15px;\">\n  <thead>\n    <tr style=\"background-color:#cfeeea;\">\n      <th style=\"border:1px solid #b5d8d6; padding:12px; color:#000;\">Ranking<\/th>\n      <th style=\"border:1px solid #b5d8d6; padding:12px; color:#000;\">Munic\u00edpio<\/th>\n      <th style=\"border:1px solid #b5d8d6; padding:12px; color:#000;\">Estado<\/th>\n      <th style=\"border:1px solid #b5d8d6; padding:12px; color:#000;\">Pre\u00e7o m\u00e9dio do m\u00b2 (2026)<\/th>\n      <th style=\"border:1px solid #b5d8d6; padding:12px; color:#000;\">Leitura de mercado<\/th>\n    <\/tr>\n  <\/thead>\n\n  <tbody>\n    <tr style=\"background-color:#eef9f8;\">\n      <td>1<\/td>\n      <td><strong>Pelotas<\/strong><\/td>\n      <td>RS<\/td>\n      <td>R$ 4.353<\/td>\n      <td>Menor valor entre as cidades monitoradas; mercado ainda pouco pressionado<\/td>\n    <\/tr>\n\n    <tr style=\"background-color:#e6f2fb;\">\n      <td>2<\/td>\n      <td><strong>Aracaju<\/strong><\/td>\n      <td>SE<\/td>\n      <td>R$ 5.270<\/td>\n      <td>Capital com boa qualidade de vida e pre\u00e7os abaixo da m\u00e9dia nacional<\/td>\n    <\/tr>\n\n    <tr style=\"background-color:#eef9f8;\">\n      <td>3<\/td>\n      <td><strong>Teresina<\/strong><\/td>\n      <td>PI<\/td>\n      <td>R$ 5.784<\/td>\n      <td>Crescimento moderado, mantendo acesso facilitado \u00e0 moradia<\/td>\n    <\/tr>\n\n    <tr style=\"background-color:#e6f2fb;\">\n      <td>4<\/td>\n      <td><strong>Natal<\/strong><\/td>\n      <td>RN<\/td>\n      <td>R$ 6.107<\/td>\n      <td>Turismo forte, mas ainda com im\u00f3veis relativamente acess\u00edveis<\/td>\n    <\/tr>\n\n    <tr style=\"background-color:#eef9f8;\">\n      <td>5<\/td>\n      <td><strong>Campo Grande<\/strong><\/td>\n      <td>MS<\/td>\n      <td>R$ 6.409<\/td>\n      <td>Mercado est\u00e1vel, com expans\u00e3o urbana controlada<\/td>\n    <\/tr>\n\n    <tr style=\"background-color:#e6f2fb;\">\n      <td>6<\/td>\n      <td><strong>Cuiab\u00e1<\/strong><\/td>\n      <td>MT<\/td>\n      <td>R$ 6.798<\/td>\n      <td>Valoriza\u00e7\u00e3o gradual impulsionada pelo agroneg\u00f3cio<\/td>\n    <\/tr>\n\n    <tr style=\"background-color:#eef9f8;\">\n      <td>7<\/td>\n      <td><strong>Manaus<\/strong><\/td>\n      <td>AM<\/td>\n      <td>R$ 7.172<\/td>\n      <td>Pre\u00e7os ainda competitivos frente a outras capitais do Norte<\/td>\n    <\/tr>\n\n    <tr style=\"background-color:#e6f2fb;\">\n      <td>8<\/td>\n      <td><strong>Porto Alegre<\/strong><\/td>\n      <td>RS<\/td>\n      <td>R$ 7.520<\/td>\n      <td>Capital grande com valores abaixo de outras metr\u00f3poles do Sul<\/td>\n    <\/tr>\n\n    <tr style=\"background-color:#eef9f8;\">\n      <td>9<\/td>\n      <td><strong>Salvador<\/strong><\/td>\n      <td>BA<\/td>\n      <td>R$ 7.874<\/td>\n      <td>Mercado aquecido, mas ainda mais barato que RJ e SP<\/td>\n    <\/tr>\n\n    <tr style=\"background-color:#e6f2fb;\">\n      <td>10<\/td>\n      <td><strong>Jo\u00e3o Pessoa<\/strong><\/td>\n      <td>PB<\/td>\n      <td>R$ 7.926<\/td>\n      <td>Alta procura, por\u00e9m com crescimento abaixo da infla\u00e7\u00e3o em alguns bairros<\/td>\n    <\/tr>\n\n    <tr style=\"background-color:#eef9f8;\">\n      <td>11<\/td>\n      <td><strong>Goi\u00e2nia<\/strong><\/td>\n      <td>GO<\/td>\n      <td>R$ 8.114<\/td>\n      <td>Capital planejada com expans\u00e3o imobili\u00e1ria constante<\/td>\n    <\/tr>\n\n    <tr style=\"background-color:#e6f2fb;\">\n      <td>12<\/td>\n      <td><strong>Bel\u00e9m<\/strong><\/td>\n      <td>PA<\/td>\n      <td>R$ 8.214<\/td>\n      <td>Mercado regional forte, ainda abaixo da m\u00e9dia das capitais<\/td>\n    <\/tr>\n\n    <tr style=\"background-color:#eef9f8;\">\n      <td>13<\/td>\n      <td><strong>Recife<\/strong><\/td>\n      <td>PE<\/td>\n      <td>R$ 8.465<\/td>\n      <td>Valoriza\u00e7\u00e3o gradual, puxada por bairros centrais e orla<\/td>\n    <\/tr>\n\n    <tr style=\"background-color:#e6f2fb;\">\n      <td>14<\/td>\n      <td><strong>S\u00e3o Lu\u00eds<\/strong><\/td>\n      <td>MA<\/td>\n      <td>R$ 8.585<\/td>\n      <td>Mercado em expans\u00e3o, ainda com pre\u00e7os competitivos<\/td>\n    <\/tr>\n\n    <tr style=\"background-color:#eef9f8;\">\n      <td>15<\/td>\n      <td><strong>Fortaleza<\/strong><\/td>\n      <td>CE<\/td>\n      <td>R$ 8.884<\/td>\n      <td>Entre as mais baratas do Nordeste, apesar da forte demanda<\/td>\n    <\/tr>\n\n    <tr style=\"background-color:#e6f2fb;\">\n      <td colspan=\"5\" style=\"border:1px solid #b5d8d6; padding:14px;\">\n        <strong>Resumo:<\/strong> essas cidades concentram os menores pre\u00e7os m\u00e9dios do metro quadrado no Brasil em 2026,\n        segundo dados consolidados do mercado imobili\u00e1rio. S\u00e3o op\u00e7\u00f5es observadas por quem busca custo-benef\u00edcio,\n        investimento de longo prazo ou mudan\u00e7a de padr\u00e3o de vida.\n      <\/td>\n    <\/tr>\n  <\/tbody>\n<\/table>\n\n\n\n\n<h2 class=\"wp-block-heading\">Como calcular o valor de compra de uma casa em 2026<\/h2>\n\n\n\n<p>O ponto de partida para estimar o pre\u00e7o de compra de um im\u00f3vel \u00e9 o valor do metro quadrado na regi\u00e3o, usando fontes como o \u00cdndice FipeZAP e relat\u00f3rios de portais imobili\u00e1rios. Em 2025, cidades como Pelotas, Aracaju, Teresina e Natal apareceram entre os menores valores de venda monitorados, indicando maior potencial de acesso \u00e0 casa pr\u00f3pria.<\/p>\n\n\n\n<p>Em 2026, o c\u00e1lculo precisa considerar a varia\u00e7\u00e3o acumulada de pre\u00e7os do ano anterior e eventuais movimentos locais de oferta e demanda. Se uma cidade registrou aumento m\u00e9dio de 6,52% em 2025, o valor do m\u00b2 estimado para 2026 tende a incorporar esse reajuste, salvo em casos de estabilidade ou queda pontual, como no exemplo de um im\u00f3vel de 70 m\u00b2 com m\u00b2 passando de R$ 5.000 para cerca de R$ 5.326.<\/p>\n\n\n\n<h2 class=\"wp-block-heading\">Passo a passo essencial para estimar o pre\u00e7o de compra do im\u00f3vel<\/h2>\n\n\n\n<p>Para entender melhor quanto pagar por uma casa em 2026, \u00e9 poss\u00edvel seguir uma sequ\u00eancia simples de verifica\u00e7\u00e3o de dados. Esse tipo de c\u00e1lculo n\u00e3o substitui a avalia\u00e7\u00e3o profissional, mas ajuda a ter uma no\u00e7\u00e3o de faixa de pre\u00e7o antes de negociar com corretores ou propriet\u00e1rios.<\/p>\n\n\n\n<ul class=\"wp-block-list\">\n<li><strong>Definir a \u00e1rea do im\u00f3vel<\/strong>: identificar a metragem privativa (m\u00b2) da casa ou apartamento.<\/li>\n\n\n\n<li><strong>Consultar o valor m\u00e9dio do m\u00b2<\/strong>: usar \u00edndices como FipeZAP ou relat\u00f3rios atualizados de 2025\/2026.<\/li>\n\n\n\n<li><strong>Ajustar pela varia\u00e7\u00e3o anual<\/strong>: aplicar a taxa de aumento mais recente quando o dado for de meses anteriores.<\/li>\n\n\n\n<li><strong>Calcular o valor de mercado<\/strong>: multiplicar a \u00e1rea do im\u00f3vel pelo valor atualizado do m\u00b2.<\/li>\n\n\n\n<li><strong>Incluir custos de transa\u00e7\u00e3o<\/strong>: estimar ITBI, escritura, registro e taxas cartor\u00e1rias da regi\u00e3o.<\/li>\n\n\n\n<li><strong>Considerar efeitos da reforma tribut\u00e1ria<\/strong>: checar regras locais para ITBI e mudan\u00e7as v\u00e1lidas a partir de 2026.<\/li>\n<\/ul>\n\n\n\n<figure class=\"wp-block-image\"><img decoding=\"async\" src=\"https:\/\/www.em.com.br\/emfoco\/wp-content\/uploads\/2026\/01\/Gemini_Generated_Image_4l66ws4l66ws4l66-1-1024x576.png\" alt=\"\"\/><figcaption class=\"wp-element-caption\">Mercado de aluguel para 2026<\/figcaption><\/figure>\n\n\n\n<h2 class=\"wp-block-heading\">Como estimar o valor do aluguel residencial em 2026<\/h2>\n\n\n\n<p>O pre\u00e7o do aluguel residencial no Brasil costuma ser calculado como um percentual do valor de venda do im\u00f3vel, geralmente entre 0,3% e 0,5% ao m\u00eas. Assim, uma casa avaliada em R$ 500.000 tende a gerar um aluguel mensal entre R$ 1.500 e R$ 2.500, dependendo da localiza\u00e7\u00e3o, conserva\u00e7\u00e3o e demanda local.<\/p>\n\n\n\n<p>Esse intervalo reflete a rentabilidade anual esperada pelo propriet\u00e1rio, em torno de 5% a 6% ao ano, para compensar condom\u00ednio, imposto de renda, manuten\u00e7\u00e3o e vac\u00e2ncia. Em 2026, entram tamb\u00e9m na conta novas regras de tributa\u00e7\u00e3o sobre rendimentos de aluguel, al\u00e9m dos \u00edndices de reajuste contratual, como IGP-M ou IPCA.<\/p>\n\n\n\n<h2 class=\"wp-block-heading\">Evolu\u00e7\u00e3o do Pre\u00e7o do m\u00b2 (2024 &#8211; 2026)<\/h2>\n\n\n\n<p>Para visualizar a evolu\u00e7\u00e3o dos pre\u00e7os nos munic\u00edpios mais acess\u00edveis, utilizamos os dados consolidados do\u00a0<strong>\u00cdndice FipeZAP<\/strong>\u00a0(referentes a janeiro de cada ano). Os valores abaixo representam o pre\u00e7o m\u00e9dio do metro quadrado (m\u00b2):<\/p>\n\n\n\n<!-- GR\u00c1FICO: Evolu\u00e7\u00e3o do pre\u00e7o do m\u00b2 (2024\u20132026) -->\n<div style=\"max-width:100%; margin:40px auto;\">\n  <canvas id=\"graficoPrecoImoveis\"><\/canvas>\n<\/div>\n\n<!-- Chart.js CDN -->\n<script src=\"https:\/\/cdn.jsdelivr.net\/npm\/chart.js\"><\/script>\n\n<script>\nconst ctx = document.getElementById('graficoPrecoImoveis').getContext('2d');\n\nconst graficoPrecoImoveis = new Chart(ctx, {\n  type: 'line',\n  data: {\n    labels: [\n      'Pelotas (RS)', 'Aracaju (SE)', 'Teresina (PI)', 'Natal (RN)',\n      'Campo Grande (MS)', 'Cuiab\u00e1 (MT)', 'Manaus (AM)', 'Porto Alegre (RS)',\n      'Salvador (BA)', 'Jo\u00e3o Pessoa (PB)', 'Goi\u00e2nia (GO)', 'Bel\u00e9m (PA)',\n      'Recife (PE)', 'S\u00e3o Lu\u00eds (MA)', 'Fortaleza (CE)'\n    ],\n    datasets: [\n      {\n        label: 'Jan 2024 (R$\/m\u00b2)',\n        data: [4120, 4980, 5350, 5700, 5850, 6100, 6500, 7050, 7200, 7100, 7300, 7450, 7800, 7950, 8100],\n        borderColor: '#7ccfc9',\n        backgroundColor: 'rgba(124, 207, 201, 0.2)',\n        tension: 0.3\n      },\n      {\n        label: 'Jan 2025 (R$\/m\u00b2)',\n        data: [4280, 5150, 5590, 5950, 6200, 6550, 6900, 7300, 7600, 7700, 7900, 8000, 8250, 8350, 8600],\n        borderColor: '#6fa8dc',\n        backgroundColor: 'rgba(111, 168, 220, 0.2)',\n        tension: 0.3\n      },\n      {\n        label: 'Jan 2026 (proje\u00e7\u00e3o)',\n        data: [4353, 5270, 5784, 6107, 6409, 6798, 7172, 7520, 7874, 7926, 8114, 8214, 8465, 8585, 8884],\n        borderColor: '#4caf50',\n        backgroundColor: 'rgba(76, 175, 80, 0.25)',\n        borderDash: [5,5],\n        tension: 0.3\n      }\n    ]\n  },\n  options: {\n    responsive: true,\n    plugins: {\n      legend: {\n        labels: {\n          color: '#000',\n          font: {\n            size: 13\n          }\n        }\n      },\n      tooltip: {\n        callbacks: {\n          label: function(context) {\n            return context.dataset.label + ': R$ ' + context.raw.toLocaleString('pt-BR');\n          }\n        }\n      }\n    },\n    scales: {\n      y: {\n        ticks: {\n          callback: function(value) {\n            return 'R$ ' + value.toLocaleString('pt-BR');\n          },\n          color: '#000'\n        },\n        grid: {\n          color: '#e0f2f1'\n        }\n      },\n      x: {\n        ticks: {\n          color: '#000'\n        },\n        grid: {\n          display: false\n        }\n      }\n    }\n  }\n});\n<\/script>\n\n\n\n\n<h2 class=\"wp-block-heading\">Quais cuidados tomar com impostos e planejamento em 2026<\/h2>\n\n\n\n<p>Em 2026, a reforma tribut\u00e1ria passa a impactar diretamente a compra e a loca\u00e7\u00e3o de im\u00f3veis, alterando o custo efetivo de cada opera\u00e7\u00e3o. Taxas como ITBI, ITCMD, ganho de capital e tributa\u00e7\u00e3o sobre rendimentos de aluguel ganham novos par\u00e2metros, exigindo planejamento para evitar surpresas fiscais no futuro.<\/p>\n\n\n\n<p>Diante desse cen\u00e1rio, usar simuladores que considerem Selic, impostos, rentabilidade e \u00edndices de corre\u00e7\u00e3o \u00e9 decisivo para comparar se vale mais a pena comprar ou seguir no aluguel. N\u00e3o deixe para depois: revise seus planos ainda em 2026, consulte fontes oficiais e busque orienta\u00e7\u00e3o especializada para n\u00e3o perder oportunidades nem comprometer seu or\u00e7amento a longo prazo.<\/p>\n","protected":false},"excerpt":{"rendered":"<p>O mercado imobili\u00e1rio brasileiro em 2025 registrou alta de pre\u00e7os acima da infla\u00e7\u00e3o, e em 2026 o cen\u00e1rio fica ainda mais complexo com reajustes m\u00e9dios, reforma tribut\u00e1ria e mudan\u00e7as em \u00edndices de corre\u00e7\u00e3o, exigindo aten\u00e7\u00e3o redobrada aos n\u00fameros oficiais na hora de comprar ou alugar um im\u00f3vel. Entenda os principais fatores que impactam o valor [&hellip;]<\/p>\n","protected":false},"author":11,"featured_media":155383,"comment_status":"open","ping_status":"open","sticky":false,"template":"","format":"standard","meta":{"jnews-multi-image_gallery":[],"jnews_single_post":{"format":"standard"},"jnews_primary_category":[],"jnews_social_meta":[],"jnews_override_counter":[],"footnotes":""},"categories":[28,1],"tags":[1526,15644,1292,816,1553],"class_list":["post-155357","post","type-post","status-publish","format-standard","has-post-thumbnail","hentry","category-economia","category-noticias","tag-aluguel","tag-casas","tag-compra","tag-imoveis","tag-precos"],"yoast_head":"<!-- This site is optimized with the Yoast SEO plugin v23.8 - https:\/\/yoast.com\/wordpress\/plugins\/seo\/ -->\n<title>Os 15 munic\u00edpios onde comprar e alugar casa ficou mais barato em 2026 - Estado de Minas - Em foco<\/title>\n<meta name=\"description\" content=\"O mercado imobili\u00e1rio mudou em 2026 e algumas cidades ainda t\u00eam im\u00f3veis baratos. Veja os pre\u00e7os do metro quadrado e como calcular o valor certo.\" \/>\n<meta name=\"robots\" content=\"index, follow, max-snippet:-1, max-image-preview:large, max-video-preview:-1\" \/>\n<link rel=\"canonical\" href=\"https:\/\/www.em.com.br\/emfoco\/2026\/01\/16\/os-15-municipios-onde-comprar-e-alugar-casa-ficou-mais-barato-em-2026\/\" \/>\n<meta property=\"og:locale\" content=\"pt_BR\" \/>\n<meta property=\"og:type\" content=\"article\" \/>\n<meta property=\"og:title\" content=\"Os 15 munic\u00edpios onde comprar e alugar casa ficou mais barato em 2026 - Estado de Minas - Em foco\" \/>\n<meta property=\"og:description\" content=\"O mercado imobili\u00e1rio mudou em 2026 e algumas cidades ainda t\u00eam im\u00f3veis baratos. Veja os pre\u00e7os do metro quadrado e como calcular o valor certo.\" \/>\n<meta property=\"og:url\" content=\"https:\/\/www.em.com.br\/emfoco\/2026\/01\/16\/os-15-municipios-onde-comprar-e-alugar-casa-ficou-mais-barato-em-2026\/\" \/>\n<meta property=\"og:site_name\" content=\"Estado de Minas - Em foco\" \/>\n<meta property=\"article:published_time\" content=\"2026-01-16T09:05:00+00:00\" \/>\n<meta property=\"article:modified_time\" content=\"2026-01-15T22:46:18+00:00\" \/>\n<meta property=\"og:image\" content=\"https:\/\/www.em.com.br\/emfoco\/wp-content\/uploads\/2026\/01\/Gemini_Generated_Image_w4wiz9w4wiz9w4wi-1.png\" \/>\n\t<meta property=\"og:image:width\" content=\"1280\" \/>\n\t<meta property=\"og:image:height\" content=\"720\" \/>\n\t<meta property=\"og:image:type\" content=\"image\/png\" \/>\n<meta name=\"author\" content=\"Andre\u0301 Rangel\u00a0\" \/>\n<meta name=\"twitter:card\" content=\"summary_large_image\" \/>\n<meta name=\"twitter:label1\" content=\"Escrito por\" \/>\n\t<meta name=\"twitter:data1\" content=\"Andre\u0301 Rangel\u00a0\" \/>\n\t<meta name=\"twitter:label2\" content=\"Est. tempo de leitura\" \/>\n\t<meta name=\"twitter:data2\" content=\"6 minutos\" \/>\n<!-- \/ Yoast SEO plugin. -->","yoast_head_json":{"title":"Os 15 munic\u00edpios onde comprar e alugar casa ficou mais barato em 2026 - Estado de Minas - Em foco","description":"O mercado imobili\u00e1rio mudou em 2026 e algumas cidades ainda t\u00eam im\u00f3veis baratos. Veja os pre\u00e7os do metro quadrado e como calcular o valor certo.","robots":{"index":"index","follow":"follow","max-snippet":"max-snippet:-1","max-image-preview":"max-image-preview:large","max-video-preview":"max-video-preview:-1"},"canonical":"https:\/\/www.em.com.br\/emfoco\/2026\/01\/16\/os-15-municipios-onde-comprar-e-alugar-casa-ficou-mais-barato-em-2026\/","og_locale":"pt_BR","og_type":"article","og_title":"Os 15 munic\u00edpios onde comprar e alugar casa ficou mais barato em 2026 - Estado de Minas - Em foco","og_description":"O mercado imobili\u00e1rio mudou em 2026 e algumas cidades ainda t\u00eam im\u00f3veis baratos. Veja os pre\u00e7os do metro quadrado e como calcular o valor certo.","og_url":"https:\/\/www.em.com.br\/emfoco\/2026\/01\/16\/os-15-municipios-onde-comprar-e-alugar-casa-ficou-mais-barato-em-2026\/","og_site_name":"Estado de Minas - Em foco","article_published_time":"2026-01-16T09:05:00+00:00","article_modified_time":"2026-01-15T22:46:18+00:00","og_image":[{"width":1280,"height":720,"url":"https:\/\/www.em.com.br\/emfoco\/wp-content\/uploads\/2026\/01\/Gemini_Generated_Image_w4wiz9w4wiz9w4wi-1.png","type":"image\/png"}],"author":"Andre\u0301 Rangel\u00a0","twitter_card":"summary_large_image","twitter_misc":{"Escrito por":"Andre\u0301 Rangel\u00a0","Est. tempo de leitura":"6 minutos"},"schema":{"@context":"https:\/\/schema.org","@graph":[{"@type":"WebPage","@id":"https:\/\/www.em.com.br\/emfoco\/2026\/01\/16\/os-15-municipios-onde-comprar-e-alugar-casa-ficou-mais-barato-em-2026\/","url":"https:\/\/www.em.com.br\/emfoco\/2026\/01\/16\/os-15-municipios-onde-comprar-e-alugar-casa-ficou-mais-barato-em-2026\/","name":"Os 15 munic\u00edpios onde comprar e alugar casa ficou mais barato em 2026 - Estado de Minas - Em foco","isPartOf":{"@id":"https:\/\/www.em.com.br\/emfoco\/#website"},"primaryImageOfPage":{"@id":"https:\/\/www.em.com.br\/emfoco\/2026\/01\/16\/os-15-municipios-onde-comprar-e-alugar-casa-ficou-mais-barato-em-2026\/#primaryimage"},"image":{"@id":"https:\/\/www.em.com.br\/emfoco\/2026\/01\/16\/os-15-municipios-onde-comprar-e-alugar-casa-ficou-mais-barato-em-2026\/#primaryimage"},"thumbnailUrl":"https:\/\/www.em.com.br\/emfoco\/wp-content\/uploads\/2026\/01\/Gemini_Generated_Image_w4wiz9w4wiz9w4wi-1.png","datePublished":"2026-01-16T09:05:00+00:00","dateModified":"2026-01-15T22:46:18+00:00","author":{"@id":"https:\/\/www.em.com.br\/emfoco\/#\/schema\/person\/60eda09c1fedf0d6891f4cef4b60b8b8"},"description":"O mercado imobili\u00e1rio mudou em 2026 e algumas cidades ainda t\u00eam im\u00f3veis baratos. Veja os pre\u00e7os do metro quadrado e como calcular o valor certo.","breadcrumb":{"@id":"https:\/\/www.em.com.br\/emfoco\/2026\/01\/16\/os-15-municipios-onde-comprar-e-alugar-casa-ficou-mais-barato-em-2026\/#breadcrumb"},"inLanguage":"pt-BR","potentialAction":[{"@type":"ReadAction","target":["https:\/\/www.em.com.br\/emfoco\/2026\/01\/16\/os-15-municipios-onde-comprar-e-alugar-casa-ficou-mais-barato-em-2026\/"]}]},{"@type":"ImageObject","inLanguage":"pt-BR","@id":"https:\/\/www.em.com.br\/emfoco\/2026\/01\/16\/os-15-municipios-onde-comprar-e-alugar-casa-ficou-mais-barato-em-2026\/#primaryimage","url":"https:\/\/www.em.com.br\/emfoco\/wp-content\/uploads\/2026\/01\/Gemini_Generated_Image_w4wiz9w4wiz9w4wi-1.png","contentUrl":"https:\/\/www.em.com.br\/emfoco\/wp-content\/uploads\/2026\/01\/Gemini_Generated_Image_w4wiz9w4wiz9w4wi-1.png","width":1280,"height":720,"caption":"O pre\u00e7o dos im\u00f3veis mudou e muita gente ainda n\u00e3o percebeu"},{"@type":"BreadcrumbList","@id":"https:\/\/www.em.com.br\/emfoco\/2026\/01\/16\/os-15-municipios-onde-comprar-e-alugar-casa-ficou-mais-barato-em-2026\/#breadcrumb","itemListElement":[{"@type":"ListItem","position":1,"name":"In\u00edcio","item":"https:\/\/www.em.com.br\/emfoco\/"},{"@type":"ListItem","position":2,"name":"Os 15 munic\u00edpios onde comprar e alugar casa ficou mais barato em 2026"}]},{"@type":"WebSite","@id":"https:\/\/www.em.com.br\/emfoco\/#website","url":"https:\/\/www.em.com.br\/emfoco\/","name":"Estado de Minas - Em foco","description":"Acompanhe as \u00faltimas not\u00edcias e fique bem informado sobre tudo o que acontece em Minas Gerais, Brasil e no mundo.","potentialAction":[{"@type":"SearchAction","target":{"@type":"EntryPoint","urlTemplate":"https:\/\/www.em.com.br\/emfoco\/?s={search_term_string}"},"query-input":{"@type":"PropertyValueSpecification","valueRequired":true,"valueName":"search_term_string"}}],"inLanguage":"pt-BR"},{"@type":"Person","@id":"https:\/\/www.em.com.br\/emfoco\/#\/schema\/person\/60eda09c1fedf0d6891f4cef4b60b8b8","name":"Andre\u0301 Rangel\u00a0","image":{"@type":"ImageObject","inLanguage":"pt-BR","@id":"https:\/\/www.em.com.br\/emfoco\/#\/schema\/person\/image\/","url":"https:\/\/secure.gravatar.com\/avatar\/6234dc814c77c8ef6d8bba622c787efc?s=96&d=mm&r=g","contentUrl":"https:\/\/secure.gravatar.com\/avatar\/6234dc814c77c8ef6d8bba622c787efc?s=96&d=mm&r=g","caption":"Andre\u0301 Rangel\u00a0"},"url":"https:\/\/www.em.com.br\/emfoco\/author\/luizmyth\/"}]}},"_links":{"self":[{"href":"https:\/\/www.em.com.br\/emfoco\/wp-json\/wp\/v2\/posts\/155357","targetHints":{"allow":["GET"]}}],"collection":[{"href":"https:\/\/www.em.com.br\/emfoco\/wp-json\/wp\/v2\/posts"}],"about":[{"href":"https:\/\/www.em.com.br\/emfoco\/wp-json\/wp\/v2\/types\/post"}],"author":[{"embeddable":true,"href":"https:\/\/www.em.com.br\/emfoco\/wp-json\/wp\/v2\/users\/11"}],"replies":[{"embeddable":true,"href":"https:\/\/www.em.com.br\/emfoco\/wp-json\/wp\/v2\/comments?post=155357"}],"version-history":[{"count":3,"href":"https:\/\/www.em.com.br\/emfoco\/wp-json\/wp\/v2\/posts\/155357\/revisions"}],"predecessor-version":[{"id":155390,"href":"https:\/\/www.em.com.br\/emfoco\/wp-json\/wp\/v2\/posts\/155357\/revisions\/155390"}],"wp:featuredmedia":[{"embeddable":true,"href":"https:\/\/www.em.com.br\/emfoco\/wp-json\/wp\/v2\/media\/155383"}],"wp:attachment":[{"href":"https:\/\/www.em.com.br\/emfoco\/wp-json\/wp\/v2\/media?parent=155357"}],"wp:term":[{"taxonomy":"category","embeddable":true,"href":"https:\/\/www.em.com.br\/emfoco\/wp-json\/wp\/v2\/categories?post=155357"},{"taxonomy":"post_tag","embeddable":true,"href":"https:\/\/www.em.com.br\/emfoco\/wp-json\/wp\/v2\/tags?post=155357"}],"curies":[{"name":"wp","href":"https:\/\/api.w.org\/{rel}","templated":true}]}}