{"id":155257,"date":"2026-01-16T17:55:00","date_gmt":"2026-01-16T20:55:00","guid":{"rendered":"https:\/\/www.em.com.br\/emfoco\/?p=155257"},"modified":"2026-01-14T18:19:54","modified_gmt":"2026-01-14T21:19:54","slug":"justica-condena-dj-que-faltou-a-casamento-e-mandou-substituto-sem-avisar-contrato-era-pessoal-e-intransferivel","status":"publish","type":"post","link":"https:\/\/www.em.com.br\/emfoco\/2026\/01\/16\/justica-condena-dj-que-faltou-a-casamento-e-mandou-substituto-sem-avisar-contrato-era-pessoal-e-intransferivel\/","title":{"rendered":"Justi\u00e7a condena DJ que faltou a casamento e mandou substituto sem avisar: \u201cContrato era pessoal e intransfer\u00edvel\u201d"},"content":{"rendered":"\n<h2 class=\"wp-block-heading\">Justi\u00e7a reconheceu falha grave ao trocar DJ de casamento sem aviso. Entendeu ser servi\u00e7o personal\u00edssimo, violar boa-f\u00e9 e frustar evento irrepet\u00edvel, gerando indeniza\u00e7\u00e3o por danos morais aos noivos.<\/h2>\n\n\n\n<p>Uma decis\u00e3o recente refor\u00e7ou os <strong>direitos do consumidor em eventos sociais<\/strong> ao reconhecer que a troca de um DJ contratado para um casamento, sem aviso pr\u00e9vio, configura falha grave na presta\u00e7\u00e3o do servi\u00e7o e gera direito \u00e0 indeniza\u00e7\u00e3o por danos morais.<\/p>\n\n\n\n<h2 class=\"wp-block-heading\">Por que a troca do DJ em um casamento gerou condena\u00e7\u00e3o?<\/h2>\n\n\n\n<p>A Justi\u00e7a entendeu que o servi\u00e7o de DJ em um casamento n\u00e3o \u00e9 gen\u00e9rico, pois envolve <strong>escolha pessoal baseada em estilo, repert\u00f3rio e reputa\u00e7\u00e3o<\/strong>, fatores decisivos para a contrata\u00e7\u00e3o e para a expectativa criada pelos noivos.<\/p>\n\n\n\n<p>Ao enviar um substituto sem consentimento, o profissional frustrou um evento \u00fanico e irrepet\u00edvel, violando a <strong>boa-f\u00e9 objetiva<\/strong> e causando abalo emocional que vai al\u00e9m de mero aborrecimento contratual.<\/p>\n\n\n\n<figure class=\"wp-block-image size-large\"><img loading=\"lazy\" decoding=\"async\" width=\"1024\" height=\"576\" src=\"https:\/\/www.em.com.br\/emfoco\/wp-content\/uploads\/2026\/01\/AIAI-5-17-1024x576.jpg\" alt=\"Justi\u00e7a condena DJ que faltou a casamento e mandou substituto sem avisar: \u201cContrato era pessoal e intransfer\u00edvel\u201d\" class=\"wp-image-155293\" srcset=\"https:\/\/www.em.com.br\/emfoco\/wp-content\/uploads\/2026\/01\/AIAI-5-17-1024x576.jpg 1024w, https:\/\/www.em.com.br\/emfoco\/wp-content\/uploads\/2026\/01\/AIAI-5-17-300x169.jpg 300w, https:\/\/www.em.com.br\/emfoco\/wp-content\/uploads\/2026\/01\/AIAI-5-17-768x432.jpg 768w, https:\/\/www.em.com.br\/emfoco\/wp-content\/uploads\/2026\/01\/AIAI-5-17-750x422.jpg 750w, https:\/\/www.em.com.br\/emfoco\/wp-content\/uploads\/2026\/01\/AIAI-5-17-1140x641.jpg 1140w, https:\/\/www.em.com.br\/emfoco\/wp-content\/uploads\/2026\/01\/AIAI-5-17.jpg 1280w\" sizes=\"auto, (max-width: 1024px) 100vw, 1024px\" \/><figcaption class=\"wp-element-caption\">Servi\u00e7o art\u00edstico envolve escolha pessoal e expectativa leg\u00edtima dos noivos<\/figcaption><\/figure>\n\n\n\n<h2 class=\"wp-block-heading\">Quais erros do profissional pesaram na decis\u00e3o judicial?<\/h2>\n\n\n\n<p>O tribunal avaliou que houve descaso na execu\u00e7\u00e3o do contrato, j\u00e1 que n\u00e3o existiu comunica\u00e7\u00e3o pr\u00e9via nem possibilidade de escolha pelos noivos. Entre as falhas reconhecidas na conduta do DJ, est\u00e3o as seguintes.<\/p>\n\n\n\n<ul class=\"wp-block-list\">\n<li><strong>Aus\u00eancia de aviso antecipado<\/strong> sobre a impossibilidade de comparecimento.<\/li>\n\n\n\n<li><strong>Envio de substituto n\u00e3o autorizado<\/strong> pelos contratantes.<\/li>\n\n\n\n<li><strong>Quebra da expectativa leg\u00edtima<\/strong> criada no momento da contrata\u00e7\u00e3o.<\/li>\n<\/ul>\n\n\n\n<h2 class=\"wp-block-heading\">O que s\u00e3o contratos intuitu personae nesse tipo de servi\u00e7o?<\/h2>\n\n\n\n<p>Contratos de natureza art\u00edstica costumam ser classificados como <strong>intuitu personae<\/strong>, ou seja, devem ser cumpridos pessoalmente por quem foi contratado, pois suas caracter\u00edsticas individuais foram determinantes para o neg\u00f3cio.<\/p>\n\n\n\n<p>Nesse contexto, a substitui\u00e7\u00e3o sem autoriza\u00e7\u00e3o viola o contrato e gera responsabilidade civil, especialmente quando a presta\u00e7\u00e3o \u00e9 <strong>infung\u00edvel<\/strong>, n\u00e3o podendo ser executada por terceiro sem preju\u00edzo ao resultado esperado.<\/p>\n\n\n\n<figure class=\"wp-block-image size-large\"><img loading=\"lazy\" decoding=\"async\" width=\"1024\" height=\"576\" src=\"https:\/\/www.em.com.br\/emfoco\/wp-content\/uploads\/2026\/01\/AIAI-6-14-1024x576.jpg\" alt=\"Justi\u00e7a condena DJ que faltou a casamento e mandou substituto sem avisar: \u201cContrato era pessoal e intransfer\u00edvel\u201d\" class=\"wp-image-155294\" srcset=\"https:\/\/www.em.com.br\/emfoco\/wp-content\/uploads\/2026\/01\/AIAI-6-14-1024x576.jpg 1024w, https:\/\/www.em.com.br\/emfoco\/wp-content\/uploads\/2026\/01\/AIAI-6-14-300x169.jpg 300w, https:\/\/www.em.com.br\/emfoco\/wp-content\/uploads\/2026\/01\/AIAI-6-14-768x432.jpg 768w, https:\/\/www.em.com.br\/emfoco\/wp-content\/uploads\/2026\/01\/AIAI-6-14-750x422.jpg 750w, https:\/\/www.em.com.br\/emfoco\/wp-content\/uploads\/2026\/01\/AIAI-6-14-1140x641.jpg 1140w, https:\/\/www.em.com.br\/emfoco\/wp-content\/uploads\/2026\/01\/AIAI-6-14.jpg 1280w\" sizes=\"auto, (max-width: 1024px) 100vw, 1024px\" \/><figcaption class=\"wp-element-caption\">Contratos intuitu personae exigem cumprimento pessoal do profissional contratado<\/figcaption><\/figure>\n\n\n\n<p><em>Leia mais: <em><strong><a href=\"https:\/\/www.em.com.br\/emfoco\/2026\/01\/14\/idosa-de-83-anos-cai-em-shopping-por-causa-de-quiosque-mal-instalado-e-indenizacao-chega-a-r-10-mil-por-risco-a-seguranca-dos-clientes\/\" target=\"_blank\" rel=\"noreferrer noopener\">Idosa de 83 anos cai em shopping por causa de quiosque mal instalado e indeniza\u00e7\u00e3o chega a R$ 10 mil por risco \u00e0 seguran\u00e7a dos clientes<\/a><\/strong><\/em><\/em><\/p>\n\n\n\n<h2 class=\"wp-block-heading\">Quais dispositivos legais fundamentaram a indeniza\u00e7\u00e3o?<\/h2>\n\n\n\n<p>A condena\u00e7\u00e3o se baseou no <strong><a href=\"https:\/\/www.jusbrasil.com.br\/topicos\/10606184\/artigo-14-da-lei-n-8078-de-11-de-setembro-de-1990\" target=\"_blank\" rel=\"noreferrer noopener\">artigo 14 do C\u00f3digo de Defesa do Consumidor<\/a><\/strong>, que imp\u00f5e responsabilidade ao fornecedor por falhas na presta\u00e7\u00e3o do servi\u00e7o, independentemente de culpa, quando o resultado n\u00e3o corresponde ao contratado.<\/p>\n\n\n\n<p>Tamb\u00e9m foi aplicado o <strong>artigo 247 do C\u00f3digo Civil<\/strong>, que prev\u00ea perdas e danos quando a obriga\u00e7\u00e3o \u00e9 personal\u00edssima e n\u00e3o pode ser cumprida por outra pessoa sem preju\u00edzo ao credor.<\/p>\n\n\n\n<h2 class=\"wp-block-heading\">Como noivos podem se proteger desse tipo de problema?<\/h2>\n\n\n\n<p>O caso serve de alerta para quem est\u00e1 organizando um casamento e refor\u00e7a a import\u00e2ncia de contratos claros e detalhados, capazes de prevenir conflitos e garantir seguran\u00e7a jur\u00eddica aos contratantes.<\/p>\n\n\n\n<p>Cl\u00e1usulas de exclusividade, defini\u00e7\u00e3o expressa sobre substitui\u00e7\u00f5es e previs\u00e3o de penalidades s\u00e3o medidas que ajudam a preservar o <strong>direito \u00e0 escolha do profissional<\/strong> e evitam frustra\u00e7\u00f5es em momentos que n\u00e3o podem ser repetidos.<\/p>\n","protected":false},"excerpt":{"rendered":"<p>Justi\u00e7a reconheceu falha grave ao trocar DJ de casamento sem aviso. Entendeu ser servi\u00e7o personal\u00edssimo, violar boa-f\u00e9 e frustar evento irrepet\u00edvel, gerando indeniza\u00e7\u00e3o por danos morais aos noivos. Uma decis\u00e3o recente refor\u00e7ou os direitos do consumidor em eventos sociais ao reconhecer que a troca de um DJ contratado para um casamento, sem aviso pr\u00e9vio, configura [&hellip;]<\/p>\n","protected":false},"author":13,"featured_media":155292,"comment_status":"open","ping_status":"open","sticky":false,"template":"","format":"standard","meta":{"jnews-multi-image_gallery":[],"jnews_single_post":{"format":"standard"},"jnews_primary_category":[],"jnews_social_meta":[],"jnews_override_counter":[],"footnotes":""},"categories":[28],"tags":[6291,21607,5402],"class_list":["post-155257","post","type-post","status-publish","format-standard","has-post-thumbnail","hentry","category-economia","tag-casamento","tag-direito-do-consumidor","tag-dj"],"yoast_head":"<!-- This site is optimized with the Yoast SEO plugin v23.8 - https:\/\/yoast.com\/wordpress\/plugins\/seo\/ -->\n<title>Justi\u00e7a condena DJ que faltou a casamento e mandou substituto sem avisar: \u201cContrato era pessoal e intransfer\u00edvel\u201d - Estado de Minas - Em foco<\/title>\n<meta name=\"description\" content=\"Troca de DJ sem aviso em casamento gera condena\u00e7\u00e3o. Justi\u00e7a afirma que contrato pessoal n\u00e3o pode ser descumprido sem autoriza\u00e7\u00e3o.\" \/>\n<meta name=\"robots\" content=\"index, follow, max-snippet:-1, max-image-preview:large, max-video-preview:-1\" \/>\n<link rel=\"canonical\" href=\"https:\/\/www.em.com.br\/emfoco\/2026\/01\/16\/justica-condena-dj-que-faltou-a-casamento-e-mandou-substituto-sem-avisar-contrato-era-pessoal-e-intransferivel\/\" \/>\n<meta property=\"og:locale\" content=\"pt_BR\" \/>\n<meta property=\"og:type\" content=\"article\" \/>\n<meta property=\"og:title\" content=\"Justi\u00e7a condena DJ que faltou a casamento e mandou substituto sem avisar: \u201cContrato era pessoal e intransfer\u00edvel\u201d - Estado de Minas - Em foco\" \/>\n<meta property=\"og:description\" content=\"Troca de DJ sem aviso em casamento gera condena\u00e7\u00e3o. Justi\u00e7a afirma que contrato pessoal n\u00e3o pode ser descumprido sem autoriza\u00e7\u00e3o.\" \/>\n<meta property=\"og:url\" content=\"https:\/\/www.em.com.br\/emfoco\/2026\/01\/16\/justica-condena-dj-que-faltou-a-casamento-e-mandou-substituto-sem-avisar-contrato-era-pessoal-e-intransferivel\/\" \/>\n<meta property=\"og:site_name\" content=\"Estado de Minas - Em foco\" \/>\n<meta property=\"article:published_time\" content=\"2026-01-16T20:55:00+00:00\" \/>\n<meta property=\"article:modified_time\" content=\"2026-01-14T21:19:54+00:00\" \/>\n<meta property=\"og:image\" content=\"https:\/\/www.em.com.br\/emfoco\/wp-content\/uploads\/2026\/01\/AIAI-4-18.jpg\" \/>\n\t<meta property=\"og:image:width\" content=\"1280\" \/>\n\t<meta property=\"og:image:height\" content=\"720\" \/>\n\t<meta property=\"og:image:type\" content=\"image\/jpeg\" \/>\n<meta name=\"author\" content=\"Gabriel Martins\" \/>\n<meta name=\"twitter:card\" content=\"summary_large_image\" \/>\n<meta name=\"twitter:label1\" content=\"Escrito por\" \/>\n\t<meta name=\"twitter:data1\" content=\"Gabriel Martins\" \/>\n\t<meta name=\"twitter:label2\" content=\"Est. tempo de leitura\" \/>\n\t<meta name=\"twitter:data2\" content=\"4 minutos\" \/>\n<!-- \/ Yoast SEO plugin. -->","yoast_head_json":{"title":"Justi\u00e7a condena DJ que faltou a casamento e mandou substituto sem avisar: \u201cContrato era pessoal e intransfer\u00edvel\u201d - Estado de Minas - Em foco","description":"Troca de DJ sem aviso em casamento gera condena\u00e7\u00e3o. Justi\u00e7a afirma que contrato pessoal n\u00e3o pode ser descumprido sem autoriza\u00e7\u00e3o.","robots":{"index":"index","follow":"follow","max-snippet":"max-snippet:-1","max-image-preview":"max-image-preview:large","max-video-preview":"max-video-preview:-1"},"canonical":"https:\/\/www.em.com.br\/emfoco\/2026\/01\/16\/justica-condena-dj-que-faltou-a-casamento-e-mandou-substituto-sem-avisar-contrato-era-pessoal-e-intransferivel\/","og_locale":"pt_BR","og_type":"article","og_title":"Justi\u00e7a condena DJ que faltou a casamento e mandou substituto sem avisar: \u201cContrato era pessoal e intransfer\u00edvel\u201d - Estado de Minas - Em foco","og_description":"Troca de DJ sem aviso em casamento gera condena\u00e7\u00e3o. Justi\u00e7a afirma que contrato pessoal n\u00e3o pode ser descumprido sem autoriza\u00e7\u00e3o.","og_url":"https:\/\/www.em.com.br\/emfoco\/2026\/01\/16\/justica-condena-dj-que-faltou-a-casamento-e-mandou-substituto-sem-avisar-contrato-era-pessoal-e-intransferivel\/","og_site_name":"Estado de Minas - Em foco","article_published_time":"2026-01-16T20:55:00+00:00","article_modified_time":"2026-01-14T21:19:54+00:00","og_image":[{"width":1280,"height":720,"url":"https:\/\/www.em.com.br\/emfoco\/wp-content\/uploads\/2026\/01\/AIAI-4-18.jpg","type":"image\/jpeg"}],"author":"Gabriel Martins","twitter_card":"summary_large_image","twitter_misc":{"Escrito por":"Gabriel Martins","Est. tempo de leitura":"4 minutos"},"schema":{"@context":"https:\/\/schema.org","@graph":[{"@type":"WebPage","@id":"https:\/\/www.em.com.br\/emfoco\/2026\/01\/16\/justica-condena-dj-que-faltou-a-casamento-e-mandou-substituto-sem-avisar-contrato-era-pessoal-e-intransferivel\/","url":"https:\/\/www.em.com.br\/emfoco\/2026\/01\/16\/justica-condena-dj-que-faltou-a-casamento-e-mandou-substituto-sem-avisar-contrato-era-pessoal-e-intransferivel\/","name":"Justi\u00e7a condena DJ que faltou a casamento e mandou substituto sem avisar: \u201cContrato era pessoal e intransfer\u00edvel\u201d - Estado de Minas - Em foco","isPartOf":{"@id":"https:\/\/www.em.com.br\/emfoco\/#website"},"primaryImageOfPage":{"@id":"https:\/\/www.em.com.br\/emfoco\/2026\/01\/16\/justica-condena-dj-que-faltou-a-casamento-e-mandou-substituto-sem-avisar-contrato-era-pessoal-e-intransferivel\/#primaryimage"},"image":{"@id":"https:\/\/www.em.com.br\/emfoco\/2026\/01\/16\/justica-condena-dj-que-faltou-a-casamento-e-mandou-substituto-sem-avisar-contrato-era-pessoal-e-intransferivel\/#primaryimage"},"thumbnailUrl":"https:\/\/www.em.com.br\/emfoco\/wp-content\/uploads\/2026\/01\/AIAI-4-18.jpg","datePublished":"2026-01-16T20:55:00+00:00","dateModified":"2026-01-14T21:19:54+00:00","author":{"@id":"https:\/\/www.em.com.br\/emfoco\/#\/schema\/person\/1c9ddeab18b98abeffef834667bcf08a"},"description":"Troca de DJ sem aviso em casamento gera condena\u00e7\u00e3o. Justi\u00e7a afirma que contrato pessoal n\u00e3o pode ser descumprido sem autoriza\u00e7\u00e3o.","breadcrumb":{"@id":"https:\/\/www.em.com.br\/emfoco\/2026\/01\/16\/justica-condena-dj-que-faltou-a-casamento-e-mandou-substituto-sem-avisar-contrato-era-pessoal-e-intransferivel\/#breadcrumb"},"inLanguage":"pt-BR","potentialAction":[{"@type":"ReadAction","target":["https:\/\/www.em.com.br\/emfoco\/2026\/01\/16\/justica-condena-dj-que-faltou-a-casamento-e-mandou-substituto-sem-avisar-contrato-era-pessoal-e-intransferivel\/"]}]},{"@type":"ImageObject","inLanguage":"pt-BR","@id":"https:\/\/www.em.com.br\/emfoco\/2026\/01\/16\/justica-condena-dj-que-faltou-a-casamento-e-mandou-substituto-sem-avisar-contrato-era-pessoal-e-intransferivel\/#primaryimage","url":"https:\/\/www.em.com.br\/emfoco\/wp-content\/uploads\/2026\/01\/AIAI-4-18.jpg","contentUrl":"https:\/\/www.em.com.br\/emfoco\/wp-content\/uploads\/2026\/01\/AIAI-4-18.jpg","width":1280,"height":720,"caption":"Troca n\u00e3o autorizada de DJ em casamento gera indeniza\u00e7\u00e3o por dano moral"},{"@type":"BreadcrumbList","@id":"https:\/\/www.em.com.br\/emfoco\/2026\/01\/16\/justica-condena-dj-que-faltou-a-casamento-e-mandou-substituto-sem-avisar-contrato-era-pessoal-e-intransferivel\/#breadcrumb","itemListElement":[{"@type":"ListItem","position":1,"name":"In\u00edcio","item":"https:\/\/www.em.com.br\/emfoco\/"},{"@type":"ListItem","position":2,"name":"Justi\u00e7a condena DJ que faltou a casamento e mandou substituto sem avisar: \u201cContrato era pessoal e intransfer\u00edvel\u201d"}]},{"@type":"WebSite","@id":"https:\/\/www.em.com.br\/emfoco\/#website","url":"https:\/\/www.em.com.br\/emfoco\/","name":"Estado de Minas - Em foco","description":"Acompanhe as \u00faltimas not\u00edcias e fique bem informado sobre tudo o que acontece em Minas Gerais, Brasil e no mundo.","potentialAction":[{"@type":"SearchAction","target":{"@type":"EntryPoint","urlTemplate":"https:\/\/www.em.com.br\/emfoco\/?s={search_term_string}"},"query-input":{"@type":"PropertyValueSpecification","valueRequired":true,"valueName":"search_term_string"}}],"inLanguage":"pt-BR"},{"@type":"Person","@id":"https:\/\/www.em.com.br\/emfoco\/#\/schema\/person\/1c9ddeab18b98abeffef834667bcf08a","name":"Gabriel Martins","image":{"@type":"ImageObject","inLanguage":"pt-BR","@id":"https:\/\/www.em.com.br\/emfoco\/#\/schema\/person\/image\/","url":"https:\/\/secure.gravatar.com\/avatar\/f0f1e2efdfd88f1ad2cb08c5c2731e50?s=96&d=mm&r=g","contentUrl":"https:\/\/secure.gravatar.com\/avatar\/f0f1e2efdfd88f1ad2cb08c5c2731e50?s=96&d=mm&r=g","caption":"Gabriel Martins"},"sameAs":["https:\/\/www.em.com.br\/emfoco\/"],"url":"https:\/\/www.em.com.br\/emfoco\/author\/gabrielmartinsmyth\/"}]}},"_links":{"self":[{"href":"https:\/\/www.em.com.br\/emfoco\/wp-json\/wp\/v2\/posts\/155257","targetHints":{"allow":["GET"]}}],"collection":[{"href":"https:\/\/www.em.com.br\/emfoco\/wp-json\/wp\/v2\/posts"}],"about":[{"href":"https:\/\/www.em.com.br\/emfoco\/wp-json\/wp\/v2\/types\/post"}],"author":[{"embeddable":true,"href":"https:\/\/www.em.com.br\/emfoco\/wp-json\/wp\/v2\/users\/13"}],"replies":[{"embeddable":true,"href":"https:\/\/www.em.com.br\/emfoco\/wp-json\/wp\/v2\/comments?post=155257"}],"version-history":[{"count":1,"href":"https:\/\/www.em.com.br\/emfoco\/wp-json\/wp\/v2\/posts\/155257\/revisions"}],"predecessor-version":[{"id":155295,"href":"https:\/\/www.em.com.br\/emfoco\/wp-json\/wp\/v2\/posts\/155257\/revisions\/155295"}],"wp:featuredmedia":[{"embeddable":true,"href":"https:\/\/www.em.com.br\/emfoco\/wp-json\/wp\/v2\/media\/155292"}],"wp:attachment":[{"href":"https:\/\/www.em.com.br\/emfoco\/wp-json\/wp\/v2\/media?parent=155257"}],"wp:term":[{"taxonomy":"category","embeddable":true,"href":"https:\/\/www.em.com.br\/emfoco\/wp-json\/wp\/v2\/categories?post=155257"},{"taxonomy":"post_tag","embeddable":true,"href":"https:\/\/www.em.com.br\/emfoco\/wp-json\/wp\/v2\/tags?post=155257"}],"curies":[{"name":"wp","href":"https:\/\/api.w.org\/{rel}","templated":true}]}}