{"id":155252,"date":"2026-01-16T13:05:00","date_gmt":"2026-01-16T16:05:00","guid":{"rendered":"https:\/\/www.em.com.br\/emfoco\/?p=155252"},"modified":"2026-01-14T18:08:24","modified_gmt":"2026-01-14T21:08:24","slug":"esses-aparelhos-que-voce-deixa-na-tomada-mesmo-desligados-podem-aumentar-sua-conta-de-luz-em-ate-12-sem-que-perceba","status":"publish","type":"post","link":"https:\/\/www.em.com.br\/emfoco\/2026\/01\/16\/esses-aparelhos-que-voce-deixa-na-tomada-mesmo-desligados-podem-aumentar-sua-conta-de-luz-em-ate-12-sem-que-perceba\/","title":{"rendered":"Esses aparelhos que voc\u00ea deixa na tomada mesmo desligados podem aumentar sua conta de luz em at\u00e9 12% sem que perceba"},"content":{"rendered":"\n<h2 class=\"wp-block-heading\">Aparelhos em stand-by consomem energia continuamente e podem representar at\u00e9 12% do gasto residencial. Decodificadores, consoles e computadores elevam a conta anual; desligar da tomada e usar filtros reduz desperd\u00edcio sem custo.<\/h2>\n\n\n\n<p>Os <strong>aparelhos em stand-by<\/strong>, tamb\u00e9m chamados de \u201cvampiros de energia\u201d, consomem eletricidade continuamente mesmo desligados, impactando o or\u00e7amento dom\u00e9stico. Estudos t\u00e9cnicos mostram que esse consumo invis\u00edvel pode responder por uma fatia relevante da conta de luz ao longo do ano.<\/p>\n\n\n\n<h2 class=\"wp-block-heading\">O que s\u00e3o aparelhos vampiros e por que eles consomem energia?<\/h2>\n\n\n\n<p>O modo de espera mant\u00e9m fun\u00e7\u00f5es m\u00ednimas ativas, como rel\u00f3gios digitais, sensores de controle remoto e conex\u00f5es de rede, gerando o chamado <strong>consumo fantasma<\/strong>, que ocorre 24 horas por dia sem que o usu\u00e1rio perceba.<\/p>\n\n\n\n<p>Segundo dados de efici\u00eancia energ\u00e9tica, quando v\u00e1rios dispositivos permanecem conectados simultaneamente, o gasto se acumula de forma constante, podendo representar at\u00e9 <strong>12% do consumo residencial<\/strong>, mesmo sem nenhum equipamento estar em uso direto.<\/p>\n\n\n\n<figure class=\"wp-block-image size-large\"><img loading=\"lazy\" decoding=\"async\" width=\"1024\" height=\"576\" src=\"https:\/\/www.em.com.br\/emfoco\/wp-content\/uploads\/2026\/01\/AIAI-6-13-1024x576.jpg\" alt=\"Esses aparelhos que voc\u00ea deixa na tomada mesmo desligados podem aumentar sua conta de luz em at\u00e9 12% sem que perceba\" class=\"wp-image-155278\" srcset=\"https:\/\/www.em.com.br\/emfoco\/wp-content\/uploads\/2026\/01\/AIAI-6-13-1024x576.jpg 1024w, https:\/\/www.em.com.br\/emfoco\/wp-content\/uploads\/2026\/01\/AIAI-6-13-300x169.jpg 300w, https:\/\/www.em.com.br\/emfoco\/wp-content\/uploads\/2026\/01\/AIAI-6-13-768x432.jpg 768w, https:\/\/www.em.com.br\/emfoco\/wp-content\/uploads\/2026\/01\/AIAI-6-13-750x422.jpg 750w, https:\/\/www.em.com.br\/emfoco\/wp-content\/uploads\/2026\/01\/AIAI-6-13-1140x641.jpg 1140w, https:\/\/www.em.com.br\/emfoco\/wp-content\/uploads\/2026\/01\/AIAI-6-13.jpg 1280w\" sizes=\"auto, (max-width: 1024px) 100vw, 1024px\" \/><figcaption class=\"wp-element-caption\">Modo de espera mant\u00e9m fun\u00e7\u00f5es ativas e gera gasto el\u00e9trico cont\u00ednuo invis\u00edvel<\/figcaption><\/figure>\n\n\n\n<h2 class=\"wp-block-heading\">Quais aparelhos lideram o ranking de consumo em stand-by?<\/h2>\n\n\n\n<p>Testes de efici\u00eancia energ\u00e9tica mostram que alguns equipamentos permanecem quase t\u00e3o ativos em espera quanto ligados, ampliando o desperd\u00edcio ao longo do tempo. Entre os principais vil\u00f5es do consumo oculto, est\u00e3o os que voc\u00ea v\u00ea a seguir.<\/p>\n\n\n\n<ul class=\"wp-block-list\">\n<li><strong>Decodificadores de TV<\/strong>, que continuam processando sinais e atualiza\u00e7\u00f5es.<\/li>\n\n\n\n<li><strong>Consoles de videogame<\/strong>, especialmente no modo de inicializa\u00e7\u00e3o r\u00e1pida.<\/li>\n\n\n\n<li><strong>Computadores e perif\u00e9ricos<\/strong>, mantidos em suspens\u00e3o cont\u00ednua.<\/li>\n<\/ul>\n\n\n\n<h2 class=\"wp-block-heading\">Quanto esse consumo invis\u00edvel pesa no bolso ao longo do ano?<\/h2>\n\n\n\n<p>Embora o gasto individual pare\u00e7a pequeno, a soma de v\u00e1rios dispositivos conectados gera um impacto financeiro relevante, elevando a <strong>conta de luz anual<\/strong> em centenas de reais em resid\u00eancias com muitos eletr\u00f4nicos.<\/p>\n\n\n\n<p>Em um cen\u00e1rio de tarifas crescentes, especialistas apontam que o desperd\u00edcio constante reduz o poder de compra das fam\u00edlias e compromete a <strong>efici\u00eancia energ\u00e9tica<\/strong>, tornando h\u00e1bitos simples decisivos para equilibrar o or\u00e7amento dom\u00e9stico.<\/p>\n\n\n\n<figure class=\"wp-block-image size-large\"><img loading=\"lazy\" decoding=\"async\" width=\"1024\" height=\"576\" src=\"https:\/\/www.em.com.br\/emfoco\/wp-content\/uploads\/2026\/01\/AIAI-7-12-1024x576.jpg\" alt=\"Esses aparelhos que voc\u00ea deixa na tomada mesmo desligados podem aumentar sua conta de luz em at\u00e9 12% sem que perceba\" class=\"wp-image-155279\" srcset=\"https:\/\/www.em.com.br\/emfoco\/wp-content\/uploads\/2026\/01\/AIAI-7-12-1024x576.jpg 1024w, https:\/\/www.em.com.br\/emfoco\/wp-content\/uploads\/2026\/01\/AIAI-7-12-300x169.jpg 300w, https:\/\/www.em.com.br\/emfoco\/wp-content\/uploads\/2026\/01\/AIAI-7-12-768x432.jpg 768w, https:\/\/www.em.com.br\/emfoco\/wp-content\/uploads\/2026\/01\/AIAI-7-12-750x422.jpg 750w, https:\/\/www.em.com.br\/emfoco\/wp-content\/uploads\/2026\/01\/AIAI-7-12-1140x641.jpg 1140w, https:\/\/www.em.com.br\/emfoco\/wp-content\/uploads\/2026\/01\/AIAI-7-12.jpg 1280w\" sizes=\"auto, (max-width: 1024px) 100vw, 1024px\" \/><figcaption class=\"wp-element-caption\">Soma de pequenos gastos eleva conta de luz em centenas de reais<\/figcaption><\/figure>\n\n\n\n<p><em>Leia mais: <strong><a href=\"https:\/\/www.em.com.br\/emfoco\/2026\/01\/14\/adeus-a-maquina-de-lavar-tradicional-a-nova-alternativa-para-lavar-roupa-que-ja-e-tendencia-em-todo-o-mundo\/\" target=\"_blank\" rel=\"noreferrer noopener\">Adeus \u00e0 m\u00e1quina de lavar tradicional: a nova alternativa para lavar roupa que j\u00e1 \u00e9 tend\u00eancia em todo o mundo<\/a><\/strong><\/em><\/p>\n\n\n\n<h2 class=\"wp-block-heading\">Quais h\u00e1bitos ajudam a eliminar o desperd\u00edcio sem perder conforto?<\/h2>\n\n\n\n<p>Especialistas indicam que pequenas mudan\u00e7as de rotina s\u00e3o suficientes para reduzir o consumo fantasma sem abrir m\u00e3o da tecnologia no dia a dia, tornando a economia imediata e sustent\u00e1vel. Entre as pr\u00e1ticas mais eficientes, destacam-se as seguintes.<\/p>\n\n\n\n<ul class=\"wp-block-list\">\n<li><strong>Usar filtros de linha com interruptor<\/strong> para desligar v\u00e1rios aparelhos de uma vez.<\/li>\n\n\n\n<li><strong>Desativar o modo in\u00edcio r\u00e1pido<\/strong> em TVs e consoles quando poss\u00edvel.<\/li>\n\n\n\n<li><strong>Retirar carregadores da tomada<\/strong> quando n\u00e3o estiverem em uso.<\/li>\n<\/ul>\n\n\n\n<h2 class=\"wp-block-heading\">Por que combater o stand-by \u00e9 a forma mais r\u00e1pida de economizar?<\/h2>\n\n\n\n<p>Diferente de trocar aparelhos ou investir em reformas, eliminar o <strong>consumo em stand-by<\/strong> n\u00e3o exige gasto financeiro, apenas aten\u00e7\u00e3o e mudan\u00e7a de h\u00e1bito, tornando-se uma das medidas mais acess\u00edveis para reduzir despesas.<\/p>\n\n\n\n<p>Ao entender que desligado nem sempre significa sem consumo, o consumidor passa a controlar melhor o uso de energia, promovendo economia imediata, maior consci\u00eancia ambiental e um uso mais inteligente dos recursos el\u00e9tricos em casa.<\/p>\n","protected":false},"excerpt":{"rendered":"<p>Aparelhos em stand-by consomem energia continuamente e podem representar at\u00e9 12% do gasto residencial. Decodificadores, consoles e computadores elevam a conta anual; desligar da tomada e usar filtros reduz desperd\u00edcio sem custo. Os aparelhos em stand-by, tamb\u00e9m chamados de \u201cvampiros de energia\u201d, consomem eletricidade continuamente mesmo desligados, impactando o or\u00e7amento dom\u00e9stico. Estudos t\u00e9cnicos mostram que [&hellip;]<\/p>\n","protected":false},"author":13,"featured_media":155277,"comment_status":"open","ping_status":"open","sticky":false,"template":"","format":"standard","meta":{"jnews-multi-image_gallery":[],"jnews_single_post":{"format":"standard"},"jnews_primary_category":[],"jnews_social_meta":[],"jnews_override_counter":[],"footnotes":""},"categories":[4204],"tags":[22661,16886,16343],"class_list":["post-155252","post","type-post","status-publish","format-standard","has-post-thumbnail","hentry","category-tecnologia","tag-aumento-na-conta-de-luz","tag-conta-de-energia","tag-stand-by"],"yoast_head":"<!-- This site is optimized with the Yoast SEO plugin v23.8 - https:\/\/yoast.com\/wordpress\/plugins\/seo\/ -->\n<title>Esses aparelhos que voc\u00ea deixa na tomada mesmo desligados podem aumentar sua conta de luz em at\u00e9 12% sem que perceba - Estado de Minas - Em foco<\/title>\n<meta name=\"description\" content=\"Aparelhos em stand-by consomem energia 24h por dia e podem elevar sua conta de luz em at\u00e9 12%. Veja quais s\u00e3o e como evitar.\" \/>\n<meta name=\"robots\" content=\"index, follow, max-snippet:-1, max-image-preview:large, max-video-preview:-1\" \/>\n<link rel=\"canonical\" href=\"https:\/\/www.em.com.br\/emfoco\/2026\/01\/16\/esses-aparelhos-que-voce-deixa-na-tomada-mesmo-desligados-podem-aumentar-sua-conta-de-luz-em-ate-12-sem-que-perceba\/\" \/>\n<meta property=\"og:locale\" content=\"pt_BR\" \/>\n<meta property=\"og:type\" content=\"article\" \/>\n<meta property=\"og:title\" content=\"Esses aparelhos que voc\u00ea deixa na tomada mesmo desligados podem aumentar sua conta de luz em at\u00e9 12% sem que perceba - Estado de Minas - Em foco\" \/>\n<meta property=\"og:description\" content=\"Aparelhos em stand-by consomem energia 24h por dia e podem elevar sua conta de luz em at\u00e9 12%. Veja quais s\u00e3o e como evitar.\" \/>\n<meta property=\"og:url\" content=\"https:\/\/www.em.com.br\/emfoco\/2026\/01\/16\/esses-aparelhos-que-voce-deixa-na-tomada-mesmo-desligados-podem-aumentar-sua-conta-de-luz-em-ate-12-sem-que-perceba\/\" \/>\n<meta property=\"og:site_name\" content=\"Estado de Minas - Em foco\" \/>\n<meta property=\"article:published_time\" content=\"2026-01-16T16:05:00+00:00\" \/>\n<meta property=\"article:modified_time\" content=\"2026-01-14T21:08:24+00:00\" \/>\n<meta property=\"og:image\" content=\"https:\/\/www.em.com.br\/emfoco\/wp-content\/uploads\/2026\/01\/AIAI-5-16.jpg\" \/>\n\t<meta property=\"og:image:width\" content=\"1280\" \/>\n\t<meta property=\"og:image:height\" content=\"720\" \/>\n\t<meta property=\"og:image:type\" content=\"image\/jpeg\" \/>\n<meta name=\"author\" content=\"Gabriel Martins\" \/>\n<meta name=\"twitter:card\" content=\"summary_large_image\" \/>\n<meta name=\"twitter:label1\" content=\"Escrito por\" \/>\n\t<meta name=\"twitter:data1\" content=\"Gabriel Martins\" \/>\n\t<meta name=\"twitter:label2\" content=\"Est. tempo de leitura\" \/>\n\t<meta name=\"twitter:data2\" content=\"4 minutos\" \/>\n<!-- \/ Yoast SEO plugin. -->","yoast_head_json":{"title":"Esses aparelhos que voc\u00ea deixa na tomada mesmo desligados podem aumentar sua conta de luz em at\u00e9 12% sem que perceba - Estado de Minas - Em foco","description":"Aparelhos em stand-by consomem energia 24h por dia e podem elevar sua conta de luz em at\u00e9 12%. Veja quais s\u00e3o e como evitar.","robots":{"index":"index","follow":"follow","max-snippet":"max-snippet:-1","max-image-preview":"max-image-preview:large","max-video-preview":"max-video-preview:-1"},"canonical":"https:\/\/www.em.com.br\/emfoco\/2026\/01\/16\/esses-aparelhos-que-voce-deixa-na-tomada-mesmo-desligados-podem-aumentar-sua-conta-de-luz-em-ate-12-sem-que-perceba\/","og_locale":"pt_BR","og_type":"article","og_title":"Esses aparelhos que voc\u00ea deixa na tomada mesmo desligados podem aumentar sua conta de luz em at\u00e9 12% sem que perceba - Estado de Minas - Em foco","og_description":"Aparelhos em stand-by consomem energia 24h por dia e podem elevar sua conta de luz em at\u00e9 12%. Veja quais s\u00e3o e como evitar.","og_url":"https:\/\/www.em.com.br\/emfoco\/2026\/01\/16\/esses-aparelhos-que-voce-deixa-na-tomada-mesmo-desligados-podem-aumentar-sua-conta-de-luz-em-ate-12-sem-que-perceba\/","og_site_name":"Estado de Minas - Em foco","article_published_time":"2026-01-16T16:05:00+00:00","article_modified_time":"2026-01-14T21:08:24+00:00","og_image":[{"width":1280,"height":720,"url":"https:\/\/www.em.com.br\/emfoco\/wp-content\/uploads\/2026\/01\/AIAI-5-16.jpg","type":"image\/jpeg"}],"author":"Gabriel Martins","twitter_card":"summary_large_image","twitter_misc":{"Escrito por":"Gabriel Martins","Est. tempo de leitura":"4 minutos"},"schema":{"@context":"https:\/\/schema.org","@graph":[{"@type":"WebPage","@id":"https:\/\/www.em.com.br\/emfoco\/2026\/01\/16\/esses-aparelhos-que-voce-deixa-na-tomada-mesmo-desligados-podem-aumentar-sua-conta-de-luz-em-ate-12-sem-que-perceba\/","url":"https:\/\/www.em.com.br\/emfoco\/2026\/01\/16\/esses-aparelhos-que-voce-deixa-na-tomada-mesmo-desligados-podem-aumentar-sua-conta-de-luz-em-ate-12-sem-que-perceba\/","name":"Esses aparelhos que voc\u00ea deixa na tomada mesmo desligados podem aumentar sua conta de luz em at\u00e9 12% sem que perceba - Estado de Minas - Em foco","isPartOf":{"@id":"https:\/\/www.em.com.br\/emfoco\/#website"},"primaryImageOfPage":{"@id":"https:\/\/www.em.com.br\/emfoco\/2026\/01\/16\/esses-aparelhos-que-voce-deixa-na-tomada-mesmo-desligados-podem-aumentar-sua-conta-de-luz-em-ate-12-sem-que-perceba\/#primaryimage"},"image":{"@id":"https:\/\/www.em.com.br\/emfoco\/2026\/01\/16\/esses-aparelhos-que-voce-deixa-na-tomada-mesmo-desligados-podem-aumentar-sua-conta-de-luz-em-ate-12-sem-que-perceba\/#primaryimage"},"thumbnailUrl":"https:\/\/www.em.com.br\/emfoco\/wp-content\/uploads\/2026\/01\/AIAI-5-16.jpg","datePublished":"2026-01-16T16:05:00+00:00","dateModified":"2026-01-14T21:08:24+00:00","author":{"@id":"https:\/\/www.em.com.br\/emfoco\/#\/schema\/person\/1c9ddeab18b98abeffef834667bcf08a"},"description":"Aparelhos em stand-by consomem energia 24h por dia e podem elevar sua conta de luz em at\u00e9 12%. Veja quais s\u00e3o e como evitar.","breadcrumb":{"@id":"https:\/\/www.em.com.br\/emfoco\/2026\/01\/16\/esses-aparelhos-que-voce-deixa-na-tomada-mesmo-desligados-podem-aumentar-sua-conta-de-luz-em-ate-12-sem-que-perceba\/#breadcrumb"},"inLanguage":"pt-BR","potentialAction":[{"@type":"ReadAction","target":["https:\/\/www.em.com.br\/emfoco\/2026\/01\/16\/esses-aparelhos-que-voce-deixa-na-tomada-mesmo-desligados-podem-aumentar-sua-conta-de-luz-em-ate-12-sem-que-perceba\/"]}]},{"@type":"ImageObject","inLanguage":"pt-BR","@id":"https:\/\/www.em.com.br\/emfoco\/2026\/01\/16\/esses-aparelhos-que-voce-deixa-na-tomada-mesmo-desligados-podem-aumentar-sua-conta-de-luz-em-ate-12-sem-que-perceba\/#primaryimage","url":"https:\/\/www.em.com.br\/emfoco\/wp-content\/uploads\/2026\/01\/AIAI-5-16.jpg","contentUrl":"https:\/\/www.em.com.br\/emfoco\/wp-content\/uploads\/2026\/01\/AIAI-5-16.jpg","width":1280,"height":720,"caption":"Consumo em stand-by pode representar parcela significativa da conta de energia anual"},{"@type":"BreadcrumbList","@id":"https:\/\/www.em.com.br\/emfoco\/2026\/01\/16\/esses-aparelhos-que-voce-deixa-na-tomada-mesmo-desligados-podem-aumentar-sua-conta-de-luz-em-ate-12-sem-que-perceba\/#breadcrumb","itemListElement":[{"@type":"ListItem","position":1,"name":"In\u00edcio","item":"https:\/\/www.em.com.br\/emfoco\/"},{"@type":"ListItem","position":2,"name":"Esses aparelhos que voc\u00ea deixa na tomada mesmo desligados podem aumentar sua conta de luz em at\u00e9 12% sem que perceba"}]},{"@type":"WebSite","@id":"https:\/\/www.em.com.br\/emfoco\/#website","url":"https:\/\/www.em.com.br\/emfoco\/","name":"Estado de Minas - Em foco","description":"Acompanhe as \u00faltimas not\u00edcias e fique bem informado sobre tudo o que acontece em Minas Gerais, Brasil e no mundo.","potentialAction":[{"@type":"SearchAction","target":{"@type":"EntryPoint","urlTemplate":"https:\/\/www.em.com.br\/emfoco\/?s={search_term_string}"},"query-input":{"@type":"PropertyValueSpecification","valueRequired":true,"valueName":"search_term_string"}}],"inLanguage":"pt-BR"},{"@type":"Person","@id":"https:\/\/www.em.com.br\/emfoco\/#\/schema\/person\/1c9ddeab18b98abeffef834667bcf08a","name":"Gabriel Martins","image":{"@type":"ImageObject","inLanguage":"pt-BR","@id":"https:\/\/www.em.com.br\/emfoco\/#\/schema\/person\/image\/","url":"https:\/\/secure.gravatar.com\/avatar\/f0f1e2efdfd88f1ad2cb08c5c2731e50?s=96&d=mm&r=g","contentUrl":"https:\/\/secure.gravatar.com\/avatar\/f0f1e2efdfd88f1ad2cb08c5c2731e50?s=96&d=mm&r=g","caption":"Gabriel Martins"},"sameAs":["https:\/\/www.em.com.br\/emfoco\/"],"url":"https:\/\/www.em.com.br\/emfoco\/author\/gabrielmartinsmyth\/"}]}},"_links":{"self":[{"href":"https:\/\/www.em.com.br\/emfoco\/wp-json\/wp\/v2\/posts\/155252","targetHints":{"allow":["GET"]}}],"collection":[{"href":"https:\/\/www.em.com.br\/emfoco\/wp-json\/wp\/v2\/posts"}],"about":[{"href":"https:\/\/www.em.com.br\/emfoco\/wp-json\/wp\/v2\/types\/post"}],"author":[{"embeddable":true,"href":"https:\/\/www.em.com.br\/emfoco\/wp-json\/wp\/v2\/users\/13"}],"replies":[{"embeddable":true,"href":"https:\/\/www.em.com.br\/emfoco\/wp-json\/wp\/v2\/comments?post=155252"}],"version-history":[{"count":1,"href":"https:\/\/www.em.com.br\/emfoco\/wp-json\/wp\/v2\/posts\/155252\/revisions"}],"predecessor-version":[{"id":155280,"href":"https:\/\/www.em.com.br\/emfoco\/wp-json\/wp\/v2\/posts\/155252\/revisions\/155280"}],"wp:featuredmedia":[{"embeddable":true,"href":"https:\/\/www.em.com.br\/emfoco\/wp-json\/wp\/v2\/media\/155277"}],"wp:attachment":[{"href":"https:\/\/www.em.com.br\/emfoco\/wp-json\/wp\/v2\/media?parent=155252"}],"wp:term":[{"taxonomy":"category","embeddable":true,"href":"https:\/\/www.em.com.br\/emfoco\/wp-json\/wp\/v2\/categories?post=155252"},{"taxonomy":"post_tag","embeddable":true,"href":"https:\/\/www.em.com.br\/emfoco\/wp-json\/wp\/v2\/tags?post=155252"}],"curies":[{"name":"wp","href":"https:\/\/api.w.org\/{rel}","templated":true}]}}