{"id":155083,"date":"2026-01-16T16:45:00","date_gmt":"2026-01-16T19:45:00","guid":{"rendered":"https:\/\/www.em.com.br\/emfoco\/?p=155083"},"modified":"2026-01-15T19:53:11","modified_gmt":"2026-01-15T22:53:11","slug":"adeus-as-cadeiras-classicas-a-tendencia-da-europa-que-vai-dominar-as-casas-em-2026","status":"publish","type":"post","link":"https:\/\/www.em.com.br\/emfoco\/2026\/01\/16\/adeus-as-cadeiras-classicas-a-tendencia-da-europa-que-vai-dominar-as-casas-em-2026\/","title":{"rendered":"Adeus \u00e0s cadeiras cl\u00e1ssicas: a tend\u00eancia da Europa que vai dominar as casas em 2026"},"content":{"rendered":"\n<p>A decora\u00e7\u00e3o de interiores est\u00e1 em constante evolu\u00e7\u00e3o, e 2026 chega com uma proposta mais funcional, integrada e minimalista, especialmente pensada para im\u00f3veis compactos e para quem busca ambientes pr\u00e1ticos, visualmente limpos e com menos m\u00f3veis soltos ocupando espa\u00e7o.<\/p>\n\n\n\n<h2 class=\"wp-block-heading\">O que s\u00e3o os bancos de obra na decora\u00e7\u00e3o atual<\/h2>\n\n\n\n<p>A palavra-chave dessa mudan\u00e7a s\u00e3o os\u00a0<strong>bancos de obra<\/strong>, apontados por muitos profissionais como a grande <a href=\"https:\/\/www.bartzmoveis.com.br\/post\/8-tendencias-de-decoracao-e-planejados-para-2026\" target=\"_blank\" rel=\"noreferrer noopener\">tend\u00eancia de decora\u00e7\u00e3o de 2026<\/a> para substituir cadeiras em diversos ambientes. Essas estruturas fixas s\u00e3o constru\u00eddas no pr\u00f3prio local, com materiais como alvenaria, concreto, tijolos ou pedra, integrando-se \u00e0 arquitetura como parte da base do projeto.<\/p>\n\n\n\n<p>Antes comuns apenas em \u00e1reas externas e projetos r\u00fasticos, os bancos de obra agora aparecem em propostas contempor\u00e2neas e minimalistas. Em cozinhas, acompanham mesas ou ilhas; em salas, encostam-se a paredes ou janelas; em varandas e \u00e1reas gourmet, acomodam grupos maiores sem a necessidade de v\u00e1rias cadeiras avulsas.<\/p>\n\n\n\n<figure class=\"wp-block-image size-large\"><img loading=\"lazy\" decoding=\"async\" width=\"1024\" height=\"576\" src=\"https:\/\/www.em.com.br\/emfoco\/wp-content\/uploads\/2026\/01\/Gemini_Generated_Image_khofrzkhofrzkhof-1-1024x576.png\" alt=\"Esse detalhe simples est\u00e1 mudando casas pequenas por completo\" class=\"wp-image-155111\" srcset=\"https:\/\/www.em.com.br\/emfoco\/wp-content\/uploads\/2026\/01\/Gemini_Generated_Image_khofrzkhofrzkhof-1-1024x576.png 1024w, https:\/\/www.em.com.br\/emfoco\/wp-content\/uploads\/2026\/01\/Gemini_Generated_Image_khofrzkhofrzkhof-1-300x169.png 300w, https:\/\/www.em.com.br\/emfoco\/wp-content\/uploads\/2026\/01\/Gemini_Generated_Image_khofrzkhofrzkhof-1-768x432.png 768w, https:\/\/www.em.com.br\/emfoco\/wp-content\/uploads\/2026\/01\/Gemini_Generated_Image_khofrzkhofrzkhof-1-750x422.png 750w, https:\/\/www.em.com.br\/emfoco\/wp-content\/uploads\/2026\/01\/Gemini_Generated_Image_khofrzkhofrzkhof-1-1140x641.png 1140w, https:\/\/www.em.com.br\/emfoco\/wp-content\/uploads\/2026\/01\/Gemini_Generated_Image_khofrzkhofrzkhof-1.png 1280w\" sizes=\"auto, (max-width: 1024px) 100vw, 1024px\" \/><figcaption class=\"wp-element-caption\">Esse detalhe simples est\u00e1 mudando casas pequenas por completo<\/figcaption><\/figure>\n\n\n\n<h2 class=\"wp-block-heading\">Por que os bancos de obra est\u00e3o substituindo as cadeiras<\/h2>\n\n\n\n<p>O grande destaque dos bancos de obra na&nbsp;<strong>decora\u00e7\u00e3o de interiores<\/strong>&nbsp;\u00e9 a otimiza\u00e7\u00e3o de espa\u00e7o, j\u00e1 que permanecem fixos e liberam \u00e1rea de circula\u00e7\u00e3o. Em im\u00f3veis compactos, cada cent\u00edmetro conta, e a aus\u00eancia de cadeiras sendo puxadas e movimentadas facilita o fluxo e a sensa\u00e7\u00e3o de amplitude.<\/p>\n\n\n\n<p>A versatilidade tamb\u00e9m pesa: um \u00fanico banco pode servir para refei\u00e7\u00f5es, leitura, descanso e apoio decorativo. Muitos projetos ainda incluem compartimentos sob o assento, transformando o banco em solu\u00e7\u00e3o dupla de&nbsp;<strong>assento e armazenamento<\/strong>, ideal para guardar utens\u00edlios, mantas, almofadas extras e objetos pouco usados.<\/p>\n\n\n\n<h2 class=\"wp-block-heading\">Como planejar bancos de obra na decora\u00e7\u00e3o residencial<\/h2>\n\n\n\n<p>A ado\u00e7\u00e3o de bancos de obra na&nbsp;<strong>decora\u00e7\u00e3o residencial<\/strong>&nbsp;exige planejamento, pois se trata de um elemento fixo. Em reformas ou constru\u00e7\u00f5es novas, \u00e9 mais f\u00e1cil definir medidas, instala\u00e7\u00f5es e integra\u00e7\u00f5es com janelas, paredes e outros m\u00f3veis, garantindo um resultado funcional e harmonioso.<\/p>\n\n\n\n<p>Alguns pontos costumam ser considerados por arquitetos e decoradores ao projetar esse tipo de solu\u00e7\u00e3o, equilibrando conforto, est\u00e9tica e praticidade no dia a dia:<\/p>\n\n\n\n<ul class=\"wp-block-list\">\n<li><strong>Defini\u00e7\u00e3o do uso principal<\/strong>: copa, sala de jantar, varanda ou \u00e1rea social, orientando altura, profundidade e formato.<\/li>\n\n\n\n<li><strong>Escolha dos materiais<\/strong>: concreto, alvenaria ou tijolos, com revestimentos em madeira, pedra, porcelanato ou cimento queimado.<\/li>\n\n\n\n<li><strong>Conforto do assento<\/strong>: almofadas, estofados soltos e encostos acolchoados aproximam o banco da sensa\u00e7\u00e3o de sof\u00e1s e cadeiras.<\/li>\n\n\n\n<li><strong>Integra\u00e7\u00e3o visual<\/strong>: acompanhar linhas de janelas, divis\u00f3rias e paredes para refor\u00e7ar continuidade e ampliar visualmente o espa\u00e7o.<\/li>\n<\/ul>\n\n\n\n<figure class=\"wp-block-image size-large\"><img loading=\"lazy\" decoding=\"async\" width=\"1024\" height=\"576\" src=\"https:\/\/www.em.com.br\/emfoco\/wp-content\/uploads\/2026\/01\/Gemini_Generated_Image_tnp8pstnp8pstnp8-1-1024x576.png\" alt=\"Esse detalhe simples est\u00e1 mudando casas pequenas por completo\" class=\"wp-image-155112\" srcset=\"https:\/\/www.em.com.br\/emfoco\/wp-content\/uploads\/2026\/01\/Gemini_Generated_Image_tnp8pstnp8pstnp8-1-1024x576.png 1024w, https:\/\/www.em.com.br\/emfoco\/wp-content\/uploads\/2026\/01\/Gemini_Generated_Image_tnp8pstnp8pstnp8-1-300x169.png 300w, https:\/\/www.em.com.br\/emfoco\/wp-content\/uploads\/2026\/01\/Gemini_Generated_Image_tnp8pstnp8pstnp8-1-768x432.png 768w, https:\/\/www.em.com.br\/emfoco\/wp-content\/uploads\/2026\/01\/Gemini_Generated_Image_tnp8pstnp8pstnp8-1-750x422.png 750w, https:\/\/www.em.com.br\/emfoco\/wp-content\/uploads\/2026\/01\/Gemini_Generated_Image_tnp8pstnp8pstnp8-1-1140x641.png 1140w, https:\/\/www.em.com.br\/emfoco\/wp-content\/uploads\/2026\/01\/Gemini_Generated_Image_tnp8pstnp8pstnp8-1.png 1280w\" sizes=\"auto, (max-width: 1024px) 100vw, 1024px\" \/><figcaption class=\"wp-element-caption\">Esse detalhe simples est\u00e1 mudando casas pequenas por completo<\/figcaption><\/figure>\n\n\n\n<h2 class=\"wp-block-heading\">Quais s\u00e3o as principais vantagens dos bancos de obra<\/h2>\n\n\n\n<p>Entre os benef\u00edcios mais citados por profissionais de <a href=\"https:\/\/www.em.com.br\/emfoco\/2026\/01\/13\/7-erros-de-decoracao-que-deixam-a-cozinha-com-aparencia-descuidada\/\" target=\"_blank\" rel=\"noreferrer noopener\">decora\u00e7\u00e3o <\/a>em 2025 e 2026 est\u00e1 o excelente aproveitamento de espa\u00e7o: por serem lineares, os bancos acomodam mais pessoas em menos \u00e1rea. A aus\u00eancia de v\u00e1rios p\u00e9s de cadeiras espalhados tamb\u00e9m contribui para um visual mais limpo, cont\u00ednuo e organizado.<\/p>\n\n\n\n<p>Constru\u00eddos com materiais da constru\u00e7\u00e3o civil, os bancos de obra oferecem alta durabilidade e manuten\u00e7\u00e3o simples. Al\u00e9m disso, almofadas, mantas e assentos soltos permitem renovar o estilo ao longo do tempo sem mexer na estrutura, garantindo coer\u00eancia est\u00e9tica e personaliza\u00e7\u00e3o em diferentes fases da vida e do im\u00f3vel.<\/p>\n\n\n\n<h2 class=\"wp-block-heading\">Como os bancos de obra transformam os ambientes e por que agir agora<\/h2>\n\n\n\n<p>A crescente ado\u00e7\u00e3o de bancos de obra mostra uma prefer\u00eancia clara por ambientes integrados, com menos itens soltos e foco total na funcionalidade cotidiana. Essa solu\u00e7\u00e3o fixa, vers\u00e1til e personalizada une conforto, organiza\u00e7\u00e3o e estilo, elevando o padr\u00e3o de uso de salas, cozinhas e varandas, principalmente em metragens reduzidas.<\/p>\n\n\n\n<p>Se voc\u00ea est\u00e1 planejando construir ou reformar, este \u00e9 o momento de incluir bancos de obra no projeto e evitar arrependimentos futuros com m\u00f3veis improvisados. Converse com um arquiteto ou designer de interiores o quanto antes e comece agora a transformar seus espa\u00e7os em ambientes mais inteligentes, acolhedores e prontos para o jeito de viver de 2026 em diante.<\/p>\n","protected":false},"excerpt":{"rendered":"<p>A decora\u00e7\u00e3o de interiores est\u00e1 em constante evolu\u00e7\u00e3o, e 2026 chega com uma proposta mais funcional, integrada e minimalista, especialmente pensada para im\u00f3veis compactos e para quem busca ambientes pr\u00e1ticos, visualmente limpos e com menos m\u00f3veis soltos ocupando espa\u00e7o. O que s\u00e3o os bancos de obra na decora\u00e7\u00e3o atual A palavra-chave dessa mudan\u00e7a s\u00e3o os\u00a0bancos [&hellip;]<\/p>\n","protected":false},"author":11,"featured_media":155115,"comment_status":"open","ping_status":"open","sticky":false,"template":"","format":"standard","meta":{"jnews-multi-image_gallery":[],"jnews_single_post":{"format":"standard"},"jnews_primary_category":[],"jnews_social_meta":[],"jnews_override_counter":[],"footnotes":""},"categories":[8819,1],"tags":[247,2291,4687,22653],"class_list":["post-155083","post","type-post","status-publish","format-standard","has-post-thumbnail","hentry","category-curiosidades","category-noticias","tag-arquitetura","tag-bancos","tag-decoracao","tag-decoracao-de-interiores"],"yoast_head":"<!-- This site is optimized with the Yoast SEO plugin v23.8 - https:\/\/yoast.com\/wordpress\/plugins\/seo\/ -->\n<title>Adeus \u00e0s cadeiras cl\u00e1ssicas: a tend\u00eancia da Europa que vai dominar as casas em 2026 - Estado de Minas - Em foco<\/title>\n<meta name=\"description\" content=\"Bancos de obra ganham espa\u00e7o na decora\u00e7\u00e3o residencial por serem pr\u00e1ticos, fixos e vers\u00e1teis. Veja como eles substituem cadeiras e facilitam a rotina.\" \/>\n<meta name=\"robots\" content=\"index, follow, max-snippet:-1, max-image-preview:large, max-video-preview:-1\" \/>\n<link rel=\"canonical\" href=\"https:\/\/www.em.com.br\/emfoco\/2026\/01\/16\/adeus-as-cadeiras-classicas-a-tendencia-da-europa-que-vai-dominar-as-casas-em-2026\/\" \/>\n<meta property=\"og:locale\" content=\"pt_BR\" \/>\n<meta property=\"og:type\" content=\"article\" \/>\n<meta property=\"og:title\" content=\"Adeus \u00e0s cadeiras cl\u00e1ssicas: a tend\u00eancia da Europa que vai dominar as casas em 2026 - Estado de Minas - Em foco\" \/>\n<meta property=\"og:description\" content=\"Bancos de obra ganham espa\u00e7o na decora\u00e7\u00e3o residencial por serem pr\u00e1ticos, fixos e vers\u00e1teis. Veja como eles substituem cadeiras e facilitam a rotina.\" \/>\n<meta property=\"og:url\" content=\"https:\/\/www.em.com.br\/emfoco\/2026\/01\/16\/adeus-as-cadeiras-classicas-a-tendencia-da-europa-que-vai-dominar-as-casas-em-2026\/\" \/>\n<meta property=\"og:site_name\" content=\"Estado de Minas - Em foco\" \/>\n<meta property=\"article:published_time\" content=\"2026-01-16T19:45:00+00:00\" \/>\n<meta property=\"article:modified_time\" content=\"2026-01-15T22:53:11+00:00\" \/>\n<meta property=\"og:image\" content=\"https:\/\/www.em.com.br\/emfoco\/wp-content\/uploads\/2026\/01\/ChatGPT-Image-14-de-jan.-de-2026-15_26_38-1.png\" \/>\n\t<meta property=\"og:image:width\" content=\"1280\" \/>\n\t<meta property=\"og:image:height\" content=\"720\" \/>\n\t<meta property=\"og:image:type\" content=\"image\/png\" \/>\n<meta name=\"author\" content=\"Andre\u0301 Rangel\u00a0\" \/>\n<meta name=\"twitter:card\" content=\"summary_large_image\" \/>\n<meta name=\"twitter:label1\" content=\"Escrito por\" \/>\n\t<meta name=\"twitter:data1\" content=\"Andre\u0301 Rangel\u00a0\" \/>\n\t<meta name=\"twitter:label2\" content=\"Est. tempo de leitura\" \/>\n\t<meta name=\"twitter:data2\" content=\"5 minutos\" \/>\n<!-- \/ Yoast SEO plugin. -->","yoast_head_json":{"title":"Adeus \u00e0s cadeiras cl\u00e1ssicas: a tend\u00eancia da Europa que vai dominar as casas em 2026 - Estado de Minas - Em foco","description":"Bancos de obra ganham espa\u00e7o na decora\u00e7\u00e3o residencial por serem pr\u00e1ticos, fixos e vers\u00e1teis. Veja como eles substituem cadeiras e facilitam a rotina.","robots":{"index":"index","follow":"follow","max-snippet":"max-snippet:-1","max-image-preview":"max-image-preview:large","max-video-preview":"max-video-preview:-1"},"canonical":"https:\/\/www.em.com.br\/emfoco\/2026\/01\/16\/adeus-as-cadeiras-classicas-a-tendencia-da-europa-que-vai-dominar-as-casas-em-2026\/","og_locale":"pt_BR","og_type":"article","og_title":"Adeus \u00e0s cadeiras cl\u00e1ssicas: a tend\u00eancia da Europa que vai dominar as casas em 2026 - Estado de Minas - Em foco","og_description":"Bancos de obra ganham espa\u00e7o na decora\u00e7\u00e3o residencial por serem pr\u00e1ticos, fixos e vers\u00e1teis. Veja como eles substituem cadeiras e facilitam a rotina.","og_url":"https:\/\/www.em.com.br\/emfoco\/2026\/01\/16\/adeus-as-cadeiras-classicas-a-tendencia-da-europa-que-vai-dominar-as-casas-em-2026\/","og_site_name":"Estado de Minas - Em foco","article_published_time":"2026-01-16T19:45:00+00:00","article_modified_time":"2026-01-15T22:53:11+00:00","og_image":[{"width":1280,"height":720,"url":"https:\/\/www.em.com.br\/emfoco\/wp-content\/uploads\/2026\/01\/ChatGPT-Image-14-de-jan.-de-2026-15_26_38-1.png","type":"image\/png"}],"author":"Andre\u0301 Rangel\u00a0","twitter_card":"summary_large_image","twitter_misc":{"Escrito por":"Andre\u0301 Rangel\u00a0","Est. tempo de leitura":"5 minutos"},"schema":{"@context":"https:\/\/schema.org","@graph":[{"@type":"WebPage","@id":"https:\/\/www.em.com.br\/emfoco\/2026\/01\/16\/adeus-as-cadeiras-classicas-a-tendencia-da-europa-que-vai-dominar-as-casas-em-2026\/","url":"https:\/\/www.em.com.br\/emfoco\/2026\/01\/16\/adeus-as-cadeiras-classicas-a-tendencia-da-europa-que-vai-dominar-as-casas-em-2026\/","name":"Adeus \u00e0s cadeiras cl\u00e1ssicas: a tend\u00eancia da Europa que vai dominar as casas em 2026 - Estado de Minas - Em foco","isPartOf":{"@id":"https:\/\/www.em.com.br\/emfoco\/#website"},"primaryImageOfPage":{"@id":"https:\/\/www.em.com.br\/emfoco\/2026\/01\/16\/adeus-as-cadeiras-classicas-a-tendencia-da-europa-que-vai-dominar-as-casas-em-2026\/#primaryimage"},"image":{"@id":"https:\/\/www.em.com.br\/emfoco\/2026\/01\/16\/adeus-as-cadeiras-classicas-a-tendencia-da-europa-que-vai-dominar-as-casas-em-2026\/#primaryimage"},"thumbnailUrl":"https:\/\/www.em.com.br\/emfoco\/wp-content\/uploads\/2026\/01\/ChatGPT-Image-14-de-jan.-de-2026-15_26_38-1.png","datePublished":"2026-01-16T19:45:00+00:00","dateModified":"2026-01-15T22:53:11+00:00","author":{"@id":"https:\/\/www.em.com.br\/emfoco\/#\/schema\/person\/60eda09c1fedf0d6891f4cef4b60b8b8"},"description":"Bancos de obra ganham espa\u00e7o na decora\u00e7\u00e3o residencial por serem pr\u00e1ticos, fixos e vers\u00e1teis. Veja como eles substituem cadeiras e facilitam a rotina.","breadcrumb":{"@id":"https:\/\/www.em.com.br\/emfoco\/2026\/01\/16\/adeus-as-cadeiras-classicas-a-tendencia-da-europa-que-vai-dominar-as-casas-em-2026\/#breadcrumb"},"inLanguage":"pt-BR","potentialAction":[{"@type":"ReadAction","target":["https:\/\/www.em.com.br\/emfoco\/2026\/01\/16\/adeus-as-cadeiras-classicas-a-tendencia-da-europa-que-vai-dominar-as-casas-em-2026\/"]}]},{"@type":"ImageObject","inLanguage":"pt-BR","@id":"https:\/\/www.em.com.br\/emfoco\/2026\/01\/16\/adeus-as-cadeiras-classicas-a-tendencia-da-europa-que-vai-dominar-as-casas-em-2026\/#primaryimage","url":"https:\/\/www.em.com.br\/emfoco\/wp-content\/uploads\/2026\/01\/ChatGPT-Image-14-de-jan.-de-2026-15_26_38-1.png","contentUrl":"https:\/\/www.em.com.br\/emfoco\/wp-content\/uploads\/2026\/01\/ChatGPT-Image-14-de-jan.-de-2026-15_26_38-1.png","width":1280,"height":720,"caption":"Esse detalhe simples est\u00e1 mudando casas pequenas por completo"},{"@type":"BreadcrumbList","@id":"https:\/\/www.em.com.br\/emfoco\/2026\/01\/16\/adeus-as-cadeiras-classicas-a-tendencia-da-europa-que-vai-dominar-as-casas-em-2026\/#breadcrumb","itemListElement":[{"@type":"ListItem","position":1,"name":"In\u00edcio","item":"https:\/\/www.em.com.br\/emfoco\/"},{"@type":"ListItem","position":2,"name":"Adeus \u00e0s cadeiras cl\u00e1ssicas: a tend\u00eancia da Europa que vai dominar as casas em 2026"}]},{"@type":"WebSite","@id":"https:\/\/www.em.com.br\/emfoco\/#website","url":"https:\/\/www.em.com.br\/emfoco\/","name":"Estado de Minas - Em foco","description":"Acompanhe as \u00faltimas not\u00edcias e fique bem informado sobre tudo o que acontece em Minas Gerais, Brasil e no mundo.","potentialAction":[{"@type":"SearchAction","target":{"@type":"EntryPoint","urlTemplate":"https:\/\/www.em.com.br\/emfoco\/?s={search_term_string}"},"query-input":{"@type":"PropertyValueSpecification","valueRequired":true,"valueName":"search_term_string"}}],"inLanguage":"pt-BR"},{"@type":"Person","@id":"https:\/\/www.em.com.br\/emfoco\/#\/schema\/person\/60eda09c1fedf0d6891f4cef4b60b8b8","name":"Andre\u0301 Rangel\u00a0","image":{"@type":"ImageObject","inLanguage":"pt-BR","@id":"https:\/\/www.em.com.br\/emfoco\/#\/schema\/person\/image\/","url":"https:\/\/secure.gravatar.com\/avatar\/6234dc814c77c8ef6d8bba622c787efc?s=96&d=mm&r=g","contentUrl":"https:\/\/secure.gravatar.com\/avatar\/6234dc814c77c8ef6d8bba622c787efc?s=96&d=mm&r=g","caption":"Andre\u0301 Rangel\u00a0"},"url":"https:\/\/www.em.com.br\/emfoco\/author\/luizmyth\/"}]}},"_links":{"self":[{"href":"https:\/\/www.em.com.br\/emfoco\/wp-json\/wp\/v2\/posts\/155083","targetHints":{"allow":["GET"]}}],"collection":[{"href":"https:\/\/www.em.com.br\/emfoco\/wp-json\/wp\/v2\/posts"}],"about":[{"href":"https:\/\/www.em.com.br\/emfoco\/wp-json\/wp\/v2\/types\/post"}],"author":[{"embeddable":true,"href":"https:\/\/www.em.com.br\/emfoco\/wp-json\/wp\/v2\/users\/11"}],"replies":[{"embeddable":true,"href":"https:\/\/www.em.com.br\/emfoco\/wp-json\/wp\/v2\/comments?post=155083"}],"version-history":[{"count":3,"href":"https:\/\/www.em.com.br\/emfoco\/wp-json\/wp\/v2\/posts\/155083\/revisions"}],"predecessor-version":[{"id":155132,"href":"https:\/\/www.em.com.br\/emfoco\/wp-json\/wp\/v2\/posts\/155083\/revisions\/155132"}],"wp:featuredmedia":[{"embeddable":true,"href":"https:\/\/www.em.com.br\/emfoco\/wp-json\/wp\/v2\/media\/155115"}],"wp:attachment":[{"href":"https:\/\/www.em.com.br\/emfoco\/wp-json\/wp\/v2\/media?parent=155083"}],"wp:term":[{"taxonomy":"category","embeddable":true,"href":"https:\/\/www.em.com.br\/emfoco\/wp-json\/wp\/v2\/categories?post=155083"},{"taxonomy":"post_tag","embeddable":true,"href":"https:\/\/www.em.com.br\/emfoco\/wp-json\/wp\/v2\/tags?post=155083"}],"curies":[{"name":"wp","href":"https:\/\/api.w.org\/{rel}","templated":true}]}}