{"id":155062,"date":"2026-01-17T22:15:00","date_gmt":"2026-01-18T01:15:00","guid":{"rendered":"https:\/\/www.em.com.br\/emfoco\/?p=155062"},"modified":"2026-01-16T20:13:01","modified_gmt":"2026-01-16T23:13:01","slug":"qual-o-melhor-lugar-do-quintal-para-plantar-limoeiro-e-evitar-pragas-e-fungos","status":"publish","type":"post","link":"https:\/\/www.em.com.br\/emfoco\/2026\/01\/17\/qual-o-melhor-lugar-do-quintal-para-plantar-limoeiro-e-evitar-pragas-e-fungos\/","title":{"rendered":"Qual o melhor lugar do quintal para plantar limoeiro e evitar pragas e fungos"},"content":{"rendered":"\n<h2 class=\"wp-block-heading\">O limoeiro cresce melhor em locais com 6 a 8 horas de sol direto, boa circula\u00e7\u00e3o de ar e solo bem drenado. Escolher o ponto certo evita fungos, pragas e frutos deformados, garantindo \u00e1rvores saud\u00e1veis e produtivas.<\/h2>\n\n\n\n<p>Voc\u00ea j\u00e1 imaginou colher seus pr\u00f3prios lim\u00f5es, fresquinhos, sem sair de casa? Al\u00e9m de embelezar o jardim e perfumar o ambiente, o <b>limoeiro pode ajudar a afastar pragas e fungos<\/b> ao redor, desde que esteja no lugar certo. A posi\u00e7\u00e3o da \u00e1rvore no quintal influencia diretamente a <b>sa\u00fade da planta<\/b>, a qualidade dos frutos e at\u00e9 o quanto voc\u00ea vai precisar recorrer a defensivos depois.<\/p>\n\n\n\n<h2 class=\"wp-block-heading\">Melhor localiza\u00e7\u00e3o para limoeiro no jardim e por que a posi\u00e7\u00e3o importa<\/h2>\n\n\n\n<p>O <b>limoeiro \u00e9 uma planta que gosta de sol<\/b>, clima arejado e solo que n\u00e3o acumula \u00e1gua. Quando ele est\u00e1 em um bom lugar, fica mais forte, <b>produz mais lim\u00f5es<\/b> e resiste melhor \u00e0s doen\u00e7as e insetos. Por isso, a melhor localiza\u00e7\u00e3o para limoeiro no jardim n\u00e3o \u00e9 detalhe: \u00e9 o <b>segredo para ter uma \u00e1rvore bonita<\/b> por muitos anos.<\/p>\n\n\n\n<p>O ideal \u00e9 que o limoeiro receba de <b>seis a oito horas de sol direto por dia<\/b>. Esse sol ajuda a secar rapidamente as folhas depois da chuva ou da rega, reduzindo a chance de fungos. Um ambiente com <b>boa circula\u00e7\u00e3o de ar tamb\u00e9m \u00e9 essencial<\/b> para evitar umidade parada e afastar insetos que preferem locais abafados. Em regi\u00f5es muito quentes, vale observar se o <b>sol da tarde n\u00e3o est\u00e1 excessivo<\/b>, ajustando a posi\u00e7\u00e3o para reduzir estresse nas folhas.<\/p>\n\n\n\n<figure class=\"wp-block-embed is-type-rich is-provider-pinterest wp-block-embed-pinterest\"><div class=\"wp-block-embed__wrapper\">\n<iframe loading=\"lazy\" title=\"comment faire germer un citron, r\u00e9sultats au bout d&#039;une vingtaine de jours\" src=\"https:\/\/assets.pinterest.com\/ext\/embed.html?id=1011972978749613375&#038;src=oembed\" height=\"899\" width=\"450\" frameborder=\"0\" scrolling=\"no\" ><\/iframe>\n<\/div><\/figure>\n\n\n\n<p>Leia tamb\u00e9m:&nbsp;<a href=\"https:\/\/www.em.com.br\/emfoco\/2026\/01\/13\/anturio-a-flor-que-nao-morre-facil-veja-como-plantar-essa-flor-resistente\/\" target=\"_blank\" rel=\"noopener\">Ant\u00fario, a flor que n\u00e3o morre f\u00e1cil: veja como plantar essa flor resistente em casa<\/a><\/p>\n\n\n\n<h2 class=\"wp-block-heading\">Onde colocar o limoeiro para evitar pragas e fungos<\/h2>\n\n\n\n<p>Se o seu objetivo \u00e9 ter um <b>limoeiro saud\u00e1vel e com poucos problemas de pragas<\/b>, vale pensar bem em que canto do jardim ele vai ficar. Uma dica comum \u00e9 plantar pr\u00f3ximo a uma <b>parede voltada para o sul ou oeste<\/b>, que cria um leve aquecimento e protege de ventos muito fortes, sem tirar o sol. Em locais muito frios, essa parede tamb\u00e9m pode ajudar a <b>proteger o limoeiro de geadas leves<\/b>.<\/p>\n\n\n\n<p>Antes de definir o lugar definitivo, observe como o <b>sol se movimenta no seu quintal<\/b> e se h\u00e1 sombras constantes de muros, \u00e1rvores grandes ou constru\u00e7\u00f5es. Em vasos, o racioc\u00ednio \u00e9 o mesmo: escolha um <b>ponto ensolarado, protegido de ventos extremos<\/b>, mas sem encostar totalmente o vaso em paredes que impe\u00e7am o ar de circular ao redor da copa. Se poss\u00edvel, gire o vaso de tempos em tempos para que a <b>planta receba luz de forma mais uniforme<\/b>.<\/p>\n\n\n\n<h2 class=\"wp-block-heading\">Como deve ser o solo ideal para o limoeiro no jardim<\/h2>\n\n\n\n<p>Al\u00e9m do sol e do vento, o <b>solo \u00e9 um dos fatores que mais influenciam<\/b> na sa\u00fade do limoeiro. Solo muito argiloso, que encharca com facilidade, favorece fungos nas ra\u00edzes; j\u00e1 um solo muito arenoso pode drenar \u00e1gua r\u00e1pido demais e atrapalhar a nutri\u00e7\u00e3o da planta. O <b>equil\u00edbrio entre reten\u00e7\u00e3o e drenagem<\/b> \u00e9 fundamental para o bom desenvolvimento.<\/p>\n\n\n\n<p>O ideal \u00e9 um <b>solo bem drenado, f\u00e9rtil e levemente fofo<\/b>, que permita \u00e0s ra\u00edzes respirarem. Se a \u00e1gua costuma se acumular em determinado ponto do jardim depois da chuva, evite plantar ali. Em muitos casos, <b>misturar mat\u00e9ria org\u00e2nica<\/b> e um pouco de areia grossa \u00e0 terra j\u00e1 melhora bastante a estrutura e a drenagem. Sempre que poss\u00edvel, complemente com <b>aduba\u00e7\u00e3o org\u00e2nica leve e peri\u00f3dica<\/b>, como composto ou h\u00famus, para manter os nutrientes dispon\u00edveis.<\/p>\n\n\n\n<figure class=\"wp-block-embed is-type-rich is-provider-pinterest wp-block-embed-pinterest\"><div class=\"wp-block-embed__wrapper\">\n<iframe loading=\"lazy\" title=\"Planta\u00e7\u00e3o feito com carinho P\u00e9 de lim\u00e3o\" src=\"https:\/\/assets.pinterest.com\/ext\/embed.html?id=16677461114609212&#038;src=oembed\" height=\"899\" width=\"450\" frameborder=\"0\" scrolling=\"no\" ><\/iframe>\n<\/div><\/figure>\n\n\n\n<h2 class=\"wp-block-heading\">Quais sinais indicam pragas e fungos no limoeiro<\/h2>\n\n\n\n<p>Mesmo em um bom local, o <b>limoeiro pode apresentar sinais de alerta<\/b>. Observar a planta com frequ\u00eancia ajuda a perceber problemas logo no come\u00e7o, quando ainda \u00e9 f\u00e1cil corrigir o manejo de \u00e1gua, sol ou solo, sem precisar partir diretamente para produtos mais agressivos. Ter esse <b>h\u00e1bito de observa\u00e7\u00e3o frequente<\/b> \u00e9 uma das melhores formas de preven\u00e7\u00e3o.<\/p>\n\n\n\n<p>Alguns sintomas s\u00e3o bastante comuns e indicam que algo n\u00e3o vai bem. Para facilitar, veja abaixo alguns <b>exemplos que merecem sua aten\u00e7\u00e3o<\/b> no dia a dia:<\/p>\n\n\n\n<ul class=\"wp-block-list\">\n<li><strong>Folhas deformadas ou enrugadas:<\/strong> costumam indicar presen\u00e7a de <strong>pulg\u00f5es ou minador-dos-citros<\/strong>.<\/li>\n\n\n\n<li><strong>Manchas amareladas, prateadas ou acastanhadas:<\/strong> podem estar ligadas a <strong>\u00e1caros como a \u201caranha-vermelha\u201d<\/strong>.<\/li>\n\n\n\n<li><strong>Protuber\u00e2ncias em folhas e ramos:<\/strong> pequenas bolhas ou galhas mostram rea\u00e7\u00e3o da planta a <strong>organismos indesejados<\/strong>.<\/li>\n\n\n\n<li><strong>Frutos muito pequenos ou deformados:<\/strong> sinal de estresse, falhas na florada ou excesso de <strong>pragas sugadoras<\/strong>.<\/li>\n\n\n\n<li><strong>Manchas marrons ou negras em folhas e frutos:<\/strong> indicam poss\u00edvel ataque de <strong>fungos<\/strong>.<\/li>\n\n\n\n<li><strong>Frutos ou ra\u00edzes apodrecendo:<\/strong> presen\u00e7a de mofo e mau cheiro na regi\u00e3o do solo aponta <strong>problemas de fungos e drenagem<\/strong>.<\/li>\n<\/ul>\n\n\n\n<p>Para voc\u00ea que gosta de plantar em casa, separamos um v\u00eddeo do canal <a class=\"yt-simple-endpoint style-scope yt-formatted-string\" spellcheck=\"false\" href=\"https:\/\/www.youtube.com\/@victorhortanavaranda\" target=\"_blank\" rel=\"noopener\">Victor Horta na Varanda<\/a> com dicas para plantar um lindo limoeiro:<\/p>\n\n\n\n<figure class=\"wp-block-embed is-type-video is-provider-youtube wp-block-embed-youtube wp-embed-aspect-16-9 wp-has-aspect-ratio\"><div class=\"wp-block-embed__wrapper\">\n<div class=\"jeg_video_container jeg_video_content\"><iframe loading=\"lazy\" title=\"DICAS DE OURO PARA P\u00c9 DE LIM\u00c3O | Victor Horta na Varanda\" width=\"500\" height=\"281\" src=\"https:\/\/www.youtube.com\/embed\/muWmSQ53KPQ?feature=oembed\" frameborder=\"0\" allow=\"accelerometer; autoplay; clipboard-write; encrypted-media; gyroscope; picture-in-picture; web-share\" referrerpolicy=\"strict-origin-when-cross-origin\" allowfullscreen><\/iframe><\/div>\n<\/div><\/figure>\n\n\n\n<h2 class=\"wp-block-heading\">Quais cuidados di\u00e1rios mant\u00eam o limoeiro saud\u00e1vel no jardim<\/h2>\n\n\n\n<p>Depois de escolher bem o lugar, os <b>cuidados do dia a dia fazem toda a diferen\u00e7a<\/b>. Regar sem encharcar, podar de leve para abrir a copa e retirar folhas e frutos podres do ch\u00e3o ajudam a manter o ambiente mais limpo e menos atrativo para fungos e insetos. Sempre que poss\u00edvel, priorize <b>manejo ecol\u00f3gico, como uso de caldas naturais<\/b> (por exemplo, sab\u00e3o neutro dilu\u00eddo ou \u00f3leo de neem) antes de pensar em produtos qu\u00edmicos.<\/p>\n\n\n\n<p>Em jardins dom\u00e9sticos, <b>pequenos ajustes costumam resolver muito<\/b>: mover um vaso para um ponto mais ensolarado, corrigir excesso de \u00e1gua ou melhorar um pouco o solo j\u00e1 muda bastante o vigor do limoeiro. Com um olhar atento e constante, voc\u00ea aprende a <b>\u201cler\u201d a planta e reagir r\u00e1pido<\/b> a qualquer mudan\u00e7a. Com o tempo, fica mais f\u00e1cil identificar se o problema vem de <b>\u00e1gua, luz, nutrientes ou pragas<\/b>, permitindo interven\u00e7\u00f5es cada vez mais suaves.<\/p>\n","protected":false},"excerpt":{"rendered":"<p>O limoeiro cresce melhor em locais com 6 a 8 horas de sol direto, boa circula\u00e7\u00e3o de ar e solo bem drenado. Escolher o ponto certo evita fungos, pragas e frutos deformados, garantindo \u00e1rvores saud\u00e1veis e produtivas. Voc\u00ea j\u00e1 imaginou colher seus pr\u00f3prios lim\u00f5es, fresquinhos, sem sair de casa? Al\u00e9m de embelezar o jardim e [&hellip;]<\/p>\n","protected":false},"author":9,"featured_media":40842,"comment_status":"open","ping_status":"open","sticky":false,"template":"","format":"standard","meta":{"jnews-multi-image_gallery":[],"jnews_single_post":{"format":"standard"},"jnews_primary_category":[],"jnews_social_meta":[],"jnews_override_counter":[],"footnotes":""},"categories":[8691,8819,1],"tags":[7701,3108,5555],"class_list":["post-155062","post","type-post","status-publish","format-standard","has-post-thumbnail","hentry","category-bem-estar","category-curiosidades","category-noticias","tag-como-plantar","tag-limao","tag-limoeiro"],"yoast_head":"<!-- This site is optimized with the Yoast SEO plugin v23.8 - https:\/\/yoast.com\/wordpress\/plugins\/seo\/ -->\n<title>Qual o melhor lugar do quintal para plantar limoeiro e evitar pragas e fungos - Estado de Minas - Em foco<\/title>\n<meta name=\"description\" content=\"Quer lim\u00f5es saud\u00e1veis? O segredo est\u00e1 no sol e no solo. Aprenda a evitar pragas e fungos escolhendo o lugar certo no jardim\" \/>\n<meta name=\"robots\" content=\"index, follow, max-snippet:-1, max-image-preview:large, max-video-preview:-1\" \/>\n<link rel=\"canonical\" href=\"https:\/\/www.em.com.br\/emfoco\/2026\/01\/17\/qual-o-melhor-lugar-do-quintal-para-plantar-limoeiro-e-evitar-pragas-e-fungos\/\" \/>\n<meta property=\"og:locale\" content=\"pt_BR\" \/>\n<meta property=\"og:type\" content=\"article\" \/>\n<meta property=\"og:title\" content=\"Qual o melhor lugar do quintal para plantar limoeiro e evitar pragas e fungos - Estado de Minas - Em foco\" \/>\n<meta property=\"og:description\" content=\"Quer lim\u00f5es saud\u00e1veis? O segredo est\u00e1 no sol e no solo. Aprenda a evitar pragas e fungos escolhendo o lugar certo no jardim\" \/>\n<meta property=\"og:url\" content=\"https:\/\/www.em.com.br\/emfoco\/2026\/01\/17\/qual-o-melhor-lugar-do-quintal-para-plantar-limoeiro-e-evitar-pragas-e-fungos\/\" \/>\n<meta property=\"og:site_name\" content=\"Estado de Minas - Em foco\" \/>\n<meta property=\"article:published_time\" content=\"2026-01-18T01:15:00+00:00\" \/>\n<meta property=\"article:modified_time\" content=\"2026-01-16T23:13:01+00:00\" \/>\n<meta property=\"og:image\" content=\"https:\/\/www.em.com.br\/emfoco\/wp-content\/uploads\/2025\/04\/limao-Taiti_1745418895870.jpg\" \/>\n\t<meta property=\"og:image:width\" content=\"1280\" \/>\n\t<meta property=\"og:image:height\" content=\"720\" \/>\n\t<meta property=\"og:image:type\" content=\"image\/jpeg\" \/>\n<meta name=\"author\" content=\"Daniely Cardoso\" \/>\n<meta name=\"twitter:card\" content=\"summary_large_image\" \/>\n<meta name=\"twitter:label1\" content=\"Escrito por\" \/>\n\t<meta name=\"twitter:data1\" content=\"Daniely Cardoso\" \/>\n\t<meta name=\"twitter:label2\" content=\"Est. tempo de leitura\" \/>\n\t<meta name=\"twitter:data2\" content=\"6 minutos\" \/>\n<!-- \/ Yoast SEO plugin. -->","yoast_head_json":{"title":"Qual o melhor lugar do quintal para plantar limoeiro e evitar pragas e fungos - Estado de Minas - Em foco","description":"Quer lim\u00f5es saud\u00e1veis? O segredo est\u00e1 no sol e no solo. Aprenda a evitar pragas e fungos escolhendo o lugar certo no jardim","robots":{"index":"index","follow":"follow","max-snippet":"max-snippet:-1","max-image-preview":"max-image-preview:large","max-video-preview":"max-video-preview:-1"},"canonical":"https:\/\/www.em.com.br\/emfoco\/2026\/01\/17\/qual-o-melhor-lugar-do-quintal-para-plantar-limoeiro-e-evitar-pragas-e-fungos\/","og_locale":"pt_BR","og_type":"article","og_title":"Qual o melhor lugar do quintal para plantar limoeiro e evitar pragas e fungos - Estado de Minas - Em foco","og_description":"Quer lim\u00f5es saud\u00e1veis? O segredo est\u00e1 no sol e no solo. Aprenda a evitar pragas e fungos escolhendo o lugar certo no jardim","og_url":"https:\/\/www.em.com.br\/emfoco\/2026\/01\/17\/qual-o-melhor-lugar-do-quintal-para-plantar-limoeiro-e-evitar-pragas-e-fungos\/","og_site_name":"Estado de Minas - Em foco","article_published_time":"2026-01-18T01:15:00+00:00","article_modified_time":"2026-01-16T23:13:01+00:00","og_image":[{"width":1280,"height":720,"url":"https:\/\/www.em.com.br\/emfoco\/wp-content\/uploads\/2025\/04\/limao-Taiti_1745418895870.jpg","type":"image\/jpeg"}],"author":"Daniely Cardoso","twitter_card":"summary_large_image","twitter_misc":{"Escrito por":"Daniely Cardoso","Est. tempo de leitura":"6 minutos"},"schema":{"@context":"https:\/\/schema.org","@graph":[{"@type":"WebPage","@id":"https:\/\/www.em.com.br\/emfoco\/2026\/01\/17\/qual-o-melhor-lugar-do-quintal-para-plantar-limoeiro-e-evitar-pragas-e-fungos\/","url":"https:\/\/www.em.com.br\/emfoco\/2026\/01\/17\/qual-o-melhor-lugar-do-quintal-para-plantar-limoeiro-e-evitar-pragas-e-fungos\/","name":"Qual o melhor lugar do quintal para plantar limoeiro e evitar pragas e fungos - Estado de Minas - Em foco","isPartOf":{"@id":"https:\/\/www.em.com.br\/emfoco\/#website"},"primaryImageOfPage":{"@id":"https:\/\/www.em.com.br\/emfoco\/2026\/01\/17\/qual-o-melhor-lugar-do-quintal-para-plantar-limoeiro-e-evitar-pragas-e-fungos\/#primaryimage"},"image":{"@id":"https:\/\/www.em.com.br\/emfoco\/2026\/01\/17\/qual-o-melhor-lugar-do-quintal-para-plantar-limoeiro-e-evitar-pragas-e-fungos\/#primaryimage"},"thumbnailUrl":"https:\/\/www.em.com.br\/emfoco\/wp-content\/uploads\/2025\/04\/limao-Taiti_1745418895870.jpg","datePublished":"2026-01-18T01:15:00+00:00","dateModified":"2026-01-16T23:13:01+00:00","author":{"@id":"https:\/\/www.em.com.br\/emfoco\/#\/schema\/person\/0a8186d72f2c3a5c6276d90b41f271a0"},"description":"Quer lim\u00f5es saud\u00e1veis? O segredo est\u00e1 no sol e no solo. Aprenda a evitar pragas e fungos escolhendo o lugar certo no jardim","breadcrumb":{"@id":"https:\/\/www.em.com.br\/emfoco\/2026\/01\/17\/qual-o-melhor-lugar-do-quintal-para-plantar-limoeiro-e-evitar-pragas-e-fungos\/#breadcrumb"},"inLanguage":"pt-BR","potentialAction":[{"@type":"ReadAction","target":["https:\/\/www.em.com.br\/emfoco\/2026\/01\/17\/qual-o-melhor-lugar-do-quintal-para-plantar-limoeiro-e-evitar-pragas-e-fungos\/"]}]},{"@type":"ImageObject","inLanguage":"pt-BR","@id":"https:\/\/www.em.com.br\/emfoco\/2026\/01\/17\/qual-o-melhor-lugar-do-quintal-para-plantar-limoeiro-e-evitar-pragas-e-fungos\/#primaryimage","url":"https:\/\/www.em.com.br\/emfoco\/wp-content\/uploads\/2025\/04\/limao-Taiti_1745418895870.jpg","contentUrl":"https:\/\/www.em.com.br\/emfoco\/wp-content\/uploads\/2025\/04\/limao-Taiti_1745418895870.jpg","width":1280,"height":720,"caption":"Lim\u00e3o - Cr\u00e9ditos: depositphotos.com \/ Kerdkanno"},{"@type":"BreadcrumbList","@id":"https:\/\/www.em.com.br\/emfoco\/2026\/01\/17\/qual-o-melhor-lugar-do-quintal-para-plantar-limoeiro-e-evitar-pragas-e-fungos\/#breadcrumb","itemListElement":[{"@type":"ListItem","position":1,"name":"In\u00edcio","item":"https:\/\/www.em.com.br\/emfoco\/"},{"@type":"ListItem","position":2,"name":"Qual o melhor lugar do quintal para plantar limoeiro e evitar pragas e fungos"}]},{"@type":"WebSite","@id":"https:\/\/www.em.com.br\/emfoco\/#website","url":"https:\/\/www.em.com.br\/emfoco\/","name":"Estado de Minas - Em foco","description":"Acompanhe as \u00faltimas not\u00edcias e fique bem informado sobre tudo o que acontece em Minas Gerais, Brasil e no mundo.","potentialAction":[{"@type":"SearchAction","target":{"@type":"EntryPoint","urlTemplate":"https:\/\/www.em.com.br\/emfoco\/?s={search_term_string}"},"query-input":{"@type":"PropertyValueSpecification","valueRequired":true,"valueName":"search_term_string"}}],"inLanguage":"pt-BR"},{"@type":"Person","@id":"https:\/\/www.em.com.br\/emfoco\/#\/schema\/person\/0a8186d72f2c3a5c6276d90b41f271a0","name":"Daniely Cardoso","image":{"@type":"ImageObject","inLanguage":"pt-BR","@id":"https:\/\/www.em.com.br\/emfoco\/#\/schema\/person\/image\/","url":"https:\/\/secure.gravatar.com\/avatar\/4b80ddbd124d1f071b626d52d62e5dff?s=96&d=mm&r=g","contentUrl":"https:\/\/secure.gravatar.com\/avatar\/4b80ddbd124d1f071b626d52d62e5dff?s=96&d=mm&r=g","caption":"Daniely Cardoso"},"url":"https:\/\/www.em.com.br\/emfoco\/author\/danielymyth\/"}]}},"_links":{"self":[{"href":"https:\/\/www.em.com.br\/emfoco\/wp-json\/wp\/v2\/posts\/155062","targetHints":{"allow":["GET"]}}],"collection":[{"href":"https:\/\/www.em.com.br\/emfoco\/wp-json\/wp\/v2\/posts"}],"about":[{"href":"https:\/\/www.em.com.br\/emfoco\/wp-json\/wp\/v2\/types\/post"}],"author":[{"embeddable":true,"href":"https:\/\/www.em.com.br\/emfoco\/wp-json\/wp\/v2\/users\/9"}],"replies":[{"embeddable":true,"href":"https:\/\/www.em.com.br\/emfoco\/wp-json\/wp\/v2\/comments?post=155062"}],"version-history":[{"count":3,"href":"https:\/\/www.em.com.br\/emfoco\/wp-json\/wp\/v2\/posts\/155062\/revisions"}],"predecessor-version":[{"id":155203,"href":"https:\/\/www.em.com.br\/emfoco\/wp-json\/wp\/v2\/posts\/155062\/revisions\/155203"}],"wp:featuredmedia":[{"embeddable":true,"href":"https:\/\/www.em.com.br\/emfoco\/wp-json\/wp\/v2\/media\/40842"}],"wp:attachment":[{"href":"https:\/\/www.em.com.br\/emfoco\/wp-json\/wp\/v2\/media?parent=155062"}],"wp:term":[{"taxonomy":"category","embeddable":true,"href":"https:\/\/www.em.com.br\/emfoco\/wp-json\/wp\/v2\/categories?post=155062"},{"taxonomy":"post_tag","embeddable":true,"href":"https:\/\/www.em.com.br\/emfoco\/wp-json\/wp\/v2\/tags?post=155062"}],"curies":[{"name":"wp","href":"https:\/\/api.w.org\/{rel}","templated":true}]}}