{"id":155061,"date":"2026-01-15T16:35:37","date_gmt":"2026-01-15T19:35:37","guid":{"rendered":"https:\/\/www.em.com.br\/emfoco\/?p=155061"},"modified":"2026-01-14T16:25:39","modified_gmt":"2026-01-14T19:25:39","slug":"use-essa-peca-polemica-no-trabalho-sem-perder-a-elegancia","status":"publish","type":"post","link":"https:\/\/www.em.com.br\/emfoco\/2026\/01\/15\/use-essa-peca-polemica-no-trabalho-sem-perder-a-elegancia\/","title":{"rendered":"Use essa pe\u00e7a pol\u00eamica no trabalho sem perder a eleg\u00e2ncia"},"content":{"rendered":"\n<p>A cal\u00e7a cargo voltou renovada em tecidos leves como o linho. Para n\u00e3o errar, equilibre o volume dos bolsos com pe\u00e7as mais justas ou blazers. Vai bem com t\u00eanis no street ou salto para um toque elegante<\/p>\n\n\n\n<p><b>Voc\u00ea j\u00e1 reparou<\/b> como algumas pe\u00e7as somem por anos e, de repente, <b>todo mundo volta a usar<\/b>? A cal\u00e7a cargo \u00e9 exatamente assim: depois de um tempo associada s\u00f3 ao universo militar e ao streetwear, ela reaparece em 2026 repaginada, com novas modelagens, cores e tecidos. A uni\u00e3o entre praticidade e estilo faz com que a pe\u00e7a funcione tanto em produ\u00e7\u00f5es urbanas quanto em looks mais arrumados para a rotina.<\/p>\n\n\n\n<h2 class=\"wp-block-heading\">O que \u00e9 cal\u00e7a cargo e por que ela voltou com tanta for\u00e7a<\/h2>\n\n\n\n<p>A cal\u00e7a cargo \u00e9 um modelo de inspira\u00e7\u00e3o utilit\u00e1ria, conhecido pelos <b>bolsos laterais grandes<\/b> nas coxas ou um pouco abaixo delas. Ela surgiu em uniformes militares, em que os bolsos serviam para <b>carregar objetos essenciais<\/b>, e depois ganhou espa\u00e7o no streetwear e na moda casual, sempre ligada \u00e0 ideia de funcionalidade.<\/p>\n\n\n\n<p>Hoje, a cal\u00e7a cargo aparece com caimento mais solto, indo do formato reto ao estilo baggy, incluindo vers\u00f5es parachute, com tecidos leves e amplos. Al\u00e9m da sarja tradicional, surgem modelos em nylon, algod\u00e3o leve, linho e misturas com elastano, mostrando que <b>cal\u00e7a cargo<\/b> deixou de ser s\u00f3 sin\u00f4nimo de visual despojado e passou a representar <b>versatilidade<\/b>.<\/p>\n\n\n\n<figure class=\"wp-block-embed is-type-rich is-provider-pinterest wp-block-embed-pinterest\"><div class=\"wp-block-embed__wrapper\">\n<iframe loading=\"lazy\" title=\"Cal\u00e7a Cargo Pantalona Alfaiataria Raquel\" src=\"https:\/\/assets.pinterest.com\/ext\/embed.html?id=305470787271353210&#038;src=oembed\" height=\"899\" width=\"450\" frameborder=\"0\" scrolling=\"no\" ><\/iframe>\n<\/div><\/figure>\n\n\n\n<p>Leia tamb\u00e9m:&nbsp;<a href=\"https:\/\/www.em.com.br\/emfoco\/2026\/01\/08\/ame-ou-odeie-a-sandalia-polemica-que-dominou-o-verao-2026\/\" target=\"_blank\" rel=\"noopener\">Ame ou odeie, a sand\u00e1lia pol\u00eamica que vai dominar o ver\u00e3o de 2026<\/a><\/p>\n\n\n\n<h2 class=\"wp-block-heading\">Como usar cal\u00e7a cargo no dia a dia sem perder o estilo<\/h2>\n\n\n\n<p>No cotidiano, a cal\u00e7a cargo funciona muito bem quando combinada com pe\u00e7as que equilibram seu <b>visual utilit\u00e1rio<\/b>. Em contextos urbanos, uma boa estrat\u00e9gia \u00e9 misturar a cal\u00e7a mais ampla com itens de corte cl\u00e1ssico, criando contraste e deixando o look mais interessante, sem ficar <b>caricato ou exagerado<\/b>.<\/p>\n\n\n\n<figure class=\"wp-block-embed is-type-rich is-provider-pinterest wp-block-embed-pinterest\"><div class=\"wp-block-embed__wrapper\">\n<iframe loading=\"lazy\" title=\"Cal\u00e7a cargo feminina\" src=\"https:\/\/assets.pinterest.com\/ext\/embed.html?id=2040762327852004&#038;src=oembed\" height=\"899\" width=\"450\" frameborder=\"0\" scrolling=\"no\" ><\/iframe>\n<\/div><\/figure>\n\n\n\n<p>Algumas formas pr\u00e1ticas de inserir a cal\u00e7a cargo no look incluem combina\u00e7\u00f5es que v\u00e3o do casual ao arrumado, ajudando a adaptar a pe\u00e7a ao seu estilo pessoal e ao dress code de cada situa\u00e7\u00e3o:<\/p>\n\n\n\n<ul class=\"wp-block-list\">\n<li><b>Combina\u00e7\u00e3o com blazer estruturado<\/b>: une a informalidade da cal\u00e7a ao toque alinhado do blazer, \u00f3tima para compromissos diurnos.<\/li>\n\n\n\n<li><b>Cal\u00e7a cargo com camisa social<\/b>: com camisa de algod\u00e3o ou popeline, o visual fica mais polido, ideal para reuni\u00f5es em ambientes urbanos.<\/li>\n\n\n\n<li><b>Vers\u00e3o em sarja para produ\u00e7\u00f5es casuais<\/b>: tons neutros como bege ou verde-oliva mant\u00eam o ar pr\u00e1tico sem pesar no esportivo.<\/li>\n<\/ul>\n\n\n\n<figure class=\"wp-block-embed is-type-rich is-provider-pinterest wp-block-embed-pinterest\"><div class=\"wp-block-embed__wrapper\">\n<iframe loading=\"lazy\" title=\"Cal\u00e7a Cargo Pantalona Alfaiataria Raquel\" src=\"https:\/\/assets.pinterest.com\/ext\/embed.html?id=305470787272542582&#038;src=oembed\" height=\"899\" width=\"450\" frameborder=\"0\" scrolling=\"no\" ><\/iframe>\n<\/div><\/figure>\n\n\n\n<h2 class=\"wp-block-heading\">Como os cal\u00e7ados transformam o visual com cal\u00e7a cargo<\/h2>\n\n\n\n<p>Os cal\u00e7ados mudam completamente a leitura da cal\u00e7a cargo, indo do <b>mood street<\/b> ao visual mais delicado em poucos segundos. T\u00eanis robustos deixam tudo com cara de streetwear atual, enquanto modelos mais limpos e <b>minimalistas<\/b> puxam o look para o casual arrumado.<\/p>\n\n\n\n<p>Sand\u00e1lias de tiras podem trazer leveza para produ\u00e7\u00f5es noturnas, especialmente com cargos de tecido fluido. J\u00e1 as botas funcionam muito bem em dias frios, sobretudo em vers\u00f5es com <b>barra ajustada<\/b> ou el\u00e1stico no tornozelo, criando um efeito mais moderno e <b>alongando a silhueta<\/b>.<\/p>\n\n\n\n<figure class=\"wp-block-embed is-type-rich is-provider-pinterest wp-block-embed-pinterest\"><div class=\"wp-block-embed__wrapper\">\n<iframe loading=\"lazy\" title=\"Styling Cargo Pants\" src=\"https:\/\/assets.pinterest.com\/ext\/embed.html?id=27936460191746224&#038;src=oembed\" height=\"899\" width=\"450\" frameborder=\"0\" scrolling=\"no\" ><\/iframe>\n<\/div><\/figure>\n\n\n\n<h2 class=\"wp-block-heading\">Em quais estilos de moda a cal\u00e7a cargo \u00e9 tend\u00eancia hoje<\/h2>\n\n\n\n<p>A cal\u00e7a cargo j\u00e1 n\u00e3o pertence s\u00f3 ao universo do skate ou do hip hop dos anos 90. A mesma pe\u00e7a aparece em cole\u00e7\u00f5es de <b>streetwear<\/b>, alfaiataria contempor\u00e2nea e moda casual, variando apenas em tecido, cor e propor\u00e7\u00e3o, o que amplia bastante o <b>p\u00fablico interessado<\/b>.<\/p>\n\n\n\n<p>Entre os principais estilos em que a <b>cal\u00e7a cargo feminina<\/b> e outras vers\u00f5es surgem, est\u00e3o o streetwear atual, com modelos amplos e cheios de detalhes; a alfaiataria desconstru\u00edda, com cintura estruturada e combina\u00e7\u00e3o com blazers ou coletes; e a moda casual minimalista, com tons neutros e bolsos discretos. H\u00e1 tamb\u00e9m vers\u00f5es pensadas para gestantes, com c\u00f3s el\u00e1stico e <b>tecidos male\u00e1veis<\/b>, garantindo conforto sem abrir m\u00e3o de um <b>visual atual<\/b>.<\/p>\n\n\n\n<p>Para voc\u00ea que quer mais, separamos um v\u00eddeo do canal da<a href=\"https:\/\/www.youtube.com\/@isagmartin\" target=\"_blank\" rel=\"noopener\"> Isabela Martin<\/a> com dicas para usar cal\u00e7a cargo no dia a dia:<\/p>\n\n\n\n<figure class=\"wp-block-embed is-type-video is-provider-youtube wp-block-embed-youtube wp-embed-aspect-16-9 wp-has-aspect-ratio\"><div class=\"wp-block-embed__wrapper\">\n<div class=\"jeg_video_container jeg_video_content\"><iframe loading=\"lazy\" title=\"COMO USAR CAL\u00c7A CARGO? APRENDA! - Isabela Martin\" width=\"500\" height=\"281\" src=\"https:\/\/www.youtube.com\/embed\/S-liIe1pq-Q?feature=oembed\" frameborder=\"0\" allow=\"accelerometer; autoplay; clipboard-write; encrypted-media; gyroscope; picture-in-picture; web-share\" referrerpolicy=\"strict-origin-when-cross-origin\" allowfullscreen><\/iframe><\/div>\n<\/div><\/figure>\n\n\n\n<h2 class=\"wp-block-heading\">Quais outros modelos de cal\u00e7a est\u00e3o em alta al\u00e9m da cargo<\/h2>\n\n\n\n<p>A cal\u00e7a cargo divide espa\u00e7o com outros modelos que v\u00eam ganhando for\u00e7a nas cole\u00e7\u00f5es recentes. O guarda-roupa atual valoriza a <b>diversidade de shapes<\/b>, permitindo transitar entre volumes amplos e silhuetas ajustadas, de acordo com o clima, a rotina e a <b>imagem que se quer transmitir<\/b>.<\/p>\n\n\n\n<p>Entre as op\u00e7\u00f5es, aparecem a <b>cal\u00e7a balon\u00ea<\/b>, com volume mais dram\u00e1tico na parte inferior da perna; a cal\u00e7a destroyed, com rasgos e lavagens desgastadas; a cal\u00e7a bloomer, inspirada na lingerie vintage; a cl\u00e1ssica cal\u00e7a reta, que funciona em v\u00e1rios contextos; e a cal\u00e7a capri, que resgata refer\u00eancias dos anos 2000 em vers\u00f5es atualizadas.<\/p>\n","protected":false},"excerpt":{"rendered":"<p>A cal\u00e7a cargo voltou renovada em tecidos leves como o linho. Para n\u00e3o errar, equilibre o volume dos bolsos com pe\u00e7as mais justas ou blazers. Vai bem com t\u00eanis no street ou salto para um toque elegante Voc\u00ea j\u00e1 reparou como algumas pe\u00e7as somem por anos e, de repente, todo mundo volta a usar? A [&hellip;]<\/p>\n","protected":false},"author":9,"featured_media":155199,"comment_status":"open","ping_status":"open","sticky":false,"template":"","format":"standard","meta":{"jnews-multi-image_gallery":[],"jnews_single_post":{"format":"standard"},"jnews_primary_category":[],"jnews_social_meta":[],"jnews_override_counter":[],"footnotes":""},"categories":[8691,8819,1],"tags":[22121,22648,4977],"class_list":["post-155061","post","type-post","status-publish","format-standard","has-post-thumbnail","hentry","category-bem-estar","category-curiosidades","category-noticias","tag-auto-cuidado","tag-calca-cargo","tag-moda"],"yoast_head":"<!-- This site is optimized with the Yoast SEO plugin v23.8 - https:\/\/yoast.com\/wordpress\/plugins\/seo\/ -->\n<title>Use essa pe\u00e7a pol\u00eamica no trabalho sem perder a eleg\u00e2ncia - Estado de Minas - Em foco<\/title>\n<meta name=\"description\" content=\"Cal\u00e7a cargo \u00e9 tend\u00eancia. Veja como combinar com blazer, escolher o tecido certo e usar do trabalho ao lazer com estilo\" \/>\n<meta name=\"robots\" content=\"index, follow, max-snippet:-1, max-image-preview:large, max-video-preview:-1\" \/>\n<link rel=\"canonical\" href=\"https:\/\/www.em.com.br\/emfoco\/2026\/01\/15\/use-essa-peca-polemica-no-trabalho-sem-perder-a-elegancia\/\" \/>\n<meta property=\"og:locale\" content=\"pt_BR\" \/>\n<meta property=\"og:type\" content=\"article\" \/>\n<meta property=\"og:title\" content=\"Use essa pe\u00e7a pol\u00eamica no trabalho sem perder a eleg\u00e2ncia - Estado de Minas - Em foco\" \/>\n<meta property=\"og:description\" content=\"Cal\u00e7a cargo \u00e9 tend\u00eancia. Veja como combinar com blazer, escolher o tecido certo e usar do trabalho ao lazer com estilo\" \/>\n<meta property=\"og:url\" content=\"https:\/\/www.em.com.br\/emfoco\/2026\/01\/15\/use-essa-peca-polemica-no-trabalho-sem-perder-a-elegancia\/\" \/>\n<meta property=\"og:site_name\" content=\"Estado de Minas - Em foco\" \/>\n<meta property=\"article:published_time\" content=\"2026-01-15T19:35:37+00:00\" \/>\n<meta property=\"article:modified_time\" content=\"2026-01-14T19:25:39+00:00\" \/>\n<meta property=\"og:image\" content=\"https:\/\/www.em.com.br\/emfoco\/wp-content\/uploads\/2026\/01\/Gemini_Generated_Image_ha2xf6ha2xf6ha2x-1.png\" \/>\n\t<meta property=\"og:image:width\" content=\"1280\" \/>\n\t<meta property=\"og:image:height\" content=\"720\" \/>\n\t<meta property=\"og:image:type\" content=\"image\/png\" \/>\n<meta name=\"author\" content=\"Daniely Cardoso\" \/>\n<meta name=\"twitter:card\" content=\"summary_large_image\" \/>\n<meta name=\"twitter:label1\" content=\"Escrito por\" \/>\n\t<meta name=\"twitter:data1\" content=\"Daniely Cardoso\" \/>\n\t<meta name=\"twitter:label2\" content=\"Est. tempo de leitura\" \/>\n\t<meta name=\"twitter:data2\" content=\"5 minutos\" \/>\n<!-- \/ Yoast SEO plugin. -->","yoast_head_json":{"title":"Use essa pe\u00e7a pol\u00eamica no trabalho sem perder a eleg\u00e2ncia - Estado de Minas - Em foco","description":"Cal\u00e7a cargo \u00e9 tend\u00eancia. Veja como combinar com blazer, escolher o tecido certo e usar do trabalho ao lazer com estilo","robots":{"index":"index","follow":"follow","max-snippet":"max-snippet:-1","max-image-preview":"max-image-preview:large","max-video-preview":"max-video-preview:-1"},"canonical":"https:\/\/www.em.com.br\/emfoco\/2026\/01\/15\/use-essa-peca-polemica-no-trabalho-sem-perder-a-elegancia\/","og_locale":"pt_BR","og_type":"article","og_title":"Use essa pe\u00e7a pol\u00eamica no trabalho sem perder a eleg\u00e2ncia - Estado de Minas - Em foco","og_description":"Cal\u00e7a cargo \u00e9 tend\u00eancia. Veja como combinar com blazer, escolher o tecido certo e usar do trabalho ao lazer com estilo","og_url":"https:\/\/www.em.com.br\/emfoco\/2026\/01\/15\/use-essa-peca-polemica-no-trabalho-sem-perder-a-elegancia\/","og_site_name":"Estado de Minas - Em foco","article_published_time":"2026-01-15T19:35:37+00:00","article_modified_time":"2026-01-14T19:25:39+00:00","og_image":[{"width":1280,"height":720,"url":"https:\/\/www.em.com.br\/emfoco\/wp-content\/uploads\/2026\/01\/Gemini_Generated_Image_ha2xf6ha2xf6ha2x-1.png","type":"image\/png"}],"author":"Daniely Cardoso","twitter_card":"summary_large_image","twitter_misc":{"Escrito por":"Daniely Cardoso","Est. tempo de leitura":"5 minutos"},"schema":{"@context":"https:\/\/schema.org","@graph":[{"@type":"WebPage","@id":"https:\/\/www.em.com.br\/emfoco\/2026\/01\/15\/use-essa-peca-polemica-no-trabalho-sem-perder-a-elegancia\/","url":"https:\/\/www.em.com.br\/emfoco\/2026\/01\/15\/use-essa-peca-polemica-no-trabalho-sem-perder-a-elegancia\/","name":"Use essa pe\u00e7a pol\u00eamica no trabalho sem perder a eleg\u00e2ncia - Estado de Minas - Em foco","isPartOf":{"@id":"https:\/\/www.em.com.br\/emfoco\/#website"},"primaryImageOfPage":{"@id":"https:\/\/www.em.com.br\/emfoco\/2026\/01\/15\/use-essa-peca-polemica-no-trabalho-sem-perder-a-elegancia\/#primaryimage"},"image":{"@id":"https:\/\/www.em.com.br\/emfoco\/2026\/01\/15\/use-essa-peca-polemica-no-trabalho-sem-perder-a-elegancia\/#primaryimage"},"thumbnailUrl":"https:\/\/www.em.com.br\/emfoco\/wp-content\/uploads\/2026\/01\/Gemini_Generated_Image_ha2xf6ha2xf6ha2x-1.png","datePublished":"2026-01-15T19:35:37+00:00","dateModified":"2026-01-14T19:25:39+00:00","author":{"@id":"https:\/\/www.em.com.br\/emfoco\/#\/schema\/person\/0a8186d72f2c3a5c6276d90b41f271a0"},"description":"Cal\u00e7a cargo \u00e9 tend\u00eancia. Veja como combinar com blazer, escolher o tecido certo e usar do trabalho ao lazer com estilo","breadcrumb":{"@id":"https:\/\/www.em.com.br\/emfoco\/2026\/01\/15\/use-essa-peca-polemica-no-trabalho-sem-perder-a-elegancia\/#breadcrumb"},"inLanguage":"pt-BR","potentialAction":[{"@type":"ReadAction","target":["https:\/\/www.em.com.br\/emfoco\/2026\/01\/15\/use-essa-peca-polemica-no-trabalho-sem-perder-a-elegancia\/"]}]},{"@type":"ImageObject","inLanguage":"pt-BR","@id":"https:\/\/www.em.com.br\/emfoco\/2026\/01\/15\/use-essa-peca-polemica-no-trabalho-sem-perder-a-elegancia\/#primaryimage","url":"https:\/\/www.em.com.br\/emfoco\/wp-content\/uploads\/2026\/01\/Gemini_Generated_Image_ha2xf6ha2xf6ha2x-1.png","contentUrl":"https:\/\/www.em.com.br\/emfoco\/wp-content\/uploads\/2026\/01\/Gemini_Generated_Image_ha2xf6ha2xf6ha2x-1.png","width":1280,"height":720,"caption":"A cal\u00e7a cargo \u00e9 um modelo de inspira\u00e7\u00e3o utilit\u00e1ria, conhecido pelos bolsos laterais grandes"},{"@type":"BreadcrumbList","@id":"https:\/\/www.em.com.br\/emfoco\/2026\/01\/15\/use-essa-peca-polemica-no-trabalho-sem-perder-a-elegancia\/#breadcrumb","itemListElement":[{"@type":"ListItem","position":1,"name":"In\u00edcio","item":"https:\/\/www.em.com.br\/emfoco\/"},{"@type":"ListItem","position":2,"name":"Use essa pe\u00e7a pol\u00eamica no trabalho sem perder a eleg\u00e2ncia"}]},{"@type":"WebSite","@id":"https:\/\/www.em.com.br\/emfoco\/#website","url":"https:\/\/www.em.com.br\/emfoco\/","name":"Estado de Minas - Em foco","description":"Acompanhe as \u00faltimas not\u00edcias e fique bem informado sobre tudo o que acontece em Minas Gerais, Brasil e no mundo.","potentialAction":[{"@type":"SearchAction","target":{"@type":"EntryPoint","urlTemplate":"https:\/\/www.em.com.br\/emfoco\/?s={search_term_string}"},"query-input":{"@type":"PropertyValueSpecification","valueRequired":true,"valueName":"search_term_string"}}],"inLanguage":"pt-BR"},{"@type":"Person","@id":"https:\/\/www.em.com.br\/emfoco\/#\/schema\/person\/0a8186d72f2c3a5c6276d90b41f271a0","name":"Daniely Cardoso","image":{"@type":"ImageObject","inLanguage":"pt-BR","@id":"https:\/\/www.em.com.br\/emfoco\/#\/schema\/person\/image\/","url":"https:\/\/secure.gravatar.com\/avatar\/4b80ddbd124d1f071b626d52d62e5dff?s=96&d=mm&r=g","contentUrl":"https:\/\/secure.gravatar.com\/avatar\/4b80ddbd124d1f071b626d52d62e5dff?s=96&d=mm&r=g","caption":"Daniely Cardoso"},"url":"https:\/\/www.em.com.br\/emfoco\/author\/danielymyth\/"}]}},"_links":{"self":[{"href":"https:\/\/www.em.com.br\/emfoco\/wp-json\/wp\/v2\/posts\/155061","targetHints":{"allow":["GET"]}}],"collection":[{"href":"https:\/\/www.em.com.br\/emfoco\/wp-json\/wp\/v2\/posts"}],"about":[{"href":"https:\/\/www.em.com.br\/emfoco\/wp-json\/wp\/v2\/types\/post"}],"author":[{"embeddable":true,"href":"https:\/\/www.em.com.br\/emfoco\/wp-json\/wp\/v2\/users\/9"}],"replies":[{"embeddable":true,"href":"https:\/\/www.em.com.br\/emfoco\/wp-json\/wp\/v2\/comments?post=155061"}],"version-history":[{"count":3,"href":"https:\/\/www.em.com.br\/emfoco\/wp-json\/wp\/v2\/posts\/155061\/revisions"}],"predecessor-version":[{"id":155200,"href":"https:\/\/www.em.com.br\/emfoco\/wp-json\/wp\/v2\/posts\/155061\/revisions\/155200"}],"wp:featuredmedia":[{"embeddable":true,"href":"https:\/\/www.em.com.br\/emfoco\/wp-json\/wp\/v2\/media\/155199"}],"wp:attachment":[{"href":"https:\/\/www.em.com.br\/emfoco\/wp-json\/wp\/v2\/media?parent=155061"}],"wp:term":[{"taxonomy":"category","embeddable":true,"href":"https:\/\/www.em.com.br\/emfoco\/wp-json\/wp\/v2\/categories?post=155061"},{"taxonomy":"post_tag","embeddable":true,"href":"https:\/\/www.em.com.br\/emfoco\/wp-json\/wp\/v2\/tags?post=155061"}],"curies":[{"name":"wp","href":"https:\/\/api.w.org\/{rel}","templated":true}]}}