{"id":155025,"date":"2026-01-15T19:55:00","date_gmt":"2026-01-15T22:55:00","guid":{"rendered":"https:\/\/www.em.com.br\/emfoco\/?p=155025"},"modified":"2026-01-14T20:28:54","modified_gmt":"2026-01-14T23:28:54","slug":"a-capital-do-agronegocio-no-interior-do-brasil-abriga-o-maior-terminal-de-cargas-da-america-latina","status":"publish","type":"post","link":"https:\/\/www.em.com.br\/emfoco\/2026\/01\/15\/a-capital-do-agronegocio-no-interior-do-brasil-abriga-o-maior-terminal-de-cargas-da-america-latina\/","title":{"rendered":"A capital do agroneg\u00f3cio no interior do Brasil abriga o maior terminal de cargas da Am\u00e9rica Latina"},"content":{"rendered":"\n<p><strong>Rondon\u00f3polis<\/strong>, conhecida como a <strong>Capital do Agroneg\u00f3cio<\/strong>, pulsa no entroncamento das rodovias <strong>BR-163<\/strong> e <strong>BR-364<\/strong>. O munic\u00edpio fica a 212 km de <strong>Cuiab\u00e1<\/strong> e se destaca como um dos principais eixos log\u00edsticos do <strong>Centro-Oeste<\/strong> brasileiro.<\/p>\n\n\n\n<h2 class=\"wp-block-heading\">Por que a cidade ostenta tamanha for\u00e7a log\u00edstica?<\/h2>\n\n\n\n<p><strong>Rondon\u00f3polis<\/strong> abriga o maior terminal ferrovi\u00e1rio de cargas da <strong>Am\u00e9rica Latina<\/strong>, operado pela empresa <strong>Rumo Log\u00edstica<\/strong>. Este complexo conecta as planta\u00e7\u00f5es de soja e milho do <strong>Mato Grosso<\/strong> diretamente ao <strong>Porto de Santos<\/strong>, em <strong>S\u00e3o Paulo<\/strong>.<\/p>\n\n\n\n<p>A posi\u00e7\u00e3o estrat\u00e9gica transformou a regi\u00e3o em um ponto vital para o <strong><a href=\"https:\/\/www.ibge.gov.br\/cidades-e-estados\/mt\/rondonopolis.html\" target=\"_blank\" rel=\"noreferrer noopener\">Produto Interno Bruto<\/a><\/strong> (PIB) nacional. O fluxo constante de mercadorias atrai ind\u00fastrias de esmagamento de gr\u00e3os e grandes transportadoras para o per\u00edmetro urbano de forma cont\u00ednua.<\/p>\n\n\n<div class=\"wp-block-image\">\n<figure class=\"aligncenter size-large\"><img loading=\"lazy\" decoding=\"async\" width=\"1024\" height=\"576\" src=\"https:\/\/www.em.com.br\/emfoco\/wp-content\/uploads\/2025\/12\/Rondonopolis3-1024x576.jpg\" alt=\"\" class=\"wp-image-140897\" srcset=\"https:\/\/www.em.com.br\/emfoco\/wp-content\/uploads\/2025\/12\/Rondonopolis3-1024x576.jpg 1024w, https:\/\/www.em.com.br\/emfoco\/wp-content\/uploads\/2025\/12\/Rondonopolis3-300x169.jpg 300w, https:\/\/www.em.com.br\/emfoco\/wp-content\/uploads\/2025\/12\/Rondonopolis3-768x432.jpg 768w, https:\/\/www.em.com.br\/emfoco\/wp-content\/uploads\/2025\/12\/Rondonopolis3-750x422.jpg 750w, https:\/\/www.em.com.br\/emfoco\/wp-content\/uploads\/2025\/12\/Rondonopolis3-1140x642.jpg 1140w, https:\/\/www.em.com.br\/emfoco\/wp-content\/uploads\/2025\/12\/Rondonopolis3.jpg 1279w\" sizes=\"auto, (max-width: 1024px) 100vw, 1024px\" \/><figcaption class=\"wp-element-caption\">O agroneg\u00f3cio impulsionRondon\u00f3polis como pot\u00eancia log\u00edstica no cora\u00e7\u00e3o do Mato Grosso \/\/ Cr\u00e9ditos: Wikimedia Commons<\/figcaption><\/figure><\/div>\n\n\n<h2 class=\"wp-block-heading\">Como funciona a rotina na Capital do Agroneg\u00f3cio?<\/h2>\n\n\n\n<p>O estilo de vida em <strong>Rondon\u00f3polis<\/strong> \u00e9 marcado pela din\u00e2mica acelerada de um polo regional que atende diversas cidades vizinhas. O cotidiano mistura a tradi\u00e7\u00e3o dos grandes produtores rurais com a moderniza\u00e7\u00e3o urbana trazida pelo setor de servi\u00e7os em franca expans\u00e3o.<\/p>\n\n\n\n<p>A conviv\u00eancia entre o campo e a cidade reflete na oferta de com\u00e9rcios variados e centros de compras modernos. O movimento nas principais avenidas mostra uma sociedade que valoriza o trabalho e as reuni\u00f5es em torno da gastronomia t\u00edpica do <strong>Mato Grosso<\/strong>.<\/p>\n\n\n\n<h2 class=\"wp-block-heading\">Quais s\u00e3o os n\u00fameros de habitantes e economia?<\/h2>\n\n\n\n<p>Apesar de ser a terceira maior cidade em popula\u00e7\u00e3o, <strong>Rondon\u00f3polis<\/strong> det\u00e9m a segunda maior economia do <strong>Mato Grosso<\/strong>. O munic\u00edpio conta com cerca de 259 mil habitantes, segundo dados do <strong><a href=\"https:\/\/cidades.ibge.gov.br\/brasil\/mt\/rondonopolis\/panorama\" target=\"_blank\" rel=\"noreferrer noopener\">Instituto Brasileiro de Geografia e Estat\u00edstica<\/a><\/strong> (IBGE), ficando atr\u00e1s apenas de <strong>Cuiab\u00e1<\/strong> e <strong>V\u00e1rzea Grande<\/strong> em n\u00famero de pessoas.<\/p>\n\n\n\n<p>No setor educacional, a cidade \u00e9 um centro universit\u00e1rio consolidado com a presen\u00e7a da <strong>Universidade Federal de Rondon\u00f3polis<\/strong> (UFR). A institui\u00e7\u00e3o contribui para o desenvolvimento cient\u00edfico, preparando profissionais para o mercado agroindustrial e tecnol\u00f3gico de todo o estado.<\/p>\n\n\n<div class=\"wp-block-image\">\n<figure class=\"aligncenter size-large\"><img loading=\"lazy\" decoding=\"async\" width=\"1024\" height=\"576\" src=\"https:\/\/www.em.com.br\/emfoco\/wp-content\/uploads\/2025\/12\/Imagens-de-drone-Mini-2-DJI-da-cidade-de-Rondonopolis-Mato-Grosso-Gilmar-Leal-VIDEOMAKER-13-52-screenshot-1-1024x576.jpg\" alt=\"\" class=\"wp-image-140896\" srcset=\"https:\/\/www.em.com.br\/emfoco\/wp-content\/uploads\/2025\/12\/Imagens-de-drone-Mini-2-DJI-da-cidade-de-Rondonopolis-Mato-Grosso-Gilmar-Leal-VIDEOMAKER-13-52-screenshot-1-1024x576.jpg 1024w, https:\/\/www.em.com.br\/emfoco\/wp-content\/uploads\/2025\/12\/Imagens-de-drone-Mini-2-DJI-da-cidade-de-Rondonopolis-Mato-Grosso-Gilmar-Leal-VIDEOMAKER-13-52-screenshot-1-300x169.jpg 300w, https:\/\/www.em.com.br\/emfoco\/wp-content\/uploads\/2025\/12\/Imagens-de-drone-Mini-2-DJI-da-cidade-de-Rondonopolis-Mato-Grosso-Gilmar-Leal-VIDEOMAKER-13-52-screenshot-1-768x432.jpg 768w, https:\/\/www.em.com.br\/emfoco\/wp-content\/uploads\/2025\/12\/Imagens-de-drone-Mini-2-DJI-da-cidade-de-Rondonopolis-Mato-Grosso-Gilmar-Leal-VIDEOMAKER-13-52-screenshot-1-1536x864.jpg 1536w, https:\/\/www.em.com.br\/emfoco\/wp-content\/uploads\/2025\/12\/Imagens-de-drone-Mini-2-DJI-da-cidade-de-Rondonopolis-Mato-Grosso-Gilmar-Leal-VIDEOMAKER-13-52-screenshot-1-2048x1152.jpg 2048w, https:\/\/www.em.com.br\/emfoco\/wp-content\/uploads\/2025\/12\/Imagens-de-drone-Mini-2-DJI-da-cidade-de-Rondonopolis-Mato-Grosso-Gilmar-Leal-VIDEOMAKER-13-52-screenshot-1-750x422.jpg 750w, https:\/\/www.em.com.br\/emfoco\/wp-content\/uploads\/2025\/12\/Imagens-de-drone-Mini-2-DJI-da-cidade-de-Rondonopolis-Mato-Grosso-Gilmar-Leal-VIDEOMAKER-13-52-screenshot-1-1140x641.jpg 1140w\" sizes=\"auto, (max-width: 1024px) 100vw, 1024px\" \/><figcaption class=\"wp-element-caption\">Rondon\u00f3polis combina crescimento econ\u00f4mico, paisagens abertas e um estilo de vida acolhedor \/\/ Cr\u00e9ditos: YouTube.com\/@gilmardasilvaleal<\/figcaption><\/figure><\/div>\n\n\n<h2 class=\"wp-block-heading\">O que visitar nas proximidades do Rio Vermelho?<\/h2>\n\n\n\n<p>O lazer na regi\u00e3o aproveita a riqueza h\u00eddrica e a vegeta\u00e7\u00e3o do bioma <strong>Cerrado<\/strong> para oferecer op\u00e7\u00f5es de contato direto com a natureza. Espa\u00e7os de conserva\u00e7\u00e3o e s\u00edtios arqueol\u00f3gicos proporcionam momentos de imers\u00e3o hist\u00f3rica para os moradores e visitantes.<\/p>\n\n\n\n<p>As op\u00e7\u00f5es contemplam desde forma\u00e7\u00f5es geol\u00f3gicas imponentes at\u00e9 centros culturais que preservam a mem\u00f3ria da funda\u00e7\u00e3o do munic\u00edpio.<\/p>\n\n\n\n<ul class=\"wp-block-list has-medium-font-size\">\n<li><strong>Parque Ecol\u00f3gico Jo\u00e3o Basso<\/strong>: Trata-se de uma <strong><a href=\"https:\/\/www.gov.br\/icmbio\/pt-br\/servicos\/servicos-do-icmbio-no-gov.br\/crie-sua-rppn\/perguntas-e-respostas-sobre-rppn\" target=\"_blank\" rel=\"noreferrer noopener\">Reserva Particular do Patrim\u00f4nio Natural<\/a><\/strong> (RPPN) que abriga a famosa <strong>Cidade de Pedra<\/strong> e s\u00edtios com pinturas rupestres.<\/li>\n\n\n\n<li class=\"has-medium-font-size\"><strong>Rio Vermelho<\/strong>: Curso de \u00e1gua que corta o munic\u00edpio, sendo um local tradicional para a pesca esportiva e lazer contemplativo.<\/li>\n\n\n\n<li class=\"has-medium-font-size\"><strong>Horto Florestal<\/strong>: \u00c1rea verde urbana utilizada pela popula\u00e7\u00e3o para caminhadas e contato com esp\u00e9cies nativas da flora regional.<\/li>\n\n\n\n<li><strong>Casario<\/strong>: Conjunto de edifica\u00e7\u00f5es hist\u00f3ricas que funciona como centro cultural, oferecendo gastronomia e artesanato local.<\/li>\n\n\n\n<li><strong>Cais do Porto<\/strong>: Espa\u00e7o revitalizado \u00e0s margens do rio que serve como ponto de encontro social durante o p\u00f4r do sol.<\/li>\n<\/ul>\n\n\n\n<p>Quem busca aventura e contato com a natureza no Mato Grosso, vai curtir esse v\u00eddeo especialmente selecionado do canal <strong>Fam\u00edlia com Aventuras<\/strong>, com milhares de visualiza\u00e7\u00f5es, onde <strong>Talita e Pascoal<\/strong> mostram o melhor de <strong>Rondon\u00f3polis<\/strong>, do <strong>Cais<\/strong> \u00e0s \u00e1guas termais da <strong>Rodovia do Peixe<\/strong>:<\/p>\n\n\n\n<figure class=\"wp-block-embed is-type-video is-provider-youtube wp-block-embed-youtube wp-embed-aspect-16-9 wp-has-aspect-ratio\"><div class=\"wp-block-embed__wrapper\">\n<div class=\"jeg_video_container jeg_video_content\"><iframe loading=\"lazy\" title=\"TOP 7 RONDON\u00d3POLIS - MATO GROSSO | O QUE FAZER E OS MELHORES PONTOS TUR\u00cdSTICOS PR\u00d3XIMO DA CIDADE\" width=\"500\" height=\"281\" src=\"https:\/\/www.youtube.com\/embed\/ApvpEtzDrYs?feature=oembed\" frameborder=\"0\" allow=\"accelerometer; autoplay; clipboard-write; encrypted-media; gyroscope; picture-in-picture; web-share\" referrerpolicy=\"strict-origin-when-cross-origin\" allowfullscreen><\/iframe><\/div>\n<\/div><\/figure>\n\n\n\n<p><strong>Leia tamb\u00e9m: <a href=\"https:\/\/www.em.com.br\/emfoco\/2026\/01\/14\/a-cidade-no-interior-de-minas-gerais-que-se-tornou-referencia-como-a-capital-da-moda-e-qualidade-de-vida\/\" target=\"_blank\" rel=\"noreferrer noopener\">A cidade no interior de Minas Gerais que se tornou refer\u00eancia como a Capital da Moda e qualidade de vida<\/a><\/strong><\/p>\n\n\n\n<h2 class=\"wp-block-heading\">Qual \u00e9 a previs\u00e3o t\u00e9rmica para a regi\u00e3o?<\/h2>\n\n\n\n<p>O clima em <strong>Rondon\u00f3polis<\/strong> \u00e9 classificado como tropical sub\u00famido, apresentando calor intenso na maior parte do calend\u00e1rio. A altitude de aproximadamente 227 metros favorece a manuten\u00e7\u00e3o de temperaturas elevadas, com uma esta\u00e7\u00e3o seca bem definida entre os meses de maio e setembro.<\/p>\n\n\n\n<p>Os dados do portal <a href=\"https:\/\/www.climatempo.com.br\/previsao-do-tempo\/cidade\/222\/rondonopolis-mt\" target=\"_blank\" rel=\"noreferrer noopener\"><strong>Climatempo<\/strong> <\/a>ajudam a compreender as varia\u00e7\u00f5es sazonais que impactam tanto o turismo quanto o ciclo das safras agr\u00edcolas.<\/p>\n\n\n\n<figure class=\"wp-block-table\"><table class=\"has-fixed-layout\"><tbody><tr><th>Esta\u00e7\u00e3o\/Meses<\/th><th>Temperatura<\/th><th>O que esperar<\/th><\/tr><tr><td>Ver\u00e3o (Dez a Mar)<\/td><td>24\u00b0C a 34\u00b0C<\/td><td>Umidade elevada com chuvas frequentes que refrescam as tardes.<\/td><\/tr><tr><td>Inverno (Jun a Ago)<\/td><td>15\u00b0C a 31\u00b0C<\/td><td>C\u00e9u limpo com baixa umidade e noites mais amenas.<\/td><\/tr><tr><td>Outono\/Primavera<\/td><td>22\u00b0C a 35\u00b0C<\/td><td>Per\u00edodos de transi\u00e7\u00e3o com baixa ocorr\u00eancia de ventos e calor persistente.<\/td><\/tr><\/tbody><\/table><\/figure>\n\n\n\n<h2 class=\"wp-block-heading\">Raz\u00f5es para investir ou morar em Rondon\u00f3polis<\/h2>\n\n\n\n<p>A cidade apresenta um cen\u00e1rio de crescimento constante impulsionado pela estabilidade da produ\u00e7\u00e3o agr\u00edcola e pela infraestrutura ferrovi\u00e1ria \u00fanica. A combina\u00e7\u00e3o de ensino superior qualificado e um mercado de trabalho aquecido favorece o planejamento de carreira em diversos setores.<\/p>\n\n\n\n<p>Voc\u00ea precisa conhecer a for\u00e7a econ\u00f4mica e as riquezas naturais que fazem de <strong>Rondon\u00f3polis<\/strong> um dos motores do desenvolvimento brasileiro.<\/p>\n","protected":false},"excerpt":{"rendered":"<p>Rondon\u00f3polis, conhecida como a Capital do Agroneg\u00f3cio, pulsa no entroncamento das rodovias BR-163 e BR-364. O munic\u00edpio fica a 212 km de Cuiab\u00e1 e se destaca como um dos principais eixos log\u00edsticos do Centro-Oeste brasileiro. Por que a cidade ostenta tamanha for\u00e7a log\u00edstica? Rondon\u00f3polis abriga o maior terminal ferrovi\u00e1rio de cargas da Am\u00e9rica Latina, operado [&hellip;]<\/p>\n","protected":false},"author":6,"featured_media":140898,"comment_status":"open","ping_status":"open","sticky":false,"template":"","format":"standard","meta":{"jnews-multi-image_gallery":[],"jnews_single_post":{"format":"standard"},"jnews_primary_category":[],"jnews_social_meta":[],"jnews_override_counter":[],"footnotes":""},"categories":[26],"tags":[183,2003,12503],"class_list":["post-155025","post","type-post","status-publish","format-standard","has-post-thumbnail","hentry","category-cidades","tag-cidades","tag-mato-grosso","tag-rondonopolis"],"yoast_head":"<!-- This site is optimized with the Yoast SEO plugin v23.8 - https:\/\/yoast.com\/wordpress\/plugins\/seo\/ -->\n<title>A capital do agroneg\u00f3cio no interior do Brasil abriga o maior terminal de cargas da Am\u00e9rica Latina - Estado de Minas - Em foco<\/title>\n<meta name=\"description\" content=\"A capital do agroneg\u00f3cio no interior do Brasil se destaca por possuir o maior terminal ferrovi\u00e1rio de cargas da Am\u00e9rica Latina.\" \/>\n<meta name=\"robots\" content=\"index, follow, max-snippet:-1, max-image-preview:large, max-video-preview:-1\" \/>\n<link rel=\"canonical\" href=\"https:\/\/www.em.com.br\/emfoco\/2026\/01\/15\/a-capital-do-agronegocio-no-interior-do-brasil-abriga-o-maior-terminal-de-cargas-da-america-latina\/\" \/>\n<meta property=\"og:locale\" content=\"pt_BR\" \/>\n<meta property=\"og:type\" content=\"article\" \/>\n<meta property=\"og:title\" content=\"A capital do agroneg\u00f3cio no interior do Brasil abriga o maior terminal de cargas da Am\u00e9rica Latina - Estado de Minas - Em foco\" \/>\n<meta property=\"og:description\" content=\"A capital do agroneg\u00f3cio no interior do Brasil se destaca por possuir o maior terminal ferrovi\u00e1rio de cargas da Am\u00e9rica Latina.\" \/>\n<meta property=\"og:url\" content=\"https:\/\/www.em.com.br\/emfoco\/2026\/01\/15\/a-capital-do-agronegocio-no-interior-do-brasil-abriga-o-maior-terminal-de-cargas-da-america-latina\/\" \/>\n<meta property=\"og:site_name\" content=\"Estado de Minas - Em foco\" \/>\n<meta property=\"article:published_time\" content=\"2026-01-15T22:55:00+00:00\" \/>\n<meta property=\"article:modified_time\" content=\"2026-01-14T23:28:54+00:00\" \/>\n<meta property=\"og:image\" content=\"https:\/\/www.em.com.br\/emfoco\/wp-content\/uploads\/2025\/12\/image-48.png\" \/>\n\t<meta property=\"og:image:width\" content=\"1280\" \/>\n\t<meta property=\"og:image:height\" content=\"721\" \/>\n\t<meta property=\"og:image:type\" content=\"image\/png\" \/>\n<meta name=\"author\" content=\"Vitor Bruno\" \/>\n<meta name=\"twitter:card\" content=\"summary_large_image\" \/>\n<meta name=\"twitter:label1\" content=\"Escrito por\" \/>\n\t<meta name=\"twitter:data1\" content=\"Vitor Bruno\" \/>\n\t<meta name=\"twitter:label2\" content=\"Est. tempo de leitura\" \/>\n\t<meta name=\"twitter:data2\" content=\"5 minutos\" \/>\n<!-- \/ Yoast SEO plugin. -->","yoast_head_json":{"title":"A capital do agroneg\u00f3cio no interior do Brasil abriga o maior terminal de cargas da Am\u00e9rica Latina - Estado de Minas - Em foco","description":"A capital do agroneg\u00f3cio no interior do Brasil se destaca por possuir o maior terminal ferrovi\u00e1rio de cargas da Am\u00e9rica Latina.","robots":{"index":"index","follow":"follow","max-snippet":"max-snippet:-1","max-image-preview":"max-image-preview:large","max-video-preview":"max-video-preview:-1"},"canonical":"https:\/\/www.em.com.br\/emfoco\/2026\/01\/15\/a-capital-do-agronegocio-no-interior-do-brasil-abriga-o-maior-terminal-de-cargas-da-america-latina\/","og_locale":"pt_BR","og_type":"article","og_title":"A capital do agroneg\u00f3cio no interior do Brasil abriga o maior terminal de cargas da Am\u00e9rica Latina - Estado de Minas - Em foco","og_description":"A capital do agroneg\u00f3cio no interior do Brasil se destaca por possuir o maior terminal ferrovi\u00e1rio de cargas da Am\u00e9rica Latina.","og_url":"https:\/\/www.em.com.br\/emfoco\/2026\/01\/15\/a-capital-do-agronegocio-no-interior-do-brasil-abriga-o-maior-terminal-de-cargas-da-america-latina\/","og_site_name":"Estado de Minas - Em foco","article_published_time":"2026-01-15T22:55:00+00:00","article_modified_time":"2026-01-14T23:28:54+00:00","og_image":[{"width":1280,"height":721,"url":"https:\/\/www.em.com.br\/emfoco\/wp-content\/uploads\/2025\/12\/image-48.png","type":"image\/png"}],"author":"Vitor Bruno","twitter_card":"summary_large_image","twitter_misc":{"Escrito por":"Vitor Bruno","Est. tempo de leitura":"5 minutos"},"schema":{"@context":"https:\/\/schema.org","@graph":[{"@type":"WebPage","@id":"https:\/\/www.em.com.br\/emfoco\/2026\/01\/15\/a-capital-do-agronegocio-no-interior-do-brasil-abriga-o-maior-terminal-de-cargas-da-america-latina\/","url":"https:\/\/www.em.com.br\/emfoco\/2026\/01\/15\/a-capital-do-agronegocio-no-interior-do-brasil-abriga-o-maior-terminal-de-cargas-da-america-latina\/","name":"A capital do agroneg\u00f3cio no interior do Brasil abriga o maior terminal de cargas da Am\u00e9rica Latina - Estado de Minas - Em foco","isPartOf":{"@id":"https:\/\/www.em.com.br\/emfoco\/#website"},"primaryImageOfPage":{"@id":"https:\/\/www.em.com.br\/emfoco\/2026\/01\/15\/a-capital-do-agronegocio-no-interior-do-brasil-abriga-o-maior-terminal-de-cargas-da-america-latina\/#primaryimage"},"image":{"@id":"https:\/\/www.em.com.br\/emfoco\/2026\/01\/15\/a-capital-do-agronegocio-no-interior-do-brasil-abriga-o-maior-terminal-de-cargas-da-america-latina\/#primaryimage"},"thumbnailUrl":"https:\/\/www.em.com.br\/emfoco\/wp-content\/uploads\/2025\/12\/image-48.png","datePublished":"2026-01-15T22:55:00+00:00","dateModified":"2026-01-14T23:28:54+00:00","author":{"@id":"https:\/\/www.em.com.br\/emfoco\/#\/schema\/person\/364ac1852fafd00f1be20f0b8b237569"},"description":"A capital do agroneg\u00f3cio no interior do Brasil se destaca por possuir o maior terminal ferrovi\u00e1rio de cargas da Am\u00e9rica Latina.","breadcrumb":{"@id":"https:\/\/www.em.com.br\/emfoco\/2026\/01\/15\/a-capital-do-agronegocio-no-interior-do-brasil-abriga-o-maior-terminal-de-cargas-da-america-latina\/#breadcrumb"},"inLanguage":"pt-BR","potentialAction":[{"@type":"ReadAction","target":["https:\/\/www.em.com.br\/emfoco\/2026\/01\/15\/a-capital-do-agronegocio-no-interior-do-brasil-abriga-o-maior-terminal-de-cargas-da-america-latina\/"]}]},{"@type":"ImageObject","inLanguage":"pt-BR","@id":"https:\/\/www.em.com.br\/emfoco\/2026\/01\/15\/a-capital-do-agronegocio-no-interior-do-brasil-abriga-o-maior-terminal-de-cargas-da-america-latina\/#primaryimage","url":"https:\/\/www.em.com.br\/emfoco\/wp-content\/uploads\/2025\/12\/image-48.png","contentUrl":"https:\/\/www.em.com.br\/emfoco\/wp-content\/uploads\/2025\/12\/image-48.png","width":1280,"height":721,"caption":"Rondon\u00f3polis, a pujante cidade no sul de Mato Grosso \u00e9 uma das melhores para se viver (imagem ilustrativa)"},{"@type":"BreadcrumbList","@id":"https:\/\/www.em.com.br\/emfoco\/2026\/01\/15\/a-capital-do-agronegocio-no-interior-do-brasil-abriga-o-maior-terminal-de-cargas-da-america-latina\/#breadcrumb","itemListElement":[{"@type":"ListItem","position":1,"name":"In\u00edcio","item":"https:\/\/www.em.com.br\/emfoco\/"},{"@type":"ListItem","position":2,"name":"A capital do agroneg\u00f3cio no interior do Brasil abriga o maior terminal de cargas da Am\u00e9rica Latina"}]},{"@type":"WebSite","@id":"https:\/\/www.em.com.br\/emfoco\/#website","url":"https:\/\/www.em.com.br\/emfoco\/","name":"Estado de Minas - Em foco","description":"Acompanhe as \u00faltimas not\u00edcias e fique bem informado sobre tudo o que acontece em Minas Gerais, Brasil e no mundo.","potentialAction":[{"@type":"SearchAction","target":{"@type":"EntryPoint","urlTemplate":"https:\/\/www.em.com.br\/emfoco\/?s={search_term_string}"},"query-input":{"@type":"PropertyValueSpecification","valueRequired":true,"valueName":"search_term_string"}}],"inLanguage":"pt-BR"},{"@type":"Person","@id":"https:\/\/www.em.com.br\/emfoco\/#\/schema\/person\/364ac1852fafd00f1be20f0b8b237569","name":"Vitor Bruno","image":{"@type":"ImageObject","inLanguage":"pt-BR","@id":"https:\/\/www.em.com.br\/emfoco\/#\/schema\/person\/image\/","url":"https:\/\/secure.gravatar.com\/avatar\/b719e5cdede09f942064960883b5524d?s=96&d=mm&r=g","contentUrl":"https:\/\/secure.gravatar.com\/avatar\/b719e5cdede09f942064960883b5524d?s=96&d=mm&r=g","caption":"Vitor Bruno"},"sameAs":["https:\/\/www.em.com.br\/emfoco\/"],"url":"https:\/\/www.em.com.br\/emfoco\/author\/vitormyth\/"}]}},"_links":{"self":[{"href":"https:\/\/www.em.com.br\/emfoco\/wp-json\/wp\/v2\/posts\/155025","targetHints":{"allow":["GET"]}}],"collection":[{"href":"https:\/\/www.em.com.br\/emfoco\/wp-json\/wp\/v2\/posts"}],"about":[{"href":"https:\/\/www.em.com.br\/emfoco\/wp-json\/wp\/v2\/types\/post"}],"author":[{"embeddable":true,"href":"https:\/\/www.em.com.br\/emfoco\/wp-json\/wp\/v2\/users\/6"}],"replies":[{"embeddable":true,"href":"https:\/\/www.em.com.br\/emfoco\/wp-json\/wp\/v2\/comments?post=155025"}],"version-history":[{"count":4,"href":"https:\/\/www.em.com.br\/emfoco\/wp-json\/wp\/v2\/posts\/155025\/revisions"}],"predecessor-version":[{"id":155378,"href":"https:\/\/www.em.com.br\/emfoco\/wp-json\/wp\/v2\/posts\/155025\/revisions\/155378"}],"wp:featuredmedia":[{"embeddable":true,"href":"https:\/\/www.em.com.br\/emfoco\/wp-json\/wp\/v2\/media\/140898"}],"wp:attachment":[{"href":"https:\/\/www.em.com.br\/emfoco\/wp-json\/wp\/v2\/media?parent=155025"}],"wp:term":[{"taxonomy":"category","embeddable":true,"href":"https:\/\/www.em.com.br\/emfoco\/wp-json\/wp\/v2\/categories?post=155025"},{"taxonomy":"post_tag","embeddable":true,"href":"https:\/\/www.em.com.br\/emfoco\/wp-json\/wp\/v2\/tags?post=155025"}],"curies":[{"name":"wp","href":"https:\/\/api.w.org\/{rel}","templated":true}]}}