{"id":154985,"date":"2026-01-15T20:35:00","date_gmt":"2026-01-15T23:35:00","guid":{"rendered":"https:\/\/www.em.com.br\/emfoco\/?p=154985"},"modified":"2026-01-14T14:40:19","modified_gmt":"2026-01-14T17:40:19","slug":"essa-progressiva-alisa-qualquer-cabelo-e-pode-ser-feita-em-casa","status":"publish","type":"post","link":"https:\/\/www.em.com.br\/emfoco\/2026\/01\/15\/essa-progressiva-alisa-qualquer-cabelo-e-pode-ser-feita-em-casa\/","title":{"rendered":"Essa progressiva alisa QUALQUER cabelo e pode ser feita em casa!"},"content":{"rendered":"\n<p>A dificuldade em manter o cabelo realmente liso e alinhado, principalmente quando os fios s\u00e3o volumosos, grossos e resistentes, ainda \u00e9 um desafio comum em muitos sal\u00f5es e rotinas dom\u00e9sticas. Em 2025, entre progressivas, botox e outros tipos de alisamento, a <strong>biopl\u00e1stica capilar<\/strong> aparece como uma alternativa que promete n\u00e3o apenas reduzir o volume, mas tamb\u00e9m tratar a fibra capilar ao mesmo tempo em que alinha os fios, sendo especialmente buscada por pessoas com hist\u00f3rico de v\u00e1rias qu\u00edmicas e diferentes texturas em um mesmo comprimento de cabelo.<\/p>\n\n\n\n<h2 class=\"wp-block-heading\">O que \u00e9 biopl\u00e1stica capilar e qual \u00e9 a principal proposta desse tratamento<\/h2>\n\n\n\n<p>No v\u00eddeo que separamos do canal @<a href=\"https:\/\/www.youtube.com\/@dicasdachrisrigone\" target=\"_blank\" rel=\"noreferrer noopener\">Dicas Da Chris<\/a> no YouTube, d\u00e1 para ver como a biopl\u00e1stica capilar funciona na pr\u00e1tica e por que ela virou aposta para alinhar fios grossos sem deixar o cabelo duro.<\/p>\n\n\n\n<iframe loading=\"lazy\" width=\"1013\" height=\"570\" src=\"https:\/\/www.youtube.com\/embed\/ex7U3fb_xtU\" title=\"Cabelo Dif\u00edcil de Alisar ? Essa progressiva ALISA MUITO qualquer cabelo\" frameborder=\"0\" allow=\"accelerometer; autoplay; clipboard-write; encrypted-media; gyroscope; picture-in-picture; web-share\" referrerpolicy=\"strict-origin-when-cross-origin\" allowfullscreen><\/iframe>\n\n\n\n<p>A <strong>biopl\u00e1stica capilar<\/strong> \u00e9 um procedimento de alinhamento e redu\u00e7\u00e3o de volume que combina ativos de tratamento com agentes alisantes. Diferentemente de progressivas mais antigas, associadas a fios excessivamente chapados e r\u00edgidos, essa t\u00e9cnica busca um liso mais natural, com movimento e sensa\u00e7\u00e3o de cabelo encorpado.<\/p>\n\n\n\n<p>A palavra-chave nesse contexto \u00e9 \u201cbiopl\u00e1stica capilar\u201d, usada para descrever produtos que prometem unir reconstru\u00e7\u00e3o, nutri\u00e7\u00e3o e alinhamento em uma \u00fanica etapa. As f\u00f3rmulas costumam reunir \u00f3leos vegetais, manteigas nutritivas, prote\u00ednas e amino\u00e1cidos, que atuam na reposi\u00e7\u00e3o de massa, na prote\u00e7\u00e3o t\u00e9rmica e na redu\u00e7\u00e3o de frizz, sem deixar os fios pesados.<\/p>\n\n\n\n<h2 class=\"wp-block-heading\">Para quais tipos de cabelo a biopl\u00e1stica capilar \u00e9 mais indicada<\/h2>\n\n\n\n<p>Na pr\u00e1tica, a biopl\u00e1stica capilar \u00e9 muito procurada por quem tem cabelo ondulado, cacheado ou com m\u00faltiplas texturas, sobretudo quando h\u00e1 dificuldade em manter o liso ap\u00f3s progressivas comuns. Fios grossos, volumosos e considerados \u201cdif\u00edceis de alisar\u201d tendem a responder bem quando o produto \u00e9 aplicado corretamente e aliado a um bom trabalho de escova\u00e7\u00e3o e prancha.<\/p>\n\n\n\n<p>Em cabelos com hist\u00f3rico de descolora\u00e7\u00e3o intensa, alisamentos antigos, hen\u00ea ou outras qu\u00edmicas agressivas, \u00e9 fundamental redobrar o cuidado e realizar avalia\u00e7\u00e3o pr\u00e9via. Nesses casos, o teste de mecha e o teste de sensibilidade tornam-se etapas essenciais de seguran\u00e7a, ajudando a identificar se o fio suporta o calor e a f\u00f3rmula, al\u00e9m de verificar poss\u00edveis rea\u00e7\u00f5es no couro cabeludo, pele e vias respirat\u00f3rias.<\/p>\n\n\n\n<ul class=\"wp-block-list\">\n<li><strong>Cabelos grossos e resistentes:<\/strong> costumam exigir maior tempo de pausa e mais passadas de prancha.<\/li>\n\n\n\n<li><strong>Cabelos finos ou sensibilizados:<\/strong> pedem tempo de a\u00e7\u00e3o menor e temperatura controlada.<\/li>\n\n\n\n<li><strong>Cabelos loiros ou descoloridos:<\/strong> demandam aten\u00e7\u00e3o para evitar amarelamento ou quebra.<\/li>\n<\/ul>\n\n\n\n<p>Leia mais: <a href=\"https:\/\/www.em.com.br\/trends\/2026\/01\/7329524-queda-de-cabelo-e-unhas-fracas-podem-ser-sinal-de-alerta-para-sua-saude.html\" target=\"_blank\" rel=\"noreferrer noopener\">Queda de cabelo e unhas fracas podem ser sinal de alerta para sua sa\u00fade<\/a><\/p>\n\n\n\n<h2 class=\"wp-block-heading\">Como \u00e9 o passo a passo da aplica\u00e7\u00e3o da biopl\u00e1stica capilar<\/h2>\n\n\n<div class=\"wp-block-image\">\n<figure class=\"aligncenter size-large\"><img loading=\"lazy\" decoding=\"async\" width=\"1024\" height=\"576\" src=\"https:\/\/www.em.com.br\/emfoco\/wp-content\/uploads\/2026\/01\/lavagem-cabelo_1768412234565-1024x576.jpg\" alt=\"\" class=\"wp-image-155026\" srcset=\"https:\/\/www.em.com.br\/emfoco\/wp-content\/uploads\/2026\/01\/lavagem-cabelo_1768412234565-1024x576.jpg 1024w, https:\/\/www.em.com.br\/emfoco\/wp-content\/uploads\/2026\/01\/lavagem-cabelo_1768412234565-300x169.jpg 300w, https:\/\/www.em.com.br\/emfoco\/wp-content\/uploads\/2026\/01\/lavagem-cabelo_1768412234565-768x432.jpg 768w, https:\/\/www.em.com.br\/emfoco\/wp-content\/uploads\/2026\/01\/lavagem-cabelo_1768412234565-750x422.jpg 750w, https:\/\/www.em.com.br\/emfoco\/wp-content\/uploads\/2026\/01\/lavagem-cabelo_1768412234565-1140x641.jpg 1140w, https:\/\/www.em.com.br\/emfoco\/wp-content\/uploads\/2026\/01\/lavagem-cabelo_1768412234565.jpg 1280w\" sizes=\"auto, (max-width: 1024px) 100vw, 1024px\" \/><figcaption class=\"wp-element-caption\">Biopl\u00e1stica capilar para alinhar fios dif\u00edceis &#8211; Cr\u00e9ditos: depositphotos.com \/ IgorVetushko<\/figcaption><\/figure><\/div>\n\n\n<p>O procedimento de <strong>biopl\u00e1stica capilar<\/strong> segue uma sequ\u00eancia que influencia diretamente no resultado. Em geral, tudo come\u00e7a com a lavagem com shampoo antirres\u00edduos, que remove impurezas e abre levemente as cut\u00edculas do fio, seguida de secagem quase completa para permitir uma aplica\u00e7\u00e3o uniforme do produto.<\/p>\n\n\n\n<ol class=\"wp-block-list\">\n<li><strong>Lavagem inicial:<\/strong> uso de shampoo antirres\u00edduos para limpeza profunda.<\/li>\n\n\n\n<li><strong>Secagem:<\/strong> remo\u00e7\u00e3o da umidade com secador, deixando os fios praticamente secos.<\/li>\n\n\n\n<li><strong>Aplica\u00e7\u00e3o da biopl\u00e1stica capilar:<\/strong> distribui\u00e7\u00e3o mecha a mecha, geralmente com aux\u00edlio de pente fino.<\/li>\n\n\n\n<li><strong>Tempo de pausa:<\/strong> varia conforme o volume, a espessura e a resist\u00eancia do cabelo.<\/li>\n\n\n\n<li><strong>Escova\u00e7\u00e3o:<\/strong> secagem com escova para alinhar os fios antes da chapinha.<\/li>\n\n\n\n<li><strong>Prancha:<\/strong> etapa de selamento, com mechas finas e v\u00e1rias passadas controladas.<\/li>\n\n\n\n<li><strong>Enx\u00e1gue e finaliza\u00e7\u00e3o:<\/strong> retirada do produto, seguida de secagem para avaliar o resultado real.<\/li>\n<\/ol>\n\n\n\n<p>A etapa da chapinha costuma ser considerada a mais determinante, pois \u00e9 respons\u00e1vel pelo selamento das cut\u00edculas e pelo efeito de liso duradouro. Mechas muito grossas ou poucas passadas podem comprometer o alinhamento, especialmente em cabelos mais resistentes, enquanto o excesso de calor em fios sensibilizados aumenta o risco de ressecamento e quebra, exigindo controle de temperatura e t\u00e9cnica adequada.<\/p>\n\n\n\n<p>Leia mais: <a href=\"https:\/\/www.em.com.br\/feminino-e-masculino\/2026\/01\/7325988-corte-de-cabelo-feminino-os-estilos-que-vao-rejuvenescer-o-seu-visual.html\" target=\"_blank\" rel=\"noreferrer noopener\">Corte de cabelo feminino: os estilos que v\u00e3o rejuvenescer o seu visual<\/a><\/p>\n\n\n\n<h2 class=\"wp-block-heading\">Quais s\u00e3o os cuidados de seguran\u00e7a e manuten\u00e7\u00e3o ap\u00f3s a biopl\u00e1stica capilar<\/h2>\n\n\n\n<p>Mesmo em produtos com registro na <a href=\"https:\/\/www.gov.br\/anvisa\/pt-br\" target=\"_blank\" rel=\"noreferrer noopener\"><strong>Anvisa<\/strong> <\/a>e divulgados como compat\u00edveis com diversas qu\u00edmicas, alguns cuidados s\u00e3o indispens\u00e1veis. Ventila\u00e7\u00e3o adequada do ambiente, uso de luvas, prote\u00e7\u00e3o das vias respirat\u00f3rias e respeito ao tempo de pausa indicado pelo fabricante s\u00e3o recomenda\u00e7\u00f5es importantes para minimizar ard\u00eancia em olhos e garganta durante a aplica\u00e7\u00e3o.<\/p>\n\n\n\n<p>Dessa forma, a biopl\u00e1stica capilar se apresenta, em 2025, como uma op\u00e7\u00e3o de alisamento tratante para quem enfrenta dificuldades com fios volumosos e resistentes. Quando combinada a uma an\u00e1lise cuidadosa do hist\u00f3rico do cabelo, \u00e0 realiza\u00e7\u00e3o de testes pr\u00e9vios e a um cronograma de cuidados p\u00f3s-procedimento, essa t\u00e9cnica tende a oferecer um resultado de liso mais duradouro, com apar\u00eancia alinhada e aspecto de cabelo bem cuidado.<\/p>\n","protected":false},"excerpt":{"rendered":"<p>A dificuldade em manter o cabelo realmente liso e alinhado, principalmente quando os fios s\u00e3o volumosos, grossos e resistentes, ainda \u00e9 um desafio comum em muitos sal\u00f5es e rotinas dom\u00e9sticas. Em 2025, entre progressivas, botox e outros tipos de alisamento, a biopl\u00e1stica capilar aparece como uma alternativa que promete n\u00e3o apenas reduzir o volume, mas [&hellip;]<\/p>\n","protected":false},"author":20,"featured_media":155028,"comment_status":"open","ping_status":"open","sticky":false,"template":"","format":"standard","meta":{"jnews-multi-image_gallery":[],"jnews_single_post":{"format":"standard"},"jnews_primary_category":[],"jnews_social_meta":[],"jnews_override_counter":[],"footnotes":""},"categories":[8819,1],"tags":[22640,4905,22642,5908],"class_list":["post-154985","post","type-post","status-publish","format-standard","has-post-thumbnail","hentry","category-curiosidades","category-noticias","tag-bioplastica-2","tag-cabelo","tag-progressiva","tag-tratamento-capilar"],"yoast_head":"<!-- This site is optimized with the Yoast SEO plugin v23.8 - https:\/\/yoast.com\/wordpress\/plugins\/seo\/ -->\n<title>Essa progressiva alisa QUALQUER cabelo e pode ser feita em casa! - Estado de Minas - Em foco<\/title>\n<meta name=\"description\" content=\"Entenda como a biopl\u00e1stica capilar funciona, para quem \u00e9 indicada e quais cuidados evitam quebra em fios grossos, volumosos e resistentes.\" \/>\n<meta name=\"robots\" content=\"index, follow, max-snippet:-1, max-image-preview:large, max-video-preview:-1\" \/>\n<link rel=\"canonical\" href=\"https:\/\/www.em.com.br\/emfoco\/2026\/01\/15\/essa-progressiva-alisa-qualquer-cabelo-e-pode-ser-feita-em-casa\/\" \/>\n<meta property=\"og:locale\" content=\"pt_BR\" \/>\n<meta property=\"og:type\" content=\"article\" \/>\n<meta property=\"og:title\" content=\"Essa progressiva alisa QUALQUER cabelo e pode ser feita em casa! - Estado de Minas - Em foco\" \/>\n<meta property=\"og:description\" content=\"Entenda como a biopl\u00e1stica capilar funciona, para quem \u00e9 indicada e quais cuidados evitam quebra em fios grossos, volumosos e resistentes.\" \/>\n<meta property=\"og:url\" content=\"https:\/\/www.em.com.br\/emfoco\/2026\/01\/15\/essa-progressiva-alisa-qualquer-cabelo-e-pode-ser-feita-em-casa\/\" \/>\n<meta property=\"og:site_name\" content=\"Estado de Minas - Em foco\" \/>\n<meta property=\"article:published_time\" content=\"2026-01-15T23:35:00+00:00\" \/>\n<meta property=\"article:modified_time\" content=\"2026-01-14T17:40:19+00:00\" \/>\n<meta property=\"og:image\" content=\"https:\/\/www.em.com.br\/emfoco\/wp-content\/uploads\/2026\/01\/cabelo-liso_1768412357804.jpg\" \/>\n\t<meta property=\"og:image:width\" content=\"1280\" \/>\n\t<meta property=\"og:image:height\" content=\"720\" \/>\n\t<meta property=\"og:image:type\" content=\"image\/jpeg\" \/>\n<meta name=\"author\" content=\"Ingrid Diniz\" \/>\n<meta name=\"twitter:card\" content=\"summary_large_image\" \/>\n<meta name=\"twitter:label1\" content=\"Escrito por\" \/>\n\t<meta name=\"twitter:data1\" content=\"Ingrid Diniz\" \/>\n\t<meta name=\"twitter:label2\" content=\"Est. tempo de leitura\" \/>\n\t<meta name=\"twitter:data2\" content=\"5 minutos\" \/>\n<!-- \/ Yoast SEO plugin. -->","yoast_head_json":{"title":"Essa progressiva alisa QUALQUER cabelo e pode ser feita em casa! - Estado de Minas - Em foco","description":"Entenda como a biopl\u00e1stica capilar funciona, para quem \u00e9 indicada e quais cuidados evitam quebra em fios grossos, volumosos e resistentes.","robots":{"index":"index","follow":"follow","max-snippet":"max-snippet:-1","max-image-preview":"max-image-preview:large","max-video-preview":"max-video-preview:-1"},"canonical":"https:\/\/www.em.com.br\/emfoco\/2026\/01\/15\/essa-progressiva-alisa-qualquer-cabelo-e-pode-ser-feita-em-casa\/","og_locale":"pt_BR","og_type":"article","og_title":"Essa progressiva alisa QUALQUER cabelo e pode ser feita em casa! - Estado de Minas - Em foco","og_description":"Entenda como a biopl\u00e1stica capilar funciona, para quem \u00e9 indicada e quais cuidados evitam quebra em fios grossos, volumosos e resistentes.","og_url":"https:\/\/www.em.com.br\/emfoco\/2026\/01\/15\/essa-progressiva-alisa-qualquer-cabelo-e-pode-ser-feita-em-casa\/","og_site_name":"Estado de Minas - Em foco","article_published_time":"2026-01-15T23:35:00+00:00","article_modified_time":"2026-01-14T17:40:19+00:00","og_image":[{"width":1280,"height":720,"url":"https:\/\/www.em.com.br\/emfoco\/wp-content\/uploads\/2026\/01\/cabelo-liso_1768412357804.jpg","type":"image\/jpeg"}],"author":"Ingrid Diniz","twitter_card":"summary_large_image","twitter_misc":{"Escrito por":"Ingrid Diniz","Est. tempo de leitura":"5 minutos"},"schema":{"@context":"https:\/\/schema.org","@graph":[{"@type":"WebPage","@id":"https:\/\/www.em.com.br\/emfoco\/2026\/01\/15\/essa-progressiva-alisa-qualquer-cabelo-e-pode-ser-feita-em-casa\/","url":"https:\/\/www.em.com.br\/emfoco\/2026\/01\/15\/essa-progressiva-alisa-qualquer-cabelo-e-pode-ser-feita-em-casa\/","name":"Essa progressiva alisa QUALQUER cabelo e pode ser feita em casa! - Estado de Minas - Em foco","isPartOf":{"@id":"https:\/\/www.em.com.br\/emfoco\/#website"},"primaryImageOfPage":{"@id":"https:\/\/www.em.com.br\/emfoco\/2026\/01\/15\/essa-progressiva-alisa-qualquer-cabelo-e-pode-ser-feita-em-casa\/#primaryimage"},"image":{"@id":"https:\/\/www.em.com.br\/emfoco\/2026\/01\/15\/essa-progressiva-alisa-qualquer-cabelo-e-pode-ser-feita-em-casa\/#primaryimage"},"thumbnailUrl":"https:\/\/www.em.com.br\/emfoco\/wp-content\/uploads\/2026\/01\/cabelo-liso_1768412357804.jpg","datePublished":"2026-01-15T23:35:00+00:00","dateModified":"2026-01-14T17:40:19+00:00","author":{"@id":"https:\/\/www.em.com.br\/emfoco\/#\/schema\/person\/649e610b4eb8fff87ff394e54fe17b2b"},"description":"Entenda como a biopl\u00e1stica capilar funciona, para quem \u00e9 indicada e quais cuidados evitam quebra em fios grossos, volumosos e resistentes.","breadcrumb":{"@id":"https:\/\/www.em.com.br\/emfoco\/2026\/01\/15\/essa-progressiva-alisa-qualquer-cabelo-e-pode-ser-feita-em-casa\/#breadcrumb"},"inLanguage":"pt-BR","potentialAction":[{"@type":"ReadAction","target":["https:\/\/www.em.com.br\/emfoco\/2026\/01\/15\/essa-progressiva-alisa-qualquer-cabelo-e-pode-ser-feita-em-casa\/"]}]},{"@type":"ImageObject","inLanguage":"pt-BR","@id":"https:\/\/www.em.com.br\/emfoco\/2026\/01\/15\/essa-progressiva-alisa-qualquer-cabelo-e-pode-ser-feita-em-casa\/#primaryimage","url":"https:\/\/www.em.com.br\/emfoco\/wp-content\/uploads\/2026\/01\/cabelo-liso_1768412357804.jpg","contentUrl":"https:\/\/www.em.com.br\/emfoco\/wp-content\/uploads\/2026\/01\/cabelo-liso_1768412357804.jpg","width":1280,"height":720,"caption":"Por que o Yamasterol nunca sai de moda - Cr\u00e9ditos: depositphotos.com \/ RostyslavOleksin"},{"@type":"BreadcrumbList","@id":"https:\/\/www.em.com.br\/emfoco\/2026\/01\/15\/essa-progressiva-alisa-qualquer-cabelo-e-pode-ser-feita-em-casa\/#breadcrumb","itemListElement":[{"@type":"ListItem","position":1,"name":"In\u00edcio","item":"https:\/\/www.em.com.br\/emfoco\/"},{"@type":"ListItem","position":2,"name":"Essa progressiva alisa QUALQUER cabelo e pode ser feita em casa!"}]},{"@type":"WebSite","@id":"https:\/\/www.em.com.br\/emfoco\/#website","url":"https:\/\/www.em.com.br\/emfoco\/","name":"Estado de Minas - Em foco","description":"Acompanhe as \u00faltimas not\u00edcias e fique bem informado sobre tudo o que acontece em Minas Gerais, Brasil e no mundo.","potentialAction":[{"@type":"SearchAction","target":{"@type":"EntryPoint","urlTemplate":"https:\/\/www.em.com.br\/emfoco\/?s={search_term_string}"},"query-input":{"@type":"PropertyValueSpecification","valueRequired":true,"valueName":"search_term_string"}}],"inLanguage":"pt-BR"},{"@type":"Person","@id":"https:\/\/www.em.com.br\/emfoco\/#\/schema\/person\/649e610b4eb8fff87ff394e54fe17b2b","name":"Ingrid Diniz","image":{"@type":"ImageObject","inLanguage":"pt-BR","@id":"https:\/\/www.em.com.br\/emfoco\/#\/schema\/person\/image\/","url":"https:\/\/secure.gravatar.com\/avatar\/a3baa1449ec5c39b4c42babc9d4f3951?s=96&d=mm&r=g","contentUrl":"https:\/\/secure.gravatar.com\/avatar\/a3baa1449ec5c39b4c42babc9d4f3951?s=96&d=mm&r=g","caption":"Ingrid Diniz"},"sameAs":["https:\/\/www.em.com.br\/"],"url":"https:\/\/www.em.com.br\/emfoco\/author\/ingridmyth\/"}]}},"_links":{"self":[{"href":"https:\/\/www.em.com.br\/emfoco\/wp-json\/wp\/v2\/posts\/154985","targetHints":{"allow":["GET"]}}],"collection":[{"href":"https:\/\/www.em.com.br\/emfoco\/wp-json\/wp\/v2\/posts"}],"about":[{"href":"https:\/\/www.em.com.br\/emfoco\/wp-json\/wp\/v2\/types\/post"}],"author":[{"embeddable":true,"href":"https:\/\/www.em.com.br\/emfoco\/wp-json\/wp\/v2\/users\/20"}],"replies":[{"embeddable":true,"href":"https:\/\/www.em.com.br\/emfoco\/wp-json\/wp\/v2\/comments?post=154985"}],"version-history":[{"count":2,"href":"https:\/\/www.em.com.br\/emfoco\/wp-json\/wp\/v2\/posts\/154985\/revisions"}],"predecessor-version":[{"id":155030,"href":"https:\/\/www.em.com.br\/emfoco\/wp-json\/wp\/v2\/posts\/154985\/revisions\/155030"}],"wp:featuredmedia":[{"embeddable":true,"href":"https:\/\/www.em.com.br\/emfoco\/wp-json\/wp\/v2\/media\/155028"}],"wp:attachment":[{"href":"https:\/\/www.em.com.br\/emfoco\/wp-json\/wp\/v2\/media?parent=154985"}],"wp:term":[{"taxonomy":"category","embeddable":true,"href":"https:\/\/www.em.com.br\/emfoco\/wp-json\/wp\/v2\/categories?post=154985"},{"taxonomy":"post_tag","embeddable":true,"href":"https:\/\/www.em.com.br\/emfoco\/wp-json\/wp\/v2\/tags?post=154985"}],"curies":[{"name":"wp","href":"https:\/\/api.w.org\/{rel}","templated":true}]}}