{"id":154983,"date":"2026-01-15T17:25:00","date_gmt":"2026-01-15T20:25:00","guid":{"rendered":"https:\/\/www.em.com.br\/emfoco\/?p=154983"},"modified":"2026-01-14T14:22:01","modified_gmt":"2026-01-14T17:22:01","slug":"entenda-o-jeito-certo-de-fazer-umectacao-capilar-com-oleo-de-coco-e-recuperar-seu-cabelo-ressecado-em-casa","status":"publish","type":"post","link":"https:\/\/www.em.com.br\/emfoco\/2026\/01\/15\/entenda-o-jeito-certo-de-fazer-umectacao-capilar-com-oleo-de-coco-e-recuperar-seu-cabelo-ressecado-em-casa\/","title":{"rendered":"Entenda o jeito CERTO de fazer umecta\u00e7\u00e3o capilar com \u00f3leo de coco e recuperar seu cabelo ressecado em casa!"},"content":{"rendered":"\n<p>A recupera\u00e7\u00e3o de fios ressecados e \u00e1speros deixou de ser um assunto restrito a sal\u00f5es e passou a fazer parte da rotina de muitas pessoas em casa. Entre as t\u00e9cnicas mais comentadas est\u00e1 a <strong>umecta\u00e7\u00e3o capilar com \u00f3leo de coco<\/strong>, indicada para cabelos com pontas extremamente danificadas, frizz acentuado e perda de brilho. O m\u00e9todo se apoia em princ\u00edpios simples: repor a gordura protetora que o fio perdeu ao longo do tempo e reduzir a quebra causada por procedimentos qu\u00edmicos, exposi\u00e7\u00e3o ao sol, \u00e1gua quente e ferramentas de calor.<\/p>\n\n\n\n<h2 class=\"wp-block-heading\">O que \u00e9 umecta\u00e7\u00e3o capilar e como ela ajuda cabelos secos<\/h2>\n\n\n\n<p>Umecta\u00e7\u00e3o capilar \u00e9 um tratamento focado na <strong>reposi\u00e7\u00e3o de lip\u00eddios<\/strong>, isto \u00e9, das gorduras naturais que envolvem o fio. Sem essa prote\u00e7\u00e3o, o cabelo passa a perder \u00e1gua com facilidade, fica r\u00edgido, \u00e1spero ao toque e mais sujeito a pontas duplas e quebra. Se o seu cabelo anda \u00e1spero, sem brilho e com frizz que n\u00e3o baixa, o v\u00eddeo do canal @<a href=\"https:\/\/www.youtube.com\/@desafiocabelao\" target=\"_blank\" rel=\"noreferrer noopener\">Guilherme Ferreira Desafio Cabel\u00e3o<\/a> aprofunda quando a umecta\u00e7\u00e3o com \u00f3leo de coco realmente funciona \u2014 e quando ela pode pesar os fios.<\/p>\n\n\n\n<iframe loading=\"lazy\" width=\"1013\" height=\"570\" src=\"https:\/\/www.youtube.com\/embed\/424RJ6_W5wk\" title=\"Umecta\u00e7\u00e3o Capilar com \ud83e\udd65\u00d3leo de Coco: O JEITO CERTO que RECUPERA Cabelo Ressecado R\u00c1PIDO!\" frameborder=\"0\" allow=\"accelerometer; autoplay; clipboard-write; encrypted-media; gyroscope; picture-in-picture; web-share\" referrerpolicy=\"strict-origin-when-cross-origin\" allowfullscreen><\/iframe>\n\n\n\n<p>Ao aplicar um \u00f3leo vegetal adequado, a ideia \u00e9 refor\u00e7ar essa camada externa e, em alguns casos, levar parte desses componentes para o interior da fibra. O resultado esperado inclui maior maciez, maleabilidade, redu\u00e7\u00e3o do frizz e melhor resposta a secador e chapinha.<\/p>\n\n\n\n<h2 class=\"wp-block-heading\">Por que a umecta\u00e7\u00e3o capilar com \u00f3leo de coco \u00e9 t\u00e3o indicada<\/h2>\n\n\n\n<p>Entre as diversas op\u00e7\u00f5es dispon\u00edveis, o <strong>\u00f3leo de coco para o cabelo<\/strong> ganhou destaque por caracter\u00edsticas espec\u00edficas de sua composi\u00e7\u00e3o. O \u00e1cido l\u00e1urico, um dos principais componentes, apresenta estrutura que facilita a intera\u00e7\u00e3o com as prote\u00ednas presentes no fio.<\/p>\n\n\n\n<p>Gra\u00e7as ao seu baixo peso molecular, esse \u00e1cido consegue atravessar com mais facilidade a cut\u00edcula, atuando tamb\u00e9m em camadas internas da fibra capilar. Assim, o \u00f3leo de coco pode diminuir a perda de prote\u00edna, algo relevante para cabelos quimicamente tratados, descoloridos ou fragilizados por uso intenso de calor.<\/p>\n\n\n\n<p>Leia mais: <a href=\"https:\/\/www.em.com.br\/saude\/2026\/01\/7332715-dieta-mediterranea-o-que-e-e-por-que-faz-bem-para-o-cerebro.html\" target=\"_blank\" rel=\"noreferrer noopener\">Dieta Mediterr\u00e2nea: o que \u00e9 e por que faz bem para o c\u00e9rebro<\/a><\/p>\n\n\n\n<h2 class=\"wp-block-heading\">Como escolher o melhor \u00f3leo de coco para umecta\u00e7\u00e3o<\/h2>\n\n\n\n<p>Para a <strong>umecta\u00e7\u00e3o capilar com \u00f3leo de coco<\/strong>, especialistas costumam indicar vers\u00f5es 100% vegetais, prensadas a frio e sem adi\u00e7\u00e3o de parafinas, fragr\u00e2ncias sint\u00e9ticas densas ou silicones pesados. Produtos aliment\u00edcios de boa proced\u00eancia ou \u00f3leos vegetais puros espec\u00edficos para uso cosm\u00e9tico preservam melhor os nutrientes.<\/p>\n\n\n\n<p>Na hora da compra, alguns pontos ajudam a identificar um \u00f3leo mais adequado ao tratamento de nutri\u00e7\u00e3o profunda, evitando produtos que atuem apenas de forma superficial nos fios.<\/p>\n\n\n\n<ul class=\"wp-block-list\">\n<li><strong>\u00d3leo de coco puro:<\/strong> normalmente traz na embalagem indica\u00e7\u00e3o de ser extra virgem ou prensado a frio.<\/li>\n\n\n\n<li><strong>Evitar parafina e \u00f3leo mineral:<\/strong> esses componentes tendem a formar filme oclusivo, sem oferecer nutri\u00e7\u00e3o real ao fio.<\/li>\n\n\n\n<li><strong>Textura e cheiro:<\/strong> vers\u00f5es muito perfumadas e com toque siliconado costumam ser melhores para finaliza\u00e7\u00e3o, n\u00e3o para tratamento profundo.<\/li>\n<\/ul>\n\n\n\n<h2 class=\"wp-block-heading\">Como fazer umecta\u00e7\u00e3o capilar com \u00f3leo de coco passo a passo<\/h2>\n\n\n\n<p>O procedimento de <strong>nutri\u00e7\u00e3o com \u00f3leo de coco<\/strong> pode ser feito em casa, desde que alguns cuidados sejam respeitados. Normalmente, o tratamento \u00e9 realizado no dia da lavagem, com o cabelo ainda sujo, para aproveitar a rotina sem sobrecarregar os fios.<\/p>\n\n\n\n<p>Ap\u00f3s o tempo de pausa, muitos profissionais indicam aplicar um condicionador ou creme de tratamento diretamente sobre o \u00f3leo, antes de entrar debaixo do chuveiro. Essa etapa auxilia na emuls\u00e3o do produto, facilitando a remo\u00e7\u00e3o sem ressecar o cabelo com excesso de shampoo.<\/p>\n\n\n\n<h2 class=\"wp-block-heading\">Com que frequ\u00eancia fazer umecta\u00e7\u00e3o com \u00f3leo de coco<\/h2>\n\n\n<div class=\"wp-block-image\">\n<figure class=\"aligncenter size-large\"><img loading=\"lazy\" decoding=\"async\" width=\"1024\" height=\"576\" src=\"https:\/\/www.em.com.br\/emfoco\/wp-content\/uploads\/2025\/09\/oleo-de-coco_1756849018871-1024x576.jpg\" alt=\"\" class=\"wp-image-107601\" srcset=\"https:\/\/www.em.com.br\/emfoco\/wp-content\/uploads\/2025\/09\/oleo-de-coco_1756849018871-1024x576.jpg 1024w, https:\/\/www.em.com.br\/emfoco\/wp-content\/uploads\/2025\/09\/oleo-de-coco_1756849018871-300x169.jpg 300w, https:\/\/www.em.com.br\/emfoco\/wp-content\/uploads\/2025\/09\/oleo-de-coco_1756849018871-768x432.jpg 768w, https:\/\/www.em.com.br\/emfoco\/wp-content\/uploads\/2025\/09\/oleo-de-coco_1756849018871-750x422.jpg 750w, https:\/\/www.em.com.br\/emfoco\/wp-content\/uploads\/2025\/09\/oleo-de-coco_1756849018871-1140x641.jpg 1140w, https:\/\/www.em.com.br\/emfoco\/wp-content\/uploads\/2025\/09\/oleo-de-coco_1756849018871.jpg 1280w\" sizes=\"auto, (max-width: 1024px) 100vw, 1024px\" \/><figcaption class=\"wp-element-caption\">O que a umecta\u00e7\u00e3o com \u00f3leo de coco faz no cabelo &#8211; Cr\u00e9ditos: depositphotos.com \/ VadimVasenin<\/figcaption><\/figure><\/div>\n\n\n<p>A regularidade da <strong>umecta\u00e7\u00e3o com \u00f3leo de coco<\/strong> depende do estado do cabelo e do restante da rotina de cuidados. Fios muito ressecados, com frizz intenso ou submetidos a qu\u00edmicas fortes tendem a responder melhor a aplica\u00e7\u00f5es mais frequentes, desde que n\u00e3o haja sobrecarga de oleosidade.<\/p>\n\n\n\n<p>\u00c9 importante observar a resposta do fio ao tratamento, ajustando os intervalos conforme a apar\u00eancia e o toque do cabelo. Se os fios ficarem pesados ou r\u00edgidos, pode ser sinal de excesso de produto ou ac\u00famulo de res\u00edduos.<\/p>\n\n\n\n<p>Leia mais: <a href=\"https:\/\/www.em.com.br\/saude\/2026\/01\/7331957-guia-da-gestante-no-verao-sete-pontos-de-cuidado-no-calor-praia-e-viagens.html\" target=\"_blank\" rel=\"noreferrer noopener\">Guia da gestante no ver\u00e3o: sete pontos de cuidado no calor, praia e viagens<\/a><\/p>\n\n\n\n<h2 class=\"wp-block-heading\">Umecta\u00e7\u00e3o com \u00f3leo de coco resolve todo tipo de dano nos fios<\/h2>\n\n\n\n<p>A <strong>umecta\u00e7\u00e3o capilar com \u00f3leo de coco<\/strong> atua principalmente na nutri\u00e7\u00e3o e na prote\u00e7\u00e3o da fibra, mas nem todo dano est\u00e1 ligado apenas \u00e0 falta de lip\u00eddios. Cabelos el\u00e1sticos, muito quebradi\u00e7os ou com afinamento acentuado costumam exigir tamb\u00e9m etapas de hidrata\u00e7\u00e3o e reconstru\u00e7\u00e3o com foco em reposi\u00e7\u00e3o de prote\u00ednas.<\/p>\n\n\n\n<p>Nesse contexto, muitos profissionais recomendam organizar um cronograma que intercala hidrata\u00e7\u00e3o, nutri\u00e7\u00e3o e reconstru\u00e7\u00e3o. Quando associada \u00e0 redu\u00e7\u00e3o de fontes de calor, uso de shampoos menos agressivos e cortes peri\u00f3dicos das pontas, a umecta\u00e7\u00e3o contribui para melhorar gradualmente a apar\u00eancia e a resist\u00eancia do cabelo.<\/p>\n","protected":false},"excerpt":{"rendered":"<p>A recupera\u00e7\u00e3o de fios ressecados e \u00e1speros deixou de ser um assunto restrito a sal\u00f5es e passou a fazer parte da rotina de muitas pessoas em casa. Entre as t\u00e9cnicas mais comentadas est\u00e1 a umecta\u00e7\u00e3o capilar com \u00f3leo de coco, indicada para cabelos com pontas extremamente danificadas, frizz acentuado e perda de brilho. O m\u00e9todo [&hellip;]<\/p>\n","protected":false},"author":20,"featured_media":155006,"comment_status":"open","ping_status":"open","sticky":false,"template":"","format":"standard","meta":{"jnews-multi-image_gallery":[],"jnews_single_post":{"format":"standard"},"jnews_primary_category":[],"jnews_social_meta":[],"jnews_override_counter":[],"footnotes":""},"categories":[8819,1],"tags":[4905,22637,6966],"class_list":["post-154983","post","type-post","status-publish","format-standard","has-post-thumbnail","hentry","category-curiosidades","category-noticias","tag-cabelo","tag-humectacao","tag-oleo-de-coco"],"yoast_head":"<!-- This site is optimized with the Yoast SEO plugin v23.8 - https:\/\/yoast.com\/wordpress\/plugins\/seo\/ -->\n<title>Entenda o jeito CERTO de fazer umecta\u00e7\u00e3o capilar com \u00f3leo de coco e recuperar seu cabelo ressecado em casa! - Estado de Minas - Em foco<\/title>\n<meta name=\"description\" content=\"Entenda quando a umecta\u00e7\u00e3o com \u00f3leo de coco realmente funciona, para quais fios ela \u00e9 indicada e quais erros evitam cabelo pesado ou r\u00edgido.\" \/>\n<meta name=\"robots\" content=\"index, follow, max-snippet:-1, max-image-preview:large, max-video-preview:-1\" \/>\n<link rel=\"canonical\" href=\"https:\/\/www.em.com.br\/emfoco\/2026\/01\/15\/entenda-o-jeito-certo-de-fazer-umectacao-capilar-com-oleo-de-coco-e-recuperar-seu-cabelo-ressecado-em-casa\/\" \/>\n<meta property=\"og:locale\" content=\"pt_BR\" \/>\n<meta property=\"og:type\" content=\"article\" \/>\n<meta property=\"og:title\" content=\"Entenda o jeito CERTO de fazer umecta\u00e7\u00e3o capilar com \u00f3leo de coco e recuperar seu cabelo ressecado em casa! - Estado de Minas - Em foco\" \/>\n<meta property=\"og:description\" content=\"Entenda quando a umecta\u00e7\u00e3o com \u00f3leo de coco realmente funciona, para quais fios ela \u00e9 indicada e quais erros evitam cabelo pesado ou r\u00edgido.\" \/>\n<meta property=\"og:url\" content=\"https:\/\/www.em.com.br\/emfoco\/2026\/01\/15\/entenda-o-jeito-certo-de-fazer-umectacao-capilar-com-oleo-de-coco-e-recuperar-seu-cabelo-ressecado-em-casa\/\" \/>\n<meta property=\"og:site_name\" content=\"Estado de Minas - Em foco\" \/>\n<meta property=\"article:published_time\" content=\"2026-01-15T20:25:00+00:00\" \/>\n<meta property=\"article:modified_time\" content=\"2026-01-14T17:22:01+00:00\" \/>\n<meta property=\"og:image\" content=\"https:\/\/www.em.com.br\/emfoco\/wp-content\/uploads\/2026\/01\/umectacao-capiala_1768410942296.jpg\" \/>\n\t<meta property=\"og:image:width\" content=\"1280\" \/>\n\t<meta property=\"og:image:height\" content=\"720\" \/>\n\t<meta property=\"og:image:type\" content=\"image\/jpeg\" \/>\n<meta name=\"author\" content=\"Ingrid Diniz\" \/>\n<meta name=\"twitter:card\" content=\"summary_large_image\" \/>\n<meta name=\"twitter:label1\" content=\"Escrito por\" \/>\n\t<meta name=\"twitter:data1\" content=\"Ingrid Diniz\" \/>\n\t<meta name=\"twitter:label2\" content=\"Est. tempo de leitura\" \/>\n\t<meta name=\"twitter:data2\" content=\"5 minutos\" \/>\n<!-- \/ Yoast SEO plugin. -->","yoast_head_json":{"title":"Entenda o jeito CERTO de fazer umecta\u00e7\u00e3o capilar com \u00f3leo de coco e recuperar seu cabelo ressecado em casa! - Estado de Minas - Em foco","description":"Entenda quando a umecta\u00e7\u00e3o com \u00f3leo de coco realmente funciona, para quais fios ela \u00e9 indicada e quais erros evitam cabelo pesado ou r\u00edgido.","robots":{"index":"index","follow":"follow","max-snippet":"max-snippet:-1","max-image-preview":"max-image-preview:large","max-video-preview":"max-video-preview:-1"},"canonical":"https:\/\/www.em.com.br\/emfoco\/2026\/01\/15\/entenda-o-jeito-certo-de-fazer-umectacao-capilar-com-oleo-de-coco-e-recuperar-seu-cabelo-ressecado-em-casa\/","og_locale":"pt_BR","og_type":"article","og_title":"Entenda o jeito CERTO de fazer umecta\u00e7\u00e3o capilar com \u00f3leo de coco e recuperar seu cabelo ressecado em casa! - Estado de Minas - Em foco","og_description":"Entenda quando a umecta\u00e7\u00e3o com \u00f3leo de coco realmente funciona, para quais fios ela \u00e9 indicada e quais erros evitam cabelo pesado ou r\u00edgido.","og_url":"https:\/\/www.em.com.br\/emfoco\/2026\/01\/15\/entenda-o-jeito-certo-de-fazer-umectacao-capilar-com-oleo-de-coco-e-recuperar-seu-cabelo-ressecado-em-casa\/","og_site_name":"Estado de Minas - Em foco","article_published_time":"2026-01-15T20:25:00+00:00","article_modified_time":"2026-01-14T17:22:01+00:00","og_image":[{"width":1280,"height":720,"url":"https:\/\/www.em.com.br\/emfoco\/wp-content\/uploads\/2026\/01\/umectacao-capiala_1768410942296.jpg","type":"image\/jpeg"}],"author":"Ingrid Diniz","twitter_card":"summary_large_image","twitter_misc":{"Escrito por":"Ingrid Diniz","Est. tempo de leitura":"5 minutos"},"schema":{"@context":"https:\/\/schema.org","@graph":[{"@type":"WebPage","@id":"https:\/\/www.em.com.br\/emfoco\/2026\/01\/15\/entenda-o-jeito-certo-de-fazer-umectacao-capilar-com-oleo-de-coco-e-recuperar-seu-cabelo-ressecado-em-casa\/","url":"https:\/\/www.em.com.br\/emfoco\/2026\/01\/15\/entenda-o-jeito-certo-de-fazer-umectacao-capilar-com-oleo-de-coco-e-recuperar-seu-cabelo-ressecado-em-casa\/","name":"Entenda o jeito CERTO de fazer umecta\u00e7\u00e3o capilar com \u00f3leo de coco e recuperar seu cabelo ressecado em casa! - Estado de Minas - Em foco","isPartOf":{"@id":"https:\/\/www.em.com.br\/emfoco\/#website"},"primaryImageOfPage":{"@id":"https:\/\/www.em.com.br\/emfoco\/2026\/01\/15\/entenda-o-jeito-certo-de-fazer-umectacao-capilar-com-oleo-de-coco-e-recuperar-seu-cabelo-ressecado-em-casa\/#primaryimage"},"image":{"@id":"https:\/\/www.em.com.br\/emfoco\/2026\/01\/15\/entenda-o-jeito-certo-de-fazer-umectacao-capilar-com-oleo-de-coco-e-recuperar-seu-cabelo-ressecado-em-casa\/#primaryimage"},"thumbnailUrl":"https:\/\/www.em.com.br\/emfoco\/wp-content\/uploads\/2026\/01\/umectacao-capiala_1768410942296.jpg","datePublished":"2026-01-15T20:25:00+00:00","dateModified":"2026-01-14T17:22:01+00:00","author":{"@id":"https:\/\/www.em.com.br\/emfoco\/#\/schema\/person\/649e610b4eb8fff87ff394e54fe17b2b"},"description":"Entenda quando a umecta\u00e7\u00e3o com \u00f3leo de coco realmente funciona, para quais fios ela \u00e9 indicada e quais erros evitam cabelo pesado ou r\u00edgido.","breadcrumb":{"@id":"https:\/\/www.em.com.br\/emfoco\/2026\/01\/15\/entenda-o-jeito-certo-de-fazer-umectacao-capilar-com-oleo-de-coco-e-recuperar-seu-cabelo-ressecado-em-casa\/#breadcrumb"},"inLanguage":"pt-BR","potentialAction":[{"@type":"ReadAction","target":["https:\/\/www.em.com.br\/emfoco\/2026\/01\/15\/entenda-o-jeito-certo-de-fazer-umectacao-capilar-com-oleo-de-coco-e-recuperar-seu-cabelo-ressecado-em-casa\/"]}]},{"@type":"ImageObject","inLanguage":"pt-BR","@id":"https:\/\/www.em.com.br\/emfoco\/2026\/01\/15\/entenda-o-jeito-certo-de-fazer-umectacao-capilar-com-oleo-de-coco-e-recuperar-seu-cabelo-ressecado-em-casa\/#primaryimage","url":"https:\/\/www.em.com.br\/emfoco\/wp-content\/uploads\/2026\/01\/umectacao-capiala_1768410942296.jpg","contentUrl":"https:\/\/www.em.com.br\/emfoco\/wp-content\/uploads\/2026\/01\/umectacao-capiala_1768410942296.jpg","width":1280,"height":720,"caption":"\u00d3leo de coco no cabelo salva os fios ressecados em casa - Cr\u00e9ditos: depositphotos.com \/ IgorVetushko"},{"@type":"BreadcrumbList","@id":"https:\/\/www.em.com.br\/emfoco\/2026\/01\/15\/entenda-o-jeito-certo-de-fazer-umectacao-capilar-com-oleo-de-coco-e-recuperar-seu-cabelo-ressecado-em-casa\/#breadcrumb","itemListElement":[{"@type":"ListItem","position":1,"name":"In\u00edcio","item":"https:\/\/www.em.com.br\/emfoco\/"},{"@type":"ListItem","position":2,"name":"Entenda o jeito CERTO de fazer umecta\u00e7\u00e3o capilar com \u00f3leo de coco e recuperar seu cabelo ressecado em casa!"}]},{"@type":"WebSite","@id":"https:\/\/www.em.com.br\/emfoco\/#website","url":"https:\/\/www.em.com.br\/emfoco\/","name":"Estado de Minas - Em foco","description":"Acompanhe as \u00faltimas not\u00edcias e fique bem informado sobre tudo o que acontece em Minas Gerais, Brasil e no mundo.","potentialAction":[{"@type":"SearchAction","target":{"@type":"EntryPoint","urlTemplate":"https:\/\/www.em.com.br\/emfoco\/?s={search_term_string}"},"query-input":{"@type":"PropertyValueSpecification","valueRequired":true,"valueName":"search_term_string"}}],"inLanguage":"pt-BR"},{"@type":"Person","@id":"https:\/\/www.em.com.br\/emfoco\/#\/schema\/person\/649e610b4eb8fff87ff394e54fe17b2b","name":"Ingrid Diniz","image":{"@type":"ImageObject","inLanguage":"pt-BR","@id":"https:\/\/www.em.com.br\/emfoco\/#\/schema\/person\/image\/","url":"https:\/\/secure.gravatar.com\/avatar\/a3baa1449ec5c39b4c42babc9d4f3951?s=96&d=mm&r=g","contentUrl":"https:\/\/secure.gravatar.com\/avatar\/a3baa1449ec5c39b4c42babc9d4f3951?s=96&d=mm&r=g","caption":"Ingrid Diniz"},"sameAs":["https:\/\/www.em.com.br\/"],"url":"https:\/\/www.em.com.br\/emfoco\/author\/ingridmyth\/"}]}},"_links":{"self":[{"href":"https:\/\/www.em.com.br\/emfoco\/wp-json\/wp\/v2\/posts\/154983","targetHints":{"allow":["GET"]}}],"collection":[{"href":"https:\/\/www.em.com.br\/emfoco\/wp-json\/wp\/v2\/posts"}],"about":[{"href":"https:\/\/www.em.com.br\/emfoco\/wp-json\/wp\/v2\/types\/post"}],"author":[{"embeddable":true,"href":"https:\/\/www.em.com.br\/emfoco\/wp-json\/wp\/v2\/users\/20"}],"replies":[{"embeddable":true,"href":"https:\/\/www.em.com.br\/emfoco\/wp-json\/wp\/v2\/comments?post=154983"}],"version-history":[{"count":1,"href":"https:\/\/www.em.com.br\/emfoco\/wp-json\/wp\/v2\/posts\/154983\/revisions"}],"predecessor-version":[{"id":155013,"href":"https:\/\/www.em.com.br\/emfoco\/wp-json\/wp\/v2\/posts\/154983\/revisions\/155013"}],"wp:featuredmedia":[{"embeddable":true,"href":"https:\/\/www.em.com.br\/emfoco\/wp-json\/wp\/v2\/media\/155006"}],"wp:attachment":[{"href":"https:\/\/www.em.com.br\/emfoco\/wp-json\/wp\/v2\/media?parent=154983"}],"wp:term":[{"taxonomy":"category","embeddable":true,"href":"https:\/\/www.em.com.br\/emfoco\/wp-json\/wp\/v2\/categories?post=154983"},{"taxonomy":"post_tag","embeddable":true,"href":"https:\/\/www.em.com.br\/emfoco\/wp-json\/wp\/v2\/tags?post=154983"}],"curies":[{"name":"wp","href":"https:\/\/api.w.org\/{rel}","templated":true}]}}