{"id":154961,"date":"2026-01-15T06:35:00","date_gmt":"2026-01-15T09:35:00","guid":{"rendered":"https:\/\/www.em.com.br\/emfoco\/?p=154961"},"modified":"2026-01-14T19:22:03","modified_gmt":"2026-01-14T22:22:03","slug":"esses-tres-signos-podem-enfrentar-um-janeiro-mais-complicado","status":"publish","type":"post","link":"https:\/\/www.em.com.br\/emfoco\/2026\/01\/15\/esses-tres-signos-podem-enfrentar-um-janeiro-mais-complicado\/","title":{"rendered":"Esses tr\u00eas signos podem enfrentar um janeiro mais complicado"},"content":{"rendered":"\n<p>Janeiro costuma ser visto como um per\u00edodo de reajustes, e em 2026 a astrologia aponta que a entrada do ano pode ser mais exigente para alguns signos, mexendo com humor, rela\u00e7\u00f5es e a forma como cada pessoa lida com responsabilidades, enquanto outros perfis encaram mudan\u00e7as desconfort\u00e1veis, por\u00e9m cheias de potencial de crescimento emocional e pr\u00e1tico.<\/p>\n\n\n\n<h2 class=\"wp-block-heading\">Quais signos enfrentam mais press\u00e3o neste in\u00edcio de janeiro?<\/h2>\n\n\n\n<p>Dentro das previs\u00f5es astrol\u00f3gicas de janeiro, tr\u00eas <a href=\"https:\/\/www.em.com.br\/emfoco\/2026\/01\/14\/seu-signo-pode-ajudar-nas-vendas-simpatias-para-janeiro-de-2026\/\" target=\"_blank\" rel=\"noreferrer noopener\">signos <\/a>se destacam por atravessar uma fase mais tensa: <strong>C\u00e2ncer<\/strong>, <strong>Le\u00e3o <\/strong>e <strong>Escorpi\u00e3o<\/strong>. O tom comum \u00e9 a sensa\u00e7\u00e3o de sobrecarga, seja emocional, pr\u00e1tica ou mental, exigindo reorganiza\u00e7\u00e3o de prioridades e mais autocuidado.<\/p>\n\n\n\n<p>No caso de <strong>C\u00e2ncer <\/strong>(21 de junho a 21 de julho), a tend\u00eancia \u00e9 de maior sensibilidade e vontade de abra\u00e7ar muitas tarefas ao mesmo tempo. A recomenda\u00e7\u00e3o \u00e9 filtrar encargos, reconhecer limites e reservar tempo para o pr\u00f3prio bem-estar, evitando carregar responsabilidades que n\u00e3o s\u00e3o realmente suas.<\/p>\n\n\n\n<figure class=\"wp-block-image\"><img decoding=\"async\" src=\"https:\/\/www.em.com.br\/emfoco\/wp-content\/uploads\/2025\/07\/pessoa-nervosa_1753921139793-1024x576.jpg\" alt=\"\"\/><figcaption class=\"wp-element-caption\">Janeiro come\u00e7a pesado para alguns signos e exige ajustes imediatos &#8211; Cr\u00e9ditos: depositphotos.com \/ Bruno135<\/figcaption><\/figure>\n\n\n\n<h2 class=\"wp-block-heading\">Como Le\u00e3o e Escorpi\u00e3o lidam com decis\u00f5es e imprevistos?<\/h2>\n\n\n\n<p>Para <strong>Le\u00e3o <\/strong>(22 de julho a 22 de agosto), o foco recai sobre problemas pr\u00e1ticos e decis\u00f5es adiadas, que agora cobram uma resposta mais madura. As fases da Lua indicam necessidade de mudan\u00e7a na rotina, nos h\u00e1bitos ou em projetos pessoais, pedindo coragem para encarar escolhas que vinham sendo evitadas.<\/p>\n\n\n\n<p>J\u00e1 <strong>Escorpi\u00e3o <\/strong>(23 de outubro a 21 de novembro) pode enfrentar altera\u00e7\u00f5es inesperadas, conversas inadi\u00e1veis e ajustes em rela\u00e7\u00f5es importantes. A energia desse signo favorece transformar crises em estrat\u00e9gia, mantendo firmeza para usar esse per\u00edodo como reorganiza\u00e7\u00e3o de vida, e n\u00e3o apenas como tens\u00e3o.<\/p>\n\n\n\n<h2 class=\"wp-block-heading\">Por que o amarelo \u00e9 indicado como cor da semana?<\/h2>\n\n\n\n<p>Entre as orienta\u00e7\u00f5es mais citadas para esta semana de janeiro, surge a indica\u00e7\u00e3o de apostar na cor amarela. Associada ao Sol, \u00e0 energia mental e \u00e0 clareza, essa tonalidade \u00e9 vista como um apoio para objetividade, foco e rapidez de racioc\u00ednio, sobretudo sob press\u00e3o emocional.<\/p>\n\n\n\n<p>Em contextos astrol\u00f3gicos atuais, o amarelo \u00e9 sugerido especialmente em situa\u00e7\u00f5es que pedem mais concentra\u00e7\u00e3o e pensamento l\u00f3gico no dia a dia:<\/p>\n\n\n\n<ul class=\"wp-block-list\">\n<li>quando h\u00e1 excesso de preocupa\u00e7\u00f5es e dificuldade para organizar pensamentos;<\/li>\n\n\n\n<li>quando \u00e9 preciso tomar decis\u00f5es em pouco tempo, evitando longas hesita\u00e7\u00f5es;<\/li>\n\n\n\n<li>quando conflitos exigem posicionamento l\u00facido, sem ceder a impulsos;<\/li>\n\n\n\n<li>quando C\u00e2ncer, Le\u00e3o e Escorpi\u00e3o precisam de um lembrete visual para agir com mais racionalidade.<\/li>\n<\/ul>\n\n\n\n<figure class=\"wp-block-image\"><img decoding=\"async\" src=\"https:\/\/www.em.com.br\/emfoco\/wp-content\/uploads\/2025\/09\/astrologia_1758493545833-1024x576.jpg\" alt=\"\"\/><figcaption class=\"wp-element-caption\">A influencia dos signos &#8211; Cr\u00e9ditos: depositphotos.com \/ monsit<\/figcaption><\/figure>\n\n\n\n<h2 class=\"wp-block-heading\">Quais signos recebem b\u00ean\u00e7\u00e3os disfar\u00e7adas de desconforto?<\/h2>\n\n\n\n<p>Enquanto tr\u00eas signos lidam com uma semana mais dif\u00edcil em janeiro, outros quatro aparecem nas previs\u00f5es como receptores de \u201cb\u00ean\u00e7\u00e3os disfar\u00e7adas de desconforto\u201d. Nesses casos, conflitos, a\u00e7\u00f5es necess\u00e1rias e confrontos diretos reativam temas antigos, abrindo espa\u00e7o para ajustes positivos.<\/p>\n\n\n\n<p>Quando a astrologia fala em \u201cb\u00ean\u00e7\u00e3os disfar\u00e7adas\u201d, indica processos que resgatam o passado, obrigam a rever padr\u00f5es de comportamento e conduzem a mudan\u00e7as de rota. O cen\u00e1rio de janeiro de 2025 favorece <a href=\"http:\/\/www.pathworkrjes.com.br\/PathworkDic\/Consult\/dic_sh_term.php?lang=por&amp;term_nbr=202\" target=\"_blank\" rel=\"noreferrer noopener\">crescimento emocional<\/a>, redefini\u00e7\u00e3o de limites e novas oportunidades, mesmo que o primeiro impacto seja inc\u00f4modo.<\/p>\n\n\n\n<h2 class=\"wp-block-heading\">Como usar as previs\u00f5es de janeiro de forma pr\u00e1tica e transformadora<\/h2>\n\n\n\n<p>As previs\u00f5es de janeiro funcionam como um mapa simb\u00f3lico, n\u00e3o como senten\u00e7a definitiva, e podem inspirar escolhas mais conscientes. Rever compromissos, priorizar o que \u00e9 poss\u00edvel cumprir e observar padr\u00f5es que se repetem em conflitos ajudam a transformar tens\u00e3o em aprendizado concreto.<\/p>\n\n\n\n<p>Este in\u00edcio de 2026 pode ser um teste de resist\u00eancia para alguns e um gatilho de virada para outros, misturando desafios, cores e movimentos internos intensos; use esta semana para agir agora, ajustar o que est\u00e1 pendente e n\u00e3o adiar conversas ou decis\u00f5es que podem mudar o rumo do seu ano.<\/p>\n","protected":false},"excerpt":{"rendered":"<p>Janeiro costuma ser visto como um per\u00edodo de reajustes, e em 2026 a astrologia aponta que a entrada do ano pode ser mais exigente para alguns signos, mexendo com humor, rela\u00e7\u00f5es e a forma como cada pessoa lida com responsabilidades, enquanto outros perfis encaram mudan\u00e7as desconfort\u00e1veis, por\u00e9m cheias de potencial de crescimento emocional e pr\u00e1tico. [&hellip;]<\/p>\n","protected":false},"author":11,"featured_media":104157,"comment_status":"open","ping_status":"open","sticky":false,"template":"","format":"standard","meta":{"jnews-multi-image_gallery":[],"jnews_single_post":{"format":"standard"},"jnews_primary_category":[],"jnews_social_meta":[],"jnews_override_counter":[],"footnotes":""},"categories":[1,25],"tags":[171,786,168],"class_list":["post-154961","post","type-post","status-publish","format-standard","has-post-thumbnail","hentry","category-noticias","category-signos","tag-horoscopo","tag-janeiro","tag-signos"],"yoast_head":"<!-- This site is optimized with the Yoast SEO plugin v23.8 - https:\/\/yoast.com\/wordpress\/plugins\/seo\/ -->\n<title>Esses tr\u00eas signos podem enfrentar um janeiro mais complicado - Estado de Minas - Em foco<\/title>\n<meta name=\"description\" content=\"Alguns signos enfrentam tens\u00e3o e mudan\u00e7as no come\u00e7o de janeiro. O desconforto pode esconder crescimento e viradas.\" \/>\n<meta name=\"robots\" content=\"index, follow, max-snippet:-1, max-image-preview:large, max-video-preview:-1\" \/>\n<link rel=\"canonical\" href=\"https:\/\/www.em.com.br\/emfoco\/2026\/01\/15\/esses-tres-signos-podem-enfrentar-um-janeiro-mais-complicado\/\" \/>\n<meta property=\"og:locale\" content=\"pt_BR\" \/>\n<meta property=\"og:type\" content=\"article\" \/>\n<meta property=\"og:title\" content=\"Esses tr\u00eas signos podem enfrentar um janeiro mais complicado - Estado de Minas - Em foco\" \/>\n<meta property=\"og:description\" content=\"Alguns signos enfrentam tens\u00e3o e mudan\u00e7as no come\u00e7o de janeiro. O desconforto pode esconder crescimento e viradas.\" \/>\n<meta property=\"og:url\" content=\"https:\/\/www.em.com.br\/emfoco\/2026\/01\/15\/esses-tres-signos-podem-enfrentar-um-janeiro-mais-complicado\/\" \/>\n<meta property=\"og:site_name\" content=\"Estado de Minas - Em foco\" \/>\n<meta property=\"article:published_time\" content=\"2026-01-15T09:35:00+00:00\" \/>\n<meta property=\"article:modified_time\" content=\"2026-01-14T22:22:03+00:00\" \/>\n<meta property=\"og:image\" content=\"https:\/\/www.em.com.br\/emfoco\/wp-content\/uploads\/2025\/09\/funcionario-triste_1757817163405.jpg\" \/>\n\t<meta property=\"og:image:width\" content=\"1280\" \/>\n\t<meta property=\"og:image:height\" content=\"720\" \/>\n\t<meta property=\"og:image:type\" content=\"image\/jpeg\" \/>\n<meta name=\"author\" content=\"Andre\u0301 Rangel\u00a0\" \/>\n<meta name=\"twitter:card\" content=\"summary_large_image\" \/>\n<meta name=\"twitter:label1\" content=\"Escrito por\" \/>\n\t<meta name=\"twitter:data1\" content=\"Andre\u0301 Rangel\u00a0\" \/>\n\t<meta name=\"twitter:label2\" content=\"Est. tempo de leitura\" \/>\n\t<meta name=\"twitter:data2\" content=\"4 minutos\" \/>\n<!-- \/ Yoast SEO plugin. -->","yoast_head_json":{"title":"Esses tr\u00eas signos podem enfrentar um janeiro mais complicado - Estado de Minas - Em foco","description":"Alguns signos enfrentam tens\u00e3o e mudan\u00e7as no come\u00e7o de janeiro. O desconforto pode esconder crescimento e viradas.","robots":{"index":"index","follow":"follow","max-snippet":"max-snippet:-1","max-image-preview":"max-image-preview:large","max-video-preview":"max-video-preview:-1"},"canonical":"https:\/\/www.em.com.br\/emfoco\/2026\/01\/15\/esses-tres-signos-podem-enfrentar-um-janeiro-mais-complicado\/","og_locale":"pt_BR","og_type":"article","og_title":"Esses tr\u00eas signos podem enfrentar um janeiro mais complicado - Estado de Minas - Em foco","og_description":"Alguns signos enfrentam tens\u00e3o e mudan\u00e7as no come\u00e7o de janeiro. O desconforto pode esconder crescimento e viradas.","og_url":"https:\/\/www.em.com.br\/emfoco\/2026\/01\/15\/esses-tres-signos-podem-enfrentar-um-janeiro-mais-complicado\/","og_site_name":"Estado de Minas - Em foco","article_published_time":"2026-01-15T09:35:00+00:00","article_modified_time":"2026-01-14T22:22:03+00:00","og_image":[{"width":1280,"height":720,"url":"https:\/\/www.em.com.br\/emfoco\/wp-content\/uploads\/2025\/09\/funcionario-triste_1757817163405.jpg","type":"image\/jpeg"}],"author":"Andre\u0301 Rangel\u00a0","twitter_card":"summary_large_image","twitter_misc":{"Escrito por":"Andre\u0301 Rangel\u00a0","Est. tempo de leitura":"4 minutos"},"schema":{"@context":"https:\/\/schema.org","@graph":[{"@type":"WebPage","@id":"https:\/\/www.em.com.br\/emfoco\/2026\/01\/15\/esses-tres-signos-podem-enfrentar-um-janeiro-mais-complicado\/","url":"https:\/\/www.em.com.br\/emfoco\/2026\/01\/15\/esses-tres-signos-podem-enfrentar-um-janeiro-mais-complicado\/","name":"Esses tr\u00eas signos podem enfrentar um janeiro mais complicado - Estado de Minas - Em foco","isPartOf":{"@id":"https:\/\/www.em.com.br\/emfoco\/#website"},"primaryImageOfPage":{"@id":"https:\/\/www.em.com.br\/emfoco\/2026\/01\/15\/esses-tres-signos-podem-enfrentar-um-janeiro-mais-complicado\/#primaryimage"},"image":{"@id":"https:\/\/www.em.com.br\/emfoco\/2026\/01\/15\/esses-tres-signos-podem-enfrentar-um-janeiro-mais-complicado\/#primaryimage"},"thumbnailUrl":"https:\/\/www.em.com.br\/emfoco\/wp-content\/uploads\/2025\/09\/funcionario-triste_1757817163405.jpg","datePublished":"2026-01-15T09:35:00+00:00","dateModified":"2026-01-14T22:22:03+00:00","author":{"@id":"https:\/\/www.em.com.br\/emfoco\/#\/schema\/person\/60eda09c1fedf0d6891f4cef4b60b8b8"},"description":"Alguns signos enfrentam tens\u00e3o e mudan\u00e7as no come\u00e7o de janeiro. O desconforto pode esconder crescimento e viradas.","breadcrumb":{"@id":"https:\/\/www.em.com.br\/emfoco\/2026\/01\/15\/esses-tres-signos-podem-enfrentar-um-janeiro-mais-complicado\/#breadcrumb"},"inLanguage":"pt-BR","potentialAction":[{"@type":"ReadAction","target":["https:\/\/www.em.com.br\/emfoco\/2026\/01\/15\/esses-tres-signos-podem-enfrentar-um-janeiro-mais-complicado\/"]}]},{"@type":"ImageObject","inLanguage":"pt-BR","@id":"https:\/\/www.em.com.br\/emfoco\/2026\/01\/15\/esses-tres-signos-podem-enfrentar-um-janeiro-mais-complicado\/#primaryimage","url":"https:\/\/www.em.com.br\/emfoco\/wp-content\/uploads\/2025\/09\/funcionario-triste_1757817163405.jpg","contentUrl":"https:\/\/www.em.com.br\/emfoco\/wp-content\/uploads\/2025\/09\/funcionario-triste_1757817163405.jpg","width":1280,"height":720,"caption":"Janeiro exige maturidade emocional - Cr\u00e9ditos: depositphotos.com \/ undrey"},{"@type":"BreadcrumbList","@id":"https:\/\/www.em.com.br\/emfoco\/2026\/01\/15\/esses-tres-signos-podem-enfrentar-um-janeiro-mais-complicado\/#breadcrumb","itemListElement":[{"@type":"ListItem","position":1,"name":"In\u00edcio","item":"https:\/\/www.em.com.br\/emfoco\/"},{"@type":"ListItem","position":2,"name":"Esses tr\u00eas signos podem enfrentar um janeiro mais complicado"}]},{"@type":"WebSite","@id":"https:\/\/www.em.com.br\/emfoco\/#website","url":"https:\/\/www.em.com.br\/emfoco\/","name":"Estado de Minas - Em foco","description":"Acompanhe as \u00faltimas not\u00edcias e fique bem informado sobre tudo o que acontece em Minas Gerais, Brasil e no mundo.","potentialAction":[{"@type":"SearchAction","target":{"@type":"EntryPoint","urlTemplate":"https:\/\/www.em.com.br\/emfoco\/?s={search_term_string}"},"query-input":{"@type":"PropertyValueSpecification","valueRequired":true,"valueName":"search_term_string"}}],"inLanguage":"pt-BR"},{"@type":"Person","@id":"https:\/\/www.em.com.br\/emfoco\/#\/schema\/person\/60eda09c1fedf0d6891f4cef4b60b8b8","name":"Andre\u0301 Rangel\u00a0","image":{"@type":"ImageObject","inLanguage":"pt-BR","@id":"https:\/\/www.em.com.br\/emfoco\/#\/schema\/person\/image\/","url":"https:\/\/secure.gravatar.com\/avatar\/6234dc814c77c8ef6d8bba622c787efc?s=96&d=mm&r=g","contentUrl":"https:\/\/secure.gravatar.com\/avatar\/6234dc814c77c8ef6d8bba622c787efc?s=96&d=mm&r=g","caption":"Andre\u0301 Rangel\u00a0"},"url":"https:\/\/www.em.com.br\/emfoco\/author\/luizmyth\/"}]}},"_links":{"self":[{"href":"https:\/\/www.em.com.br\/emfoco\/wp-json\/wp\/v2\/posts\/154961","targetHints":{"allow":["GET"]}}],"collection":[{"href":"https:\/\/www.em.com.br\/emfoco\/wp-json\/wp\/v2\/posts"}],"about":[{"href":"https:\/\/www.em.com.br\/emfoco\/wp-json\/wp\/v2\/types\/post"}],"author":[{"embeddable":true,"href":"https:\/\/www.em.com.br\/emfoco\/wp-json\/wp\/v2\/users\/11"}],"replies":[{"embeddable":true,"href":"https:\/\/www.em.com.br\/emfoco\/wp-json\/wp\/v2\/comments?post=154961"}],"version-history":[{"count":4,"href":"https:\/\/www.em.com.br\/emfoco\/wp-json\/wp\/v2\/posts\/154961\/revisions"}],"predecessor-version":[{"id":155010,"href":"https:\/\/www.em.com.br\/emfoco\/wp-json\/wp\/v2\/posts\/154961\/revisions\/155010"}],"wp:featuredmedia":[{"embeddable":true,"href":"https:\/\/www.em.com.br\/emfoco\/wp-json\/wp\/v2\/media\/104157"}],"wp:attachment":[{"href":"https:\/\/www.em.com.br\/emfoco\/wp-json\/wp\/v2\/media?parent=154961"}],"wp:term":[{"taxonomy":"category","embeddable":true,"href":"https:\/\/www.em.com.br\/emfoco\/wp-json\/wp\/v2\/categories?post=154961"},{"taxonomy":"post_tag","embeddable":true,"href":"https:\/\/www.em.com.br\/emfoco\/wp-json\/wp\/v2\/tags?post=154961"}],"curies":[{"name":"wp","href":"https:\/\/api.w.org\/{rel}","templated":true}]}}