{"id":154920,"date":"2026-01-17T12:45:00","date_gmt":"2026-01-17T15:45:00","guid":{"rendered":"https:\/\/www.em.com.br\/emfoco\/?p=154920"},"modified":"2026-01-16T19:35:09","modified_gmt":"2026-01-16T22:35:09","slug":"dermatologista-revela-o-que-acontece-quando-nao-limpa-bem-o-umbigo","status":"publish","type":"post","link":"https:\/\/www.em.com.br\/emfoco\/2026\/01\/17\/dermatologista-revela-o-que-acontece-quando-nao-limpa-bem-o-umbigo\/","title":{"rendered":"Dermatologista revela o que acontece quando n\u00e3o limpa bem o umbigo"},"content":{"rendered":"\n<p>O umbigo costuma ser uma \u00e1rea esquecida no banho, mas, por acumular suor, res\u00edduos de pele, produtos e poeira, pode se tornar um ponto de prolifera\u00e7\u00e3o de fungos e bact\u00e9rias, causando mau cheiro, irrita\u00e7\u00f5es e at\u00e9 infec\u00e7\u00f5es se n\u00e3o for cuidado com aten\u00e7\u00e3o. A dermatologista <strong>Maria das Gra\u00e7as Leto<\/strong> refor\u00e7a que, por ser uma regi\u00e3o de dobra e muitas vezes profunda, o umbigo precisa ser inclu\u00eddo de forma consciente na rotina de higiene, assim como \u00e1reas como atr\u00e1s das orelhas e entre os dedos dos p\u00e9s.<\/p>\n\n\n\n<h2 class=\"wp-block-heading\">Por que o umbigo precisa de aten\u00e7\u00e3o especial na higiene di\u00e1ria<\/h2>\n\n\n\n<p>A higiene do umbigo \u00e9 importante porque essa cavidade funciona como uma \u201cdobrinha\u201d da pele, onde res\u00edduos se acumulam facilmente. Em quem tem umbigo mais profundo, a limpeza \u00e9 mais dif\u00edcil, o que favorece inflama\u00e7\u00f5es, irrita\u00e7\u00f5es locais e mau cheiro persistente.<\/p>\n\n\n\n<p>Roupas apertadas, suor e atrito constante podem machucar a pele e aumentar a umidade, especialmente em dias quentes ou em quem pratica exerc\u00edcios. Esportistas, pessoas que trabalham em ambientes muito quentes ou que suam em excesso devem ter aten\u00e7\u00e3o redobrada e, se necess\u00e1rio, refor\u00e7ar a secagem ao longo do dia.<\/p>\n\n\n\n<p>Selecionamos o v\u00eddeo do <a href=\"https:\/\/www.tiktok.com\/@portaldrauziovarella\" target=\"_blank\" rel=\"noreferrer noopener\">Portal Drauzio<\/a> que faz sucesso no TikTok e responde uma caixinha de pergunta sobre como limpar o umbigo:<\/p>\n\n\n\n<figure class=\"wp-block-embed is-type-video is-provider-tiktok wp-block-embed-tiktok\"><div class=\"wp-block-embed__wrapper\">\n<blockquote class=\"tiktok-embed\" cite=\"https:\/\/www.tiktok.com\/@portaldrauziovarella\/video\/7263559986201021701\" data-video-id=\"7263559986201021701\" data-embed-from=\"oembed\" style=\"max-width:605px; min-width:325px;\"> <section> <a target=\"_blank\" title=\"@portaldrauziovarella\" href=\"https:\/\/www.tiktok.com\/@portaldrauziovarella?refer=embed\">@portaldrauziovarella<\/a> <p>Respondendo a @monalisa.davinte O seu umbigo tamb\u00e9m merece uma aten\u00e7\u00e3ozinha na hora do banho, viu? \ud83d\udc40 <a title=\"drauziocorreaqui\" target=\"_blank\" href=\"https:\/\/www.tiktok.com\/tag\/drauziocorreaqui?refer=embed\">#drauziocorreaqui<\/a> <a title=\"umbigo\" target=\"_blank\" href=\"https:\/\/www.tiktok.com\/tag\/umbigo?refer=embed\">#umbigo<\/a> <a title=\"higiene\" target=\"_blank\" href=\"https:\/\/www.tiktok.com\/tag\/higiene?refer=embed\">#higiene<\/a> <a title=\"banho\" target=\"_blank\" href=\"https:\/\/www.tiktok.com\/tag\/banho?refer=embed\">#banho<\/a> <\/p> <a target=\"_blank\" title=\"\u266c som original - Portal Drauzio\" href=\"https:\/\/www.tiktok.com\/music\/som-original-7263559989634026246?refer=embed\">\u266c som original &#8211; Portal Drauzio<\/a> <\/section> <\/blockquote> <script async src=\"https:\/\/www.tiktok.com\/embed.js\"><\/script>\n<\/div><\/figure>\n\n\n\n<h2 class=\"wp-block-heading\">Quais s\u00e3o os principais riscos de n\u00e3o lavar bem o umbigo<\/h2>\n\n\n\n<p>Quando a higieniza\u00e7\u00e3o do umbigo \u00e9 ignorada ou feita de forma inadequada, podem surgir irrita\u00e7\u00f5es, vermelhid\u00e3o, coceira, mau cheiro e at\u00e9 secre\u00e7\u00f5es. Em casos mais avan\u00e7ados, a infec\u00e7\u00e3o pode evoluir para onfalite (inflama\u00e7\u00e3o do umbigo), exigir avalia\u00e7\u00e3o m\u00e9dica e uso de pomadas antibi\u00f3ticas ou antif\u00fangicas.<\/p>\n\n\n\n<p>Pessoas com doen\u00e7as cr\u00f4nicas, como <a href=\"https:\/\/www.em.com.br\/emfoco\/2025\/12\/01\/diabetes-tipo-2-pode-ser-controlada-com-mais-eficacia-ao-combinar-esses-2-exercicios\/\" target=\"_blank\" rel=\"noreferrer noopener\">diabetes<\/a>, ou com imunidade baixa t\u00eam maior risco de complica\u00e7\u00f5es e piora r\u00e1pida do quadro. Alguns sintomas indicam que o umbigo pode estar com um problema que vai al\u00e9m da simples sujeira do dia a dia e merecem aten\u00e7\u00e3o imediata:<\/p>\n\n\n\n<ul class=\"wp-block-list\">\n<li>Vermelhid\u00e3o persistente ao redor do umbigo<\/li>\n\n\n\n<li>Coceira que n\u00e3o melhora com a limpeza di\u00e1ria<\/li>\n\n\n\n<li>Odor forte mesmo ap\u00f3s o banho<\/li>\n\n\n\n<li>Secre\u00e7\u00e3o amarelada, esverdeada ou com sangue<\/li>\n\n\n\n<li>Dor ou sensa\u00e7\u00e3o de queima\u00e7\u00e3o na regi\u00e3o<\/li>\n<\/ul>\n\n\n\n<h2 class=\"wp-block-heading\">Como fazer a higiene correta do umbigo no dia a dia<\/h2>\n\n\n\n<p>A limpeza do umbigo pode ser inclu\u00edda na rotina normal do banho, de maneira simples e cuidadosa. A \u00e1gua morna ajuda a amolecer sujeiras acumuladas, facilitando a remo\u00e7\u00e3o sem agredir a pele sens\u00edvel; para a maioria das pessoas, uma vez ao dia \u00e9 suficiente.<\/p>\n\n\n\n<p>Na maior parte dos casos, o pr\u00f3prio dedo limpo, com um pouco de sabonete suave, \u00e9 suficiente para higienizar a parte externa e a entrada do umbigo. Em seguida, \u00e9 essencial enxaguar bem e secar com cuidado, usando toalha limpa e, em umbigos mais fundos, um peda\u00e7o de algod\u00e3o seco para retirar o excesso de umidade.<\/p>\n\n\n\n<ol class=\"wp-block-list\">\n<li>Durante o banho, aplicar um sabonete neutro ou suave na regi\u00e3o do umbigo.<\/li>\n\n\n\n<li>Massagear delicadamente, usando a ponta do dedo para alcan\u00e7ar as \u00e1reas acess\u00edveis.<\/li>\n\n\n\n<li>Enxaguar bem, garantindo que n\u00e3o fiquem res\u00edduos de espuma dentro do umbigo.<\/li>\n\n\n\n<li>Ap\u00f3s o banho, secar com cuidado usando uma toalha limpa, sem esfregar com for\u00e7a.<\/li>\n\n\n\n<li>Em umbigos mais fundos, usar um peda\u00e7o de algod\u00e3o seco para retirar o excesso de umidade.<\/li>\n<\/ol>\n\n\n\n<p>O uso de cotonetes pode ser feito com cuidado, sem for\u00e7ar o fundo do umbigo para n\u00e3o machucar a pele. Se houver dor ao introduzir a cotonete ou se sair secre\u00e7\u00e3o, o ideal \u00e9 interromper a limpeza mais profunda e procurar avalia\u00e7\u00e3o m\u00e9dica, em vez de insistir.<\/p>\n\n\n\n<figure class=\"wp-block-image size-large\"><img loading=\"lazy\" decoding=\"async\" width=\"1024\" height=\"576\" src=\"https:\/\/www.em.com.br\/emfoco\/wp-content\/uploads\/2026\/01\/umbigo-_1768407226273-1024x576.jpg\" alt=\"O que acontece quando o umbigo n\u00e3o \u00e9 bem higienizado\" class=\"wp-image-154951\" srcset=\"https:\/\/www.em.com.br\/emfoco\/wp-content\/uploads\/2026\/01\/umbigo-_1768407226273-1024x576.jpg 1024w, https:\/\/www.em.com.br\/emfoco\/wp-content\/uploads\/2026\/01\/umbigo-_1768407226273-300x169.jpg 300w, https:\/\/www.em.com.br\/emfoco\/wp-content\/uploads\/2026\/01\/umbigo-_1768407226273-768x432.jpg 768w, https:\/\/www.em.com.br\/emfoco\/wp-content\/uploads\/2026\/01\/umbigo-_1768407226273-750x422.jpg 750w, https:\/\/www.em.com.br\/emfoco\/wp-content\/uploads\/2026\/01\/umbigo-_1768407226273-1140x641.jpg 1140w, https:\/\/www.em.com.br\/emfoco\/wp-content\/uploads\/2026\/01\/umbigo-_1768407226273.jpg 1280w\" sizes=\"auto, (max-width: 1024px) 100vw, 1024px\" \/><figcaption class=\"wp-element-caption\">O que acontece quando o umbigo n\u00e3o \u00e9 bem higienizado &#8211; Cr\u00e9ditos: depositphotos.com \/ Krakenimages.com<\/figcaption><\/figure>\n\n\n\n<h2 class=\"wp-block-heading\">Quais erros evitar na higiene do umbigo para n\u00e3o causar infec\u00e7\u00f5es<\/h2>\n\n\n\n<p>Um erro comum \u00e9 achar que quanto mais forte esfregar, mais limpo ficar\u00e1 o umbigo, quando na verdade isso aumenta o risco de feridas e irrita\u00e7\u00f5es. Tamb\u00e9m \u00e9 prejudicial usar \u00e1lcool, antiss\u00e9pticos agressivos, perfumes ou desodorantes dentro da cavidade, pois eles podem ressecar e romper a barreira natural da pele.<\/p>\n\n\n\n<p>Outra atitude perigosa \u00e9 tentar retirar sujeira com objetos pontiagudos ou duros, o que facilita a entrada de fungos e bact\u00e9rias. Pessoas com piercings no umbigo devem redobrar os cuidados de limpeza local, principalmente nos primeiros meses, seguindo rigorosamente as orienta\u00e7\u00f5es do profissional que realizou o procedimento.<\/p>\n\n\n\n<ul class=\"wp-block-list\">\n<li>Evitar uso de \u00e1lcool diretamente no umbigo de forma rotineira<\/li>\n\n\n\n<li>N\u00e3o aplicar perfumes ou desodorantes dentro da cavidade<\/li>\n\n\n\n<li>N\u00e3o usar objetos pontiagudos ou duros para retirar sujeira<\/li>\n\n\n\n<li>N\u00e3o insistir em limpar \u00e1reas doloridas ou com secre\u00e7\u00e3o sem avalia\u00e7\u00e3o m\u00e9dica<\/li>\n\n\n\n<li>N\u00e3o deixar a regi\u00e3o constantemente \u00famida ap\u00f3s o banho<\/li>\n<\/ul>\n\n\n\n<h2 class=\"wp-block-heading\">Como manter o umbigo saud\u00e1vel e quando buscar ajuda m\u00e9dica imediatamente<\/h2>\n\n\n\n<p>Manter o umbigo limpo, seco e observado faz parte do autocuidado di\u00e1rio tanto quanto escovar os dentes ou lavar o rosto. Se voc\u00ea notar dor, secre\u00e7\u00e3o, sangramento, mudan\u00e7a de cor na pele ou odor persistente, n\u00e3o espere \u201cver se melhora\u201d: cada dia de atraso pode piorar o quadro, principalmente em quem tem diabetes, baixa imunidade ou hist\u00f3rico de problemas de pele.<\/p>\n\n\n\n<p>Ao primeiro sinal de alerta, procure um profissional de sa\u00fade para avaliar e tratar ainda na fase inicial, quando as medidas costumam ser simples e eficazes. N\u00e3o normalize inc\u00f4modos no umbigo: cuidar agora \u00e9 a diferen\u00e7a entre uma solu\u00e7\u00e3o r\u00e1pida e uma infec\u00e7\u00e3o mais profunda, dolorosa e dif\u00edcil de controlar.<\/p>\n\n\n\n<p><\/p>\n","protected":false},"excerpt":{"rendered":"<p>O umbigo costuma ser uma \u00e1rea esquecida no banho, mas, por acumular suor, res\u00edduos de pele, produtos e poeira, pode se tornar um ponto de prolifera\u00e7\u00e3o de fungos e bact\u00e9rias, causando mau cheiro, irrita\u00e7\u00f5es e at\u00e9 infec\u00e7\u00f5es se n\u00e3o for cuidado com aten\u00e7\u00e3o. A dermatologista Maria das Gra\u00e7as Leto refor\u00e7a que, por ser uma regi\u00e3o [&hellip;]<\/p>\n","protected":false},"author":11,"featured_media":154950,"comment_status":"open","ping_status":"open","sticky":false,"template":"","format":"standard","meta":{"jnews-multi-image_gallery":[],"jnews_single_post":{"format":"standard"},"jnews_primary_category":[],"jnews_social_meta":[],"jnews_override_counter":[],"footnotes":""},"categories":[1,9053],"tags":[6080,22612,3337,22613],"class_list":["post-154920","post","type-post","status-publish","format-standard","has-post-thumbnail","hentry","category-noticias","category-saude","tag-higiene","tag-higiene-do-umbigo","tag-limpeza","tag-umbigo"],"yoast_head":"<!-- This site is optimized with the Yoast SEO plugin v23.8 - https:\/\/yoast.com\/wordpress\/plugins\/seo\/ -->\n<title>Dermatologista revela o que acontece quando n\u00e3o limpa bem o umbigo - Estado de Minas - Em foco<\/title>\n<meta name=\"description\" content=\"O umbigo acumula suor e res\u00edduos e precisa de limpeza di\u00e1ria. Saiba como fazer a higiene correta e quando buscar ajuda m\u00e9dica.\" \/>\n<meta name=\"robots\" content=\"index, follow, max-snippet:-1, max-image-preview:large, max-video-preview:-1\" \/>\n<link rel=\"canonical\" href=\"https:\/\/www.em.com.br\/emfoco\/2026\/01\/17\/dermatologista-revela-o-que-acontece-quando-nao-limpa-bem-o-umbigo\/\" \/>\n<meta property=\"og:locale\" content=\"pt_BR\" \/>\n<meta property=\"og:type\" content=\"article\" \/>\n<meta property=\"og:title\" content=\"Dermatologista revela o que acontece quando n\u00e3o limpa bem o umbigo - Estado de Minas - Em foco\" \/>\n<meta property=\"og:description\" content=\"O umbigo acumula suor e res\u00edduos e precisa de limpeza di\u00e1ria. Saiba como fazer a higiene correta e quando buscar ajuda m\u00e9dica.\" \/>\n<meta property=\"og:url\" content=\"https:\/\/www.em.com.br\/emfoco\/2026\/01\/17\/dermatologista-revela-o-que-acontece-quando-nao-limpa-bem-o-umbigo\/\" \/>\n<meta property=\"og:site_name\" content=\"Estado de Minas - Em foco\" \/>\n<meta property=\"article:published_time\" content=\"2026-01-17T15:45:00+00:00\" \/>\n<meta property=\"article:modified_time\" content=\"2026-01-16T22:35:09+00:00\" \/>\n<meta property=\"og:image\" content=\"https:\/\/www.em.com.br\/emfoco\/wp-content\/uploads\/2026\/01\/umbigo-_1768407169604.jpg\" \/>\n\t<meta property=\"og:image:width\" content=\"1280\" \/>\n\t<meta property=\"og:image:height\" content=\"720\" \/>\n\t<meta property=\"og:image:type\" content=\"image\/jpeg\" \/>\n<meta name=\"author\" content=\"Andre\u0301 Rangel\u00a0\" \/>\n<meta name=\"twitter:card\" content=\"summary_large_image\" \/>\n<meta name=\"twitter:label1\" content=\"Escrito por\" \/>\n\t<meta name=\"twitter:data1\" content=\"Andre\u0301 Rangel\u00a0\" \/>\n\t<meta name=\"twitter:label2\" content=\"Est. tempo de leitura\" \/>\n\t<meta name=\"twitter:data2\" content=\"6 minutos\" \/>\n<!-- \/ Yoast SEO plugin. -->","yoast_head_json":{"title":"Dermatologista revela o que acontece quando n\u00e3o limpa bem o umbigo - Estado de Minas - Em foco","description":"O umbigo acumula suor e res\u00edduos e precisa de limpeza di\u00e1ria. Saiba como fazer a higiene correta e quando buscar ajuda m\u00e9dica.","robots":{"index":"index","follow":"follow","max-snippet":"max-snippet:-1","max-image-preview":"max-image-preview:large","max-video-preview":"max-video-preview:-1"},"canonical":"https:\/\/www.em.com.br\/emfoco\/2026\/01\/17\/dermatologista-revela-o-que-acontece-quando-nao-limpa-bem-o-umbigo\/","og_locale":"pt_BR","og_type":"article","og_title":"Dermatologista revela o que acontece quando n\u00e3o limpa bem o umbigo - Estado de Minas - Em foco","og_description":"O umbigo acumula suor e res\u00edduos e precisa de limpeza di\u00e1ria. Saiba como fazer a higiene correta e quando buscar ajuda m\u00e9dica.","og_url":"https:\/\/www.em.com.br\/emfoco\/2026\/01\/17\/dermatologista-revela-o-que-acontece-quando-nao-limpa-bem-o-umbigo\/","og_site_name":"Estado de Minas - Em foco","article_published_time":"2026-01-17T15:45:00+00:00","article_modified_time":"2026-01-16T22:35:09+00:00","og_image":[{"width":1280,"height":720,"url":"https:\/\/www.em.com.br\/emfoco\/wp-content\/uploads\/2026\/01\/umbigo-_1768407169604.jpg","type":"image\/jpeg"}],"author":"Andre\u0301 Rangel\u00a0","twitter_card":"summary_large_image","twitter_misc":{"Escrito por":"Andre\u0301 Rangel\u00a0","Est. tempo de leitura":"6 minutos"},"schema":{"@context":"https:\/\/schema.org","@graph":[{"@type":"WebPage","@id":"https:\/\/www.em.com.br\/emfoco\/2026\/01\/17\/dermatologista-revela-o-que-acontece-quando-nao-limpa-bem-o-umbigo\/","url":"https:\/\/www.em.com.br\/emfoco\/2026\/01\/17\/dermatologista-revela-o-que-acontece-quando-nao-limpa-bem-o-umbigo\/","name":"Dermatologista revela o que acontece quando n\u00e3o limpa bem o umbigo - Estado de Minas - Em foco","isPartOf":{"@id":"https:\/\/www.em.com.br\/emfoco\/#website"},"primaryImageOfPage":{"@id":"https:\/\/www.em.com.br\/emfoco\/2026\/01\/17\/dermatologista-revela-o-que-acontece-quando-nao-limpa-bem-o-umbigo\/#primaryimage"},"image":{"@id":"https:\/\/www.em.com.br\/emfoco\/2026\/01\/17\/dermatologista-revela-o-que-acontece-quando-nao-limpa-bem-o-umbigo\/#primaryimage"},"thumbnailUrl":"https:\/\/www.em.com.br\/emfoco\/wp-content\/uploads\/2026\/01\/umbigo-_1768407169604.jpg","datePublished":"2026-01-17T15:45:00+00:00","dateModified":"2026-01-16T22:35:09+00:00","author":{"@id":"https:\/\/www.em.com.br\/emfoco\/#\/schema\/person\/60eda09c1fedf0d6891f4cef4b60b8b8"},"description":"O umbigo acumula suor e res\u00edduos e precisa de limpeza di\u00e1ria. Saiba como fazer a higiene correta e quando buscar ajuda m\u00e9dica.","breadcrumb":{"@id":"https:\/\/www.em.com.br\/emfoco\/2026\/01\/17\/dermatologista-revela-o-que-acontece-quando-nao-limpa-bem-o-umbigo\/#breadcrumb"},"inLanguage":"pt-BR","potentialAction":[{"@type":"ReadAction","target":["https:\/\/www.em.com.br\/emfoco\/2026\/01\/17\/dermatologista-revela-o-que-acontece-quando-nao-limpa-bem-o-umbigo\/"]}]},{"@type":"ImageObject","inLanguage":"pt-BR","@id":"https:\/\/www.em.com.br\/emfoco\/2026\/01\/17\/dermatologista-revela-o-que-acontece-quando-nao-limpa-bem-o-umbigo\/#primaryimage","url":"https:\/\/www.em.com.br\/emfoco\/wp-content\/uploads\/2026\/01\/umbigo-_1768407169604.jpg","contentUrl":"https:\/\/www.em.com.br\/emfoco\/wp-content\/uploads\/2026\/01\/umbigo-_1768407169604.jpg","width":1280,"height":720,"caption":"O que acontece quando o umbigo n\u00e3o \u00e9 bem higienizado - Cr\u00e9ditos: depositphotos.com \/ VGeorgiev"},{"@type":"BreadcrumbList","@id":"https:\/\/www.em.com.br\/emfoco\/2026\/01\/17\/dermatologista-revela-o-que-acontece-quando-nao-limpa-bem-o-umbigo\/#breadcrumb","itemListElement":[{"@type":"ListItem","position":1,"name":"In\u00edcio","item":"https:\/\/www.em.com.br\/emfoco\/"},{"@type":"ListItem","position":2,"name":"Dermatologista revela o que acontece quando n\u00e3o limpa bem o umbigo"}]},{"@type":"WebSite","@id":"https:\/\/www.em.com.br\/emfoco\/#website","url":"https:\/\/www.em.com.br\/emfoco\/","name":"Estado de Minas - Em foco","description":"Acompanhe as \u00faltimas not\u00edcias e fique bem informado sobre tudo o que acontece em Minas Gerais, Brasil e no mundo.","potentialAction":[{"@type":"SearchAction","target":{"@type":"EntryPoint","urlTemplate":"https:\/\/www.em.com.br\/emfoco\/?s={search_term_string}"},"query-input":{"@type":"PropertyValueSpecification","valueRequired":true,"valueName":"search_term_string"}}],"inLanguage":"pt-BR"},{"@type":"Person","@id":"https:\/\/www.em.com.br\/emfoco\/#\/schema\/person\/60eda09c1fedf0d6891f4cef4b60b8b8","name":"Andre\u0301 Rangel\u00a0","image":{"@type":"ImageObject","inLanguage":"pt-BR","@id":"https:\/\/www.em.com.br\/emfoco\/#\/schema\/person\/image\/","url":"https:\/\/secure.gravatar.com\/avatar\/6234dc814c77c8ef6d8bba622c787efc?s=96&d=mm&r=g","contentUrl":"https:\/\/secure.gravatar.com\/avatar\/6234dc814c77c8ef6d8bba622c787efc?s=96&d=mm&r=g","caption":"Andre\u0301 Rangel\u00a0"},"url":"https:\/\/www.em.com.br\/emfoco\/author\/luizmyth\/"}]}},"_links":{"self":[{"href":"https:\/\/www.em.com.br\/emfoco\/wp-json\/wp\/v2\/posts\/154920","targetHints":{"allow":["GET"]}}],"collection":[{"href":"https:\/\/www.em.com.br\/emfoco\/wp-json\/wp\/v2\/posts"}],"about":[{"href":"https:\/\/www.em.com.br\/emfoco\/wp-json\/wp\/v2\/types\/post"}],"author":[{"embeddable":true,"href":"https:\/\/www.em.com.br\/emfoco\/wp-json\/wp\/v2\/users\/11"}],"replies":[{"embeddable":true,"href":"https:\/\/www.em.com.br\/emfoco\/wp-json\/wp\/v2\/comments?post=154920"}],"version-history":[{"count":5,"href":"https:\/\/www.em.com.br\/emfoco\/wp-json\/wp\/v2\/posts\/154920\/revisions"}],"predecessor-version":[{"id":154952,"href":"https:\/\/www.em.com.br\/emfoco\/wp-json\/wp\/v2\/posts\/154920\/revisions\/154952"}],"wp:featuredmedia":[{"embeddable":true,"href":"https:\/\/www.em.com.br\/emfoco\/wp-json\/wp\/v2\/media\/154950"}],"wp:attachment":[{"href":"https:\/\/www.em.com.br\/emfoco\/wp-json\/wp\/v2\/media?parent=154920"}],"wp:term":[{"taxonomy":"category","embeddable":true,"href":"https:\/\/www.em.com.br\/emfoco\/wp-json\/wp\/v2\/categories?post=154920"},{"taxonomy":"post_tag","embeddable":true,"href":"https:\/\/www.em.com.br\/emfoco\/wp-json\/wp\/v2\/tags?post=154920"}],"curies":[{"name":"wp","href":"https:\/\/api.w.org\/{rel}","templated":true}]}}