{"id":154914,"date":"2026-01-15T19:25:00","date_gmt":"2026-01-15T22:25:00","guid":{"rendered":"https:\/\/www.em.com.br\/emfoco\/?p=154914"},"modified":"2026-01-14T19:28:57","modified_gmt":"2026-01-14T22:28:57","slug":"os-beneficios-pouco-conhecidos-do-figo-melhoram-o-humor-e-sao-baixos-em-calorias","status":"publish","type":"post","link":"https:\/\/www.em.com.br\/emfoco\/2026\/01\/15\/os-beneficios-pouco-conhecidos-do-figo-melhoram-o-humor-e-sao-baixos-em-calorias\/","title":{"rendered":"Os benef\u00edcios pouco conhecidos do figo: melhoram o humor e s\u00e3o baixos em calorias"},"content":{"rendered":"\n<p>Entre as frutas mais antigas consumidas pelo ser humano, o&nbsp;<strong>figo<\/strong>&nbsp;chama aten\u00e7\u00e3o por unir sabor adocicado, poucas calorias e muitos nutrientes. Apesar de ter cara de sobremesa, \u00e9 um alimento vers\u00e1til, que entra tanto na rotina de quem pratica esportes quanto no dia a dia de quem busca uma alimenta\u00e7\u00e3o equilibrada, contribuindo para o bom funcionamento do intestino, do cora\u00e7\u00e3o e at\u00e9 do humor.<\/p>\n\n\n\n<h2 class=\"wp-block-heading\">Quais s\u00e3o os principais benef\u00edcios do figo para a sa\u00fade?<\/h2>\n\n\n\n<p>A palavra-chave central deste tema \u00e9\u00a0<strong>benef\u00edcios do <a href=\"https:\/\/www.em.com.br\/emfoco\/2025\/12\/30\/figo-em-vaso-produz-bem-saiba-como-plantar-em-apartamento-e-colher-frutos\/\" target=\"_blank\" rel=\"noreferrer noopener\">figo<\/a><\/strong>, j\u00e1 que a fruta re\u00fane propriedades que atuam em diferentes sistemas do organismo. Em termos nutricionais, o figo oferece fibras, pot\u00e1ssio, c\u00e1lcio, magn\u00e9sio, pequenas quantidades de ferro e vitaminas como A, K e algumas do complexo B.<\/p>\n\n\n\n<p>Esses componentes colaboram para a regula\u00e7\u00e3o da press\u00e3o arterial, manuten\u00e7\u00e3o de ossos, equil\u00edbrio de l\u00edquidos no corpo e bom funcionamento muscular. Al\u00e9m disso, a presen\u00e7a de compostos bioativos e antioxidantes est\u00e1 ligada \u00e0 prote\u00e7\u00e3o celular e \u00e0 redu\u00e7\u00e3o do risco de doen\u00e7as cr\u00f4nicas.<\/p>\n\n\n\n<figure class=\"wp-block-image size-large\"><img loading=\"lazy\" decoding=\"async\" width=\"1024\" height=\"576\" src=\"https:\/\/www.em.com.br\/emfoco\/wp-content\/uploads\/2026\/01\/figo_1768406704008-1024x576.jpg\" alt=\"Pouca gente imagina tudo o que o figo faz pelo corpo\" class=\"wp-image-154945\" srcset=\"https:\/\/www.em.com.br\/emfoco\/wp-content\/uploads\/2026\/01\/figo_1768406704008-1024x576.jpg 1024w, https:\/\/www.em.com.br\/emfoco\/wp-content\/uploads\/2026\/01\/figo_1768406704008-300x169.jpg 300w, https:\/\/www.em.com.br\/emfoco\/wp-content\/uploads\/2026\/01\/figo_1768406704008-768x432.jpg 768w, https:\/\/www.em.com.br\/emfoco\/wp-content\/uploads\/2026\/01\/figo_1768406704008-750x422.jpg 750w, https:\/\/www.em.com.br\/emfoco\/wp-content\/uploads\/2026\/01\/figo_1768406704008-1140x641.jpg 1140w, https:\/\/www.em.com.br\/emfoco\/wp-content\/uploads\/2026\/01\/figo_1768406704008.jpg 1280w\" sizes=\"auto, (max-width: 1024px) 100vw, 1024px\" \/><figcaption class=\"wp-element-caption\">Pouca gente imagina tudo o que o figo faz pelo corpo &#8211; Cr\u00e9ditos: depositphotos.com \/ VadimVasenin<\/figcaption><\/figure>\n\n\n\n<h2 class=\"wp-block-heading\">Como o figo influencia o humor, a energia e a preven\u00e7\u00e3o de doen\u00e7as?<\/h2>\n\n\n\n<p>Os&nbsp;<strong>benef\u00edcios do figo para a sa\u00fade<\/strong>&nbsp;tamb\u00e9m envolvem o humor e a energia. O figo concentra a\u00e7\u00facares naturais que, combinados \u00e0s fibras, s\u00e3o absorvidos de forma mais gradual, favorecendo um aporte energ\u00e9tico est\u00e1vel para o dia a dia e para esportes de resist\u00eancia, como corrida.<\/p>\n\n\n\n<p>Pesquisas indicam que o consumo regular de frutas ricas em compostos bioativos, como figos roxos ou mais escuros, est\u00e1 associado a menor <a href=\"https:\/\/bvsms.saude.gov.br\/bvs\/periodicos\/mundo_saude_artigos\/fatores_cronicas_municipo.pdf\" target=\"_blank\" rel=\"noreferrer noopener\">risco de doen\u00e7as cr\u00f4nicas<\/a>. Seus antioxidantes, como polifen\u00f3is e flavonoides, ajudam a neutralizar radicais livres, protegendo c\u00e9lulas e reduzindo danos que podem contribuir para problemas cardiovasculares, neurodegenerativos e alguns tipos de c\u00e2ncer.<\/p>\n\n\n\n<h2 class=\"wp-block-heading\">Figo engorda ou ajuda no controle de peso?<\/h2>\n\n\n\n<p>Uma d\u00favida comum em rela\u00e7\u00e3o ao&nbsp;<strong>figo<\/strong>&nbsp;\u00e9 se, por ser doce, ele favorece o ganho de peso. De forma geral, a fruta fresca \u00e9 considerada de&nbsp;<strong>baixa caloria<\/strong>&nbsp;quando consumida em por\u00e7\u00f5es adequadas, e suas fibras aumentam a saciedade, ajudando no controle do apetite.<\/p>\n\n\n\n<p>O papel do figo em dietas para emagrecer depende do contexto e da quantidade ingerida. O figo seco \u00e9 mais cal\u00f3rico por ter menos \u00e1gua e mais a\u00e7\u00facares por grama, mas pode ser \u00fatil em situa\u00e7\u00f5es de maior gasto energ\u00e9tico, como treinos longos, desde que em pequenas por\u00e7\u00f5es e dentro de um plano alimentar equilibrado.<\/p>\n\n\n\n<ul class=\"wp-block-list\">\n<li><strong>Figo fresco:<\/strong>\u00a0maior teor de \u00e1gua, baixa densidade cal\u00f3rica e bom teor de fibra.<\/li>\n\n\n\n<li><strong>Figo seco:<\/strong>\u00a0mais energia por unidade, ideal para reposi\u00e7\u00e3o r\u00e1pida em exerc\u00edcios intensos.<\/li>\n\n\n\n<li><strong>Controle de peso:<\/strong>\u00a0impacto ligado ao tamanho das por\u00e7\u00f5es e ao restante da dieta.<\/li>\n<\/ul>\n\n\n\n<figure class=\"wp-block-image size-large\"><img loading=\"lazy\" decoding=\"async\" width=\"1024\" height=\"576\" src=\"https:\/\/www.em.com.br\/emfoco\/wp-content\/uploads\/2026\/01\/figo_1768406787562-1024x576.jpg\" alt=\"Pouca gente imagina tudo o que o figo faz pelo corpo\" class=\"wp-image-154946\" srcset=\"https:\/\/www.em.com.br\/emfoco\/wp-content\/uploads\/2026\/01\/figo_1768406787562-1024x576.jpg 1024w, https:\/\/www.em.com.br\/emfoco\/wp-content\/uploads\/2026\/01\/figo_1768406787562-300x169.jpg 300w, https:\/\/www.em.com.br\/emfoco\/wp-content\/uploads\/2026\/01\/figo_1768406787562-768x432.jpg 768w, https:\/\/www.em.com.br\/emfoco\/wp-content\/uploads\/2026\/01\/figo_1768406787562-750x422.jpg 750w, https:\/\/www.em.com.br\/emfoco\/wp-content\/uploads\/2026\/01\/figo_1768406787562-1140x641.jpg 1140w, https:\/\/www.em.com.br\/emfoco\/wp-content\/uploads\/2026\/01\/figo_1768406787562.jpg 1280w\" sizes=\"auto, (max-width: 1024px) 100vw, 1024px\" \/><figcaption class=\"wp-element-caption\">Pouca gente imagina tudo o que o figo faz pelo corpo &#8211; Cr\u00e9ditos: depositphotos.com \/ VadimVasenin<\/figcaption><\/figure>\n\n\n\n<h2 class=\"wp-block-heading\">Como o figo atua no intestino e na sa\u00fade do cora\u00e7\u00e3o?<\/h2>\n\n\n\n<p>Entre as propriedades do figo, o efeito sobre o&nbsp;<strong>tr\u00e2nsito intestinal<\/strong>&nbsp;\u00e9 um dos mais conhecidos. A combina\u00e7\u00e3o de fibras sol\u00faveis e insol\u00faveis favorece a forma\u00e7\u00e3o do bolo fecal e facilita a passagem pelo intestino, sendo aliada em casos de intestino pregui\u00e7oso quando consumida com regularidade.<\/p>\n\n\n\n<p>No sistema cardiovascular, o figo oferece nutrientes importantes para o cora\u00e7\u00e3o, como pot\u00e1ssio, magn\u00e9sio e c\u00e1lcio. O pot\u00e1ssio auxilia no equil\u00edbrio da press\u00e3o arterial, enquanto os antioxidantes, principalmente em variedades escuras, est\u00e3o associados \u00e0 prote\u00e7\u00e3o das paredes dos vasos sangu\u00edneos e \u00e0 redu\u00e7\u00e3o do risco de hipertens\u00e3o ao longo do tempo.<\/p>\n\n\n\n<h2 class=\"wp-block-heading\">Quais cuidados ter com o figo e como inclu\u00ed-lo na rotina?<\/h2>\n\n\n\n<p>Apesar dos in\u00fameros&nbsp;<strong>benef\u00edcios do figo<\/strong>, algumas pessoas precisam ter aten\u00e7\u00e3o especial. Quem vive com diabetes ou necessita de controle rigoroso da glicemia deve ajustar por\u00e7\u00f5es e frequ\u00eancia com orienta\u00e7\u00e3o profissional, e indiv\u00edduos com alergia ao l\u00e1tex da casca ou a componentes da planta podem precisar evitar a fruta.<\/p>\n\n\n\n<p>Na pr\u00e1tica, o figo pode ser consumido in natura em saladas, com queijos, em lanches com cereais integrais, em iogurtes ou em prepara\u00e7\u00f5es assadas, como tortas. Se voc\u00ea quer melhorar intestino, cora\u00e7\u00e3o e energia de forma natural, comece a incluir figos nas pr\u00f3ximas compras e experimente ainda hoje novas combina\u00e7\u00f5es: dar esse passo agora pode transformar sua rela\u00e7\u00e3o com a comida e com a pr\u00f3pria sa\u00fade.<\/p>\n","protected":false},"excerpt":{"rendered":"<p>Entre as frutas mais antigas consumidas pelo ser humano, o&nbsp;figo&nbsp;chama aten\u00e7\u00e3o por unir sabor adocicado, poucas calorias e muitos nutrientes. Apesar de ter cara de sobremesa, \u00e9 um alimento vers\u00e1til, que entra tanto na rotina de quem pratica esportes quanto no dia a dia de quem busca uma alimenta\u00e7\u00e3o equilibrada, contribuindo para o bom funcionamento [&hellip;]<\/p>\n","protected":false},"author":11,"featured_media":154947,"comment_status":"open","ping_status":"open","sticky":false,"template":"","format":"standard","meta":{"jnews-multi-image_gallery":[],"jnews_single_post":{"format":"standard"},"jnews_primary_category":[],"jnews_social_meta":[],"jnews_override_counter":[],"footnotes":""},"categories":[8819,1],"tags":[22609,9083,8900,415],"class_list":["post-154914","post","type-post","status-publish","format-standard","has-post-thumbnail","hentry","category-curiosidades","category-noticias","tag-beneficios-do-figo","tag-figo","tag-intestino","tag-saude"],"yoast_head":"<!-- This site is optimized with the Yoast SEO plugin v23.8 - https:\/\/yoast.com\/wordpress\/plugins\/seo\/ -->\n<title>Os benef\u00edcios pouco conhecidos do figo: melhoram o humor e s\u00e3o baixos em calorias - Estado de Minas - Em foco<\/title>\n<meta name=\"description\" content=\"Doce e nutritivo, o figo traz fibras, minerais e antioxidantes importantes para a sa\u00fade. Entenda como ele age no organismo.\" \/>\n<meta name=\"robots\" content=\"index, follow, max-snippet:-1, max-image-preview:large, max-video-preview:-1\" \/>\n<link rel=\"canonical\" href=\"https:\/\/www.em.com.br\/emfoco\/2026\/01\/15\/os-beneficios-pouco-conhecidos-do-figo-melhoram-o-humor-e-sao-baixos-em-calorias\/\" \/>\n<meta property=\"og:locale\" content=\"pt_BR\" \/>\n<meta property=\"og:type\" content=\"article\" \/>\n<meta property=\"og:title\" content=\"Os benef\u00edcios pouco conhecidos do figo: melhoram o humor e s\u00e3o baixos em calorias - Estado de Minas - Em foco\" \/>\n<meta property=\"og:description\" content=\"Doce e nutritivo, o figo traz fibras, minerais e antioxidantes importantes para a sa\u00fade. Entenda como ele age no organismo.\" \/>\n<meta property=\"og:url\" content=\"https:\/\/www.em.com.br\/emfoco\/2026\/01\/15\/os-beneficios-pouco-conhecidos-do-figo-melhoram-o-humor-e-sao-baixos-em-calorias\/\" \/>\n<meta property=\"og:site_name\" content=\"Estado de Minas - Em foco\" \/>\n<meta property=\"article:published_time\" content=\"2026-01-15T22:25:00+00:00\" \/>\n<meta property=\"article:modified_time\" content=\"2026-01-14T22:28:57+00:00\" \/>\n<meta property=\"og:image\" content=\"https:\/\/www.em.com.br\/emfoco\/wp-content\/uploads\/2026\/01\/figo_1768406831517.jpg\" \/>\n\t<meta property=\"og:image:width\" content=\"1280\" \/>\n\t<meta property=\"og:image:height\" content=\"720\" \/>\n\t<meta property=\"og:image:type\" content=\"image\/jpeg\" \/>\n<meta name=\"author\" content=\"Andre\u0301 Rangel\u00a0\" \/>\n<meta name=\"twitter:card\" content=\"summary_large_image\" \/>\n<meta name=\"twitter:label1\" content=\"Escrito por\" \/>\n\t<meta name=\"twitter:data1\" content=\"Andre\u0301 Rangel\u00a0\" \/>\n\t<meta name=\"twitter:label2\" content=\"Est. tempo de leitura\" \/>\n\t<meta name=\"twitter:data2\" content=\"5 minutos\" \/>\n<!-- \/ Yoast SEO plugin. -->","yoast_head_json":{"title":"Os benef\u00edcios pouco conhecidos do figo: melhoram o humor e s\u00e3o baixos em calorias - Estado de Minas - Em foco","description":"Doce e nutritivo, o figo traz fibras, minerais e antioxidantes importantes para a sa\u00fade. Entenda como ele age no organismo.","robots":{"index":"index","follow":"follow","max-snippet":"max-snippet:-1","max-image-preview":"max-image-preview:large","max-video-preview":"max-video-preview:-1"},"canonical":"https:\/\/www.em.com.br\/emfoco\/2026\/01\/15\/os-beneficios-pouco-conhecidos-do-figo-melhoram-o-humor-e-sao-baixos-em-calorias\/","og_locale":"pt_BR","og_type":"article","og_title":"Os benef\u00edcios pouco conhecidos do figo: melhoram o humor e s\u00e3o baixos em calorias - Estado de Minas - Em foco","og_description":"Doce e nutritivo, o figo traz fibras, minerais e antioxidantes importantes para a sa\u00fade. Entenda como ele age no organismo.","og_url":"https:\/\/www.em.com.br\/emfoco\/2026\/01\/15\/os-beneficios-pouco-conhecidos-do-figo-melhoram-o-humor-e-sao-baixos-em-calorias\/","og_site_name":"Estado de Minas - Em foco","article_published_time":"2026-01-15T22:25:00+00:00","article_modified_time":"2026-01-14T22:28:57+00:00","og_image":[{"width":1280,"height":720,"url":"https:\/\/www.em.com.br\/emfoco\/wp-content\/uploads\/2026\/01\/figo_1768406831517.jpg","type":"image\/jpeg"}],"author":"Andre\u0301 Rangel\u00a0","twitter_card":"summary_large_image","twitter_misc":{"Escrito por":"Andre\u0301 Rangel\u00a0","Est. tempo de leitura":"5 minutos"},"schema":{"@context":"https:\/\/schema.org","@graph":[{"@type":"WebPage","@id":"https:\/\/www.em.com.br\/emfoco\/2026\/01\/15\/os-beneficios-pouco-conhecidos-do-figo-melhoram-o-humor-e-sao-baixos-em-calorias\/","url":"https:\/\/www.em.com.br\/emfoco\/2026\/01\/15\/os-beneficios-pouco-conhecidos-do-figo-melhoram-o-humor-e-sao-baixos-em-calorias\/","name":"Os benef\u00edcios pouco conhecidos do figo: melhoram o humor e s\u00e3o baixos em calorias - Estado de Minas - Em foco","isPartOf":{"@id":"https:\/\/www.em.com.br\/emfoco\/#website"},"primaryImageOfPage":{"@id":"https:\/\/www.em.com.br\/emfoco\/2026\/01\/15\/os-beneficios-pouco-conhecidos-do-figo-melhoram-o-humor-e-sao-baixos-em-calorias\/#primaryimage"},"image":{"@id":"https:\/\/www.em.com.br\/emfoco\/2026\/01\/15\/os-beneficios-pouco-conhecidos-do-figo-melhoram-o-humor-e-sao-baixos-em-calorias\/#primaryimage"},"thumbnailUrl":"https:\/\/www.em.com.br\/emfoco\/wp-content\/uploads\/2026\/01\/figo_1768406831517.jpg","datePublished":"2026-01-15T22:25:00+00:00","dateModified":"2026-01-14T22:28:57+00:00","author":{"@id":"https:\/\/www.em.com.br\/emfoco\/#\/schema\/person\/60eda09c1fedf0d6891f4cef4b60b8b8"},"description":"Doce e nutritivo, o figo traz fibras, minerais e antioxidantes importantes para a sa\u00fade. Entenda como ele age no organismo.","breadcrumb":{"@id":"https:\/\/www.em.com.br\/emfoco\/2026\/01\/15\/os-beneficios-pouco-conhecidos-do-figo-melhoram-o-humor-e-sao-baixos-em-calorias\/#breadcrumb"},"inLanguage":"pt-BR","potentialAction":[{"@type":"ReadAction","target":["https:\/\/www.em.com.br\/emfoco\/2026\/01\/15\/os-beneficios-pouco-conhecidos-do-figo-melhoram-o-humor-e-sao-baixos-em-calorias\/"]}]},{"@type":"ImageObject","inLanguage":"pt-BR","@id":"https:\/\/www.em.com.br\/emfoco\/2026\/01\/15\/os-beneficios-pouco-conhecidos-do-figo-melhoram-o-humor-e-sao-baixos-em-calorias\/#primaryimage","url":"https:\/\/www.em.com.br\/emfoco\/wp-content\/uploads\/2026\/01\/figo_1768406831517.jpg","contentUrl":"https:\/\/www.em.com.br\/emfoco\/wp-content\/uploads\/2026\/01\/figo_1768406831517.jpg","width":1280,"height":720,"caption":"Pouca gente imagina tudo o que o figo faz pelo corpo - Cr\u00e9ditos: depositphotos.com \/ serezniy"},{"@type":"BreadcrumbList","@id":"https:\/\/www.em.com.br\/emfoco\/2026\/01\/15\/os-beneficios-pouco-conhecidos-do-figo-melhoram-o-humor-e-sao-baixos-em-calorias\/#breadcrumb","itemListElement":[{"@type":"ListItem","position":1,"name":"In\u00edcio","item":"https:\/\/www.em.com.br\/emfoco\/"},{"@type":"ListItem","position":2,"name":"Os benef\u00edcios pouco conhecidos do figo: melhoram o humor e s\u00e3o baixos em calorias"}]},{"@type":"WebSite","@id":"https:\/\/www.em.com.br\/emfoco\/#website","url":"https:\/\/www.em.com.br\/emfoco\/","name":"Estado de Minas - Em foco","description":"Acompanhe as \u00faltimas not\u00edcias e fique bem informado sobre tudo o que acontece em Minas Gerais, Brasil e no mundo.","potentialAction":[{"@type":"SearchAction","target":{"@type":"EntryPoint","urlTemplate":"https:\/\/www.em.com.br\/emfoco\/?s={search_term_string}"},"query-input":{"@type":"PropertyValueSpecification","valueRequired":true,"valueName":"search_term_string"}}],"inLanguage":"pt-BR"},{"@type":"Person","@id":"https:\/\/www.em.com.br\/emfoco\/#\/schema\/person\/60eda09c1fedf0d6891f4cef4b60b8b8","name":"Andre\u0301 Rangel\u00a0","image":{"@type":"ImageObject","inLanguage":"pt-BR","@id":"https:\/\/www.em.com.br\/emfoco\/#\/schema\/person\/image\/","url":"https:\/\/secure.gravatar.com\/avatar\/6234dc814c77c8ef6d8bba622c787efc?s=96&d=mm&r=g","contentUrl":"https:\/\/secure.gravatar.com\/avatar\/6234dc814c77c8ef6d8bba622c787efc?s=96&d=mm&r=g","caption":"Andre\u0301 Rangel\u00a0"},"url":"https:\/\/www.em.com.br\/emfoco\/author\/luizmyth\/"}]}},"_links":{"self":[{"href":"https:\/\/www.em.com.br\/emfoco\/wp-json\/wp\/v2\/posts\/154914","targetHints":{"allow":["GET"]}}],"collection":[{"href":"https:\/\/www.em.com.br\/emfoco\/wp-json\/wp\/v2\/posts"}],"about":[{"href":"https:\/\/www.em.com.br\/emfoco\/wp-json\/wp\/v2\/types\/post"}],"author":[{"embeddable":true,"href":"https:\/\/www.em.com.br\/emfoco\/wp-json\/wp\/v2\/users\/11"}],"replies":[{"embeddable":true,"href":"https:\/\/www.em.com.br\/emfoco\/wp-json\/wp\/v2\/comments?post=154914"}],"version-history":[{"count":3,"href":"https:\/\/www.em.com.br\/emfoco\/wp-json\/wp\/v2\/posts\/154914\/revisions"}],"predecessor-version":[{"id":154948,"href":"https:\/\/www.em.com.br\/emfoco\/wp-json\/wp\/v2\/posts\/154914\/revisions\/154948"}],"wp:featuredmedia":[{"embeddable":true,"href":"https:\/\/www.em.com.br\/emfoco\/wp-json\/wp\/v2\/media\/154947"}],"wp:attachment":[{"href":"https:\/\/www.em.com.br\/emfoco\/wp-json\/wp\/v2\/media?parent=154914"}],"wp:term":[{"taxonomy":"category","embeddable":true,"href":"https:\/\/www.em.com.br\/emfoco\/wp-json\/wp\/v2\/categories?post=154914"},{"taxonomy":"post_tag","embeddable":true,"href":"https:\/\/www.em.com.br\/emfoco\/wp-json\/wp\/v2\/tags?post=154914"}],"curies":[{"name":"wp","href":"https:\/\/api.w.org\/{rel}","templated":true}]}}