{"id":154885,"date":"2026-01-15T17:45:00","date_gmt":"2026-01-15T20:45:00","guid":{"rendered":"https:\/\/www.em.com.br\/emfoco\/?p=154885"},"modified":"2026-01-14T19:28:13","modified_gmt":"2026-01-14T22:28:13","slug":"como-evitar-que-seu-cabelo-fique-verde-depois-de-nadar-na-piscina","status":"publish","type":"post","link":"https:\/\/www.em.com.br\/emfoco\/2026\/01\/15\/como-evitar-que-seu-cabelo-fique-verde-depois-de-nadar-na-piscina\/","title":{"rendered":"Como evitar que seu cabelo fique verde depois de nadar na piscina"},"content":{"rendered":"\n<p>Quem tem cabelo loiro, com mechas ou descolorido sabe que, principalmente no ver\u00e3o, depois de alguns mergulhos na piscina os fios podem ganhar um reflexo esverdeado dif\u00edcil de disfar\u00e7ar. Esse efeito n\u00e3o significa uma mudan\u00e7a definitiva da cor, mas uma rea\u00e7\u00e3o entre o cabelo sensibilizado e componentes da \u00e1gua tratada, como metais e cloro, e entender o que causa o famoso \u201ccabelo verde de piscina\u201d \u00e9 essencial para agir r\u00e1pido, evitar danos e manter o tom bonito por mais tempo.<\/p>\n\n\n\n<h2 class=\"wp-block-heading\">Por que o cabelo fica verde na piscina<\/h2>\n\n\n\n<p>A principal quest\u00e3o nesse tema \u00e9 o\u00a0<strong><a href=\"https:\/\/www.em.com.br\/emfoco\/2025\/12\/19\/como-cuidar-do-cabelo-loiro-apos-praia-e-piscina-e-evitar-que-ele-fique-amarelado\/\" target=\"_blank\" rel=\"noreferrer noopener\">cabelo verde na piscina<\/a><\/strong>. Ao contr\u00e1rio do que se pensa, n\u00e3o \u00e9 apenas o cloro o vil\u00e3o, mas a combina\u00e7\u00e3o entre fios porosos e metais presentes na \u00e1gua, como o cobre, usado em produtos que evitam algas e fungos.<\/p>\n\n\n\n<p>Quando o cabelo est\u00e1 ressecado, descolorido ou com luzes, a estrutura fica mais aberta e facilita a entrada dessas part\u00edculas met\u00e1licas. Em contato com a base loira ou grisalha, os pigmentos azulados do cobre podem gerar reflexos verdeados, vis\u00edveis principalmente em pontas e mechas mais claras.<\/p>\n\n\n\n<h2 class=\"wp-block-heading\">Como evitar que o cabelo fique verde na piscina<\/h2>\n\n\n\n<p>A forma mais simples de evitar o&nbsp;<strong>cabelo verde na piscina<\/strong>&nbsp;\u00e9 criar uma barreira entre o fio e a \u00e1gua tratada, reduzindo a porosidade moment\u00e2nea. Pequenos ajustes antes e depois do banho de piscina j\u00e1 fazem grande diferen\u00e7a, sem exigir rotina complicada.<\/p>\n\n\n\n<p>Algumas medidas pr\u00e1ticas que ajudam na prote\u00e7\u00e3o dos fios incluem cuidados r\u00e1pidos antes e ap\u00f3s o mergulho, evitando o ac\u00famulo de metais e o ressecamento excessivo causado pelo cloro.<\/p>\n\n\n\n<ul class=\"wp-block-list\">\n<li><strong>Molhar o cabelo com \u00e1gua doce antes do mergulho:<\/strong>\u00a0fios j\u00e1 encharcados absorvem menos \u00e1gua da piscina.<\/li>\n\n\n\n<li><strong>Aplicar creme ou \u00f3leo capilar leve:<\/strong>\u00a0forma uma camada protetora sobre o comprimento e pontas.<\/li>\n\n\n\n<li><strong>Usar m\u00e1scara de hidrata\u00e7\u00e3o como \u201cleave-in\u201d de barreira:<\/strong>\u00a0em quantidade moderada, apenas no comprimento.<\/li>\n\n\n\n<li><strong>Enxaguar e lavar logo ap\u00f3s sair da piscina:<\/strong>\u00a0usar shampoo suave ou espec\u00edfico p\u00f3s-piscina com a\u00e7\u00e3o quelante.<\/li>\n<\/ul>\n\n\n\n<figure class=\"wp-block-image size-large\"><img loading=\"lazy\" decoding=\"async\" width=\"1024\" height=\"576\" src=\"https:\/\/www.em.com.br\/emfoco\/wp-content\/uploads\/2026\/01\/ChatGPT-Image-14-de-jan.-de-2026-11_35_30-1-1024x576.png\" alt=\"Cabelo verde tem solu\u00e7\u00e3o quando o cuidado \u00e9 feito a tempo\" class=\"wp-image-154909\" srcset=\"https:\/\/www.em.com.br\/emfoco\/wp-content\/uploads\/2026\/01\/ChatGPT-Image-14-de-jan.-de-2026-11_35_30-1-1024x576.png 1024w, https:\/\/www.em.com.br\/emfoco\/wp-content\/uploads\/2026\/01\/ChatGPT-Image-14-de-jan.-de-2026-11_35_30-1-300x169.png 300w, https:\/\/www.em.com.br\/emfoco\/wp-content\/uploads\/2026\/01\/ChatGPT-Image-14-de-jan.-de-2026-11_35_30-1-768x432.png 768w, https:\/\/www.em.com.br\/emfoco\/wp-content\/uploads\/2026\/01\/ChatGPT-Image-14-de-jan.-de-2026-11_35_30-1-750x422.png 750w, https:\/\/www.em.com.br\/emfoco\/wp-content\/uploads\/2026\/01\/ChatGPT-Image-14-de-jan.-de-2026-11_35_30-1-1140x641.png 1140w, https:\/\/www.em.com.br\/emfoco\/wp-content\/uploads\/2026\/01\/ChatGPT-Image-14-de-jan.-de-2026-11_35_30-1.png 1280w\" sizes=\"auto, (max-width: 1024px) 100vw, 1024px\" \/><figcaption class=\"wp-element-caption\">Cabelo verde tem solu\u00e7\u00e3o quando o cuidado \u00e9 feito a tempo<\/figcaption><\/figure>\n\n\n\n<h2 class=\"wp-block-heading\">O que fazer se o cabelo j\u00e1 ficou verde na piscina<\/h2>\n\n\n\n<p>Quando o cabelo j\u00e1 apresenta reflexo esverdeado, \u00e9 importante agir com cuidado para n\u00e3o piorar o dano. Sempre que poss\u00edvel, buscar ajuda em um sal\u00e3o \u00e9 a maneira mais segura de tratar o&nbsp;<strong>cabelo esverdeado de piscina<\/strong>&nbsp;e identificar se a causa \u00e9 metal, produto acumulado ou ambos.<\/p>\n\n\n\n<p>Profissionais podem combinar shampoos quelantes, matizadores adequados ao tom de base e tratamentos de reconstru\u00e7\u00e3o e hidrata\u00e7\u00e3o intensa, reduzindo o verde sem manchar o loiro e fortalecendo a fibra capilar para evitar novas agress\u00f5es.<\/p>\n\n\n\n<h2 class=\"wp-block-heading\">Quais produtos e h\u00e1bitos ajudam a proteger o loiro<\/h2>\n\n\n\n<p>Para manter o loiro bonito mesmo com uso frequente de piscina, \u00e9 essencial investir em produtos espec\u00edficos e em um cronograma simples de hidrata\u00e7\u00e3o, nutri\u00e7\u00e3o e reconstru\u00e7\u00e3o. Isso mant\u00e9m a fibra menos porosa e diminui a chance de absor\u00e7\u00e3o de cobre e outros metais.<\/p>\n\n\n\n<p>Vale priorizar shampoos suaves no dia a dia, deixar os de limpeza profunda para uso pontual, usar finalizadores com&nbsp;<strong>prote\u00e7\u00e3o UV<\/strong>&nbsp;e manter cortes regulares para remover pontas muito danificadas, evitando aquele aspecto de loiro opaco e ressecado.<\/p>\n\n\n\n<h2 class=\"wp-block-heading\">Como manter seu loiro saud\u00e1vel e longe do cabelo verde<\/h2>\n\n\n\n<p>Com informa\u00e7\u00e3o correta e alguns ajustes na rotina, \u00e9 totalmente poss\u00edvel aproveitar a piscina sem transformar o cabelo loiro em um tom esverdeado permanente. Controlar a porosidade, usar produtos adequados e contar com acompanhamento profissional quando necess\u00e1rio faz toda a diferen\u00e7a na <a href=\"https:\/\/www.youtube.com\/watch?v=tpNbTK_sL78\" target=\"_blank\" rel=\"noreferrer noopener\">estabilidade da cor<\/a>.<\/p>\n\n\n\n<p>N\u00e3o espere o cabelo ficar el\u00e1stico, quebradi\u00e7o ou completamente esverdeado para agir: comece hoje a proteger seus fios com barreiras antes do banho de piscina, limpeza correta depois do mergulho e tratamentos regulares. Se notar qualquer mudan\u00e7a estranha no tom, procure imediatamente um profissional de confian\u00e7a e salve seu loiro enquanto ainda h\u00e1 tempo de recuperar a cor e a sa\u00fade dos fios.<\/p>\n\n\n\n<p><\/p>\n","protected":false},"excerpt":{"rendered":"<p>Quem tem cabelo loiro, com mechas ou descolorido sabe que, principalmente no ver\u00e3o, depois de alguns mergulhos na piscina os fios podem ganhar um reflexo esverdeado dif\u00edcil de disfar\u00e7ar. Esse efeito n\u00e3o significa uma mudan\u00e7a definitiva da cor, mas uma rea\u00e7\u00e3o entre o cabelo sensibilizado e componentes da \u00e1gua tratada, como metais e cloro, e [&hellip;]<\/p>\n","protected":false},"author":11,"featured_media":154908,"comment_status":"open","ping_status":"open","sticky":false,"template":"","format":"standard","meta":{"jnews-multi-image_gallery":[],"jnews_single_post":{"format":"standard"},"jnews_primary_category":[],"jnews_social_meta":[],"jnews_override_counter":[],"footnotes":""},"categories":[8819,1],"tags":[4905,22608,22607,14049,5111],"class_list":["post-154885","post","type-post","status-publish","format-standard","has-post-thumbnail","hentry","category-curiosidades","category-noticias","tag-cabelo","tag-cabelo-loiro-esverdeado","tag-cabelo-verde","tag-cloro","tag-piscina"],"yoast_head":"<!-- This site is optimized with the Yoast SEO plugin v23.8 - https:\/\/yoast.com\/wordpress\/plugins\/seo\/ -->\n<title>Como evitar que seu cabelo fique verde depois de nadar na piscina - Estado de Minas - Em foco<\/title>\n<meta name=\"description\" content=\"O cabelo verde na piscina n\u00e3o \u00e9 culpa s\u00f3 do cloro. Entenda a causa e veja como evitar e corrigir o tom esverdeado nos fios.\" \/>\n<meta name=\"robots\" content=\"index, follow, max-snippet:-1, max-image-preview:large, max-video-preview:-1\" \/>\n<link rel=\"canonical\" href=\"https:\/\/www.em.com.br\/emfoco\/2026\/01\/15\/como-evitar-que-seu-cabelo-fique-verde-depois-de-nadar-na-piscina\/\" \/>\n<meta property=\"og:locale\" content=\"pt_BR\" \/>\n<meta property=\"og:type\" content=\"article\" \/>\n<meta property=\"og:title\" content=\"Como evitar que seu cabelo fique verde depois de nadar na piscina - Estado de Minas - Em foco\" \/>\n<meta property=\"og:description\" content=\"O cabelo verde na piscina n\u00e3o \u00e9 culpa s\u00f3 do cloro. Entenda a causa e veja como evitar e corrigir o tom esverdeado nos fios.\" \/>\n<meta property=\"og:url\" content=\"https:\/\/www.em.com.br\/emfoco\/2026\/01\/15\/como-evitar-que-seu-cabelo-fique-verde-depois-de-nadar-na-piscina\/\" \/>\n<meta property=\"og:site_name\" content=\"Estado de Minas - Em foco\" \/>\n<meta property=\"article:published_time\" content=\"2026-01-15T20:45:00+00:00\" \/>\n<meta property=\"article:modified_time\" content=\"2026-01-14T22:28:13+00:00\" \/>\n<meta property=\"og:image\" content=\"https:\/\/www.em.com.br\/emfoco\/wp-content\/uploads\/2026\/01\/ChatGPT-Image-14-de-jan.-de-2026-11_33_17-1.png\" \/>\n\t<meta property=\"og:image:width\" content=\"1280\" \/>\n\t<meta property=\"og:image:height\" content=\"720\" \/>\n\t<meta property=\"og:image:type\" content=\"image\/png\" \/>\n<meta name=\"author\" content=\"Andre\u0301 Rangel\u00a0\" \/>\n<meta name=\"twitter:card\" content=\"summary_large_image\" \/>\n<meta name=\"twitter:label1\" content=\"Escrito por\" \/>\n\t<meta name=\"twitter:data1\" content=\"Andre\u0301 Rangel\u00a0\" \/>\n\t<meta name=\"twitter:label2\" content=\"Est. tempo de leitura\" \/>\n\t<meta name=\"twitter:data2\" content=\"4 minutos\" \/>\n<!-- \/ Yoast SEO plugin. -->","yoast_head_json":{"title":"Como evitar que seu cabelo fique verde depois de nadar na piscina - Estado de Minas - Em foco","description":"O cabelo verde na piscina n\u00e3o \u00e9 culpa s\u00f3 do cloro. Entenda a causa e veja como evitar e corrigir o tom esverdeado nos fios.","robots":{"index":"index","follow":"follow","max-snippet":"max-snippet:-1","max-image-preview":"max-image-preview:large","max-video-preview":"max-video-preview:-1"},"canonical":"https:\/\/www.em.com.br\/emfoco\/2026\/01\/15\/como-evitar-que-seu-cabelo-fique-verde-depois-de-nadar-na-piscina\/","og_locale":"pt_BR","og_type":"article","og_title":"Como evitar que seu cabelo fique verde depois de nadar na piscina - Estado de Minas - Em foco","og_description":"O cabelo verde na piscina n\u00e3o \u00e9 culpa s\u00f3 do cloro. Entenda a causa e veja como evitar e corrigir o tom esverdeado nos fios.","og_url":"https:\/\/www.em.com.br\/emfoco\/2026\/01\/15\/como-evitar-que-seu-cabelo-fique-verde-depois-de-nadar-na-piscina\/","og_site_name":"Estado de Minas - Em foco","article_published_time":"2026-01-15T20:45:00+00:00","article_modified_time":"2026-01-14T22:28:13+00:00","og_image":[{"width":1280,"height":720,"url":"https:\/\/www.em.com.br\/emfoco\/wp-content\/uploads\/2026\/01\/ChatGPT-Image-14-de-jan.-de-2026-11_33_17-1.png","type":"image\/png"}],"author":"Andre\u0301 Rangel\u00a0","twitter_card":"summary_large_image","twitter_misc":{"Escrito por":"Andre\u0301 Rangel\u00a0","Est. tempo de leitura":"4 minutos"},"schema":{"@context":"https:\/\/schema.org","@graph":[{"@type":"WebPage","@id":"https:\/\/www.em.com.br\/emfoco\/2026\/01\/15\/como-evitar-que-seu-cabelo-fique-verde-depois-de-nadar-na-piscina\/","url":"https:\/\/www.em.com.br\/emfoco\/2026\/01\/15\/como-evitar-que-seu-cabelo-fique-verde-depois-de-nadar-na-piscina\/","name":"Como evitar que seu cabelo fique verde depois de nadar na piscina - Estado de Minas - Em foco","isPartOf":{"@id":"https:\/\/www.em.com.br\/emfoco\/#website"},"primaryImageOfPage":{"@id":"https:\/\/www.em.com.br\/emfoco\/2026\/01\/15\/como-evitar-que-seu-cabelo-fique-verde-depois-de-nadar-na-piscina\/#primaryimage"},"image":{"@id":"https:\/\/www.em.com.br\/emfoco\/2026\/01\/15\/como-evitar-que-seu-cabelo-fique-verde-depois-de-nadar-na-piscina\/#primaryimage"},"thumbnailUrl":"https:\/\/www.em.com.br\/emfoco\/wp-content\/uploads\/2026\/01\/ChatGPT-Image-14-de-jan.-de-2026-11_33_17-1.png","datePublished":"2026-01-15T20:45:00+00:00","dateModified":"2026-01-14T22:28:13+00:00","author":{"@id":"https:\/\/www.em.com.br\/emfoco\/#\/schema\/person\/60eda09c1fedf0d6891f4cef4b60b8b8"},"description":"O cabelo verde na piscina n\u00e3o \u00e9 culpa s\u00f3 do cloro. Entenda a causa e veja como evitar e corrigir o tom esverdeado nos fios.","breadcrumb":{"@id":"https:\/\/www.em.com.br\/emfoco\/2026\/01\/15\/como-evitar-que-seu-cabelo-fique-verde-depois-de-nadar-na-piscina\/#breadcrumb"},"inLanguage":"pt-BR","potentialAction":[{"@type":"ReadAction","target":["https:\/\/www.em.com.br\/emfoco\/2026\/01\/15\/como-evitar-que-seu-cabelo-fique-verde-depois-de-nadar-na-piscina\/"]}]},{"@type":"ImageObject","inLanguage":"pt-BR","@id":"https:\/\/www.em.com.br\/emfoco\/2026\/01\/15\/como-evitar-que-seu-cabelo-fique-verde-depois-de-nadar-na-piscina\/#primaryimage","url":"https:\/\/www.em.com.br\/emfoco\/wp-content\/uploads\/2026\/01\/ChatGPT-Image-14-de-jan.-de-2026-11_33_17-1.png","contentUrl":"https:\/\/www.em.com.br\/emfoco\/wp-content\/uploads\/2026\/01\/ChatGPT-Image-14-de-jan.-de-2026-11_33_17-1.png","width":1280,"height":720,"caption":"Cabelo verde tem solu\u00e7\u00e3o quando o cuidado \u00e9 feito a tempo"},{"@type":"BreadcrumbList","@id":"https:\/\/www.em.com.br\/emfoco\/2026\/01\/15\/como-evitar-que-seu-cabelo-fique-verde-depois-de-nadar-na-piscina\/#breadcrumb","itemListElement":[{"@type":"ListItem","position":1,"name":"In\u00edcio","item":"https:\/\/www.em.com.br\/emfoco\/"},{"@type":"ListItem","position":2,"name":"Como evitar que seu cabelo fique verde depois de nadar na piscina"}]},{"@type":"WebSite","@id":"https:\/\/www.em.com.br\/emfoco\/#website","url":"https:\/\/www.em.com.br\/emfoco\/","name":"Estado de Minas - Em foco","description":"Acompanhe as \u00faltimas not\u00edcias e fique bem informado sobre tudo o que acontece em Minas Gerais, Brasil e no mundo.","potentialAction":[{"@type":"SearchAction","target":{"@type":"EntryPoint","urlTemplate":"https:\/\/www.em.com.br\/emfoco\/?s={search_term_string}"},"query-input":{"@type":"PropertyValueSpecification","valueRequired":true,"valueName":"search_term_string"}}],"inLanguage":"pt-BR"},{"@type":"Person","@id":"https:\/\/www.em.com.br\/emfoco\/#\/schema\/person\/60eda09c1fedf0d6891f4cef4b60b8b8","name":"Andre\u0301 Rangel\u00a0","image":{"@type":"ImageObject","inLanguage":"pt-BR","@id":"https:\/\/www.em.com.br\/emfoco\/#\/schema\/person\/image\/","url":"https:\/\/secure.gravatar.com\/avatar\/6234dc814c77c8ef6d8bba622c787efc?s=96&d=mm&r=g","contentUrl":"https:\/\/secure.gravatar.com\/avatar\/6234dc814c77c8ef6d8bba622c787efc?s=96&d=mm&r=g","caption":"Andre\u0301 Rangel\u00a0"},"url":"https:\/\/www.em.com.br\/emfoco\/author\/luizmyth\/"}]}},"_links":{"self":[{"href":"https:\/\/www.em.com.br\/emfoco\/wp-json\/wp\/v2\/posts\/154885","targetHints":{"allow":["GET"]}}],"collection":[{"href":"https:\/\/www.em.com.br\/emfoco\/wp-json\/wp\/v2\/posts"}],"about":[{"href":"https:\/\/www.em.com.br\/emfoco\/wp-json\/wp\/v2\/types\/post"}],"author":[{"embeddable":true,"href":"https:\/\/www.em.com.br\/emfoco\/wp-json\/wp\/v2\/users\/11"}],"replies":[{"embeddable":true,"href":"https:\/\/www.em.com.br\/emfoco\/wp-json\/wp\/v2\/comments?post=154885"}],"version-history":[{"count":3,"href":"https:\/\/www.em.com.br\/emfoco\/wp-json\/wp\/v2\/posts\/154885\/revisions"}],"predecessor-version":[{"id":154910,"href":"https:\/\/www.em.com.br\/emfoco\/wp-json\/wp\/v2\/posts\/154885\/revisions\/154910"}],"wp:featuredmedia":[{"embeddable":true,"href":"https:\/\/www.em.com.br\/emfoco\/wp-json\/wp\/v2\/media\/154908"}],"wp:attachment":[{"href":"https:\/\/www.em.com.br\/emfoco\/wp-json\/wp\/v2\/media?parent=154885"}],"wp:term":[{"taxonomy":"category","embeddable":true,"href":"https:\/\/www.em.com.br\/emfoco\/wp-json\/wp\/v2\/categories?post=154885"},{"taxonomy":"post_tag","embeddable":true,"href":"https:\/\/www.em.com.br\/emfoco\/wp-json\/wp\/v2\/tags?post=154885"}],"curies":[{"name":"wp","href":"https:\/\/api.w.org\/{rel}","templated":true}]}}