{"id":154868,"date":"2026-01-14T10:00:00","date_gmt":"2026-01-14T13:00:00","guid":{"rendered":"https:\/\/www.em.com.br\/emfoco\/?p=154868"},"modified":"2026-01-14T09:09:18","modified_gmt":"2026-01-14T12:09:18","slug":"comunicado-para-todos-que-informam-o-cpf-ao-comprar-em-farmacias-em-2026","status":"publish","type":"post","link":"https:\/\/www.em.com.br\/emfoco\/2026\/01\/14\/comunicado-para-todos-que-informam-o-cpf-ao-comprar-em-farmacias-em-2026\/","title":{"rendered":"Comunicado para todos que informam o CPF ao comprar em farm\u00e1cias em 2026"},"content":{"rendered":"\n<p>Em muitas redes de farm\u00e1cias, a solicita\u00e7\u00e3o do <strong>CPF <\/strong>no ato da compra se tornou parte da rotina do atendimento. A pr\u00e1tica, que costuma ser associada a programas de fidelidade, descontos em medicamentos e facilidades na emiss\u00e3o de nota fiscal, tamb\u00e9m levanta d\u00favidas sobre privacidade, seguran\u00e7a de dados e uso dessas informa\u00e7\u00f5es em <strong>2026<\/strong>. Diante da amplia\u00e7\u00e3o do com\u00e9rcio digital e do cruzamento de dados em diferentes setores, o tema passou a exigir aten\u00e7\u00e3o redobrada.<\/p>\n\n\n\n<p>Ao informar o <a href=\"https:\/\/www.em.com.br\/emfoco\/tag\/cpf\/\">CPF <\/a>em farm\u00e1cias, o consumidor permite que seus dados sejam vinculados ao hist\u00f3rico de compras, ao perfil de consumo e, em alguns casos, a informa\u00e7\u00f5es de sa\u00fade presumidas pela natureza dos produtos adquiridos. Em <strong>2026<\/strong>, com a consolida\u00e7\u00e3o da Lei Geral de Prote\u00e7\u00e3o de Dados (LGPD) no Brasil, esse cen\u00e1rio passou a ser regulado por normas espec\u00edficas, que determinam direitos, deveres e limites para o tratamento dessas informa\u00e7\u00f5es pelas empresas do setor farmac\u00eautico.<\/p>\n\n\n\n<h2 class=\"wp-block-heading\">Comunicado sobre CPF em farm\u00e1cias em 2026: o que est\u00e1 em jogo?<\/h2>\n\n\n\n<p>O principal ponto do comunicado voltado a quem informa o <strong>CPF <\/strong>em farm\u00e1cias em 2026 \u00e9 ressaltar que o fornecimento desse dado \u00e9, em regra, uma\u00a0<strong>escolha do consumidor<\/strong>, e n\u00e3o uma obriga\u00e7\u00e3o geral. O <strong>CPF <\/strong>\u00e9 considerado um dado pessoal sens\u00edvel para fins de identifica\u00e7\u00e3o, e o seu uso deve ser justificado por uma finalidade clara, como emiss\u00e3o de nota fiscal, concess\u00e3o de descontos vinculados a cadastro ou participa\u00e7\u00e3o em programas de pontos.<\/p>\n\n\n\n<p>Ao compartilhar o CPF, o consumidor autoriza o cadastro em sistemas internos, que podem ser integrados a plataformas de marketing, bancos de dados de fidelidade e, em alguns casos, a empresas parceiras. Isso significa que, em 2026, a pessoa que informa o documento em farm\u00e1cias precisa ser comunicada, de forma transparente, sobre como o dado ser\u00e1 utilizado, por quanto tempo ficar\u00e1 armazenado e com quem poder\u00e1 ser compartilhado, em conformidade com a LGPD.<\/p>\n\n\n\n<figure class=\"wp-block-image size-large\"><img loading=\"lazy\" decoding=\"async\" width=\"1024\" height=\"585\" src=\"https:\/\/www.em.com.br\/emfoco\/wp-content\/uploads\/2026\/01\/freepik__candid-i-with-natural-textures-and-highly-realisti__67191-1024x585.jpeg\" alt=\"\" class=\"wp-image-154869\" srcset=\"https:\/\/www.em.com.br\/emfoco\/wp-content\/uploads\/2026\/01\/freepik__candid-i-with-natural-textures-and-highly-realisti__67191-1024x585.jpeg 1024w, https:\/\/www.em.com.br\/emfoco\/wp-content\/uploads\/2026\/01\/freepik__candid-i-with-natural-textures-and-highly-realisti__67191-300x171.jpeg 300w, https:\/\/www.em.com.br\/emfoco\/wp-content\/uploads\/2026\/01\/freepik__candid-i-with-natural-textures-and-highly-realisti__67191-768x439.jpeg 768w, https:\/\/www.em.com.br\/emfoco\/wp-content\/uploads\/2026\/01\/freepik__candid-i-with-natural-textures-and-highly-realisti__67191-1536x878.jpeg 1536w, https:\/\/www.em.com.br\/emfoco\/wp-content\/uploads\/2026\/01\/freepik__candid-i-with-natural-textures-and-highly-realisti__67191-2048x1170.jpeg 2048w, https:\/\/www.em.com.br\/emfoco\/wp-content\/uploads\/2026\/01\/freepik__candid-i-with-natural-textures-and-highly-realisti__67191-750x429.jpeg 750w, https:\/\/www.em.com.br\/emfoco\/wp-content\/uploads\/2026\/01\/freepik__candid-i-with-natural-textures-and-highly-realisti__67191-1140x651.jpeg 1140w\" sizes=\"auto, (max-width: 1024px) 100vw, 1024px\" \/><figcaption class=\"wp-element-caption\">CPF na farm\u00e1cia em 2026: o dado que voc\u00ea entrega por desconto pode valer muito mais do que pensa<\/figcaption><\/figure>\n\n\n\n<h2 class=\"wp-block-heading\">Por que as farm\u00e1cias pedem CPF na compra?<\/h2>\n\n\n\n<p>A solicita\u00e7\u00e3o do&nbsp;<strong>CPF na farm\u00e1cia<\/strong>&nbsp;costuma estar ligada a alguns objetivos principais. O primeiro \u00e9 a emiss\u00e3o da&nbsp;<strong>Nota Fiscal Paulista<\/strong>&nbsp;ou de programas similares em outros estados, que exigem o n\u00famero do documento para que o consumidor participe de devolu\u00e7\u00e3o de impostos ou sorteios. Outro motivo frequente \u00e9 a ades\u00e3o a programas de fidelidade, que oferecem descontos progressivos, ac\u00famulo de pontos e condi\u00e7\u00f5es especiais em medicamentos de uso cont\u00ednuo.<\/p>\n\n\n\n<p>Al\u00e9m disso, muitas redes utilizam o CPF para:<\/p>\n\n\n\n<ul class=\"wp-block-list\">\n<li>Registrar hist\u00f3rico de compras e facilitar o controle de rem\u00e9dios de uso prolongado.<\/li>\n\n\n\n<li>Enviar ofertas personalizadas com base nos produtos anteriormente adquiridos.<\/li>\n\n\n\n<li>Cruzar dados de consumo para planejar estoque e campanhas promocionais.<\/li>\n<\/ul>\n\n\n\n<p>Em 2026, esses processos passaram a ser mais automatizados, com sistemas que analisam o comportamento de compra em tempo real. Por isso, o comunicado enfatiza que o uso do CPF em farm\u00e1cias deve respeitar limites legais e garantir meios simples para que o consumidor revise ou cancele seu cadastro, caso n\u00e3o queira mais participar dessas iniciativas.<\/p>\n\n\n\n<h2 class=\"wp-block-heading\">Quais cuidados tomar ao informar o CPF em farm\u00e1cias?<\/h2>\n\n\n\n<p>Com o avan\u00e7o de fraudes digitais e vazamentos de dados, a orienta\u00e7\u00e3o em 2026 \u00e9 que a pessoa que informa o CPF ao comprar em farm\u00e1cias adote alguns cuidados b\u00e1sicos. O primeiro \u00e9 verificar se o fornecimento do dado \u00e9 realmente necess\u00e1rio para o objetivo pretendido, especialmente em compras de baixo valor ou quando n\u00e3o h\u00e1 interesse em programas de fidelidade ou notas fiscais vinculadas ao CPF.<\/p>\n\n\n\n<p>Entre as pr\u00e1ticas recomendadas, destacam-se:<\/p>\n\n\n\n<ol class=\"wp-block-list\">\n<li><strong>Perguntar a finalidade<\/strong>\u00a0\u2013 Antes de informar o CPF, \u00e9 indicado solicitar ao atendente a explica\u00e7\u00e3o sobre o motivo do pedido: desconto, nota fiscal ou cadastro em programa.<\/li>\n\n\n\n<li><strong>Conferir pol\u00edticas de privacidade<\/strong>\u00a0\u2013 Grandes redes costumam disponibilizar, no site ou no aplicativo, detalhes sobre o tratamento de dados. Em 2026, essas informa\u00e7\u00f5es devem ser claras e acess\u00edveis.<\/li>\n\n\n\n<li><strong>Evitar informar em voz alta em ambientes cheios<\/strong>\u00a0\u2013 Sempre que poss\u00edvel, \u00e9 mais seguro digitar o CPF no terminal ou apresentar em formato digital, reduzindo o risco de terceiros escutarem e anotarem o n\u00famero.<\/li>\n\n\n\n<li><strong>Atualizar cadastros<\/strong>\u00a0\u2013 Dados antigos podem gerar inconsist\u00eancias. Manter telefone e e-mail corretos facilita a verifica\u00e7\u00e3o de comunica\u00e7\u00f5es leg\u00edtimas da farm\u00e1cia.<\/li>\n<\/ol>\n\n\n\n<p>Esses cuidados n\u00e3o impedem o uso do CPF na farm\u00e1cia, mas ajudam a reduzir a exposi\u00e7\u00e3o desnecess\u00e1ria de dados pessoais, alinhando pr\u00e1tica cotidiana e seguran\u00e7a informacional.<\/p>\n\n\n\n<figure class=\"wp-block-image size-large\"><img loading=\"lazy\" decoding=\"async\" width=\"1024\" height=\"585\" src=\"https:\/\/www.em.com.br\/emfoco\/wp-content\/uploads\/2026\/01\/freepik__candid-i-with-natural-textures-and-highly-realisti__67190-1024x585.jpeg\" alt=\"\" class=\"wp-image-154870\" srcset=\"https:\/\/www.em.com.br\/emfoco\/wp-content\/uploads\/2026\/01\/freepik__candid-i-with-natural-textures-and-highly-realisti__67190-1024x585.jpeg 1024w, https:\/\/www.em.com.br\/emfoco\/wp-content\/uploads\/2026\/01\/freepik__candid-i-with-natural-textures-and-highly-realisti__67190-300x171.jpeg 300w, https:\/\/www.em.com.br\/emfoco\/wp-content\/uploads\/2026\/01\/freepik__candid-i-with-natural-textures-and-highly-realisti__67190-768x439.jpeg 768w, https:\/\/www.em.com.br\/emfoco\/wp-content\/uploads\/2026\/01\/freepik__candid-i-with-natural-textures-and-highly-realisti__67190-1536x878.jpeg 1536w, https:\/\/www.em.com.br\/emfoco\/wp-content\/uploads\/2026\/01\/freepik__candid-i-with-natural-textures-and-highly-realisti__67190-2048x1170.jpeg 2048w, https:\/\/www.em.com.br\/emfoco\/wp-content\/uploads\/2026\/01\/freepik__candid-i-with-natural-textures-and-highly-realisti__67190-750x429.jpeg 750w, https:\/\/www.em.com.br\/emfoco\/wp-content\/uploads\/2026\/01\/freepik__candid-i-with-natural-textures-and-highly-realisti__67190-1140x651.jpeg 1140w\" sizes=\"auto, (max-width: 1024px) 100vw, 1024px\" \/><figcaption class=\"wp-element-caption\">O que realmente acontece quando voc\u00ea d\u00e1 o CPF na farm\u00e1cia em 2026? Muito al\u00e9m do desconto<\/figcaption><\/figure>\n\n\n\n<h2 class=\"wp-block-heading\">Quais s\u00e3o os direitos de quem informa o CPF na farm\u00e1cia?<\/h2>\n\n\n\n<p>Em 2026, a LGPD garante uma s\u00e9rie de direitos ao titular de dados que informa o CPF na compra em farm\u00e1cias. Esses direitos incluem, entre outros, o acesso \u00e0s informa\u00e7\u00f5es armazenadas, a corre\u00e7\u00e3o de cadastros, a possibilidade de solicitar a exclus\u00e3o de registros em determinadas situa\u00e7\u00f5es e a limita\u00e7\u00e3o do uso dos dados para fins espec\u00edficos.<\/p>\n\n\n\n<p>Entre os principais direitos previstos, est\u00e3o:<\/p>\n\n\n\n<ul class=\"wp-block-list\">\n<li><strong>Direito de saber<\/strong>\u00a0quais dados s\u00e3o coletados, como s\u00e3o usados e por qual motivo.<\/li>\n\n\n\n<li><strong>Direito de oposi\u00e7\u00e3o<\/strong>\u00a0ao uso do CPF para fins de marketing ou compartilhamento com terceiros, quando n\u00e3o houver obriga\u00e7\u00e3o legal que justifique o tratamento.<\/li>\n\n\n\n<li><strong>Direito de revogar consentimento<\/strong>, retirando a autoriza\u00e7\u00e3o para uso do CPF em programas de fidelidade, por exemplo.<\/li>\n\n\n\n<li><strong>Direito de solicitar exclus\u00e3o<\/strong>\u00a0de dados, desde que n\u00e3o exista exig\u00eancia legal de guarda, como em notas fiscais.<\/li>\n<\/ul>\n\n\n\n<p>O comunicado refor\u00e7a que farm\u00e1cias e redes de drogarias, f\u00edsicas ou online, s\u00e3o respons\u00e1veis por disponibilizar canais de atendimento para exercer esses direitos, seja por telefone, aplicativo, site ou atendimento presencial. Em caso de descumprimento ou uso inadequado do CPF, o cidad\u00e3o pode recorrer aos \u00f3rg\u00e3os de defesa do consumidor ou \u00e0 Autoridade Nacional de Prote\u00e7\u00e3o de Dados (ANPD).<\/p>\n\n\n\n<h2 class=\"wp-block-heading\">Como agir daqui para frente em 2026?<\/h2>\n\n\n\n<p>Ao longo de 2026, a tend\u00eancia \u00e9 que a solicita\u00e7\u00e3o do CPF em farm\u00e1cias continue comum, tanto no balc\u00e3o f\u00edsico quanto em aplicativos de entrega e plataformas de e-commerce. A diferen\u00e7a est\u00e1 no n\u00edvel de informa\u00e7\u00e3o que o consumidor passa a ter e na responsabilidade das empresas em adotar pr\u00e1ticas transparentes e seguras. A orienta\u00e7\u00e3o geral \u00e9 que o fornecimento do CPF seja uma decis\u00e3o consciente, levando em conta os benef\u00edcios oferecidos e os poss\u00edveis riscos associados ao compartilhamento de dados.<\/p>\n\n\n\n<p>Para quem prefere manter o m\u00e1ximo de reserva, \u00e9 poss\u00edvel recusar o fornecimento do CPF quando ele n\u00e3o for exigido por lei, optando por notas fiscais simplificadas ou abrindo m\u00e3o de programas de fidelidade. Para quem aceita informar o dado em troca de vantagens, a recomenda\u00e7\u00e3o \u00e9 acompanhar periodicamente comunica\u00e7\u00f5es da farm\u00e1cia, revisar termos de uso e manter-se atento a qualquer uso inesperado de informa\u00e7\u00f5es pessoais. Desse modo, a rela\u00e7\u00e3o com farm\u00e1cias em 2026 tende a se manter funcional, aliando conveni\u00eancia, economia e respeito \u00e0 privacidade.<\/p>\n","protected":false},"excerpt":{"rendered":"<p>Em muitas redes de farm\u00e1cias, a solicita\u00e7\u00e3o do CPF no ato da compra se tornou parte da rotina do atendimento. A pr\u00e1tica, que costuma ser associada a programas de fidelidade, descontos em medicamentos e facilidades na emiss\u00e3o de nota fiscal, tamb\u00e9m levanta d\u00favidas sobre privacidade, seguran\u00e7a de dados e uso dessas informa\u00e7\u00f5es em 2026. Diante [&hellip;]<\/p>\n","protected":false},"author":19,"featured_media":154871,"comment_status":"open","ping_status":"open","sticky":false,"template":"","format":"standard","meta":{"jnews-multi-image_gallery":[],"jnews_single_post":{"format":"standard"},"jnews_primary_category":[],"jnews_social_meta":[],"jnews_override_counter":[],"footnotes":""},"categories":[1],"tags":[8740,848,22601,9932],"class_list":["post-154868","post","type-post","status-publish","format-standard","has-post-thumbnail","hentry","category-noticias","tag-comunicado","tag-cpf","tag-cpf-na-farmacia","tag-farmacia"],"yoast_head":"<!-- This site is optimized with the Yoast SEO plugin v23.8 - https:\/\/yoast.com\/wordpress\/plugins\/seo\/ -->\n<title>Comunicado para todos que informam o CPF ao comprar em farm\u00e1cias em 2026 - Estado de Minas - Em foco<\/title>\n<meta name=\"description\" content=\"Alerta 2026: comunicado para todos que informam o CPF ao comprar em farm\u00e1cias, entenda riscos, mudan\u00e7as na lei e como se proteger.\" \/>\n<meta name=\"robots\" content=\"index, follow, max-snippet:-1, max-image-preview:large, max-video-preview:-1\" \/>\n<link rel=\"canonical\" href=\"https:\/\/www.em.com.br\/emfoco\/2026\/01\/14\/comunicado-para-todos-que-informam-o-cpf-ao-comprar-em-farmacias-em-2026\/\" \/>\n<meta property=\"og:locale\" content=\"pt_BR\" \/>\n<meta property=\"og:type\" content=\"article\" \/>\n<meta property=\"og:title\" content=\"Comunicado para todos que informam o CPF ao comprar em farm\u00e1cias em 2026 - Estado de Minas - Em foco\" \/>\n<meta property=\"og:description\" content=\"Alerta 2026: comunicado para todos que informam o CPF ao comprar em farm\u00e1cias, entenda riscos, mudan\u00e7as na lei e como se proteger.\" \/>\n<meta property=\"og:url\" content=\"https:\/\/www.em.com.br\/emfoco\/2026\/01\/14\/comunicado-para-todos-que-informam-o-cpf-ao-comprar-em-farmacias-em-2026\/\" \/>\n<meta property=\"og:site_name\" content=\"Estado de Minas - Em foco\" \/>\n<meta property=\"article:published_time\" content=\"2026-01-14T13:00:00+00:00\" \/>\n<meta property=\"article:modified_time\" content=\"2026-01-14T12:09:18+00:00\" \/>\n<meta property=\"og:image\" content=\"https:\/\/www.em.com.br\/emfoco\/wp-content\/uploads\/2026\/01\/freepik__candid-i-with-natural-textures-and-highly-realisti__36275-1024x585.png\" \/>\n\t<meta property=\"og:image:width\" content=\"1024\" \/>\n\t<meta property=\"og:image:height\" content=\"585\" \/>\n\t<meta property=\"og:image:type\" content=\"image\/png\" \/>\n<meta name=\"author\" content=\"Vanessa Tavares\" \/>\n<meta name=\"twitter:card\" content=\"summary_large_image\" \/>\n<meta name=\"twitter:label1\" content=\"Escrito por\" \/>\n\t<meta name=\"twitter:data1\" content=\"Vanessa Tavares\" \/>\n\t<meta name=\"twitter:label2\" content=\"Est. tempo de leitura\" \/>\n\t<meta name=\"twitter:data2\" content=\"7 minutos\" \/>\n<!-- \/ Yoast SEO plugin. -->","yoast_head_json":{"title":"Comunicado para todos que informam o CPF ao comprar em farm\u00e1cias em 2026 - Estado de Minas - Em foco","description":"Alerta 2026: comunicado para todos que informam o CPF ao comprar em farm\u00e1cias, entenda riscos, mudan\u00e7as na lei e como se proteger.","robots":{"index":"index","follow":"follow","max-snippet":"max-snippet:-1","max-image-preview":"max-image-preview:large","max-video-preview":"max-video-preview:-1"},"canonical":"https:\/\/www.em.com.br\/emfoco\/2026\/01\/14\/comunicado-para-todos-que-informam-o-cpf-ao-comprar-em-farmacias-em-2026\/","og_locale":"pt_BR","og_type":"article","og_title":"Comunicado para todos que informam o CPF ao comprar em farm\u00e1cias em 2026 - Estado de Minas - Em foco","og_description":"Alerta 2026: comunicado para todos que informam o CPF ao comprar em farm\u00e1cias, entenda riscos, mudan\u00e7as na lei e como se proteger.","og_url":"https:\/\/www.em.com.br\/emfoco\/2026\/01\/14\/comunicado-para-todos-que-informam-o-cpf-ao-comprar-em-farmacias-em-2026\/","og_site_name":"Estado de Minas - Em foco","article_published_time":"2026-01-14T13:00:00+00:00","article_modified_time":"2026-01-14T12:09:18+00:00","og_image":[{"width":1024,"height":585,"url":"https:\/\/www.em.com.br\/emfoco\/wp-content\/uploads\/2026\/01\/freepik__candid-i-with-natural-textures-and-highly-realisti__36275-1024x585.png","type":"image\/png"}],"author":"Vanessa Tavares","twitter_card":"summary_large_image","twitter_misc":{"Escrito por":"Vanessa Tavares","Est. tempo de leitura":"7 minutos"},"schema":{"@context":"https:\/\/schema.org","@graph":[{"@type":"WebPage","@id":"https:\/\/www.em.com.br\/emfoco\/2026\/01\/14\/comunicado-para-todos-que-informam-o-cpf-ao-comprar-em-farmacias-em-2026\/","url":"https:\/\/www.em.com.br\/emfoco\/2026\/01\/14\/comunicado-para-todos-que-informam-o-cpf-ao-comprar-em-farmacias-em-2026\/","name":"Comunicado para todos que informam o CPF ao comprar em farm\u00e1cias em 2026 - Estado de Minas - Em foco","isPartOf":{"@id":"https:\/\/www.em.com.br\/emfoco\/#website"},"primaryImageOfPage":{"@id":"https:\/\/www.em.com.br\/emfoco\/2026\/01\/14\/comunicado-para-todos-que-informam-o-cpf-ao-comprar-em-farmacias-em-2026\/#primaryimage"},"image":{"@id":"https:\/\/www.em.com.br\/emfoco\/2026\/01\/14\/comunicado-para-todos-que-informam-o-cpf-ao-comprar-em-farmacias-em-2026\/#primaryimage"},"thumbnailUrl":"https:\/\/www.em.com.br\/emfoco\/wp-content\/uploads\/2026\/01\/freepik__candid-i-with-natural-textures-and-highly-realisti__36275.png","datePublished":"2026-01-14T13:00:00+00:00","dateModified":"2026-01-14T12:09:18+00:00","author":{"@id":"https:\/\/www.em.com.br\/emfoco\/#\/schema\/person\/4a7a157aac450b98edc86f15a7434f0b"},"description":"Alerta 2026: comunicado para todos que informam o CPF ao comprar em farm\u00e1cias, entenda riscos, mudan\u00e7as na lei e como se proteger.","breadcrumb":{"@id":"https:\/\/www.em.com.br\/emfoco\/2026\/01\/14\/comunicado-para-todos-que-informam-o-cpf-ao-comprar-em-farmacias-em-2026\/#breadcrumb"},"inLanguage":"pt-BR","potentialAction":[{"@type":"ReadAction","target":["https:\/\/www.em.com.br\/emfoco\/2026\/01\/14\/comunicado-para-todos-que-informam-o-cpf-ao-comprar-em-farmacias-em-2026\/"]}]},{"@type":"ImageObject","inLanguage":"pt-BR","@id":"https:\/\/www.em.com.br\/emfoco\/2026\/01\/14\/comunicado-para-todos-que-informam-o-cpf-ao-comprar-em-farmacias-em-2026\/#primaryimage","url":"https:\/\/www.em.com.br\/emfoco\/wp-content\/uploads\/2026\/01\/freepik__candid-i-with-natural-textures-and-highly-realisti__36275.png","contentUrl":"https:\/\/www.em.com.br\/emfoco\/wp-content\/uploads\/2026\/01\/freepik__candid-i-with-natural-textures-and-highly-realisti__36275.png","width":2688,"height":1536,"caption":"Dar o CPF na farm\u00e1cia virou rotina \u2014 mas o que fazem com seus dados pode te surpreender"},{"@type":"BreadcrumbList","@id":"https:\/\/www.em.com.br\/emfoco\/2026\/01\/14\/comunicado-para-todos-que-informam-o-cpf-ao-comprar-em-farmacias-em-2026\/#breadcrumb","itemListElement":[{"@type":"ListItem","position":1,"name":"In\u00edcio","item":"https:\/\/www.em.com.br\/emfoco\/"},{"@type":"ListItem","position":2,"name":"Comunicado para todos que informam o CPF ao comprar em farm\u00e1cias em 2026"}]},{"@type":"WebSite","@id":"https:\/\/www.em.com.br\/emfoco\/#website","url":"https:\/\/www.em.com.br\/emfoco\/","name":"Estado de Minas - Em foco","description":"Acompanhe as \u00faltimas not\u00edcias e fique bem informado sobre tudo o que acontece em Minas Gerais, Brasil e no mundo.","potentialAction":[{"@type":"SearchAction","target":{"@type":"EntryPoint","urlTemplate":"https:\/\/www.em.com.br\/emfoco\/?s={search_term_string}"},"query-input":{"@type":"PropertyValueSpecification","valueRequired":true,"valueName":"search_term_string"}}],"inLanguage":"pt-BR"},{"@type":"Person","@id":"https:\/\/www.em.com.br\/emfoco\/#\/schema\/person\/4a7a157aac450b98edc86f15a7434f0b","name":"Vanessa Tavares","image":{"@type":"ImageObject","inLanguage":"pt-BR","@id":"https:\/\/www.em.com.br\/emfoco\/#\/schema\/person\/image\/","url":"https:\/\/secure.gravatar.com\/avatar\/088c9372da58da00f00f8e508f13d635?s=96&d=mm&r=g","contentUrl":"https:\/\/secure.gravatar.com\/avatar\/088c9372da58da00f00f8e508f13d635?s=96&d=mm&r=g","caption":"Vanessa Tavares"},"sameAs":["https:\/\/www.em.com.br\/emfoco"],"url":"https:\/\/www.em.com.br\/emfoco\/author\/vanessamyth\/"}]}},"_links":{"self":[{"href":"https:\/\/www.em.com.br\/emfoco\/wp-json\/wp\/v2\/posts\/154868","targetHints":{"allow":["GET"]}}],"collection":[{"href":"https:\/\/www.em.com.br\/emfoco\/wp-json\/wp\/v2\/posts"}],"about":[{"href":"https:\/\/www.em.com.br\/emfoco\/wp-json\/wp\/v2\/types\/post"}],"author":[{"embeddable":true,"href":"https:\/\/www.em.com.br\/emfoco\/wp-json\/wp\/v2\/users\/19"}],"replies":[{"embeddable":true,"href":"https:\/\/www.em.com.br\/emfoco\/wp-json\/wp\/v2\/comments?post=154868"}],"version-history":[{"count":2,"href":"https:\/\/www.em.com.br\/emfoco\/wp-json\/wp\/v2\/posts\/154868\/revisions"}],"predecessor-version":[{"id":154873,"href":"https:\/\/www.em.com.br\/emfoco\/wp-json\/wp\/v2\/posts\/154868\/revisions\/154873"}],"wp:featuredmedia":[{"embeddable":true,"href":"https:\/\/www.em.com.br\/emfoco\/wp-json\/wp\/v2\/media\/154871"}],"wp:attachment":[{"href":"https:\/\/www.em.com.br\/emfoco\/wp-json\/wp\/v2\/media?parent=154868"}],"wp:term":[{"taxonomy":"category","embeddable":true,"href":"https:\/\/www.em.com.br\/emfoco\/wp-json\/wp\/v2\/categories?post=154868"},{"taxonomy":"post_tag","embeddable":true,"href":"https:\/\/www.em.com.br\/emfoco\/wp-json\/wp\/v2\/tags?post=154868"}],"curies":[{"name":"wp","href":"https:\/\/api.w.org\/{rel}","templated":true}]}}