{"id":154859,"date":"2026-01-14T06:54:00","date_gmt":"2026-01-14T09:54:00","guid":{"rendered":"https:\/\/www.em.com.br\/emfoco\/?p=154859"},"modified":"2026-01-16T10:04:27","modified_gmt":"2026-01-16T13:04:27","slug":"funcionario-registra-entrada-e-saida-no-horario-mas-e-julgado-por-nao-somar-mais-uma-hora-a-sua-jornada-de-trabalho-o-resto-da-equipe-chega-por-volta-das-8h-e-fica-ate-as-18h30-ou-mais-tarde","status":"publish","type":"post","link":"https:\/\/www.em.com.br\/emfoco\/2026\/01\/14\/funcionario-registra-entrada-e-saida-no-horario-mas-e-julgado-por-nao-somar-mais-uma-hora-a-sua-jornada-de-trabalho-o-resto-da-equipe-chega-por-volta-das-8h-e-fica-ate-as-18h30-ou-mais-tarde\/","title":{"rendered":"Funcion\u00e1rio registra entrada e sa\u00edda no hor\u00e1rio, mas \u00e9 julgado por n\u00e3o somar mais uma hora \u00e0 sua jornada de trabalho: &#8216;O resto da equipe chega por volta das 8h e fica at\u00e9 \u00e0s 18h30 ou mais tarde&#8217;"},"content":{"rendered":"\n<p>Em muitos ambientes corporativos, a cultura de trabalho vai al\u00e9m do que est\u00e1 registrado no <a href=\"https:\/\/www.em.com.br\/emfoco\/2026\/01\/06\/trabalhador-pode-ser-demitido-por-usar-o-celular-no-horario-de-trabalho-mas-empresa-que-exagera-pode-ter-que-pagar-indenizacao\/\" target=\"_blank\" rel=\"noreferrer noopener\">contrato<\/a>. N\u00e3o \u00e9 raro que o expediente formal seja apenas um ponto de refer\u00eancia, enquanto, na pr\u00e1tica, o grupo passa a esperar jornadas prolongadas sem aumento de sal\u00e1rio. Essa din\u00e2mica costuma se apoiar em frases sutis, coment\u00e1rios indiretos e compara\u00e7\u00f5es com colegas que chegam antes e saem depois, criando um clima de cobran\u00e7a silenciosa.<\/p>\n\n\n\n<h2 class=\"wp-block-heading\">Funcion\u00e1rio cumpre o contrato, mas \u00e9 julgado por n\u00e3o estender a jornada<\/h2>\n\n\n\n<p>Um exemplo emblem\u00e1tico dessa situa\u00e7\u00e3o \u00e9 o de um profissional cuja jornada oficial, registrada em contrato, vai das 8h30 \u00e0s 17h, com pausa para almo\u00e7o. Logo nas primeiras semanas, ele percebeu que o padr\u00e3o do time era bem diferente do que constava no papel: \u201cO resto da equipe chega por volta das 8h e fica at\u00e9 \u00e0s 18h30 ou mais tarde\u201d, relata.<\/p>\n\n\n\n<p>Mesmo entregando todas as tarefas dentro do hor\u00e1rio estabelecido, o funcion\u00e1rio come\u00e7ou a notar coment\u00e1rios velados quando se levantava para ir embora no hor\u00e1rio correto. Frases como \u201c<strong>j\u00e1 vai?<\/strong>\u201d, ditas em tom de brincadeira, e observa\u00e7\u00f5es do tipo \u201caqui o pessoal costuma dar uma forcinha a mais\u201d passaram a fazer parte da rotina. Em algumas reuni\u00f5es, ouviu compara\u00e7\u00f5es indiretas com colegas considerados \u201cmais dedicados\u201d por ficarem al\u00e9m do expediente.<\/p>\n\n\n\n<p>Ele conta que, embora nunca tenha recebido uma ordem expl\u00edcita para estender o hor\u00e1rio, sentia-se constantemente avaliado: \u201cEu bato o ponto na entrada e na sa\u00edda, tudo dentro do combinado. Mas a sensa\u00e7\u00e3o \u00e9 de que estou fazendo algo errado por n\u00e3o somar mais uma hora ao meu dia\u201d. Com o tempo, isso come\u00e7ou a afetar seu bem-estar, gerando culpa injustificada e d\u00favida sobre se deveria abrir m\u00e3o do limite contratual apenas para se encaixar na cultura do grupo.<\/p>\n\n\n\n<h2 class=\"wp-block-heading\">Cultura de horas extras n\u00e3o pagas<\/h2>\n\n\n\n<p>A&nbsp;<strong>cultura de horas extras n\u00e3o pagas<\/strong>&nbsp;costuma se instalar de maneira gradual. Primeiro, surge a ideia de que \u201ctodo mundo ajuda um pouco a mais\u201d; depois, a imagem de dedica\u00e7\u00e3o passa a ser associada diretamente a quem permanece mais tempo na empresa. Em muitos casos, essa l\u00f3gica ignora a produtividade real, tornando o n\u00famero de horas vis\u00edveis no escrit\u00f3rio um s\u00edmbolo de comprometimento, mesmo que a carga de trabalho possa ser cumprida no hor\u00e1rio normal.<\/p>\n\n\n\n<figure class=\"wp-block-image size-large\"><img loading=\"lazy\" decoding=\"async\" width=\"1024\" height=\"559\" src=\"https:\/\/www.em.com.br\/emfoco\/wp-content\/uploads\/2026\/01\/freepik__35mm-film-photography-closeup-jovem-funcionrio-cor__67187-1024x559.png\" alt=\"\" class=\"wp-image-154860\" srcset=\"https:\/\/www.em.com.br\/emfoco\/wp-content\/uploads\/2026\/01\/freepik__35mm-film-photography-closeup-jovem-funcionrio-cor__67187-1024x559.png 1024w, https:\/\/www.em.com.br\/emfoco\/wp-content\/uploads\/2026\/01\/freepik__35mm-film-photography-closeup-jovem-funcionrio-cor__67187-300x164.png 300w, https:\/\/www.em.com.br\/emfoco\/wp-content\/uploads\/2026\/01\/freepik__35mm-film-photography-closeup-jovem-funcionrio-cor__67187-768x419.png 768w, https:\/\/www.em.com.br\/emfoco\/wp-content\/uploads\/2026\/01\/freepik__35mm-film-photography-closeup-jovem-funcionrio-cor__67187-750x409.png 750w, https:\/\/www.em.com.br\/emfoco\/wp-content\/uploads\/2026\/01\/freepik__35mm-film-photography-closeup-jovem-funcionrio-cor__67187-1140x622.png 1140w, https:\/\/www.em.com.br\/emfoco\/wp-content\/uploads\/2026\/01\/freepik__35mm-film-photography-closeup-jovem-funcionrio-cor__67187.png 1408w\" sizes=\"auto, (max-width: 1024px) 100vw, 1024px\" \/><figcaption class=\"wp-element-caption\">Chegar \u00e0s 9h e sair \u00e0s 18h virou crime no trabalho onde todos \u201ccompetem\u201d quem fica mais<\/figcaption><\/figure>\n\n\n\n<h2 class=\"wp-block-heading\">Como a press\u00e3o por mais horas se manifesta no dia a dia?<\/h2>\n\n\n\n<p>A press\u00e3o por horas extras n\u00e3o remuneradas geralmente n\u00e3o aparece sob a forma de ordens diretas. Em vez disso, ela se apresenta como cultura de grupo, criando uma esp\u00e9cie de r\u00e9gua informal. <\/p>\n\n\n\n<p>Alguns sinais comuns dessa cultura incluem:<\/p>\n\n\n\n<ul class=\"wp-block-list\">\n<li>Coment\u00e1rios sobre quem sai \u201cassim que d\u00e1 o hor\u00e1rio\u201d, como se fosse falta de empenho.<\/li>\n\n\n\n<li>Reuni\u00f5es marcadas pouco antes do fim do expediente, que se estendem al\u00e9m do hor\u00e1rio.<\/li>\n\n\n\n<li>Valoriza\u00e7\u00e3o p\u00fablica de quem est\u00e1 sempre dispon\u00edvel, inclusive fora do hor\u00e1rio.<\/li>\n\n\n\n<li>Compara\u00e7\u00f5es entre colegas, destacando quem \u201cse doa mais pelo time\u201d.<\/li>\n<\/ul>\n\n\n\n<p>Nesse cen\u00e1rio, mesmo quem consegue realizar todas as tarefas no tempo padr\u00e3o pode ser visto como algu\u00e9m que n\u00e3o acompanha o ritmo do grupo, apesar de cumprir integralmente o que foi combinado.<\/p>\n\n\n\n<figure class=\"wp-block-image size-large\"><img loading=\"lazy\" decoding=\"async\" width=\"1024\" height=\"585\" src=\"https:\/\/www.em.com.br\/emfoco\/wp-content\/uploads\/2026\/01\/freepik__35mm-film-photography-closeup-profile-of-young-bra__67188-1024x585.jpeg\" alt=\"\" class=\"wp-image-154861\" srcset=\"https:\/\/www.em.com.br\/emfoco\/wp-content\/uploads\/2026\/01\/freepik__35mm-film-photography-closeup-profile-of-young-bra__67188-1024x585.jpeg 1024w, https:\/\/www.em.com.br\/emfoco\/wp-content\/uploads\/2026\/01\/freepik__35mm-film-photography-closeup-profile-of-young-bra__67188-300x171.jpeg 300w, https:\/\/www.em.com.br\/emfoco\/wp-content\/uploads\/2026\/01\/freepik__35mm-film-photography-closeup-profile-of-young-bra__67188-768x439.jpeg 768w, https:\/\/www.em.com.br\/emfoco\/wp-content\/uploads\/2026\/01\/freepik__35mm-film-photography-closeup-profile-of-young-bra__67188-1536x878.jpeg 1536w, https:\/\/www.em.com.br\/emfoco\/wp-content\/uploads\/2026\/01\/freepik__35mm-film-photography-closeup-profile-of-young-bra__67188-2048x1170.jpeg 2048w, https:\/\/www.em.com.br\/emfoco\/wp-content\/uploads\/2026\/01\/freepik__35mm-film-photography-closeup-profile-of-young-bra__67188-750x429.jpeg 750w, https:\/\/www.em.com.br\/emfoco\/wp-content\/uploads\/2026\/01\/freepik__35mm-film-photography-closeup-profile-of-young-bra__67188-1140x651.jpeg 1140w\" sizes=\"auto, (max-width: 1024px) 100vw, 1024px\" \/><figcaption class=\"wp-element-caption\">Ele cumpre o hor\u00e1rio certinho, mas \u00e9 julgado por n\u00e3o ficar at\u00e9 mais tarde como o resto da equipe<\/figcaption><\/figure>\n\n\n\n<h2 class=\"wp-block-heading\">Quais s\u00e3o os impactos dessa cultura de horas extras n\u00e3o pagas?<\/h2>\n\n\n\n<p>A pr\u00e1tica constante de prolongar a jornada traz consequ\u00eancias para a sa\u00fade f\u00edsica e mental. A aus\u00eancia de limites claros entre trabalho e vida pessoal favorece o cansa\u00e7o acumulado, dist\u00farbios do sono e dificuldade de desconex\u00e3o ao fim do dia. Com o passar do tempo, essa rotina tende a gerar esgotamento e queda de motiva\u00e7\u00e3o, mesmo entre profissionais experientes.<\/p>\n\n\n\n<p>Do ponto de vista organizacional, a&nbsp;<strong>normaliza\u00e7\u00e3o das horas extras n\u00e3o remuneradas<\/strong>&nbsp;pode criar um ambiente de compara\u00e7\u00e3o permanente. Em vez de observar a qualidade das entregas, gestores e equipes passam a medir dedica\u00e7\u00e3o pelo n\u00famero de horas no escrit\u00f3rio ou online. Isso costuma trazer efeitos como:<\/p>\n\n\n\n<ol class=\"wp-block-list\">\n<li><strong>Redu\u00e7\u00e3o da produtividade real<\/strong>, j\u00e1 que o cansa\u00e7o prolongado diminui a concentra\u00e7\u00e3o.<\/li>\n\n\n\n<li><strong>Aumento da rotatividade<\/strong>, porque profissionais tendem a buscar ambientes com limites mais claros.<\/li>\n\n\n\n<li><strong>Risco trabalhista<\/strong>, quando a pr\u00e1tica fere legisla\u00e7\u00f5es que protegem a jornada e o pagamento de horas extras.<\/li>\n\n\n\n<li><strong>Clima de desconfian\u00e7a<\/strong>, especialmente entre quem cumpre o contrato e quem adota a rotina estendida.<\/li>\n<\/ol>\n\n\n\n<h2 class=\"wp-block-heading\">Como lidar com a press\u00e3o por jornada estendida?<\/h2>\n\n\n\n<p>Quando a press\u00e3o surge apenas em forma de coment\u00e1rios de colegas, sem comunica\u00e7\u00e3o oficial da empresa, alguns caminhos podem ajudar a preservar a jornada contratual. Um primeiro ponto \u00e9 manter a organiza\u00e7\u00e3o das tarefas de maneira que o trabalho esteja sempre em dia dentro do hor\u00e1rio. Isso reduz argumentos de que seria necess\u00e1rio ficar al\u00e9m do combinado para dar conta das demandas.<\/p>\n\n\n\n<p>A discuss\u00e3o sobre\u00a0<strong>carga hor\u00e1ria justa<\/strong>\u00a0vem ganhando mais visibilidade , especialmente com debates sobre sa\u00fade mental, equil\u00edbrio entre vida profissional e pessoal e modelos de trabalho h\u00edbridos. Em meio a essas mudan\u00e7as, ambientes que respeitam o hor\u00e1rio contratual tendem a ser vistos como espa\u00e7os mais sustent\u00e1veis a longo prazo, enquanto a cultura de horas extras n\u00e3o pagas passa a ser questionada com maior frequ\u00eancia por trabalhadores de diferentes setores.<\/p>\n","protected":false},"excerpt":{"rendered":"<p>Em muitos ambientes corporativos, a cultura de trabalho vai al\u00e9m do que est\u00e1 registrado no contrato. N\u00e3o \u00e9 raro que o expediente formal seja apenas um ponto de refer\u00eancia, enquanto, na pr\u00e1tica, o grupo passa a esperar jornadas prolongadas sem aumento de sal\u00e1rio. Essa din\u00e2mica costuma se apoiar em frases sutis, coment\u00e1rios indiretos e compara\u00e7\u00f5es [&hellip;]<\/p>\n","protected":false},"author":19,"featured_media":154862,"comment_status":"open","ping_status":"open","sticky":false,"template":"","format":"standard","meta":{"jnews-multi-image_gallery":[],"jnews_single_post":{"format":"standard"},"jnews_primary_category":[],"jnews_social_meta":[],"jnews_override_counter":[],"footnotes":""},"categories":[1],"tags":[22598,22597,9968],"class_list":["post-154859","post","type-post","status-publish","format-standard","has-post-thumbnail","hentry","category-noticias","tag-escala-de-horarios","tag-horario-de-trabakho","tag-horas-extras"],"yoast_head":"<!-- This site is optimized with the Yoast SEO plugin v23.8 - https:\/\/yoast.com\/wordpress\/plugins\/seo\/ -->\n<title>Funcion\u00e1rio registra entrada e sa\u00edda no hor\u00e1rio, mas \u00e9 julgado por n\u00e3o somar mais uma hora \u00e0 sua jornada de trabalho: &#039;O resto da equipe chega por volta das 8h e fica at\u00e9 \u00e0s 18h30 ou mais tarde&#039; - Estado de Minas - Em foco<\/title>\n<meta name=\"description\" content=\"Entenda como a cultura de horas extras n\u00e3o pagas afeta funcion\u00e1rios, seus direitos e como reagir sem perder o emprego.\" \/>\n<meta name=\"robots\" content=\"index, follow, max-snippet:-1, max-image-preview:large, max-video-preview:-1\" \/>\n<link rel=\"canonical\" href=\"https:\/\/www.em.com.br\/emfoco\/2026\/01\/14\/funcionario-registra-entrada-e-saida-no-horario-mas-e-julgado-por-nao-somar-mais-uma-hora-a-sua-jornada-de-trabalho-o-resto-da-equipe-chega-por-volta-das-8h-e-fica-ate-as-18h30-ou-mais-tarde\/\" \/>\n<meta property=\"og:locale\" content=\"pt_BR\" \/>\n<meta property=\"og:type\" content=\"article\" \/>\n<meta property=\"og:title\" content=\"Funcion\u00e1rio registra entrada e sa\u00edda no hor\u00e1rio, mas \u00e9 julgado por n\u00e3o somar mais uma hora \u00e0 sua jornada de trabalho: &#039;O resto da equipe chega por volta das 8h e fica at\u00e9 \u00e0s 18h30 ou mais tarde&#039; - Estado de Minas - Em foco\" \/>\n<meta property=\"og:description\" content=\"Entenda como a cultura de horas extras n\u00e3o pagas afeta funcion\u00e1rios, seus direitos e como reagir sem perder o emprego.\" \/>\n<meta property=\"og:url\" content=\"https:\/\/www.em.com.br\/emfoco\/2026\/01\/14\/funcionario-registra-entrada-e-saida-no-horario-mas-e-julgado-por-nao-somar-mais-uma-hora-a-sua-jornada-de-trabalho-o-resto-da-equipe-chega-por-volta-das-8h-e-fica-ate-as-18h30-ou-mais-tarde\/\" \/>\n<meta property=\"og:site_name\" content=\"Estado de Minas - Em foco\" \/>\n<meta property=\"article:published_time\" content=\"2026-01-14T09:54:00+00:00\" \/>\n<meta property=\"article:modified_time\" content=\"2026-01-16T13:04:27+00:00\" \/>\n<meta property=\"og:image\" content=\"https:\/\/www.em.com.br\/emfoco\/wp-content\/uploads\/2026\/01\/freepik__candid-i-with-natural-textures-and-highly-realisti__67189-scaled.jpeg\" \/>\n\t<meta property=\"og:image:width\" content=\"2560\" \/>\n\t<meta property=\"og:image:height\" content=\"1463\" \/>\n\t<meta property=\"og:image:type\" content=\"image\/jpeg\" \/>\n<meta name=\"author\" content=\"Vanessa Tavares\" \/>\n<meta name=\"twitter:card\" content=\"summary_large_image\" \/>\n<meta name=\"twitter:label1\" content=\"Escrito por\" \/>\n\t<meta name=\"twitter:data1\" content=\"Vanessa Tavares\" \/>\n\t<meta name=\"twitter:label2\" content=\"Est. tempo de leitura\" \/>\n\t<meta name=\"twitter:data2\" content=\"6 minutos\" \/>\n<!-- \/ Yoast SEO plugin. -->","yoast_head_json":{"title":"Funcion\u00e1rio registra entrada e sa\u00edda no hor\u00e1rio, mas \u00e9 julgado por n\u00e3o somar mais uma hora \u00e0 sua jornada de trabalho: 'O resto da equipe chega por volta das 8h e fica at\u00e9 \u00e0s 18h30 ou mais tarde' - Estado de Minas - Em foco","description":"Entenda como a cultura de horas extras n\u00e3o pagas afeta funcion\u00e1rios, seus direitos e como reagir sem perder o emprego.","robots":{"index":"index","follow":"follow","max-snippet":"max-snippet:-1","max-image-preview":"max-image-preview:large","max-video-preview":"max-video-preview:-1"},"canonical":"https:\/\/www.em.com.br\/emfoco\/2026\/01\/14\/funcionario-registra-entrada-e-saida-no-horario-mas-e-julgado-por-nao-somar-mais-uma-hora-a-sua-jornada-de-trabalho-o-resto-da-equipe-chega-por-volta-das-8h-e-fica-ate-as-18h30-ou-mais-tarde\/","og_locale":"pt_BR","og_type":"article","og_title":"Funcion\u00e1rio registra entrada e sa\u00edda no hor\u00e1rio, mas \u00e9 julgado por n\u00e3o somar mais uma hora \u00e0 sua jornada de trabalho: 'O resto da equipe chega por volta das 8h e fica at\u00e9 \u00e0s 18h30 ou mais tarde' - Estado de Minas - Em foco","og_description":"Entenda como a cultura de horas extras n\u00e3o pagas afeta funcion\u00e1rios, seus direitos e como reagir sem perder o emprego.","og_url":"https:\/\/www.em.com.br\/emfoco\/2026\/01\/14\/funcionario-registra-entrada-e-saida-no-horario-mas-e-julgado-por-nao-somar-mais-uma-hora-a-sua-jornada-de-trabalho-o-resto-da-equipe-chega-por-volta-das-8h-e-fica-ate-as-18h30-ou-mais-tarde\/","og_site_name":"Estado de Minas - Em foco","article_published_time":"2026-01-14T09:54:00+00:00","article_modified_time":"2026-01-16T13:04:27+00:00","og_image":[{"width":2560,"height":1463,"url":"https:\/\/www.em.com.br\/emfoco\/wp-content\/uploads\/2026\/01\/freepik__candid-i-with-natural-textures-and-highly-realisti__67189-scaled.jpeg","type":"image\/jpeg"}],"author":"Vanessa Tavares","twitter_card":"summary_large_image","twitter_misc":{"Escrito por":"Vanessa Tavares","Est. tempo de leitura":"6 minutos"},"schema":{"@context":"https:\/\/schema.org","@graph":[{"@type":"WebPage","@id":"https:\/\/www.em.com.br\/emfoco\/2026\/01\/14\/funcionario-registra-entrada-e-saida-no-horario-mas-e-julgado-por-nao-somar-mais-uma-hora-a-sua-jornada-de-trabalho-o-resto-da-equipe-chega-por-volta-das-8h-e-fica-ate-as-18h30-ou-mais-tarde\/","url":"https:\/\/www.em.com.br\/emfoco\/2026\/01\/14\/funcionario-registra-entrada-e-saida-no-horario-mas-e-julgado-por-nao-somar-mais-uma-hora-a-sua-jornada-de-trabalho-o-resto-da-equipe-chega-por-volta-das-8h-e-fica-ate-as-18h30-ou-mais-tarde\/","name":"Funcion\u00e1rio registra entrada e sa\u00edda no hor\u00e1rio, mas \u00e9 julgado por n\u00e3o somar mais uma hora \u00e0 sua jornada de trabalho: 'O resto da equipe chega por volta das 8h e fica at\u00e9 \u00e0s 18h30 ou mais tarde' - Estado de Minas - Em foco","isPartOf":{"@id":"https:\/\/www.em.com.br\/emfoco\/#website"},"primaryImageOfPage":{"@id":"https:\/\/www.em.com.br\/emfoco\/2026\/01\/14\/funcionario-registra-entrada-e-saida-no-horario-mas-e-julgado-por-nao-somar-mais-uma-hora-a-sua-jornada-de-trabalho-o-resto-da-equipe-chega-por-volta-das-8h-e-fica-ate-as-18h30-ou-mais-tarde\/#primaryimage"},"image":{"@id":"https:\/\/www.em.com.br\/emfoco\/2026\/01\/14\/funcionario-registra-entrada-e-saida-no-horario-mas-e-julgado-por-nao-somar-mais-uma-hora-a-sua-jornada-de-trabalho-o-resto-da-equipe-chega-por-volta-das-8h-e-fica-ate-as-18h30-ou-mais-tarde\/#primaryimage"},"thumbnailUrl":"https:\/\/www.em.com.br\/emfoco\/wp-content\/uploads\/2026\/01\/freepik__candid-i-with-natural-textures-and-highly-realisti__67189-scaled.jpeg","datePublished":"2026-01-14T09:54:00+00:00","dateModified":"2026-01-16T13:04:27+00:00","author":{"@id":"https:\/\/www.em.com.br\/emfoco\/#\/schema\/person\/4a7a157aac450b98edc86f15a7434f0b"},"description":"Entenda como a cultura de horas extras n\u00e3o pagas afeta funcion\u00e1rios, seus direitos e como reagir sem perder o emprego.","breadcrumb":{"@id":"https:\/\/www.em.com.br\/emfoco\/2026\/01\/14\/funcionario-registra-entrada-e-saida-no-horario-mas-e-julgado-por-nao-somar-mais-uma-hora-a-sua-jornada-de-trabalho-o-resto-da-equipe-chega-por-volta-das-8h-e-fica-ate-as-18h30-ou-mais-tarde\/#breadcrumb"},"inLanguage":"pt-BR","potentialAction":[{"@type":"ReadAction","target":["https:\/\/www.em.com.br\/emfoco\/2026\/01\/14\/funcionario-registra-entrada-e-saida-no-horario-mas-e-julgado-por-nao-somar-mais-uma-hora-a-sua-jornada-de-trabalho-o-resto-da-equipe-chega-por-volta-das-8h-e-fica-ate-as-18h30-ou-mais-tarde\/"]}]},{"@type":"ImageObject","inLanguage":"pt-BR","@id":"https:\/\/www.em.com.br\/emfoco\/2026\/01\/14\/funcionario-registra-entrada-e-saida-no-horario-mas-e-julgado-por-nao-somar-mais-uma-hora-a-sua-jornada-de-trabalho-o-resto-da-equipe-chega-por-volta-das-8h-e-fica-ate-as-18h30-ou-mais-tarde\/#primaryimage","url":"https:\/\/www.em.com.br\/emfoco\/wp-content\/uploads\/2026\/01\/freepik__candid-i-with-natural-textures-and-highly-realisti__67189-scaled.jpeg","contentUrl":"https:\/\/www.em.com.br\/emfoco\/wp-content\/uploads\/2026\/01\/freepik__candid-i-with-natural-textures-and-highly-realisti__67189-scaled.jpeg","width":2560,"height":1463,"caption":"Cumprir o contrato virou problema? Novo funcion\u00e1rio sofre por n\u00e3o fazer hora extra gratuita"},{"@type":"BreadcrumbList","@id":"https:\/\/www.em.com.br\/emfoco\/2026\/01\/14\/funcionario-registra-entrada-e-saida-no-horario-mas-e-julgado-por-nao-somar-mais-uma-hora-a-sua-jornada-de-trabalho-o-resto-da-equipe-chega-por-volta-das-8h-e-fica-ate-as-18h30-ou-mais-tarde\/#breadcrumb","itemListElement":[{"@type":"ListItem","position":1,"name":"In\u00edcio","item":"https:\/\/www.em.com.br\/emfoco\/"},{"@type":"ListItem","position":2,"name":"Funcion\u00e1rio registra entrada e sa\u00edda no hor\u00e1rio, mas \u00e9 julgado por n\u00e3o somar mais uma hora \u00e0 sua jornada de trabalho: &#8216;O resto da equipe chega por volta das 8h e fica at\u00e9 \u00e0s 18h30 ou mais tarde&#8217;"}]},{"@type":"WebSite","@id":"https:\/\/www.em.com.br\/emfoco\/#website","url":"https:\/\/www.em.com.br\/emfoco\/","name":"Estado de Minas - Em foco","description":"Acompanhe as \u00faltimas not\u00edcias e fique bem informado sobre tudo o que acontece em Minas Gerais, Brasil e no mundo.","potentialAction":[{"@type":"SearchAction","target":{"@type":"EntryPoint","urlTemplate":"https:\/\/www.em.com.br\/emfoco\/?s={search_term_string}"},"query-input":{"@type":"PropertyValueSpecification","valueRequired":true,"valueName":"search_term_string"}}],"inLanguage":"pt-BR"},{"@type":"Person","@id":"https:\/\/www.em.com.br\/emfoco\/#\/schema\/person\/4a7a157aac450b98edc86f15a7434f0b","name":"Vanessa Tavares","image":{"@type":"ImageObject","inLanguage":"pt-BR","@id":"https:\/\/www.em.com.br\/emfoco\/#\/schema\/person\/image\/","url":"https:\/\/secure.gravatar.com\/avatar\/088c9372da58da00f00f8e508f13d635?s=96&d=mm&r=g","contentUrl":"https:\/\/secure.gravatar.com\/avatar\/088c9372da58da00f00f8e508f13d635?s=96&d=mm&r=g","caption":"Vanessa Tavares"},"sameAs":["https:\/\/www.em.com.br\/emfoco"],"url":"https:\/\/www.em.com.br\/emfoco\/author\/vanessamyth\/"}]}},"_links":{"self":[{"href":"https:\/\/www.em.com.br\/emfoco\/wp-json\/wp\/v2\/posts\/154859","targetHints":{"allow":["GET"]}}],"collection":[{"href":"https:\/\/www.em.com.br\/emfoco\/wp-json\/wp\/v2\/posts"}],"about":[{"href":"https:\/\/www.em.com.br\/emfoco\/wp-json\/wp\/v2\/types\/post"}],"author":[{"embeddable":true,"href":"https:\/\/www.em.com.br\/emfoco\/wp-json\/wp\/v2\/users\/19"}],"replies":[{"embeddable":true,"href":"https:\/\/www.em.com.br\/emfoco\/wp-json\/wp\/v2\/comments?post=154859"}],"version-history":[{"count":4,"href":"https:\/\/www.em.com.br\/emfoco\/wp-json\/wp\/v2\/posts\/154859\/revisions"}],"predecessor-version":[{"id":154867,"href":"https:\/\/www.em.com.br\/emfoco\/wp-json\/wp\/v2\/posts\/154859\/revisions\/154867"}],"wp:featuredmedia":[{"embeddable":true,"href":"https:\/\/www.em.com.br\/emfoco\/wp-json\/wp\/v2\/media\/154862"}],"wp:attachment":[{"href":"https:\/\/www.em.com.br\/emfoco\/wp-json\/wp\/v2\/media?parent=154859"}],"wp:term":[{"taxonomy":"category","embeddable":true,"href":"https:\/\/www.em.com.br\/emfoco\/wp-json\/wp\/v2\/categories?post=154859"},{"taxonomy":"post_tag","embeddable":true,"href":"https:\/\/www.em.com.br\/emfoco\/wp-json\/wp\/v2\/tags?post=154859"}],"curies":[{"name":"wp","href":"https:\/\/api.w.org\/{rel}","templated":true}]}}